{"id":1257,"date":"2016-09-12T00:00:00","date_gmt":"2016-09-12T03:00:00","guid":{"rendered":"http:\/\/sindmoveis.com.br\/imprensa\/noticias\/projeto-orchestra-brasil-participa-da-expocruz-bolivia\/"},"modified":"2021-05-26T10:28:35","modified_gmt":"2021-05-26T13:28:35","slug":"projeto-orchestra-brasil-participa-da-expocruz-bolivia","status":"publish","type":"post","link":"https:\/\/www.sindmoveis.com.br\/es\/projeto-orchestra-brasil-participa-da-expocruz-bolivia\/","title":{"rendered":"Proyecto Orchestra Brasil participa de Expocruz Bolivia"},"content":{"rendered":"<p>El Proyecto Orchestra Brasil de Incentivo a las exportaciones, promovido por el Sindicato de las Industrias del Mobiliario de Bento Gon&ccedil;alves (Sindm&oacute;veis) y por la Agencia Brasile&ntilde;a de Promoci&oacute;n de Exportaciones e Inversiones (Apex-Brasil), est&aacute; llevando dos empresas proveedoras de la industria del mobiliario para Expocruz Bolivia,&nbsp;realizada de 16 a 25 de septiembre, en Santa Cruz de la Sierra. Participan del espacio colectivo situado en el pabell&oacute;n brasile&ntilde;o de la feria las empresas Crippa y Renner Sayerlack.<\/p>\n<p>Bolivia est&aacute; entre los cinco principales mercados para las empresas participantes del Proyecto Orchestra Brasil desde 2014. Este es uno de los pa&iacute;ses con mayor crecimiento econ&oacute;mico en los &uacute;ltimos a&ntilde;os en Am&eacute;rica Latina, de 4,8% en 2015, con previsi&oacute;n superior de 3,5% al a&ntilde;o entre 2016 y 2021, presentando tambi&eacute;n desarrollo en su industria de mobiliario. Las exportaciones de las empresas apoyadas por el Proyecto Orchestra Brasil han doblado de manera expresiva desde 2014.<\/p>\n<p>El Proyecto Orchestra Brasil existe desde 2006 y promueve la inserci&oacute;n competitiva de proveedoras del sector del mobiliario en el mercado internacional. Para ello, son promovidos estudios de mercado; misiones prospectivas; acciones individuales; Proyectos Comprador, Vendedor e Imagen, adem&aacute;s de la participaci&oacute;n en las principales ferias mundiales del sector. Actualmente, participan de Orchestra Brasil 68 industrias. Los mercados prioritarios del proyecto son Sud&aacute;frica, Argentina, Bolivia, Chile, Colombia, Estados Unidos, M&eacute;xico, Per&uacute;, Turqu&iacute;a y Vietnam.<\/p>\n<p>&nbsp;<\/p>\n<p><strong>Lanzamientos en Expocruz Bolivia<\/strong><\/p>\n<p>&nbsp;<strong>Crippa M&aacute;quinas y Equipamientos<\/strong> presenta, durante la feria Expocruz, las &uacute;ltimas novedades y tendencias en sistemas de pintura. La empresa produce equipamientos para pintura por medio de la aplicaci&oacute;n y secado por rodillos a trav&eacute;s de t&uacute;neles con luces ultravioleta. Son equipamientos para pintura de MDF, MDP, madera, PVC, pavimentaci&oacute;n, piezas de metal y vidrio. En su participaci&oacute;n en la feria,&nbsp; Crippa busca asociaciones y nuevos inversionistas para aumentar su participaci&oacute;n de mercado, ya que la importaci&oacute;n de muebles acabados est&aacute; restringida por el decreto de regulaci&oacute;n del gobierno de ese pa&iacute;s. Ese decreto, que entr&oacute; en vigor en 1&ordm; de julio de este a&ntilde;o ano, dificulta la importaci&oacute;n de muebles, ya que establece plazos adicionales y tr&aacute;mites previos por parte de los importadores del pa&iacute;s.<\/p>\n<p>Ya&nbsp; <strong>Renner Sayerlack<\/strong>, que desde hace muchos a&ntilde;os act&uacute;a en el mercado boliviano, estar&aacute; en la feria con su l&iacute;nea completa de acabados y tratamiento de madera y muebles.&nbsp; La empresa busca reforzar su posici&oacute;n junto a clientes y fabricantes de muebles con quien ya trabaja conjuntamente, adem&aacute;s de nuevas oportunidades y clientes que demandan por tecnolog&iacute;a de punta de productos para pintura Ultravioleta, Poliuretanos y Base de Agua.<\/p>\n<p>&nbsp;<\/p>\n","protected":false},"excerpt":{"rendered":"<p>Stand colectivo en el pabell\u00f3n brasile\u00f1o reunir\u00e1 lanzamientos de las empresas Crippa M\u00e1quinas y Renner Sayerlack<\/p>\n","protected":false},"author":5,"featured_media":3589,"comment_status":"closed","ping_status":"open","sticky":false,"template":"","format":"standard","meta":{"footnotes":"","_links_to":"","_links_to_target":""},"categories":[22,2],"tags":[],"class_list":["post-1257","post","type-post","status-publish","format-standard","has-post-thumbnail","hentry","category-proyecto-orchestra-brasil","category-sindmoveis"],"yoast_head":"<!-- This site is optimized with the Yoast SEO plugin v27.0 - https:\/\/yoast.com\/product\/yoast-seo-wordpress\/ -->\n<title>Proyecto Orchestra Brasil participa de Expocruz Bolivia - Sindm\u00f3veis-RS<\/title>\n<meta name=\"robots\" content=\"index, follow, max-snippet:-1, max-image-preview:large, max-video-preview:-1\" \/>\n<link rel=\"canonical\" href=\"https:\/\/www.sindmoveis.com.br\/es\/projeto-orchestra-brasil-participa-da-expocruz-bolivia\/\" \/>\n<meta property=\"og:locale\" content=\"es_ES\" \/>\n<meta property=\"og:type\" content=\"article\" \/>\n<meta property=\"og:title\" content=\"Proyecto Orchestra Brasil participa de Expocruz Bolivia - Sindm\u00f3veis-RS\" \/>\n<meta property=\"og:description\" content=\"Stand colectivo en el pabell\u00f3n brasile\u00f1o reunir\u00e1 lanzamientos de las empresas Crippa M\u00e1quinas y Renner Sayerlack\" \/>\n<meta property=\"og:url\" content=\"https:\/\/www.sindmoveis.com.br\/es\/projeto-orchestra-brasil-participa-da-expocruz-bolivia\/\" \/>\n<meta property=\"og:site_name\" content=\"Sindm\u00f3veis-RS\" \/>\n<meta property=\"article:published_time\" content=\"2016-09-12T03:00:00+00:00\" \/>\n<meta property=\"article:modified_time\" content=\"2021-05-26T13:28:35+00:00\" \/>\n<meta property=\"og:image\" content=\"https:\/\/www.sindmoveis.com.br\/es\/wp-content\/uploads\/2021\/05\/p1473699873.jpg\" \/>\n\t<meta property=\"og:image:width\" content=\"647\" \/>\n\t<meta property=\"og:image:height\" content=\"410\" \/>\n\t<meta property=\"og:image:type\" content=\"image\/jpeg\" \/>\n<meta name=\"author\" content=\"Imprensa Sindm\u00f3veis\" \/>\n<meta name=\"twitter:card\" content=\"summary_large_image\" \/>\n<meta name=\"twitter:label1\" content=\"Escrito por\" \/>\n\t<meta name=\"twitter:data1\" content=\"Imprensa Sindm\u00f3veis\" \/>\n\t<meta name=\"twitter:label2\" content=\"Tiempo de lectura\" \/>\n\t<meta name=\"twitter:data2\" content=\"3 minutos\" \/>\n<script type=\"application\/ld+json\" class=\"yoast-schema-graph\">{\"@context\":\"https:\/\/schema.org\",\"@graph\":[{\"@type\":\"Article\",\"@id\":\"https:\/\/www.sindmoveis.com.br\/es\/projeto-orchestra-brasil-participa-da-expocruz-bolivia\/#article\",\"isPartOf\":{\"@id\":\"https:\/\/www.sindmoveis.com.br\/es\/projeto-orchestra-brasil-participa-da-expocruz-bolivia\/\"},\"author\":{\"name\":\"Imprensa Sindm\u00f3veis\",\"@id\":\"https:\/\/www.sindmoveis.com.br\/es\/#\/schema\/person\/16d379542db1950a17fe188179340d57\"},\"headline\":\"Proyecto Orchestra Brasil participa de Expocruz Bolivia\",\"datePublished\":\"2016-09-12T03:00:00+00:00\",\"dateModified\":\"2021-05-26T13:28:35+00:00\",\"mainEntityOfPage\":{\"@id\":\"https:\/\/www.sindmoveis.com.br\/es\/projeto-orchestra-brasil-participa-da-expocruz-bolivia\/\"},\"wordCount\":515,\"image\":{\"@id\":\"https:\/\/www.sindmoveis.com.br\/es\/projeto-orchestra-brasil-participa-da-expocruz-bolivia\/#primaryimage\"},\"thumbnailUrl\":\"https:\/\/www.sindmoveis.com.br\/es\/wp-content\/uploads\/2021\/05\/p1473699873.jpg\",\"articleSection\":[\"Proyecto Orchestra Brasil\",\"Sindm\u00f3veis\"],\"inLanguage\":\"es\"},{\"@type\":\"WebPage\",\"@id\":\"https:\/\/www.sindmoveis.com.br\/es\/projeto-orchestra-brasil-participa-da-expocruz-bolivia\/\",\"url\":\"https:\/\/www.sindmoveis.com.br\/es\/projeto-orchestra-brasil-participa-da-expocruz-bolivia\/\",\"name\":\"Proyecto Orchestra Brasil participa de Expocruz Bolivia - Sindm\u00f3veis-RS\",\"isPartOf\":{\"@id\":\"https:\/\/www.sindmoveis.com.br\/es\/#website\"},\"primaryImageOfPage\":{\"@id\":\"https:\/\/www.sindmoveis.com.br\/es\/projeto-orchestra-brasil-participa-da-expocruz-bolivia\/#primaryimage\"},\"image\":{\"@id\":\"https:\/\/www.sindmoveis.com.br\/es\/projeto-orchestra-brasil-participa-da-expocruz-bolivia\/#primaryimage\"},\"thumbnailUrl\":\"https:\/\/www.sindmoveis.com.br\/es\/wp-content\/uploads\/2021\/05\/p1473699873.jpg\",\"datePublished\":\"2016-09-12T03:00:00+00:00\",\"dateModified\":\"2021-05-26T13:28:35+00:00\",\"author\":{\"@id\":\"https:\/\/www.sindmoveis.com.br\/es\/#\/schema\/person\/16d379542db1950a17fe188179340d57\"},\"inLanguage\":\"es\",\"potentialAction\":[{\"@type\":\"ReadAction\",\"target\":[\"https:\/\/www.sindmoveis.com.br\/es\/projeto-orchestra-brasil-participa-da-expocruz-bolivia\/\"]}]},{\"@type\":\"ImageObject\",\"inLanguage\":\"es\",\"@id\":\"https:\/\/www.sindmoveis.com.br\/es\/projeto-orchestra-brasil-participa-da-expocruz-bolivia\/#primaryimage\",\"url\":\"https:\/\/www.sindmoveis.com.br\/es\/wp-content\/uploads\/2021\/05\/p1473699873.jpg\",\"contentUrl\":\"https:\/\/www.sindmoveis.com.br\/es\/wp-content\/uploads\/2021\/05\/p1473699873.jpg\",\"width\":647,\"height\":410},{\"@type\":\"WebSite\",\"@id\":\"https:\/\/www.sindmoveis.com.br\/es\/#website\",\"url\":\"https:\/\/www.sindmoveis.com.br\/es\/\",\"name\":\"Sindm\u00f3veis-RS\",\"description\":\"\",\"potentialAction\":[{\"@type\":\"SearchAction\",\"target\":{\"@type\":\"EntryPoint\",\"urlTemplate\":\"https:\/\/www.sindmoveis.com.br\/es\/?s={search_term_string}\"},\"query-input\":{\"@type\":\"PropertyValueSpecification\",\"valueRequired\":true,\"valueName\":\"search_term_string\"}}],\"inLanguage\":\"es\"},{\"@type\":\"Person\",\"@id\":\"https:\/\/www.sindmoveis.com.br\/es\/#\/schema\/person\/16d379542db1950a17fe188179340d57\",\"name\":\"Imprensa Sindm\u00f3veis\",\"image\":{\"@type\":\"ImageObject\",\"inLanguage\":\"es\",\"@id\":\"https:\/\/www.sindmoveis.com.br\/es\/#\/schema\/person\/image\/\",\"url\":\"https:\/\/secure.gravatar.com\/avatar\/4973e2e2c2a0cb5db30b0c7b770041b8e33d048a16b695a1f99c042449d4bfaf?s=96&d=mm&r=g\",\"contentUrl\":\"https:\/\/secure.gravatar.com\/avatar\/4973e2e2c2a0cb5db30b0c7b770041b8e33d048a16b695a1f99c042449d4bfaf?s=96&d=mm&r=g\",\"caption\":\"Imprensa Sindm\u00f3veis\"},\"url\":\"https:\/\/www.sindmoveis.com.br\/es\/author\/ana\/\"}]}<\/script>\n<!-- \/ Yoast SEO plugin. -->","yoast_head_json":{"title":"Proyecto Orchestra Brasil participa de Expocruz Bolivia - Sindm\u00f3veis-RS","robots":{"index":"index","follow":"follow","max-snippet":"max-snippet:-1","max-image-preview":"max-image-preview:large","max-video-preview":"max-video-preview:-1"},"canonical":"https:\/\/www.sindmoveis.com.br\/es\/projeto-orchestra-brasil-participa-da-expocruz-bolivia\/","og_locale":"es_ES","og_type":"article","og_title":"Proyecto Orchestra Brasil participa de Expocruz Bolivia - Sindm\u00f3veis-RS","og_description":"Stand colectivo en el pabell\u00f3n brasile\u00f1o reunir\u00e1 lanzamientos de las empresas Crippa M\u00e1quinas y Renner Sayerlack","og_url":"https:\/\/www.sindmoveis.com.br\/es\/projeto-orchestra-brasil-participa-da-expocruz-bolivia\/","og_site_name":"Sindm\u00f3veis-RS","article_published_time":"2016-09-12T03:00:00+00:00","article_modified_time":"2021-05-26T13:28:35+00:00","og_image":[{"width":647,"height":410,"url":"https:\/\/www.sindmoveis.com.br\/es\/wp-content\/uploads\/2021\/05\/p1473699873.jpg","type":"image\/jpeg"}],"author":"Imprensa Sindm\u00f3veis","twitter_card":"summary_large_image","twitter_misc":{"Escrito por":"Imprensa Sindm\u00f3veis","Tiempo de lectura":"3 minutos"},"schema":{"@context":"https:\/\/schema.org","@graph":[{"@type":"Article","@id":"https:\/\/www.sindmoveis.com.br\/es\/projeto-orchestra-brasil-participa-da-expocruz-bolivia\/#article","isPartOf":{"@id":"https:\/\/www.sindmoveis.com.br\/es\/projeto-orchestra-brasil-participa-da-expocruz-bolivia\/"},"author":{"name":"Imprensa Sindm\u00f3veis","@id":"https:\/\/www.sindmoveis.com.br\/es\/#\/schema\/person\/16d379542db1950a17fe188179340d57"},"headline":"Proyecto Orchestra Brasil participa de Expocruz Bolivia","datePublished":"2016-09-12T03:00:00+00:00","dateModified":"2021-05-26T13:28:35+00:00","mainEntityOfPage":{"@id":"https:\/\/www.sindmoveis.com.br\/es\/projeto-orchestra-brasil-participa-da-expocruz-bolivia\/"},"wordCount":515,"image":{"@id":"https:\/\/www.sindmoveis.com.br\/es\/projeto-orchestra-brasil-participa-da-expocruz-bolivia\/#primaryimage"},"thumbnailUrl":"https:\/\/www.sindmoveis.com.br\/es\/wp-content\/uploads\/2021\/05\/p1473699873.jpg","articleSection":["Proyecto Orchestra Brasil","Sindm\u00f3veis"],"inLanguage":"es"},{"@type":"WebPage","@id":"https:\/\/www.sindmoveis.com.br\/es\/projeto-orchestra-brasil-participa-da-expocruz-bolivia\/","url":"https:\/\/www.sindmoveis.com.br\/es\/projeto-orchestra-brasil-participa-da-expocruz-bolivia\/","name":"Proyecto Orchestra Brasil participa de Expocruz Bolivia - Sindm\u00f3veis-RS","isPartOf":{"@id":"https:\/\/www.sindmoveis.com.br\/es\/#website"},"primaryImageOfPage":{"@id":"https:\/\/www.sindmoveis.com.br\/es\/projeto-orchestra-brasil-participa-da-expocruz-bolivia\/#primaryimage"},"image":{"@id":"https:\/\/www.sindmoveis.com.br\/es\/projeto-orchestra-brasil-participa-da-expocruz-bolivia\/#primaryimage"},"thumbnailUrl":"https:\/\/www.sindmoveis.com.br\/es\/wp-content\/uploads\/2021\/05\/p1473699873.jpg","datePublished":"2016-09-12T03:00:00+00:00","dateModified":"2021-05-26T13:28:35+00:00","author":{"@id":"https:\/\/www.sindmoveis.com.br\/es\/#\/schema\/person\/16d379542db1950a17fe188179340d57"},"inLanguage":"es","potentialAction":[{"@type":"ReadAction","target":["https:\/\/www.sindmoveis.com.br\/es\/projeto-orchestra-brasil-participa-da-expocruz-bolivia\/"]}]},{"@type":"ImageObject","inLanguage":"es","@id":"https:\/\/www.sindmoveis.com.br\/es\/projeto-orchestra-brasil-participa-da-expocruz-bolivia\/#primaryimage","url":"https:\/\/www.sindmoveis.com.br\/es\/wp-content\/uploads\/2021\/05\/p1473699873.jpg","contentUrl":"https:\/\/www.sindmoveis.com.br\/es\/wp-content\/uploads\/2021\/05\/p1473699873.jpg","width":647,"height":410},{"@type":"WebSite","@id":"https:\/\/www.sindmoveis.com.br\/es\/#website","url":"https:\/\/www.sindmoveis.com.br\/es\/","name":"Sindm\u00f3veis-RS","description":"","potentialAction":[{"@type":"SearchAction","target":{"@type":"EntryPoint","urlTemplate":"https:\/\/www.sindmoveis.com.br\/es\/?s={search_term_string}"},"query-input":{"@type":"PropertyValueSpecification","valueRequired":true,"valueName":"search_term_string"}}],"inLanguage":"es"},{"@type":"Person","@id":"https:\/\/www.sindmoveis.com.br\/es\/#\/schema\/person\/16d379542db1950a17fe188179340d57","name":"Imprensa Sindm\u00f3veis","image":{"@type":"ImageObject","inLanguage":"es","@id":"https:\/\/www.sindmoveis.com.br\/es\/#\/schema\/person\/image\/","url":"https:\/\/secure.gravatar.com\/avatar\/4973e2e2c2a0cb5db30b0c7b770041b8e33d048a16b695a1f99c042449d4bfaf?s=96&d=mm&r=g","contentUrl":"https:\/\/secure.gravatar.com\/avatar\/4973e2e2c2a0cb5db30b0c7b770041b8e33d048a16b695a1f99c042449d4bfaf?s=96&d=mm&r=g","caption":"Imprensa Sindm\u00f3veis"},"url":"https:\/\/www.sindmoveis.com.br\/es\/author\/ana\/"}]}},"_links":{"self":[{"href":"https:\/\/www.sindmoveis.com.br\/es\/wp-json\/wp\/v2\/posts\/1257","targetHints":{"allow":["GET"]}}],"collection":[{"href":"https:\/\/www.sindmoveis.com.br\/es\/wp-json\/wp\/v2\/posts"}],"about":[{"href":"https:\/\/www.sindmoveis.com.br\/es\/wp-json\/wp\/v2\/types\/post"}],"author":[{"embeddable":true,"href":"https:\/\/www.sindmoveis.com.br\/es\/wp-json\/wp\/v2\/users\/5"}],"replies":[{"embeddable":true,"href":"https:\/\/www.sindmoveis.com.br\/es\/wp-json\/wp\/v2\/comments?post=1257"}],"version-history":[{"count":2,"href":"https:\/\/www.sindmoveis.com.br\/es\/wp-json\/wp\/v2\/posts\/1257\/revisions"}],"predecessor-version":[{"id":3588,"href":"https:\/\/www.sindmoveis.com.br\/es\/wp-json\/wp\/v2\/posts\/1257\/revisions\/3588"}],"wp:featuredmedia":[{"embeddable":true,"href":"https:\/\/www.sindmoveis.com.br\/es\/wp-json\/wp\/v2\/media\/3589"}],"wp:attachment":[{"href":"https:\/\/www.sindmoveis.com.br\/es\/wp-json\/wp\/v2\/media?parent=1257"}],"wp:term":[{"taxonomy":"category","embeddable":true,"href":"https:\/\/www.sindmoveis.com.br\/es\/wp-json\/wp\/v2\/categories?post=1257"},{"taxonomy":"post_tag","embeddable":true,"href":"https:\/\/www.sindmoveis.com.br\/es\/wp-json\/wp\/v2\/tags?post=1257"}],"curies":[{"name":"wp","href":"https:\/\/api.w.org\/{rel}","templated":true}]}}