{"id":1254,"date":"2016-08-23T00:00:00","date_gmt":"2016-08-23T03:00:00","guid":{"rendered":"http:\/\/sindmoveis.com.br\/imprensa\/noticias\/premio-salao-design-tem-inscricoes-abertas\/"},"modified":"2021-05-26T10:27:47","modified_gmt":"2021-05-26T13:27:47","slug":"premio-salao-design-tem-inscricoes-abertas","status":"publish","type":"post","link":"https:\/\/www.sindmoveis.com.br\/es\/premio-salao-design-tem-inscricoes-abertas\/","title":{"rendered":"Premio Sal\u00e3o Design tiene inscripciones abiertas"},"content":{"rendered":"<p>Inician este lunes, d&iacute;a 22 de agosto, las inscripciones para la 21&ordf; edici&oacute;n del Premio Sal&atilde;o Design, la principal premiaci&oacute;n de dise&ntilde;o de producto de Am&eacute;rica Latina. Destacando su nueva marca, la campa&ntilde;a refuerza una identidad limpia, contempor&aacute;nea con trazos que dejan marcas y mostrando cada vez m&aacute;s la fuerza del dise&ntilde;o. Esta edici&oacute;n trae importantes cambios en el reglamento del premio, con cinco nuevas categor&iacute;as en las modalidades ya tradicionales: Estudiante, profesional e Industria.<\/p>\n<p>Adem&aacute;s de las premiaciones en dinero, el reglamento prev&eacute; el Trofeo Profesor Orientador y el Premio Maderas Alternativas, para productos producidos con especies de madera brasile&ntilde;a que no figuren entre las consideradas por el Laboratorio de Productos Forestales del Servicio Forestal Brasile&ntilde;o como no muy utilizadas, en el pasado y en el presente, para la fabricaci&oacute;n de muebles y otros productos.<\/p>\n<p>Realizado desde 1988 por el Sindicato de las Industrias del Mobiliario de Bento Gon&ccedil;alves &ndash; Sindm&oacute;veis, el Premio Sal&atilde;o Design destaca la capacidad y el talento del dise&ntilde;ador, estimulando la agregaci&oacute;n de valor del mobiliario y complementos por medio del dise&ntilde;o, como forma de mejorar la competitividad en el mercado global. La premiaci&oacute;n de esta 21&ordf; edici&oacute;n ser&aacute; durante High Design &ndash; Home &amp; Office Expo, en S&atilde;o Paulo, en agosto de 2017.<\/p>\n<p>Las inscripciones est&aacute;n abiertas hasta el d&iacute;a 21 de noviembre, exclusivamente por el sitio web <a href=\"http:\/\/www.salaodesign.com.br\/\">www.salaodesign.com.br<\/a> , donde tambi&eacute;n es posible realizar el download del reglamento en tres idiomas. La organizaci&oacute;n destaca la importancia de la lectura atenta del reglamento, en vista de las alteraciones ocurridas.<\/p>\n<p>&nbsp;<\/p>\n<p>&nbsp;<strong>Nuevas categor&iacute;as<\/strong><\/p>\n<p>&#8211; <strong>Espacios Sociales<\/strong> &ndash; muebles, accesorios e iluminaci&oacute;n para ambientes de comedor, sala de estar, cocina y &aacute;reas externas residenciales;<\/p>\n<p>&#8211; <strong>Espacios<\/strong> <strong>&Iacute;ntimos<\/strong> &#8211; muebles, accesorios e iluminaci&oacute;n para ambientes de dormitorio, ba&ntilde;o y &aacute;rea de servicio\/lavadero;<\/p>\n<p>&#8211; <strong>Espacios<\/strong> <strong>de<\/strong> <strong>Trabajo<\/strong> &ndash; muebles, accesorios e iluminaci&oacute;n para oficinas\/ home offices y puntos comerciales;<\/p>\n<p>&#8211; <strong>Innovaci&oacute;n<\/strong> <strong>en<\/strong> <strong>Materiales<\/strong> y <strong>Superficies<\/strong> &#8211; muebles, accesorios e iluminaci&oacute;n que utilicen materiales innovadores o aplicaci&oacute;n de dise&ntilde;o de superficie;<\/p>\n<p>&#8211; <strong>E-commerce<\/strong> &ndash; muebles, accesorios e iluminaci&oacute;n destinados al comercio electr&oacute;nico.<\/p>\n<p>&nbsp;<\/p>\n","protected":false},"excerpt":{"rendered":"<p>Nuevas categor\u00edas y premiaci\u00f3n en S\u00e3o Paulo son las novedades de esta 21\u00aa edici\u00f3n<\/p>\n","protected":false},"author":5,"featured_media":3585,"comment_status":"closed","ping_status":"open","sticky":false,"template":"","format":"standard","meta":{"footnotes":"","_links_to":"","_links_to_target":""},"categories":[21,2],"tags":[],"class_list":["post-1254","post","type-post","status-publish","format-standard","has-post-thumbnail","hentry","category-premio-salao-design","category-sindmoveis"],"yoast_head":"<!-- This site is optimized with the Yoast SEO plugin v27.0 - https:\/\/yoast.com\/product\/yoast-seo-wordpress\/ -->\n<title>Premio Sal\u00e3o Design tiene inscripciones abiertas - Sindm\u00f3veis-RS<\/title>\n<meta name=\"robots\" content=\"index, follow, max-snippet:-1, max-image-preview:large, max-video-preview:-1\" \/>\n<link rel=\"canonical\" href=\"https:\/\/www.sindmoveis.com.br\/es\/premio-salao-design-tem-inscricoes-abertas\/\" \/>\n<meta property=\"og:locale\" content=\"es_ES\" \/>\n<meta property=\"og:type\" content=\"article\" \/>\n<meta property=\"og:title\" content=\"Premio Sal\u00e3o Design tiene inscripciones abiertas - Sindm\u00f3veis-RS\" \/>\n<meta property=\"og:description\" content=\"Nuevas categor\u00edas y premiaci\u00f3n en S\u00e3o Paulo son las novedades de esta 21\u00aa edici\u00f3n\" \/>\n<meta property=\"og:url\" content=\"https:\/\/www.sindmoveis.com.br\/es\/premio-salao-design-tem-inscricoes-abertas\/\" \/>\n<meta property=\"og:site_name\" content=\"Sindm\u00f3veis-RS\" \/>\n<meta property=\"article:published_time\" content=\"2016-08-23T03:00:00+00:00\" \/>\n<meta property=\"article:modified_time\" content=\"2021-05-26T13:27:47+00:00\" \/>\n<meta property=\"og:image\" content=\"https:\/\/www.sindmoveis.com.br\/es\/wp-content\/uploads\/2021\/05\/p1471866260.jpg\" \/>\n\t<meta property=\"og:image:width\" content=\"742\" \/>\n\t<meta property=\"og:image:height\" content=\"300\" \/>\n\t<meta property=\"og:image:type\" content=\"image\/jpeg\" \/>\n<meta name=\"author\" content=\"Imprensa Sindm\u00f3veis\" \/>\n<meta name=\"twitter:card\" content=\"summary_large_image\" \/>\n<meta name=\"twitter:label1\" content=\"Escrito por\" \/>\n\t<meta name=\"twitter:data1\" content=\"Imprensa Sindm\u00f3veis\" \/>\n\t<meta name=\"twitter:label2\" content=\"Tiempo de lectura\" \/>\n\t<meta name=\"twitter:data2\" content=\"2 minutos\" \/>\n<script type=\"application\/ld+json\" class=\"yoast-schema-graph\">{\"@context\":\"https:\/\/schema.org\",\"@graph\":[{\"@type\":\"Article\",\"@id\":\"https:\/\/www.sindmoveis.com.br\/es\/premio-salao-design-tem-inscricoes-abertas\/#article\",\"isPartOf\":{\"@id\":\"https:\/\/www.sindmoveis.com.br\/es\/premio-salao-design-tem-inscricoes-abertas\/\"},\"author\":{\"name\":\"Imprensa Sindm\u00f3veis\",\"@id\":\"https:\/\/www.sindmoveis.com.br\/es\/#\/schema\/person\/16d379542db1950a17fe188179340d57\"},\"headline\":\"Premio Sal\u00e3o Design tiene inscripciones abiertas\",\"datePublished\":\"2016-08-23T03:00:00+00:00\",\"dateModified\":\"2021-05-26T13:27:47+00:00\",\"mainEntityOfPage\":{\"@id\":\"https:\/\/www.sindmoveis.com.br\/es\/premio-salao-design-tem-inscricoes-abertas\/\"},\"wordCount\":436,\"image\":{\"@id\":\"https:\/\/www.sindmoveis.com.br\/es\/premio-salao-design-tem-inscricoes-abertas\/#primaryimage\"},\"thumbnailUrl\":\"https:\/\/www.sindmoveis.com.br\/es\/wp-content\/uploads\/2021\/05\/p1471866260.jpg\",\"articleSection\":[\"Premio Sal\u00e3o Design\",\"Sindm\u00f3veis\"],\"inLanguage\":\"es\"},{\"@type\":\"WebPage\",\"@id\":\"https:\/\/www.sindmoveis.com.br\/es\/premio-salao-design-tem-inscricoes-abertas\/\",\"url\":\"https:\/\/www.sindmoveis.com.br\/es\/premio-salao-design-tem-inscricoes-abertas\/\",\"name\":\"Premio Sal\u00e3o Design tiene inscripciones abiertas - Sindm\u00f3veis-RS\",\"isPartOf\":{\"@id\":\"https:\/\/www.sindmoveis.com.br\/es\/#website\"},\"primaryImageOfPage\":{\"@id\":\"https:\/\/www.sindmoveis.com.br\/es\/premio-salao-design-tem-inscricoes-abertas\/#primaryimage\"},\"image\":{\"@id\":\"https:\/\/www.sindmoveis.com.br\/es\/premio-salao-design-tem-inscricoes-abertas\/#primaryimage\"},\"thumbnailUrl\":\"https:\/\/www.sindmoveis.com.br\/es\/wp-content\/uploads\/2021\/05\/p1471866260.jpg\",\"datePublished\":\"2016-08-23T03:00:00+00:00\",\"dateModified\":\"2021-05-26T13:27:47+00:00\",\"author\":{\"@id\":\"https:\/\/www.sindmoveis.com.br\/es\/#\/schema\/person\/16d379542db1950a17fe188179340d57\"},\"inLanguage\":\"es\",\"potentialAction\":[{\"@type\":\"ReadAction\",\"target\":[\"https:\/\/www.sindmoveis.com.br\/es\/premio-salao-design-tem-inscricoes-abertas\/\"]}]},{\"@type\":\"ImageObject\",\"inLanguage\":\"es\",\"@id\":\"https:\/\/www.sindmoveis.com.br\/es\/premio-salao-design-tem-inscricoes-abertas\/#primaryimage\",\"url\":\"https:\/\/www.sindmoveis.com.br\/es\/wp-content\/uploads\/2021\/05\/p1471866260.jpg\",\"contentUrl\":\"https:\/\/www.sindmoveis.com.br\/es\/wp-content\/uploads\/2021\/05\/p1471866260.jpg\",\"width\":742,\"height\":300},{\"@type\":\"WebSite\",\"@id\":\"https:\/\/www.sindmoveis.com.br\/es\/#website\",\"url\":\"https:\/\/www.sindmoveis.com.br\/es\/\",\"name\":\"Sindm\u00f3veis-RS\",\"description\":\"\",\"potentialAction\":[{\"@type\":\"SearchAction\",\"target\":{\"@type\":\"EntryPoint\",\"urlTemplate\":\"https:\/\/www.sindmoveis.com.br\/es\/?s={search_term_string}\"},\"query-input\":{\"@type\":\"PropertyValueSpecification\",\"valueRequired\":true,\"valueName\":\"search_term_string\"}}],\"inLanguage\":\"es\"},{\"@type\":\"Person\",\"@id\":\"https:\/\/www.sindmoveis.com.br\/es\/#\/schema\/person\/16d379542db1950a17fe188179340d57\",\"name\":\"Imprensa Sindm\u00f3veis\",\"image\":{\"@type\":\"ImageObject\",\"inLanguage\":\"es\",\"@id\":\"https:\/\/www.sindmoveis.com.br\/es\/#\/schema\/person\/image\/\",\"url\":\"https:\/\/secure.gravatar.com\/avatar\/4973e2e2c2a0cb5db30b0c7b770041b8e33d048a16b695a1f99c042449d4bfaf?s=96&d=mm&r=g\",\"contentUrl\":\"https:\/\/secure.gravatar.com\/avatar\/4973e2e2c2a0cb5db30b0c7b770041b8e33d048a16b695a1f99c042449d4bfaf?s=96&d=mm&r=g\",\"caption\":\"Imprensa Sindm\u00f3veis\"},\"url\":\"https:\/\/www.sindmoveis.com.br\/es\/author\/ana\/\"}]}<\/script>\n<!-- \/ Yoast SEO plugin. -->","yoast_head_json":{"title":"Premio Sal\u00e3o Design tiene inscripciones abiertas - Sindm\u00f3veis-RS","robots":{"index":"index","follow":"follow","max-snippet":"max-snippet:-1","max-image-preview":"max-image-preview:large","max-video-preview":"max-video-preview:-1"},"canonical":"https:\/\/www.sindmoveis.com.br\/es\/premio-salao-design-tem-inscricoes-abertas\/","og_locale":"es_ES","og_type":"article","og_title":"Premio Sal\u00e3o Design tiene inscripciones abiertas - Sindm\u00f3veis-RS","og_description":"Nuevas categor\u00edas y premiaci\u00f3n en S\u00e3o Paulo son las novedades de esta 21\u00aa edici\u00f3n","og_url":"https:\/\/www.sindmoveis.com.br\/es\/premio-salao-design-tem-inscricoes-abertas\/","og_site_name":"Sindm\u00f3veis-RS","article_published_time":"2016-08-23T03:00:00+00:00","article_modified_time":"2021-05-26T13:27:47+00:00","og_image":[{"width":742,"height":300,"url":"https:\/\/www.sindmoveis.com.br\/es\/wp-content\/uploads\/2021\/05\/p1471866260.jpg","type":"image\/jpeg"}],"author":"Imprensa Sindm\u00f3veis","twitter_card":"summary_large_image","twitter_misc":{"Escrito por":"Imprensa Sindm\u00f3veis","Tiempo de lectura":"2 minutos"},"schema":{"@context":"https:\/\/schema.org","@graph":[{"@type":"Article","@id":"https:\/\/www.sindmoveis.com.br\/es\/premio-salao-design-tem-inscricoes-abertas\/#article","isPartOf":{"@id":"https:\/\/www.sindmoveis.com.br\/es\/premio-salao-design-tem-inscricoes-abertas\/"},"author":{"name":"Imprensa Sindm\u00f3veis","@id":"https:\/\/www.sindmoveis.com.br\/es\/#\/schema\/person\/16d379542db1950a17fe188179340d57"},"headline":"Premio Sal\u00e3o Design tiene inscripciones abiertas","datePublished":"2016-08-23T03:00:00+00:00","dateModified":"2021-05-26T13:27:47+00:00","mainEntityOfPage":{"@id":"https:\/\/www.sindmoveis.com.br\/es\/premio-salao-design-tem-inscricoes-abertas\/"},"wordCount":436,"image":{"@id":"https:\/\/www.sindmoveis.com.br\/es\/premio-salao-design-tem-inscricoes-abertas\/#primaryimage"},"thumbnailUrl":"https:\/\/www.sindmoveis.com.br\/es\/wp-content\/uploads\/2021\/05\/p1471866260.jpg","articleSection":["Premio Sal\u00e3o Design","Sindm\u00f3veis"],"inLanguage":"es"},{"@type":"WebPage","@id":"https:\/\/www.sindmoveis.com.br\/es\/premio-salao-design-tem-inscricoes-abertas\/","url":"https:\/\/www.sindmoveis.com.br\/es\/premio-salao-design-tem-inscricoes-abertas\/","name":"Premio Sal\u00e3o Design tiene inscripciones abiertas - Sindm\u00f3veis-RS","isPartOf":{"@id":"https:\/\/www.sindmoveis.com.br\/es\/#website"},"primaryImageOfPage":{"@id":"https:\/\/www.sindmoveis.com.br\/es\/premio-salao-design-tem-inscricoes-abertas\/#primaryimage"},"image":{"@id":"https:\/\/www.sindmoveis.com.br\/es\/premio-salao-design-tem-inscricoes-abertas\/#primaryimage"},"thumbnailUrl":"https:\/\/www.sindmoveis.com.br\/es\/wp-content\/uploads\/2021\/05\/p1471866260.jpg","datePublished":"2016-08-23T03:00:00+00:00","dateModified":"2021-05-26T13:27:47+00:00","author":{"@id":"https:\/\/www.sindmoveis.com.br\/es\/#\/schema\/person\/16d379542db1950a17fe188179340d57"},"inLanguage":"es","potentialAction":[{"@type":"ReadAction","target":["https:\/\/www.sindmoveis.com.br\/es\/premio-salao-design-tem-inscricoes-abertas\/"]}]},{"@type":"ImageObject","inLanguage":"es","@id":"https:\/\/www.sindmoveis.com.br\/es\/premio-salao-design-tem-inscricoes-abertas\/#primaryimage","url":"https:\/\/www.sindmoveis.com.br\/es\/wp-content\/uploads\/2021\/05\/p1471866260.jpg","contentUrl":"https:\/\/www.sindmoveis.com.br\/es\/wp-content\/uploads\/2021\/05\/p1471866260.jpg","width":742,"height":300},{"@type":"WebSite","@id":"https:\/\/www.sindmoveis.com.br\/es\/#website","url":"https:\/\/www.sindmoveis.com.br\/es\/","name":"Sindm\u00f3veis-RS","description":"","potentialAction":[{"@type":"SearchAction","target":{"@type":"EntryPoint","urlTemplate":"https:\/\/www.sindmoveis.com.br\/es\/?s={search_term_string}"},"query-input":{"@type":"PropertyValueSpecification","valueRequired":true,"valueName":"search_term_string"}}],"inLanguage":"es"},{"@type":"Person","@id":"https:\/\/www.sindmoveis.com.br\/es\/#\/schema\/person\/16d379542db1950a17fe188179340d57","name":"Imprensa Sindm\u00f3veis","image":{"@type":"ImageObject","inLanguage":"es","@id":"https:\/\/www.sindmoveis.com.br\/es\/#\/schema\/person\/image\/","url":"https:\/\/secure.gravatar.com\/avatar\/4973e2e2c2a0cb5db30b0c7b770041b8e33d048a16b695a1f99c042449d4bfaf?s=96&d=mm&r=g","contentUrl":"https:\/\/secure.gravatar.com\/avatar\/4973e2e2c2a0cb5db30b0c7b770041b8e33d048a16b695a1f99c042449d4bfaf?s=96&d=mm&r=g","caption":"Imprensa Sindm\u00f3veis"},"url":"https:\/\/www.sindmoveis.com.br\/es\/author\/ana\/"}]}},"_links":{"self":[{"href":"https:\/\/www.sindmoveis.com.br\/es\/wp-json\/wp\/v2\/posts\/1254","targetHints":{"allow":["GET"]}}],"collection":[{"href":"https:\/\/www.sindmoveis.com.br\/es\/wp-json\/wp\/v2\/posts"}],"about":[{"href":"https:\/\/www.sindmoveis.com.br\/es\/wp-json\/wp\/v2\/types\/post"}],"author":[{"embeddable":true,"href":"https:\/\/www.sindmoveis.com.br\/es\/wp-json\/wp\/v2\/users\/5"}],"replies":[{"embeddable":true,"href":"https:\/\/www.sindmoveis.com.br\/es\/wp-json\/wp\/v2\/comments?post=1254"}],"version-history":[{"count":2,"href":"https:\/\/www.sindmoveis.com.br\/es\/wp-json\/wp\/v2\/posts\/1254\/revisions"}],"predecessor-version":[{"id":3584,"href":"https:\/\/www.sindmoveis.com.br\/es\/wp-json\/wp\/v2\/posts\/1254\/revisions\/3584"}],"wp:featuredmedia":[{"embeddable":true,"href":"https:\/\/www.sindmoveis.com.br\/es\/wp-json\/wp\/v2\/media\/3585"}],"wp:attachment":[{"href":"https:\/\/www.sindmoveis.com.br\/es\/wp-json\/wp\/v2\/media?parent=1254"}],"wp:term":[{"taxonomy":"category","embeddable":true,"href":"https:\/\/www.sindmoveis.com.br\/es\/wp-json\/wp\/v2\/categories?post=1254"},{"taxonomy":"post_tag","embeddable":true,"href":"https:\/\/www.sindmoveis.com.br\/es\/wp-json\/wp\/v2\/tags?post=1254"}],"curies":[{"name":"wp","href":"https:\/\/api.w.org\/{rel}","templated":true}]}}