{"id":1248,"date":"2016-08-04T00:00:00","date_gmt":"2016-08-04T03:00:00","guid":{"rendered":"http:\/\/sindmoveis.com.br\/imprensa\/noticias\/high-design-expo-reune-industrias-e-estudios-de-design-a-partir-do-dia-09\/"},"modified":"2021-05-26T10:24:24","modified_gmt":"2021-05-26T13:24:24","slug":"high-design-expo-reune-industrias-e-estudios-de-design-a-partir-do-dia-09","status":"publish","type":"post","link":"https:\/\/www.sindmoveis.com.br\/es\/high-design-expo-reune-industrias-e-estudios-de-design-a-partir-do-dia-09\/","title":{"rendered":"High Design Expo re\u00fane industrias y estudios de dise\u00f1o a partir del d\u00eda 09"},"content":{"rendered":"<p>Con apertura a partir del&nbsp; pr&oacute;ximo martes, d&iacute;a 09 de agosto, &nbsp;High Design&nbsp;&ndash; Home &amp; Office Expo&nbsp;espera 15 mil profesionales visitantes &nbsp;durante tres d&iacute;as, con exposici&oacute;n de 80 marcas. La feria de alto nivel y soluciones para proyectos de arquitectura y dise&ntilde;o de interiores es, en verdad, la continuidad de Casa Brasil en S&atilde;o Paulo. El evento creado en 2007 por Sindm&oacute;veis Bento Gon&ccedil;alves ahora sigue para la capital del dise&ntilde;o brasile&ntilde;o gracias a la asociaci&oacute;n de la entidad con&nbsp; Summit Promo y la multinacional de eventos Informa Exhibitions.<\/p>\n<p>&nbsp;High Design Expo ser&aacute; el evento &aacute;ncora de DW! S&atilde;o Paulo Design Weekend, ampliando la generaci&oacute;n de negocios durante el festival, a ejemplo del intercambio que ocurre entre el Fuorisalone y el Sal&oacute;n Internacional del Mueble de Mil&aacute;n. Siguiendo el modelo desarrollado por Sindm&oacute;veis en las cuatro ediciones de Casa Brasil en Bento Gon&ccedil;alves, la nueva feria va a integrar &nbsp;negocios y contenido, por medio de proyectos simult&aacute;neos. La proyecci&oacute;n es &nbsp;que la feria se convierta en el principal evento internacional de dise&ntilde;o de mobiliario de Am&eacute;rica Latina.<\/p>\n<p>Los pa&iacute;ses desarrollados y de mayor renta son los principales consumidores de mobiliario de alta categor&iacute;a en el mundo. Los pa&iacute;ses europeos, que tienen las mayores rentas per c&aacute;pita, ocupan las primeras posiciones, seg&uacute;n las informaciones de Euromonitor (2016).&nbsp; Brasil, por su vez, est&aacute; en la 41&ordf; posici&oacute;n del mundo, pero la cultura brasile&ntilde;a viene alcanzando reconocimiento internacional y el mobiliario de autores reconocidos de Brasil ha dejado &nbsp;su marca en los principales circuitos de dise&ntilde;o del mundo.<\/p>\n<p>El presidente de Sindm&oacute;veis, Henrique Tecchio, afirma que el dise&ntilde;o brasile&ntilde;o se est&aacute;&nbsp; posicionando en el mercado externo por sus creaciones modernas, org&aacute;nicas, funcionales e inteligentes, con destaque en los aspectos de sostenibilidad&nbsp; e innovaci&oacute;n de materiales. Cita como pa&iacute;ses donde hay mayor abertura al dise&ntilde;o brasile&ntilde;o y gran potencial de negocios los Estados Unidos, Reino Unido y Alemania. &ldquo;La caracter&iacute;stica del dise&ntilde;o brasile&ntilde;o es la multiplicidad de corrientes y ra&iacute;ces culturales. Tener una feria de alto nivel en S&atilde;o Paulo, presentando al mundo la creatividad brasile&ntilde;a, es una de las estrategias que&nbsp; Sindm&oacute;veis defiende para enfrentar la crisis&rdquo;, destaca Tecchio.<\/p>\n<p>Adem&aacute;s de la curadur&iacute;a consultiva de la feria,&nbsp; Sindm&oacute;veis participa de High Design Expo con una muestra de premiados de la &uacute;ltima edici&oacute;n del Premio Sal&atilde;o Design y ya divulgando las inscripciones de su 21&ordf; edici&oacute;n, abiertas de 22 de agosto a 21 de noviembre. El reglamento ya est&aacute; disponible para download en el sitio web <a href=\"http:\/\/www.salaodesign.com.br\/\">www.salaodesign.com.br<\/a>.<\/p>\n<p>&nbsp;<\/p>\n<p><strong>High Design Expo &ndash; eventos <\/strong><strong>simult&aacute;neos<\/strong><\/p>\n<p><strong>DW! S&atilde;o Paulo Design Weekend:<\/strong>&nbsp;En su 5&ordf; edici&oacute;n, o DW! es el mayor festival urbano de&nbsp;dise&ntilde;o de Am&eacute;rica Latina. Ocurre de 10 a 14 de agosto y tiene a High Design Expo como uno de sus eventos &aacute;ncoras.&nbsp;<\/p>\n<p><strong>Congreso Nacional de Dise&ntilde;adores de Interiores (Conad):<\/strong>&nbsp;tradicional evento organizado por la Asociaci&oacute;n Brasile&ntilde;a de Dise&ntilde;adores de Interiores desde 1996, el congreso re&uacute;ne centenas de profesionales de todo&nbsp; Brasil para una reflexi&oacute;n sobre el ejercicio de la profesi&oacute;n&nbsp;<\/p>\n<p><strong>7&ordf; edici&oacute;n de Greenbuilding Brasil <\/strong>Conferencia Internacional y Expo: conferencia y exposici&oacute;n de sostenibilidad en la arquitectura y construcci&oacute;n, cuenta con charlas y sesiones educativas de alt&iacute;simo nivel, con renombrados profesionales nacionales e internacionales.<\/p>\n<p><strong>Muestra del Premio Sal&atilde;o Design<\/strong>:&nbsp;la mayor premiaci&oacute;n de dise&ntilde;o de producto de Am&eacute;rica Latina lleva los premiados de su &uacute;ltima edici&oacute;n con destaque para&nbsp; High Design Expo.<\/p>\n<p>&nbsp;<\/p>\n<p><strong>Servicio <\/strong><\/p>\n<p><strong>Fecha<\/strong>: 09 a 11 de agosto de 2016 Horario: de las 10h a las 20h<\/p>\n<p><strong>Local<\/strong>: S&atilde;o Paulo Expo Exhibition &amp; Convention Center Rod. dos Imigrantes, Km 1,5 (nuevo Espacio Imigrantes).<\/p>\n<p><strong>Acreditaci&oacute;n<\/strong>: gratuita y solamente para profesionales del sector (arquitectos, dise&ntilde;adores de interiores, constructores, revendedores, compradores internacionales e inversionistas)<\/p>\n","protected":false},"excerpt":{"rendered":"<p>Nueva versi\u00f3n de Casa Brasil, ahora en S\u00e3o Paulo, ser\u00e1 \u00e1ncora de  Design Weekend brasile\u00f1o, mezclando generaci\u00f3n de negocios y contenidos exclusivos<\/p>\n","protected":false},"author":5,"featured_media":3581,"comment_status":"closed","ping_status":"open","sticky":false,"template":"","format":"standard","meta":{"footnotes":"","_links_to":"","_links_to_target":""},"categories":[2],"tags":[],"class_list":["post-1248","post","type-post","status-publish","format-standard","has-post-thumbnail","hentry","category-sindmoveis"],"yoast_head":"<!-- This site is optimized with the Yoast SEO plugin v27.0 - https:\/\/yoast.com\/product\/yoast-seo-wordpress\/ -->\n<title>High Design Expo re\u00fane industrias y estudios de dise\u00f1o a partir del d\u00eda 09 - Sindm\u00f3veis-RS<\/title>\n<meta name=\"robots\" content=\"index, follow, max-snippet:-1, max-image-preview:large, max-video-preview:-1\" \/>\n<link rel=\"canonical\" href=\"https:\/\/www.sindmoveis.com.br\/es\/high-design-expo-reune-industrias-e-estudios-de-design-a-partir-do-dia-09\/\" \/>\n<meta property=\"og:locale\" content=\"es_ES\" \/>\n<meta property=\"og:type\" content=\"article\" \/>\n<meta property=\"og:title\" content=\"High Design Expo re\u00fane industrias y estudios de dise\u00f1o a partir del d\u00eda 09 - Sindm\u00f3veis-RS\" \/>\n<meta property=\"og:description\" content=\"Nueva versi\u00f3n de Casa Brasil, ahora en S\u00e3o Paulo, ser\u00e1 \u00e1ncora de Design Weekend brasile\u00f1o, mezclando generaci\u00f3n de negocios y contenidos exclusivos\" \/>\n<meta property=\"og:url\" content=\"https:\/\/www.sindmoveis.com.br\/es\/high-design-expo-reune-industrias-e-estudios-de-design-a-partir-do-dia-09\/\" \/>\n<meta property=\"og:site_name\" content=\"Sindm\u00f3veis-RS\" \/>\n<meta property=\"article:published_time\" content=\"2016-08-04T03:00:00+00:00\" \/>\n<meta property=\"article:modified_time\" content=\"2021-05-26T13:24:24+00:00\" \/>\n<meta property=\"og:image\" content=\"https:\/\/www.sindmoveis.com.br\/es\/wp-content\/uploads\/2021\/05\/p1470334087.jpg\" \/>\n\t<meta property=\"og:image:width\" content=\"1575\" \/>\n\t<meta property=\"og:image:height\" content=\"1048\" \/>\n\t<meta property=\"og:image:type\" content=\"image\/jpeg\" \/>\n<meta name=\"author\" content=\"Imprensa Sindm\u00f3veis\" \/>\n<meta name=\"twitter:card\" content=\"summary_large_image\" \/>\n<meta name=\"twitter:label1\" content=\"Escrito por\" \/>\n\t<meta name=\"twitter:data1\" content=\"Imprensa Sindm\u00f3veis\" \/>\n\t<meta name=\"twitter:label2\" content=\"Tiempo de lectura\" \/>\n\t<meta name=\"twitter:data2\" content=\"4 minutos\" \/>\n<script type=\"application\/ld+json\" class=\"yoast-schema-graph\">{\"@context\":\"https:\/\/schema.org\",\"@graph\":[{\"@type\":\"Article\",\"@id\":\"https:\/\/www.sindmoveis.com.br\/es\/high-design-expo-reune-industrias-e-estudios-de-design-a-partir-do-dia-09\/#article\",\"isPartOf\":{\"@id\":\"https:\/\/www.sindmoveis.com.br\/es\/high-design-expo-reune-industrias-e-estudios-de-design-a-partir-do-dia-09\/\"},\"author\":{\"name\":\"Imprensa Sindm\u00f3veis\",\"@id\":\"https:\/\/www.sindmoveis.com.br\/es\/#\/schema\/person\/16d379542db1950a17fe188179340d57\"},\"headline\":\"High Design Expo re\u00fane industrias y estudios de dise\u00f1o a partir del d\u00eda 09\",\"datePublished\":\"2016-08-04T03:00:00+00:00\",\"dateModified\":\"2021-05-26T13:24:24+00:00\",\"mainEntityOfPage\":{\"@id\":\"https:\/\/www.sindmoveis.com.br\/es\/high-design-expo-reune-industrias-e-estudios-de-design-a-partir-do-dia-09\/\"},\"wordCount\":799,\"image\":{\"@id\":\"https:\/\/www.sindmoveis.com.br\/es\/high-design-expo-reune-industrias-e-estudios-de-design-a-partir-do-dia-09\/#primaryimage\"},\"thumbnailUrl\":\"https:\/\/www.sindmoveis.com.br\/es\/wp-content\/uploads\/2021\/05\/p1470334087.jpg\",\"articleSection\":[\"Sindm\u00f3veis\"],\"inLanguage\":\"es\"},{\"@type\":\"WebPage\",\"@id\":\"https:\/\/www.sindmoveis.com.br\/es\/high-design-expo-reune-industrias-e-estudios-de-design-a-partir-do-dia-09\/\",\"url\":\"https:\/\/www.sindmoveis.com.br\/es\/high-design-expo-reune-industrias-e-estudios-de-design-a-partir-do-dia-09\/\",\"name\":\"High Design Expo re\u00fane industrias y estudios de dise\u00f1o a partir del d\u00eda 09 - Sindm\u00f3veis-RS\",\"isPartOf\":{\"@id\":\"https:\/\/www.sindmoveis.com.br\/es\/#website\"},\"primaryImageOfPage\":{\"@id\":\"https:\/\/www.sindmoveis.com.br\/es\/high-design-expo-reune-industrias-e-estudios-de-design-a-partir-do-dia-09\/#primaryimage\"},\"image\":{\"@id\":\"https:\/\/www.sindmoveis.com.br\/es\/high-design-expo-reune-industrias-e-estudios-de-design-a-partir-do-dia-09\/#primaryimage\"},\"thumbnailUrl\":\"https:\/\/www.sindmoveis.com.br\/es\/wp-content\/uploads\/2021\/05\/p1470334087.jpg\",\"datePublished\":\"2016-08-04T03:00:00+00:00\",\"dateModified\":\"2021-05-26T13:24:24+00:00\",\"author\":{\"@id\":\"https:\/\/www.sindmoveis.com.br\/es\/#\/schema\/person\/16d379542db1950a17fe188179340d57\"},\"inLanguage\":\"es\",\"potentialAction\":[{\"@type\":\"ReadAction\",\"target\":[\"https:\/\/www.sindmoveis.com.br\/es\/high-design-expo-reune-industrias-e-estudios-de-design-a-partir-do-dia-09\/\"]}]},{\"@type\":\"ImageObject\",\"inLanguage\":\"es\",\"@id\":\"https:\/\/www.sindmoveis.com.br\/es\/high-design-expo-reune-industrias-e-estudios-de-design-a-partir-do-dia-09\/#primaryimage\",\"url\":\"https:\/\/www.sindmoveis.com.br\/es\/wp-content\/uploads\/2021\/05\/p1470334087.jpg\",\"contentUrl\":\"https:\/\/www.sindmoveis.com.br\/es\/wp-content\/uploads\/2021\/05\/p1470334087.jpg\",\"width\":1575,\"height\":1048},{\"@type\":\"WebSite\",\"@id\":\"https:\/\/www.sindmoveis.com.br\/es\/#website\",\"url\":\"https:\/\/www.sindmoveis.com.br\/es\/\",\"name\":\"Sindm\u00f3veis-RS\",\"description\":\"\",\"potentialAction\":[{\"@type\":\"SearchAction\",\"target\":{\"@type\":\"EntryPoint\",\"urlTemplate\":\"https:\/\/www.sindmoveis.com.br\/es\/?s={search_term_string}\"},\"query-input\":{\"@type\":\"PropertyValueSpecification\",\"valueRequired\":true,\"valueName\":\"search_term_string\"}}],\"inLanguage\":\"es\"},{\"@type\":\"Person\",\"@id\":\"https:\/\/www.sindmoveis.com.br\/es\/#\/schema\/person\/16d379542db1950a17fe188179340d57\",\"name\":\"Imprensa Sindm\u00f3veis\",\"image\":{\"@type\":\"ImageObject\",\"inLanguage\":\"es\",\"@id\":\"https:\/\/www.sindmoveis.com.br\/es\/#\/schema\/person\/image\/\",\"url\":\"https:\/\/secure.gravatar.com\/avatar\/4973e2e2c2a0cb5db30b0c7b770041b8e33d048a16b695a1f99c042449d4bfaf?s=96&d=mm&r=g\",\"contentUrl\":\"https:\/\/secure.gravatar.com\/avatar\/4973e2e2c2a0cb5db30b0c7b770041b8e33d048a16b695a1f99c042449d4bfaf?s=96&d=mm&r=g\",\"caption\":\"Imprensa Sindm\u00f3veis\"},\"url\":\"https:\/\/www.sindmoveis.com.br\/es\/author\/ana\/\"}]}<\/script>\n<!-- \/ Yoast SEO plugin. -->","yoast_head_json":{"title":"High Design Expo re\u00fane industrias y estudios de dise\u00f1o a partir del d\u00eda 09 - Sindm\u00f3veis-RS","robots":{"index":"index","follow":"follow","max-snippet":"max-snippet:-1","max-image-preview":"max-image-preview:large","max-video-preview":"max-video-preview:-1"},"canonical":"https:\/\/www.sindmoveis.com.br\/es\/high-design-expo-reune-industrias-e-estudios-de-design-a-partir-do-dia-09\/","og_locale":"es_ES","og_type":"article","og_title":"High Design Expo re\u00fane industrias y estudios de dise\u00f1o a partir del d\u00eda 09 - Sindm\u00f3veis-RS","og_description":"Nueva versi\u00f3n de Casa Brasil, ahora en S\u00e3o Paulo, ser\u00e1 \u00e1ncora de Design Weekend brasile\u00f1o, mezclando generaci\u00f3n de negocios y contenidos exclusivos","og_url":"https:\/\/www.sindmoveis.com.br\/es\/high-design-expo-reune-industrias-e-estudios-de-design-a-partir-do-dia-09\/","og_site_name":"Sindm\u00f3veis-RS","article_published_time":"2016-08-04T03:00:00+00:00","article_modified_time":"2021-05-26T13:24:24+00:00","og_image":[{"width":1575,"height":1048,"url":"https:\/\/www.sindmoveis.com.br\/es\/wp-content\/uploads\/2021\/05\/p1470334087.jpg","type":"image\/jpeg"}],"author":"Imprensa Sindm\u00f3veis","twitter_card":"summary_large_image","twitter_misc":{"Escrito por":"Imprensa Sindm\u00f3veis","Tiempo de lectura":"4 minutos"},"schema":{"@context":"https:\/\/schema.org","@graph":[{"@type":"Article","@id":"https:\/\/www.sindmoveis.com.br\/es\/high-design-expo-reune-industrias-e-estudios-de-design-a-partir-do-dia-09\/#article","isPartOf":{"@id":"https:\/\/www.sindmoveis.com.br\/es\/high-design-expo-reune-industrias-e-estudios-de-design-a-partir-do-dia-09\/"},"author":{"name":"Imprensa Sindm\u00f3veis","@id":"https:\/\/www.sindmoveis.com.br\/es\/#\/schema\/person\/16d379542db1950a17fe188179340d57"},"headline":"High Design Expo re\u00fane industrias y estudios de dise\u00f1o a partir del d\u00eda 09","datePublished":"2016-08-04T03:00:00+00:00","dateModified":"2021-05-26T13:24:24+00:00","mainEntityOfPage":{"@id":"https:\/\/www.sindmoveis.com.br\/es\/high-design-expo-reune-industrias-e-estudios-de-design-a-partir-do-dia-09\/"},"wordCount":799,"image":{"@id":"https:\/\/www.sindmoveis.com.br\/es\/high-design-expo-reune-industrias-e-estudios-de-design-a-partir-do-dia-09\/#primaryimage"},"thumbnailUrl":"https:\/\/www.sindmoveis.com.br\/es\/wp-content\/uploads\/2021\/05\/p1470334087.jpg","articleSection":["Sindm\u00f3veis"],"inLanguage":"es"},{"@type":"WebPage","@id":"https:\/\/www.sindmoveis.com.br\/es\/high-design-expo-reune-industrias-e-estudios-de-design-a-partir-do-dia-09\/","url":"https:\/\/www.sindmoveis.com.br\/es\/high-design-expo-reune-industrias-e-estudios-de-design-a-partir-do-dia-09\/","name":"High Design Expo re\u00fane industrias y estudios de dise\u00f1o a partir del d\u00eda 09 - Sindm\u00f3veis-RS","isPartOf":{"@id":"https:\/\/www.sindmoveis.com.br\/es\/#website"},"primaryImageOfPage":{"@id":"https:\/\/www.sindmoveis.com.br\/es\/high-design-expo-reune-industrias-e-estudios-de-design-a-partir-do-dia-09\/#primaryimage"},"image":{"@id":"https:\/\/www.sindmoveis.com.br\/es\/high-design-expo-reune-industrias-e-estudios-de-design-a-partir-do-dia-09\/#primaryimage"},"thumbnailUrl":"https:\/\/www.sindmoveis.com.br\/es\/wp-content\/uploads\/2021\/05\/p1470334087.jpg","datePublished":"2016-08-04T03:00:00+00:00","dateModified":"2021-05-26T13:24:24+00:00","author":{"@id":"https:\/\/www.sindmoveis.com.br\/es\/#\/schema\/person\/16d379542db1950a17fe188179340d57"},"inLanguage":"es","potentialAction":[{"@type":"ReadAction","target":["https:\/\/www.sindmoveis.com.br\/es\/high-design-expo-reune-industrias-e-estudios-de-design-a-partir-do-dia-09\/"]}]},{"@type":"ImageObject","inLanguage":"es","@id":"https:\/\/www.sindmoveis.com.br\/es\/high-design-expo-reune-industrias-e-estudios-de-design-a-partir-do-dia-09\/#primaryimage","url":"https:\/\/www.sindmoveis.com.br\/es\/wp-content\/uploads\/2021\/05\/p1470334087.jpg","contentUrl":"https:\/\/www.sindmoveis.com.br\/es\/wp-content\/uploads\/2021\/05\/p1470334087.jpg","width":1575,"height":1048},{"@type":"WebSite","@id":"https:\/\/www.sindmoveis.com.br\/es\/#website","url":"https:\/\/www.sindmoveis.com.br\/es\/","name":"Sindm\u00f3veis-RS","description":"","potentialAction":[{"@type":"SearchAction","target":{"@type":"EntryPoint","urlTemplate":"https:\/\/www.sindmoveis.com.br\/es\/?s={search_term_string}"},"query-input":{"@type":"PropertyValueSpecification","valueRequired":true,"valueName":"search_term_string"}}],"inLanguage":"es"},{"@type":"Person","@id":"https:\/\/www.sindmoveis.com.br\/es\/#\/schema\/person\/16d379542db1950a17fe188179340d57","name":"Imprensa Sindm\u00f3veis","image":{"@type":"ImageObject","inLanguage":"es","@id":"https:\/\/www.sindmoveis.com.br\/es\/#\/schema\/person\/image\/","url":"https:\/\/secure.gravatar.com\/avatar\/4973e2e2c2a0cb5db30b0c7b770041b8e33d048a16b695a1f99c042449d4bfaf?s=96&d=mm&r=g","contentUrl":"https:\/\/secure.gravatar.com\/avatar\/4973e2e2c2a0cb5db30b0c7b770041b8e33d048a16b695a1f99c042449d4bfaf?s=96&d=mm&r=g","caption":"Imprensa Sindm\u00f3veis"},"url":"https:\/\/www.sindmoveis.com.br\/es\/author\/ana\/"}]}},"_links":{"self":[{"href":"https:\/\/www.sindmoveis.com.br\/es\/wp-json\/wp\/v2\/posts\/1248","targetHints":{"allow":["GET"]}}],"collection":[{"href":"https:\/\/www.sindmoveis.com.br\/es\/wp-json\/wp\/v2\/posts"}],"about":[{"href":"https:\/\/www.sindmoveis.com.br\/es\/wp-json\/wp\/v2\/types\/post"}],"author":[{"embeddable":true,"href":"https:\/\/www.sindmoveis.com.br\/es\/wp-json\/wp\/v2\/users\/5"}],"replies":[{"embeddable":true,"href":"https:\/\/www.sindmoveis.com.br\/es\/wp-json\/wp\/v2\/comments?post=1248"}],"version-history":[{"count":2,"href":"https:\/\/www.sindmoveis.com.br\/es\/wp-json\/wp\/v2\/posts\/1248\/revisions"}],"predecessor-version":[{"id":3580,"href":"https:\/\/www.sindmoveis.com.br\/es\/wp-json\/wp\/v2\/posts\/1248\/revisions\/3580"}],"wp:featuredmedia":[{"embeddable":true,"href":"https:\/\/www.sindmoveis.com.br\/es\/wp-json\/wp\/v2\/media\/3581"}],"wp:attachment":[{"href":"https:\/\/www.sindmoveis.com.br\/es\/wp-json\/wp\/v2\/media?parent=1248"}],"wp:term":[{"taxonomy":"category","embeddable":true,"href":"https:\/\/www.sindmoveis.com.br\/es\/wp-json\/wp\/v2\/categories?post=1248"},{"taxonomy":"post_tag","embeddable":true,"href":"https:\/\/www.sindmoveis.com.br\/es\/wp-json\/wp\/v2\/tags?post=1248"}],"curies":[{"name":"wp","href":"https:\/\/api.w.org\/{rel}","templated":true}]}}