{"id":1246,"date":"2016-07-18T00:00:00","date_gmt":"2016-07-18T03:00:00","guid":{"rendered":"http:\/\/sindmoveis.com.br\/imprensa\/noticias\/projeto-orchestra-brasil-promove-rodadas-de-negocios-na-formobile-2016\/"},"modified":"2021-05-26T10:28:35","modified_gmt":"2021-05-26T13:28:35","slug":"projeto-orchestra-brasil-promove-rodadas-de-negocios-na-formobile-2016","status":"publish","type":"post","link":"https:\/\/www.sindmoveis.com.br\/es\/projeto-orchestra-brasil-promove-rodadas-de-negocios-na-formobile-2016\/","title":{"rendered":"Proyecto Orchestra Brasil promueve rondas de negocios en Form\u00f3bile 2016"},"content":{"rendered":"<p>El Proyecto Orchestra Brasil &ndash; promovido por el Sindicato de las Industrias del Mobiliario de Bento Gon&ccedil;alves (Sindm&oacute;veis) en asociaci&oacute;n &nbsp;con la Agencia Brasile&ntilde;a de Promoci&oacute;n de Exportaciones e Inversiones (Apex-Brasil) &ndash; coordinar&aacute; las rondas de negocios del Proyecto Comprador durante la Feria Internacional de Proveedores de la Industria de Madera y Muebles (Form&oacute;bile), que ocurre de 26 a 29 de julio en el Pabell&oacute;n de Exposiciones Anhembi, en S&atilde;o Paulo.<\/p>\n<p>Cinco importadores de Am&eacute;rica Latina fueron invitados para negociaciones con 10 empresas proveedoras de la industria del mobiliario. Ellos vienen de pa&iacute;ses con buen potencial de importaciones de Brasil: Bolivia, Colombia, El Salvador y Ecuador. Las rondas de negocios ser&aacute;n el d&iacute;a 28, fomentando los negocios internacionales dentro de la feria.<\/p>\n<p>El Proyecto Orchestra Brasil promueve las exportaciones de proveedores de la industria y del servicio del dise&ntilde;ador brasile&ntilde;o. Adem&aacute;s de la participaci&oacute;n en ferias internacionales y en las principales ferias brasile&ntilde;as volcadas al segmento, el proyecto promueve capacitaciones, conduce estudios de mercado y crea estrategias de posicionamiento en el mercado externo. El crecimiento de las empresas participantes es significativo. Los destinos de exportaci&oacute;n pasaron de 76 para 80 en 2015 y el balance general del per&iacute;odo apunta para un crecimiento de 9% en las empresas apoyadas contra una ca&iacute;da de 55% en las exportaciones de las no participantes del proyecto.<\/p>\n<p>&nbsp;Form&oacute;bile 2016 espera cerca de 60 mil visitantes, entre fabricantes de muebles en serie, fabricantes de muebles de decoraci&oacute;n, carpinteros, reventas, arquitectos, dise&ntilde;adores, especificadores y profesionales vinculados a la producci&oacute;n de mobiliario. El Proyecto Comprador de esta edici&oacute;n tiene apoyo de Sindm&oacute;veis Bento Gon&ccedil;alves, Apex-Brasil, Informa Exhibitions y de las empresas participantes: A&amp;H Meyer, Brasmacol, Farben, Matana y Salvador, Metalsinos, Obispa, Promob, Renner Sayerlack, Rometal, SCM Group Tecmatic y&nbsp;Zen Design.<\/p>\n<p>&nbsp;<\/p>\n<p><strong>Servicio<\/strong><br \/>\nForM&oacute;bile &#8211; Feria Internacional de Proveedores de la Industria de Madera y Muebles<\/p>\n<p>Fecha &ndash; 26 a 29 de julio de 2016<\/p>\n<p>Local &ndash; Pabell&oacute;n de Exposiciones Anhembi &mdash; Av. Olavo Fontoura, 1209 &ndash; Santana &ndash; S&atilde;o Paulo.<\/p>\n<p>Horario &ndash; de las 13h a las 20h<\/p>\n<p>Informaciones &ndash; 55 (41) 3014-8787<\/p>\n<p><a href=\"http:\/\/www.feiraformobile.com.br\/\">www.feiraformobile.com.br<\/a><\/p>\n","protected":false},"excerpt":{"rendered":"<p>Feria Internacional de Proveedores de la Industria de Madera y Muebles tendr\u00e1 su 7\u00aa edici\u00f3n de 26 a 29 de julio<\/p>\n","protected":false},"author":5,"featured_media":3579,"comment_status":"closed","ping_status":"open","sticky":false,"template":"","format":"standard","meta":{"footnotes":"","_links_to":"","_links_to_target":""},"categories":[22,2],"tags":[],"class_list":["post-1246","post","type-post","status-publish","format-standard","has-post-thumbnail","hentry","category-proyecto-orchestra-brasil","category-sindmoveis"],"yoast_head":"<!-- This site is optimized with the Yoast SEO plugin v27.0 - https:\/\/yoast.com\/product\/yoast-seo-wordpress\/ -->\n<title>Proyecto Orchestra Brasil promueve rondas de negocios en Form\u00f3bile 2016 - Sindm\u00f3veis-RS<\/title>\n<meta name=\"robots\" content=\"index, follow, max-snippet:-1, max-image-preview:large, max-video-preview:-1\" \/>\n<link rel=\"canonical\" href=\"https:\/\/www.sindmoveis.com.br\/es\/projeto-orchestra-brasil-promove-rodadas-de-negocios-na-formobile-2016\/\" \/>\n<meta property=\"og:locale\" content=\"es_ES\" \/>\n<meta property=\"og:type\" content=\"article\" \/>\n<meta property=\"og:title\" content=\"Proyecto Orchestra Brasil promueve rondas de negocios en Form\u00f3bile 2016 - Sindm\u00f3veis-RS\" \/>\n<meta property=\"og:description\" content=\"Feria Internacional de Proveedores de la Industria de Madera y Muebles tendr\u00e1 su 7\u00aa edici\u00f3n de 26 a 29 de julio\" \/>\n<meta property=\"og:url\" content=\"https:\/\/www.sindmoveis.com.br\/es\/projeto-orchestra-brasil-promove-rodadas-de-negocios-na-formobile-2016\/\" \/>\n<meta property=\"og:site_name\" content=\"Sindm\u00f3veis-RS\" \/>\n<meta property=\"article:published_time\" content=\"2016-07-18T03:00:00+00:00\" \/>\n<meta property=\"article:modified_time\" content=\"2021-05-26T13:28:35+00:00\" \/>\n<meta property=\"og:image\" content=\"https:\/\/www.sindmoveis.com.br\/es\/wp-content\/uploads\/2021\/05\/p1468861237.jpg\" \/>\n\t<meta property=\"og:image:width\" content=\"1000\" \/>\n\t<meta property=\"og:image:height\" content=\"672\" \/>\n\t<meta property=\"og:image:type\" content=\"image\/jpeg\" \/>\n<meta name=\"author\" content=\"Imprensa Sindm\u00f3veis\" \/>\n<meta name=\"twitter:card\" content=\"summary_large_image\" \/>\n<meta name=\"twitter:label1\" content=\"Escrito por\" \/>\n\t<meta name=\"twitter:data1\" content=\"Imprensa Sindm\u00f3veis\" \/>\n\t<meta name=\"twitter:label2\" content=\"Tiempo de lectura\" \/>\n\t<meta name=\"twitter:data2\" content=\"2 minutos\" \/>\n<script type=\"application\/ld+json\" class=\"yoast-schema-graph\">{\"@context\":\"https:\/\/schema.org\",\"@graph\":[{\"@type\":\"Article\",\"@id\":\"https:\/\/www.sindmoveis.com.br\/es\/projeto-orchestra-brasil-promove-rodadas-de-negocios-na-formobile-2016\/#article\",\"isPartOf\":{\"@id\":\"https:\/\/www.sindmoveis.com.br\/es\/projeto-orchestra-brasil-promove-rodadas-de-negocios-na-formobile-2016\/\"},\"author\":{\"name\":\"Imprensa Sindm\u00f3veis\",\"@id\":\"https:\/\/www.sindmoveis.com.br\/es\/#\/schema\/person\/16d379542db1950a17fe188179340d57\"},\"headline\":\"Proyecto Orchestra Brasil promueve rondas de negocios en Form\u00f3bile 2016\",\"datePublished\":\"2016-07-18T03:00:00+00:00\",\"dateModified\":\"2021-05-26T13:28:35+00:00\",\"mainEntityOfPage\":{\"@id\":\"https:\/\/www.sindmoveis.com.br\/es\/projeto-orchestra-brasil-promove-rodadas-de-negocios-na-formobile-2016\/\"},\"wordCount\":409,\"image\":{\"@id\":\"https:\/\/www.sindmoveis.com.br\/es\/projeto-orchestra-brasil-promove-rodadas-de-negocios-na-formobile-2016\/#primaryimage\"},\"thumbnailUrl\":\"https:\/\/www.sindmoveis.com.br\/es\/wp-content\/uploads\/2021\/05\/p1468861237.jpg\",\"articleSection\":[\"Proyecto Orchestra Brasil\",\"Sindm\u00f3veis\"],\"inLanguage\":\"es\"},{\"@type\":\"WebPage\",\"@id\":\"https:\/\/www.sindmoveis.com.br\/es\/projeto-orchestra-brasil-promove-rodadas-de-negocios-na-formobile-2016\/\",\"url\":\"https:\/\/www.sindmoveis.com.br\/es\/projeto-orchestra-brasil-promove-rodadas-de-negocios-na-formobile-2016\/\",\"name\":\"Proyecto Orchestra Brasil promueve rondas de negocios en Form\u00f3bile 2016 - Sindm\u00f3veis-RS\",\"isPartOf\":{\"@id\":\"https:\/\/www.sindmoveis.com.br\/es\/#website\"},\"primaryImageOfPage\":{\"@id\":\"https:\/\/www.sindmoveis.com.br\/es\/projeto-orchestra-brasil-promove-rodadas-de-negocios-na-formobile-2016\/#primaryimage\"},\"image\":{\"@id\":\"https:\/\/www.sindmoveis.com.br\/es\/projeto-orchestra-brasil-promove-rodadas-de-negocios-na-formobile-2016\/#primaryimage\"},\"thumbnailUrl\":\"https:\/\/www.sindmoveis.com.br\/es\/wp-content\/uploads\/2021\/05\/p1468861237.jpg\",\"datePublished\":\"2016-07-18T03:00:00+00:00\",\"dateModified\":\"2021-05-26T13:28:35+00:00\",\"author\":{\"@id\":\"https:\/\/www.sindmoveis.com.br\/es\/#\/schema\/person\/16d379542db1950a17fe188179340d57\"},\"inLanguage\":\"es\",\"potentialAction\":[{\"@type\":\"ReadAction\",\"target\":[\"https:\/\/www.sindmoveis.com.br\/es\/projeto-orchestra-brasil-promove-rodadas-de-negocios-na-formobile-2016\/\"]}]},{\"@type\":\"ImageObject\",\"inLanguage\":\"es\",\"@id\":\"https:\/\/www.sindmoveis.com.br\/es\/projeto-orchestra-brasil-promove-rodadas-de-negocios-na-formobile-2016\/#primaryimage\",\"url\":\"https:\/\/www.sindmoveis.com.br\/es\/wp-content\/uploads\/2021\/05\/p1468861237.jpg\",\"contentUrl\":\"https:\/\/www.sindmoveis.com.br\/es\/wp-content\/uploads\/2021\/05\/p1468861237.jpg\",\"width\":1000,\"height\":672},{\"@type\":\"WebSite\",\"@id\":\"https:\/\/www.sindmoveis.com.br\/es\/#website\",\"url\":\"https:\/\/www.sindmoveis.com.br\/es\/\",\"name\":\"Sindm\u00f3veis-RS\",\"description\":\"\",\"potentialAction\":[{\"@type\":\"SearchAction\",\"target\":{\"@type\":\"EntryPoint\",\"urlTemplate\":\"https:\/\/www.sindmoveis.com.br\/es\/?s={search_term_string}\"},\"query-input\":{\"@type\":\"PropertyValueSpecification\",\"valueRequired\":true,\"valueName\":\"search_term_string\"}}],\"inLanguage\":\"es\"},{\"@type\":\"Person\",\"@id\":\"https:\/\/www.sindmoveis.com.br\/es\/#\/schema\/person\/16d379542db1950a17fe188179340d57\",\"name\":\"Imprensa Sindm\u00f3veis\",\"image\":{\"@type\":\"ImageObject\",\"inLanguage\":\"es\",\"@id\":\"https:\/\/www.sindmoveis.com.br\/es\/#\/schema\/person\/image\/\",\"url\":\"https:\/\/secure.gravatar.com\/avatar\/4973e2e2c2a0cb5db30b0c7b770041b8e33d048a16b695a1f99c042449d4bfaf?s=96&d=mm&r=g\",\"contentUrl\":\"https:\/\/secure.gravatar.com\/avatar\/4973e2e2c2a0cb5db30b0c7b770041b8e33d048a16b695a1f99c042449d4bfaf?s=96&d=mm&r=g\",\"caption\":\"Imprensa Sindm\u00f3veis\"},\"url\":\"https:\/\/www.sindmoveis.com.br\/es\/author\/ana\/\"}]}<\/script>\n<!-- \/ Yoast SEO plugin. -->","yoast_head_json":{"title":"Proyecto Orchestra Brasil promueve rondas de negocios en Form\u00f3bile 2016 - Sindm\u00f3veis-RS","robots":{"index":"index","follow":"follow","max-snippet":"max-snippet:-1","max-image-preview":"max-image-preview:large","max-video-preview":"max-video-preview:-1"},"canonical":"https:\/\/www.sindmoveis.com.br\/es\/projeto-orchestra-brasil-promove-rodadas-de-negocios-na-formobile-2016\/","og_locale":"es_ES","og_type":"article","og_title":"Proyecto Orchestra Brasil promueve rondas de negocios en Form\u00f3bile 2016 - Sindm\u00f3veis-RS","og_description":"Feria Internacional de Proveedores de la Industria de Madera y Muebles tendr\u00e1 su 7\u00aa edici\u00f3n de 26 a 29 de julio","og_url":"https:\/\/www.sindmoveis.com.br\/es\/projeto-orchestra-brasil-promove-rodadas-de-negocios-na-formobile-2016\/","og_site_name":"Sindm\u00f3veis-RS","article_published_time":"2016-07-18T03:00:00+00:00","article_modified_time":"2021-05-26T13:28:35+00:00","og_image":[{"width":1000,"height":672,"url":"https:\/\/www.sindmoveis.com.br\/es\/wp-content\/uploads\/2021\/05\/p1468861237.jpg","type":"image\/jpeg"}],"author":"Imprensa Sindm\u00f3veis","twitter_card":"summary_large_image","twitter_misc":{"Escrito por":"Imprensa Sindm\u00f3veis","Tiempo de lectura":"2 minutos"},"schema":{"@context":"https:\/\/schema.org","@graph":[{"@type":"Article","@id":"https:\/\/www.sindmoveis.com.br\/es\/projeto-orchestra-brasil-promove-rodadas-de-negocios-na-formobile-2016\/#article","isPartOf":{"@id":"https:\/\/www.sindmoveis.com.br\/es\/projeto-orchestra-brasil-promove-rodadas-de-negocios-na-formobile-2016\/"},"author":{"name":"Imprensa Sindm\u00f3veis","@id":"https:\/\/www.sindmoveis.com.br\/es\/#\/schema\/person\/16d379542db1950a17fe188179340d57"},"headline":"Proyecto Orchestra Brasil promueve rondas de negocios en Form\u00f3bile 2016","datePublished":"2016-07-18T03:00:00+00:00","dateModified":"2021-05-26T13:28:35+00:00","mainEntityOfPage":{"@id":"https:\/\/www.sindmoveis.com.br\/es\/projeto-orchestra-brasil-promove-rodadas-de-negocios-na-formobile-2016\/"},"wordCount":409,"image":{"@id":"https:\/\/www.sindmoveis.com.br\/es\/projeto-orchestra-brasil-promove-rodadas-de-negocios-na-formobile-2016\/#primaryimage"},"thumbnailUrl":"https:\/\/www.sindmoveis.com.br\/es\/wp-content\/uploads\/2021\/05\/p1468861237.jpg","articleSection":["Proyecto Orchestra Brasil","Sindm\u00f3veis"],"inLanguage":"es"},{"@type":"WebPage","@id":"https:\/\/www.sindmoveis.com.br\/es\/projeto-orchestra-brasil-promove-rodadas-de-negocios-na-formobile-2016\/","url":"https:\/\/www.sindmoveis.com.br\/es\/projeto-orchestra-brasil-promove-rodadas-de-negocios-na-formobile-2016\/","name":"Proyecto Orchestra Brasil promueve rondas de negocios en Form\u00f3bile 2016 - Sindm\u00f3veis-RS","isPartOf":{"@id":"https:\/\/www.sindmoveis.com.br\/es\/#website"},"primaryImageOfPage":{"@id":"https:\/\/www.sindmoveis.com.br\/es\/projeto-orchestra-brasil-promove-rodadas-de-negocios-na-formobile-2016\/#primaryimage"},"image":{"@id":"https:\/\/www.sindmoveis.com.br\/es\/projeto-orchestra-brasil-promove-rodadas-de-negocios-na-formobile-2016\/#primaryimage"},"thumbnailUrl":"https:\/\/www.sindmoveis.com.br\/es\/wp-content\/uploads\/2021\/05\/p1468861237.jpg","datePublished":"2016-07-18T03:00:00+00:00","dateModified":"2021-05-26T13:28:35+00:00","author":{"@id":"https:\/\/www.sindmoveis.com.br\/es\/#\/schema\/person\/16d379542db1950a17fe188179340d57"},"inLanguage":"es","potentialAction":[{"@type":"ReadAction","target":["https:\/\/www.sindmoveis.com.br\/es\/projeto-orchestra-brasil-promove-rodadas-de-negocios-na-formobile-2016\/"]}]},{"@type":"ImageObject","inLanguage":"es","@id":"https:\/\/www.sindmoveis.com.br\/es\/projeto-orchestra-brasil-promove-rodadas-de-negocios-na-formobile-2016\/#primaryimage","url":"https:\/\/www.sindmoveis.com.br\/es\/wp-content\/uploads\/2021\/05\/p1468861237.jpg","contentUrl":"https:\/\/www.sindmoveis.com.br\/es\/wp-content\/uploads\/2021\/05\/p1468861237.jpg","width":1000,"height":672},{"@type":"WebSite","@id":"https:\/\/www.sindmoveis.com.br\/es\/#website","url":"https:\/\/www.sindmoveis.com.br\/es\/","name":"Sindm\u00f3veis-RS","description":"","potentialAction":[{"@type":"SearchAction","target":{"@type":"EntryPoint","urlTemplate":"https:\/\/www.sindmoveis.com.br\/es\/?s={search_term_string}"},"query-input":{"@type":"PropertyValueSpecification","valueRequired":true,"valueName":"search_term_string"}}],"inLanguage":"es"},{"@type":"Person","@id":"https:\/\/www.sindmoveis.com.br\/es\/#\/schema\/person\/16d379542db1950a17fe188179340d57","name":"Imprensa Sindm\u00f3veis","image":{"@type":"ImageObject","inLanguage":"es","@id":"https:\/\/www.sindmoveis.com.br\/es\/#\/schema\/person\/image\/","url":"https:\/\/secure.gravatar.com\/avatar\/4973e2e2c2a0cb5db30b0c7b770041b8e33d048a16b695a1f99c042449d4bfaf?s=96&d=mm&r=g","contentUrl":"https:\/\/secure.gravatar.com\/avatar\/4973e2e2c2a0cb5db30b0c7b770041b8e33d048a16b695a1f99c042449d4bfaf?s=96&d=mm&r=g","caption":"Imprensa Sindm\u00f3veis"},"url":"https:\/\/www.sindmoveis.com.br\/es\/author\/ana\/"}]}},"_links":{"self":[{"href":"https:\/\/www.sindmoveis.com.br\/es\/wp-json\/wp\/v2\/posts\/1246","targetHints":{"allow":["GET"]}}],"collection":[{"href":"https:\/\/www.sindmoveis.com.br\/es\/wp-json\/wp\/v2\/posts"}],"about":[{"href":"https:\/\/www.sindmoveis.com.br\/es\/wp-json\/wp\/v2\/types\/post"}],"author":[{"embeddable":true,"href":"https:\/\/www.sindmoveis.com.br\/es\/wp-json\/wp\/v2\/users\/5"}],"replies":[{"embeddable":true,"href":"https:\/\/www.sindmoveis.com.br\/es\/wp-json\/wp\/v2\/comments?post=1246"}],"version-history":[{"count":2,"href":"https:\/\/www.sindmoveis.com.br\/es\/wp-json\/wp\/v2\/posts\/1246\/revisions"}],"predecessor-version":[{"id":3578,"href":"https:\/\/www.sindmoveis.com.br\/es\/wp-json\/wp\/v2\/posts\/1246\/revisions\/3578"}],"wp:featuredmedia":[{"embeddable":true,"href":"https:\/\/www.sindmoveis.com.br\/es\/wp-json\/wp\/v2\/media\/3579"}],"wp:attachment":[{"href":"https:\/\/www.sindmoveis.com.br\/es\/wp-json\/wp\/v2\/media?parent=1246"}],"wp:term":[{"taxonomy":"category","embeddable":true,"href":"https:\/\/www.sindmoveis.com.br\/es\/wp-json\/wp\/v2\/categories?post=1246"},{"taxonomy":"post_tag","embeddable":true,"href":"https:\/\/www.sindmoveis.com.br\/es\/wp-json\/wp\/v2\/tags?post=1246"}],"curies":[{"name":"wp","href":"https:\/\/api.w.org\/{rel}","templated":true}]}}