{"id":1232,"date":"2016-03-29T00:00:00","date_gmt":"2016-03-29T03:00:00","guid":{"rendered":"http:\/\/sindmoveis.com.br\/imprensa\/noticias\/sindmoveis-participa-do-isaloni-com-projeto-de-exportacoes-do-design-brasileiro\/"},"modified":"2021-05-26T10:30:05","modified_gmt":"2021-05-26T13:30:05","slug":"sindmoveis-participa-do-isaloni-com-projeto-de-exportacoes-do-design-brasileiro","status":"publish","type":"post","link":"https:\/\/www.sindmoveis.com.br\/es\/sindmoveis-participa-do-isaloni-com-projeto-de-exportacoes-do-design-brasileiro\/","title":{"rendered":"Sindm\u00f3veis participa en iSaloni con proyecto de exportaciones del dise\u00f1o brasile\u00f1o"},"content":{"rendered":"<p>Sindm&oacute;veis de Bento Gon&ccedil;alves tendr&aacute; dos stands de 50 metros cuadrados en la pr&oacute;xima edici&oacute;n del Sal&oacute;n Internacional del Mueble de Mil&aacute;n (iSaloni), en Italia, de 12 a 17 de abril. Esa es la primera participaci&oacute;n de la entidad en la feria y tiene apoyo de la Agencia Brasile&ntilde;a de Promoci&oacute;n de Exportaciones e Inversiones (Apex-Brasil), por medio del Proyecto Ra&iacute;z, brazo derecho del proyecto Orchesstra Brasil que promueve las exportaciones del servicio del dise&ntilde;ador brasile&ntilde;o.<\/p>\n<p>M&aacute;s de 300 mil profesionales visitantes de 160 pa&iacute;ses son esperados en esa, que es la m&aacute;s importante y reconocida feria de mobiliario de alto nivel en el mundo. El espacio del Proyecto Ra&iacute;z, ubicado en el pabell&oacute;n 12, tendr&aacute; productos firmados de nueve estudios: Bruno Ferraz, estudiobola, Guto Indio da Costa, Jader Almeida, Juliana Llus&aacute;, Marta Manente, Paulo Alves, Ronal Scliar Sasson y Sergio Fahrer.<\/p>\n<p>El Proyecto Ra&iacute;z tendr&aacute;, adem&aacute;s, un espacio de divulgaci&oacute;n para el p&uacute;blico en la muestra Brazil S\/A, donde tambi&eacute;n estar&aacute;n presentes DW! S&atilde;o Paulo Design Weekend y High Design-Home &amp;Office Expo, feria de tendencias, innovaciones y lanzamientos en mobiliario de alto nivel que estrena en agosto de este a&ntilde;o como &aacute;ncora del festival brasile&ntilde;o. De forma in&eacute;dita, el Proyecto Ra&iacute;z tambi&eacute;n est&aacute; centralizando la comunicaci&oacute;n de los eventos brasile&ntilde;os en Mil&aacute;n en el periodo. El informativo de las acciones est&aacute; circulando en la gu&iacute;a de la Revista Interni.<\/p>\n<p>Sindm&oacute;veis de Bento Gon&ccedil;alves invierte y apuesta en el dise&ntilde;o como diferencial competitivo para el sector del mobiliario nacional desde 1988, cuando cre&oacute; el Premio Sal&atilde;o Desing. Consolidada, la premiaci&oacute;n lleg&oacute; este a&ntilde;o a su 20&ordf; edici&oacute;n con 12.588 proyectos inscritos hasta hoy y siendo considerado el principal premio de dise&ntilde;o de producto en Am&eacute;rica Latina. M&aacute;s tarde, en 2007, Sindm&oacute;veis cre&oacute; Casa Brasil, feria de mobiliario de complemento de alta categor&iacute;a que, a partir de este a&ntilde;o, pasa a ser realizada en S&atilde;o Paulo con nuevo nombre: High Design &ndash; Home &amp; Office Expo.<\/p>\n<p>Las acciones del Proyecto Ra&iacute;z de promoci&oacute;n del dise&ntilde;ador brasile&ntilde;o de muebles en el mercado internacional est&aacute; focalizado en los Estados Unidos e incluyen una consultor&iacute;a de mercado. A&uacute;n en este a&ntilde;o, el proyecto tendr&aacute; participaci&oacute;n en Maison&amp;Object Miami (10 a 13 de mayo) y en ICFF New York (14 a 17 de mayo).<\/p>\n","protected":false},"excerpt":{"rendered":"<p>Proyecto Ra\u00edz, que tiene apoyo de Apex-Brasil, tendr\u00e1 stands en Salone del Mobile Milano y espacio de divulgaci\u00f3n al p\u00fablico en la muestra Brazil S\/A<\/p>\n","protected":false},"author":5,"featured_media":3577,"comment_status":"closed","ping_status":"open","sticky":false,"template":"","format":"standard","meta":{"footnotes":"","_links_to":"","_links_to_target":""},"categories":[11,2],"tags":[],"class_list":["post-1232","post","type-post","status-publish","format-standard","has-post-thumbnail","hentry","category-exportaciones","category-sindmoveis"],"yoast_head":"<!-- This site is optimized with the Yoast SEO plugin v27.0 - https:\/\/yoast.com\/product\/yoast-seo-wordpress\/ -->\n<title>Sindm\u00f3veis participa en iSaloni con proyecto de exportaciones del dise\u00f1o brasile\u00f1o - Sindm\u00f3veis-RS<\/title>\n<meta name=\"robots\" content=\"index, follow, max-snippet:-1, max-image-preview:large, max-video-preview:-1\" \/>\n<link rel=\"canonical\" href=\"https:\/\/www.sindmoveis.com.br\/es\/sindmoveis-participa-do-isaloni-com-projeto-de-exportacoes-do-design-brasileiro\/\" \/>\n<meta property=\"og:locale\" content=\"es_ES\" \/>\n<meta property=\"og:type\" content=\"article\" \/>\n<meta property=\"og:title\" content=\"Sindm\u00f3veis participa en iSaloni con proyecto de exportaciones del dise\u00f1o brasile\u00f1o - Sindm\u00f3veis-RS\" \/>\n<meta property=\"og:description\" content=\"Proyecto Ra\u00edz, que tiene apoyo de Apex-Brasil, tendr\u00e1 stands en Salone del Mobile Milano y espacio de divulgaci\u00f3n al p\u00fablico en la muestra Brazil S\/A\" \/>\n<meta property=\"og:url\" content=\"https:\/\/www.sindmoveis.com.br\/es\/sindmoveis-participa-do-isaloni-com-projeto-de-exportacoes-do-design-brasileiro\/\" \/>\n<meta property=\"og:site_name\" content=\"Sindm\u00f3veis-RS\" \/>\n<meta property=\"article:published_time\" content=\"2016-03-29T03:00:00+00:00\" \/>\n<meta property=\"article:modified_time\" content=\"2021-05-26T13:30:05+00:00\" \/>\n<meta property=\"og:image\" content=\"https:\/\/www.sindmoveis.com.br\/es\/wp-content\/uploads\/2021\/05\/p1459274304.jpg\" \/>\n\t<meta property=\"og:image:width\" content=\"700\" \/>\n\t<meta property=\"og:image:height\" content=\"420\" \/>\n\t<meta property=\"og:image:type\" content=\"image\/jpeg\" \/>\n<meta name=\"author\" content=\"Imprensa Sindm\u00f3veis\" \/>\n<meta name=\"twitter:card\" content=\"summary_large_image\" \/>\n<meta name=\"twitter:label1\" content=\"Escrito por\" \/>\n\t<meta name=\"twitter:data1\" content=\"Imprensa Sindm\u00f3veis\" \/>\n\t<meta name=\"twitter:label2\" content=\"Tiempo de lectura\" \/>\n\t<meta name=\"twitter:data2\" content=\"2 minutos\" \/>\n<script type=\"application\/ld+json\" class=\"yoast-schema-graph\">{\"@context\":\"https:\/\/schema.org\",\"@graph\":[{\"@type\":\"Article\",\"@id\":\"https:\/\/www.sindmoveis.com.br\/es\/sindmoveis-participa-do-isaloni-com-projeto-de-exportacoes-do-design-brasileiro\/#article\",\"isPartOf\":{\"@id\":\"https:\/\/www.sindmoveis.com.br\/es\/sindmoveis-participa-do-isaloni-com-projeto-de-exportacoes-do-design-brasileiro\/\"},\"author\":{\"name\":\"Imprensa Sindm\u00f3veis\",\"@id\":\"https:\/\/www.sindmoveis.com.br\/es\/#\/schema\/person\/16d379542db1950a17fe188179340d57\"},\"headline\":\"Sindm\u00f3veis participa en iSaloni con proyecto de exportaciones del dise\u00f1o brasile\u00f1o\",\"datePublished\":\"2016-03-29T03:00:00+00:00\",\"dateModified\":\"2021-05-26T13:30:05+00:00\",\"mainEntityOfPage\":{\"@id\":\"https:\/\/www.sindmoveis.com.br\/es\/sindmoveis-participa-do-isaloni-com-projeto-de-exportacoes-do-design-brasileiro\/\"},\"wordCount\":506,\"image\":{\"@id\":\"https:\/\/www.sindmoveis.com.br\/es\/sindmoveis-participa-do-isaloni-com-projeto-de-exportacoes-do-design-brasileiro\/#primaryimage\"},\"thumbnailUrl\":\"https:\/\/www.sindmoveis.com.br\/es\/wp-content\/uploads\/2021\/05\/p1459274304.jpg\",\"articleSection\":[\"Exportaciones\",\"Sindm\u00f3veis\"],\"inLanguage\":\"es\"},{\"@type\":\"WebPage\",\"@id\":\"https:\/\/www.sindmoveis.com.br\/es\/sindmoveis-participa-do-isaloni-com-projeto-de-exportacoes-do-design-brasileiro\/\",\"url\":\"https:\/\/www.sindmoveis.com.br\/es\/sindmoveis-participa-do-isaloni-com-projeto-de-exportacoes-do-design-brasileiro\/\",\"name\":\"Sindm\u00f3veis participa en iSaloni con proyecto de exportaciones del dise\u00f1o brasile\u00f1o - Sindm\u00f3veis-RS\",\"isPartOf\":{\"@id\":\"https:\/\/www.sindmoveis.com.br\/es\/#website\"},\"primaryImageOfPage\":{\"@id\":\"https:\/\/www.sindmoveis.com.br\/es\/sindmoveis-participa-do-isaloni-com-projeto-de-exportacoes-do-design-brasileiro\/#primaryimage\"},\"image\":{\"@id\":\"https:\/\/www.sindmoveis.com.br\/es\/sindmoveis-participa-do-isaloni-com-projeto-de-exportacoes-do-design-brasileiro\/#primaryimage\"},\"thumbnailUrl\":\"https:\/\/www.sindmoveis.com.br\/es\/wp-content\/uploads\/2021\/05\/p1459274304.jpg\",\"datePublished\":\"2016-03-29T03:00:00+00:00\",\"dateModified\":\"2021-05-26T13:30:05+00:00\",\"author\":{\"@id\":\"https:\/\/www.sindmoveis.com.br\/es\/#\/schema\/person\/16d379542db1950a17fe188179340d57\"},\"inLanguage\":\"es\",\"potentialAction\":[{\"@type\":\"ReadAction\",\"target\":[\"https:\/\/www.sindmoveis.com.br\/es\/sindmoveis-participa-do-isaloni-com-projeto-de-exportacoes-do-design-brasileiro\/\"]}]},{\"@type\":\"ImageObject\",\"inLanguage\":\"es\",\"@id\":\"https:\/\/www.sindmoveis.com.br\/es\/sindmoveis-participa-do-isaloni-com-projeto-de-exportacoes-do-design-brasileiro\/#primaryimage\",\"url\":\"https:\/\/www.sindmoveis.com.br\/es\/wp-content\/uploads\/2021\/05\/p1459274304.jpg\",\"contentUrl\":\"https:\/\/www.sindmoveis.com.br\/es\/wp-content\/uploads\/2021\/05\/p1459274304.jpg\",\"width\":700,\"height\":420},{\"@type\":\"WebSite\",\"@id\":\"https:\/\/www.sindmoveis.com.br\/es\/#website\",\"url\":\"https:\/\/www.sindmoveis.com.br\/es\/\",\"name\":\"Sindm\u00f3veis-RS\",\"description\":\"\",\"potentialAction\":[{\"@type\":\"SearchAction\",\"target\":{\"@type\":\"EntryPoint\",\"urlTemplate\":\"https:\/\/www.sindmoveis.com.br\/es\/?s={search_term_string}\"},\"query-input\":{\"@type\":\"PropertyValueSpecification\",\"valueRequired\":true,\"valueName\":\"search_term_string\"}}],\"inLanguage\":\"es\"},{\"@type\":\"Person\",\"@id\":\"https:\/\/www.sindmoveis.com.br\/es\/#\/schema\/person\/16d379542db1950a17fe188179340d57\",\"name\":\"Imprensa Sindm\u00f3veis\",\"image\":{\"@type\":\"ImageObject\",\"inLanguage\":\"es\",\"@id\":\"https:\/\/www.sindmoveis.com.br\/es\/#\/schema\/person\/image\/\",\"url\":\"https:\/\/secure.gravatar.com\/avatar\/4973e2e2c2a0cb5db30b0c7b770041b8e33d048a16b695a1f99c042449d4bfaf?s=96&d=mm&r=g\",\"contentUrl\":\"https:\/\/secure.gravatar.com\/avatar\/4973e2e2c2a0cb5db30b0c7b770041b8e33d048a16b695a1f99c042449d4bfaf?s=96&d=mm&r=g\",\"caption\":\"Imprensa Sindm\u00f3veis\"},\"url\":\"https:\/\/www.sindmoveis.com.br\/es\/author\/ana\/\"}]}<\/script>\n<!-- \/ Yoast SEO plugin. -->","yoast_head_json":{"title":"Sindm\u00f3veis participa en iSaloni con proyecto de exportaciones del dise\u00f1o brasile\u00f1o - Sindm\u00f3veis-RS","robots":{"index":"index","follow":"follow","max-snippet":"max-snippet:-1","max-image-preview":"max-image-preview:large","max-video-preview":"max-video-preview:-1"},"canonical":"https:\/\/www.sindmoveis.com.br\/es\/sindmoveis-participa-do-isaloni-com-projeto-de-exportacoes-do-design-brasileiro\/","og_locale":"es_ES","og_type":"article","og_title":"Sindm\u00f3veis participa en iSaloni con proyecto de exportaciones del dise\u00f1o brasile\u00f1o - Sindm\u00f3veis-RS","og_description":"Proyecto Ra\u00edz, que tiene apoyo de Apex-Brasil, tendr\u00e1 stands en Salone del Mobile Milano y espacio de divulgaci\u00f3n al p\u00fablico en la muestra Brazil S\/A","og_url":"https:\/\/www.sindmoveis.com.br\/es\/sindmoveis-participa-do-isaloni-com-projeto-de-exportacoes-do-design-brasileiro\/","og_site_name":"Sindm\u00f3veis-RS","article_published_time":"2016-03-29T03:00:00+00:00","article_modified_time":"2021-05-26T13:30:05+00:00","og_image":[{"width":700,"height":420,"url":"https:\/\/www.sindmoveis.com.br\/es\/wp-content\/uploads\/2021\/05\/p1459274304.jpg","type":"image\/jpeg"}],"author":"Imprensa Sindm\u00f3veis","twitter_card":"summary_large_image","twitter_misc":{"Escrito por":"Imprensa Sindm\u00f3veis","Tiempo de lectura":"2 minutos"},"schema":{"@context":"https:\/\/schema.org","@graph":[{"@type":"Article","@id":"https:\/\/www.sindmoveis.com.br\/es\/sindmoveis-participa-do-isaloni-com-projeto-de-exportacoes-do-design-brasileiro\/#article","isPartOf":{"@id":"https:\/\/www.sindmoveis.com.br\/es\/sindmoveis-participa-do-isaloni-com-projeto-de-exportacoes-do-design-brasileiro\/"},"author":{"name":"Imprensa Sindm\u00f3veis","@id":"https:\/\/www.sindmoveis.com.br\/es\/#\/schema\/person\/16d379542db1950a17fe188179340d57"},"headline":"Sindm\u00f3veis participa en iSaloni con proyecto de exportaciones del dise\u00f1o brasile\u00f1o","datePublished":"2016-03-29T03:00:00+00:00","dateModified":"2021-05-26T13:30:05+00:00","mainEntityOfPage":{"@id":"https:\/\/www.sindmoveis.com.br\/es\/sindmoveis-participa-do-isaloni-com-projeto-de-exportacoes-do-design-brasileiro\/"},"wordCount":506,"image":{"@id":"https:\/\/www.sindmoveis.com.br\/es\/sindmoveis-participa-do-isaloni-com-projeto-de-exportacoes-do-design-brasileiro\/#primaryimage"},"thumbnailUrl":"https:\/\/www.sindmoveis.com.br\/es\/wp-content\/uploads\/2021\/05\/p1459274304.jpg","articleSection":["Exportaciones","Sindm\u00f3veis"],"inLanguage":"es"},{"@type":"WebPage","@id":"https:\/\/www.sindmoveis.com.br\/es\/sindmoveis-participa-do-isaloni-com-projeto-de-exportacoes-do-design-brasileiro\/","url":"https:\/\/www.sindmoveis.com.br\/es\/sindmoveis-participa-do-isaloni-com-projeto-de-exportacoes-do-design-brasileiro\/","name":"Sindm\u00f3veis participa en iSaloni con proyecto de exportaciones del dise\u00f1o brasile\u00f1o - Sindm\u00f3veis-RS","isPartOf":{"@id":"https:\/\/www.sindmoveis.com.br\/es\/#website"},"primaryImageOfPage":{"@id":"https:\/\/www.sindmoveis.com.br\/es\/sindmoveis-participa-do-isaloni-com-projeto-de-exportacoes-do-design-brasileiro\/#primaryimage"},"image":{"@id":"https:\/\/www.sindmoveis.com.br\/es\/sindmoveis-participa-do-isaloni-com-projeto-de-exportacoes-do-design-brasileiro\/#primaryimage"},"thumbnailUrl":"https:\/\/www.sindmoveis.com.br\/es\/wp-content\/uploads\/2021\/05\/p1459274304.jpg","datePublished":"2016-03-29T03:00:00+00:00","dateModified":"2021-05-26T13:30:05+00:00","author":{"@id":"https:\/\/www.sindmoveis.com.br\/es\/#\/schema\/person\/16d379542db1950a17fe188179340d57"},"inLanguage":"es","potentialAction":[{"@type":"ReadAction","target":["https:\/\/www.sindmoveis.com.br\/es\/sindmoveis-participa-do-isaloni-com-projeto-de-exportacoes-do-design-brasileiro\/"]}]},{"@type":"ImageObject","inLanguage":"es","@id":"https:\/\/www.sindmoveis.com.br\/es\/sindmoveis-participa-do-isaloni-com-projeto-de-exportacoes-do-design-brasileiro\/#primaryimage","url":"https:\/\/www.sindmoveis.com.br\/es\/wp-content\/uploads\/2021\/05\/p1459274304.jpg","contentUrl":"https:\/\/www.sindmoveis.com.br\/es\/wp-content\/uploads\/2021\/05\/p1459274304.jpg","width":700,"height":420},{"@type":"WebSite","@id":"https:\/\/www.sindmoveis.com.br\/es\/#website","url":"https:\/\/www.sindmoveis.com.br\/es\/","name":"Sindm\u00f3veis-RS","description":"","potentialAction":[{"@type":"SearchAction","target":{"@type":"EntryPoint","urlTemplate":"https:\/\/www.sindmoveis.com.br\/es\/?s={search_term_string}"},"query-input":{"@type":"PropertyValueSpecification","valueRequired":true,"valueName":"search_term_string"}}],"inLanguage":"es"},{"@type":"Person","@id":"https:\/\/www.sindmoveis.com.br\/es\/#\/schema\/person\/16d379542db1950a17fe188179340d57","name":"Imprensa Sindm\u00f3veis","image":{"@type":"ImageObject","inLanguage":"es","@id":"https:\/\/www.sindmoveis.com.br\/es\/#\/schema\/person\/image\/","url":"https:\/\/secure.gravatar.com\/avatar\/4973e2e2c2a0cb5db30b0c7b770041b8e33d048a16b695a1f99c042449d4bfaf?s=96&d=mm&r=g","contentUrl":"https:\/\/secure.gravatar.com\/avatar\/4973e2e2c2a0cb5db30b0c7b770041b8e33d048a16b695a1f99c042449d4bfaf?s=96&d=mm&r=g","caption":"Imprensa Sindm\u00f3veis"},"url":"https:\/\/www.sindmoveis.com.br\/es\/author\/ana\/"}]}},"_links":{"self":[{"href":"https:\/\/www.sindmoveis.com.br\/es\/wp-json\/wp\/v2\/posts\/1232","targetHints":{"allow":["GET"]}}],"collection":[{"href":"https:\/\/www.sindmoveis.com.br\/es\/wp-json\/wp\/v2\/posts"}],"about":[{"href":"https:\/\/www.sindmoveis.com.br\/es\/wp-json\/wp\/v2\/types\/post"}],"author":[{"embeddable":true,"href":"https:\/\/www.sindmoveis.com.br\/es\/wp-json\/wp\/v2\/users\/5"}],"replies":[{"embeddable":true,"href":"https:\/\/www.sindmoveis.com.br\/es\/wp-json\/wp\/v2\/comments?post=1232"}],"version-history":[{"count":2,"href":"https:\/\/www.sindmoveis.com.br\/es\/wp-json\/wp\/v2\/posts\/1232\/revisions"}],"predecessor-version":[{"id":3576,"href":"https:\/\/www.sindmoveis.com.br\/es\/wp-json\/wp\/v2\/posts\/1232\/revisions\/3576"}],"wp:featuredmedia":[{"embeddable":true,"href":"https:\/\/www.sindmoveis.com.br\/es\/wp-json\/wp\/v2\/media\/3577"}],"wp:attachment":[{"href":"https:\/\/www.sindmoveis.com.br\/es\/wp-json\/wp\/v2\/media?parent=1232"}],"wp:term":[{"taxonomy":"category","embeddable":true,"href":"https:\/\/www.sindmoveis.com.br\/es\/wp-json\/wp\/v2\/categories?post=1232"},{"taxonomy":"post_tag","embeddable":true,"href":"https:\/\/www.sindmoveis.com.br\/es\/wp-json\/wp\/v2\/tags?post=1232"}],"curies":[{"name":"wp","href":"https:\/\/api.w.org\/{rel}","templated":true}]}}