{"id":1228,"date":"2016-03-18T00:00:00","date_gmt":"2016-03-18T03:00:00","guid":{"rendered":"http:\/\/sindmoveis.com.br\/imprensa\/noticias\/movelsul-brasil-2016-encerra-hoje-com-grandes-perspectivas-nas-exportacoes\/"},"modified":"2021-05-26T10:31:43","modified_gmt":"2021-05-26T13:31:43","slug":"movelsul-brasil-2016-encerra-hoje-com-grandes-perspectivas-nas-exportacoes","status":"publish","type":"post","link":"https:\/\/www.sindmoveis.com.br\/es\/movelsul-brasil-2016-encerra-hoje-com-grandes-perspectivas-nas-exportacoes\/","title":{"rendered":"Movelsul Brasil 2016 finaliza con grandes perspectivas en las exportaciones"},"content":{"rendered":"<p>La 20&ordf; edici&oacute;n de Movelsul Brasil 2016 finaliz&oacute; con grandes perspectivas de exportaciones para los fabricantes de muebles y complementos presentes en la feria. Este fue el gran destaque apuntado por el presidente Henrique Tecchio, que revel&oacute; una estimativa parcial de 25 mil visitantes al Parque de Eventos de Bento Gon&ccedil;alves en los cuatro primeros d&iacute;as &ndash; revendedores, inversionistas, representantes comerciales y especificadores de Brasil y otros 47 pa&iacute;ses. La presencia de extranjeros fue, seg&uacute;n el presidente de la feria, el gran hecho a ser destacado. &ldquo;Hab&iacute;a un gran miedo de la feria ser impactada fuertemente por la situaci&oacute;n econ&oacute;mica y pol&iacute;tica, pero considero que esta edici&oacute;n fue un divisor de aguas: no apenas por ser una edici&oacute;n hist&oacute;rica por s&iacute; sola, sino tambi&eacute;n por haber sido realizada con &eacute;xito en un periodo de tantas adversidades&rdquo;, destaca.<\/p>\n<p>Aunque el evento no haya alcanzado, todav&iacute;a, su proyecci&oacute;n de 30 mil visitantes, el presidente Henrique Tecchio, puntualiza que la intenci&oacute;n de negocios en la feria sorprendi&oacute;. En su opini&oacute;n, ese reajuste de expectativas es natural, ya que tambi&eacute;n los expositores necesitaron reducir sus inversiones para participar de la feria con calidad. En funci&oacute;n de ello, las propias industrias trajeron un menor n&uacute;mero de invitados. &ldquo;A pesar de esto, sorprende la calidad y efectividad del visitante. Hubo expositores que usaban la feria m&aacute;s como un canal de relaciones, habiendo tenido que providenciar de improviso material para concretar los pedidos y cerrar los negocios en la propia feria&rdquo;.<\/p>\n<p>Entre las acciones de Movelsul 2016 para la atracci&oacute;n de visitantes, el presidente destac&oacute; el traslado diario y gratuito de hoteles de Bento Gon&ccedil;alves, Carlos Barbosa, Caxias do Sul y Garibaldi para la feria y de los aeropuertos de Caxias do Sul y Porto Alegre. Tambi&eacute;n en esta edici&oacute;n, la feria coste&oacute;, de forma in&eacute;dita, la venida de 300 revendedores de R&iacute;o Grande do Sul, Paran&aacute; y Santa Catarina en una acci&oacute;n bautizada de Movimiento Movelsul. &ldquo;Estuvimos atentos al movimiento del mercado y nos adaptamos a &eacute;l. Naturalmente, la situaci&oacute;n del mercado interno tiene impacto negativo sobre el sector y buscamos alternativas para equilibrar esa cuenta. El revendedor nacional tiene gran relevancia para nuestros expositores, pero el movimiento del mercado externo present&oacute; oportunidades maravillosas&rdquo;, estima Tecchio.<\/p>\n<p>&nbsp;<\/p>\n<p><strong>Pr&oacute;ximas acciones<\/strong><\/p>\n<p>&nbsp;Sindm&oacute;veis Bento Gon&ccedil;alves a&uacute;n tiene dos importantes e in&eacute;ditos eventos para este a&ntilde;o. Por la primera vez en la historia, la entidad tendr&aacute; un espacio en el Sal&oacute;n Internacional del Mueble de Mil&aacute;n (iSaloni) en Italia. La acci&oacute;n tiene apoyo de la Agencia Brasile&ntilde;a de Promoci&oacute;n de Exportaciones e Inversiones (Apex-Brasil) por medio del Proyecto Ra&iacute;z, brazo derecho del Proyecto Orchestra Brasil que promueve las exportaciones del servicio del dise&ntilde;ador brasile&ntilde;o.<\/p>\n<p>Estar&aacute;n presentando sus productos firmados en ese espacio los siguientes dise&ntilde;adores: Bruno Faucz, Estudiobola, Guto Indio da Costa, Jader Almeida, Juliana Llus&aacute;, Marta Manente, Paulo Alves, Ronald Scliar Sasson y Sergio Fahrer. iSaloni ocurre de 12 a 17 de abril.<\/p>\n<p>Despu&eacute;s, de 09 a 11 de agosto, se realiza en SP Expo la primera edici&oacute;n de High Design &ndash; Home &amp; Office Expo, una feria que reunir&aacute; las principales tendencias, innovaciones y lanzamientos en mobiliario de alto nivel, muebles proyectados y complementos, muebles y objetos de autor, soluciones para cocinas y ba&ntilde;os, superficies y ligth design y automatizaci&oacute;n. Ese evento es destinado a arquitectos, dise&ntilde;adores de interiores, decoradores, constructores, ingenieros, revendedores y compradores internacionales y ser&aacute; la feria m&aacute;s&nbsp; importante de DW! S&atilde;o Paulo Design Weekend.<\/p>\n<p>High Design Expo es promovida por la gigante brit&aacute;nica de eventos Informa Group e idealizada por Summit Promo, una asociaci&oacute;n con Casa Brasil, de Sindm&oacute;veis Bento Gon&ccedil;alves.<\/p>\n","protected":false},"excerpt":{"rendered":"<p>N\u00fameros preliminares apuntan para 25 mil visitantes de Brasil y otros 47 pa\u00edses en esos cuatro d\u00edas de feria.<\/p>\n","protected":false},"author":5,"featured_media":3571,"comment_status":"closed","ping_status":"open","sticky":false,"template":"","format":"standard","meta":{"footnotes":"","_links_to":"","_links_to_target":""},"categories":[11,23,2],"tags":[],"class_list":["post-1228","post","type-post","status-publish","format-standard","has-post-thumbnail","hentry","category-exportaciones","category-movelsul","category-sindmoveis"],"yoast_head":"<!-- This site is optimized with the Yoast SEO plugin v27.0 - https:\/\/yoast.com\/product\/yoast-seo-wordpress\/ -->\n<title>Movelsul Brasil 2016 finaliza con grandes perspectivas en las exportaciones - Sindm\u00f3veis-RS<\/title>\n<meta name=\"robots\" content=\"index, follow, max-snippet:-1, max-image-preview:large, max-video-preview:-1\" \/>\n<link rel=\"canonical\" href=\"https:\/\/www.sindmoveis.com.br\/es\/movelsul-brasil-2016-encerra-hoje-com-grandes-perspectivas-nas-exportacoes\/\" \/>\n<meta property=\"og:locale\" content=\"es_ES\" \/>\n<meta property=\"og:type\" content=\"article\" \/>\n<meta property=\"og:title\" content=\"Movelsul Brasil 2016 finaliza con grandes perspectivas en las exportaciones - Sindm\u00f3veis-RS\" \/>\n<meta property=\"og:description\" content=\"N\u00fameros preliminares apuntan para 25 mil visitantes de Brasil y otros 47 pa\u00edses en esos cuatro d\u00edas de feria.\" \/>\n<meta property=\"og:url\" content=\"https:\/\/www.sindmoveis.com.br\/es\/movelsul-brasil-2016-encerra-hoje-com-grandes-perspectivas-nas-exportacoes\/\" \/>\n<meta property=\"og:site_name\" content=\"Sindm\u00f3veis-RS\" \/>\n<meta property=\"article:published_time\" content=\"2016-03-18T03:00:00+00:00\" \/>\n<meta property=\"article:modified_time\" content=\"2021-05-26T13:31:43+00:00\" \/>\n<meta property=\"og:image\" content=\"https:\/\/www.sindmoveis.com.br\/es\/wp-content\/uploads\/2021\/05\/p1458326946.jpg\" \/>\n\t<meta property=\"og:image:width\" content=\"709\" \/>\n\t<meta property=\"og:image:height\" content=\"472\" \/>\n\t<meta property=\"og:image:type\" content=\"image\/jpeg\" \/>\n<meta name=\"author\" content=\"Imprensa Sindm\u00f3veis\" \/>\n<meta name=\"twitter:card\" content=\"summary_large_image\" \/>\n<meta name=\"twitter:label1\" content=\"Escrito por\" \/>\n\t<meta name=\"twitter:data1\" content=\"Imprensa Sindm\u00f3veis\" \/>\n\t<meta name=\"twitter:label2\" content=\"Tiempo de lectura\" \/>\n\t<meta name=\"twitter:data2\" content=\"4 minutos\" \/>\n<script type=\"application\/ld+json\" class=\"yoast-schema-graph\">{\"@context\":\"https:\/\/schema.org\",\"@graph\":[{\"@type\":\"Article\",\"@id\":\"https:\/\/www.sindmoveis.com.br\/es\/movelsul-brasil-2016-encerra-hoje-com-grandes-perspectivas-nas-exportacoes\/#article\",\"isPartOf\":{\"@id\":\"https:\/\/www.sindmoveis.com.br\/es\/movelsul-brasil-2016-encerra-hoje-com-grandes-perspectivas-nas-exportacoes\/\"},\"author\":{\"name\":\"Imprensa Sindm\u00f3veis\",\"@id\":\"https:\/\/www.sindmoveis.com.br\/es\/#\/schema\/person\/16d379542db1950a17fe188179340d57\"},\"headline\":\"Movelsul Brasil 2016 finaliza con grandes perspectivas en las exportaciones\",\"datePublished\":\"2016-03-18T03:00:00+00:00\",\"dateModified\":\"2021-05-26T13:31:43+00:00\",\"mainEntityOfPage\":{\"@id\":\"https:\/\/www.sindmoveis.com.br\/es\/movelsul-brasil-2016-encerra-hoje-com-grandes-perspectivas-nas-exportacoes\/\"},\"wordCount\":730,\"image\":{\"@id\":\"https:\/\/www.sindmoveis.com.br\/es\/movelsul-brasil-2016-encerra-hoje-com-grandes-perspectivas-nas-exportacoes\/#primaryimage\"},\"thumbnailUrl\":\"https:\/\/www.sindmoveis.com.br\/es\/wp-content\/uploads\/2021\/05\/p1458326946.jpg\",\"articleSection\":[\"Exportaciones\",\"Movelsul\",\"Sindm\u00f3veis\"],\"inLanguage\":\"es\"},{\"@type\":\"WebPage\",\"@id\":\"https:\/\/www.sindmoveis.com.br\/es\/movelsul-brasil-2016-encerra-hoje-com-grandes-perspectivas-nas-exportacoes\/\",\"url\":\"https:\/\/www.sindmoveis.com.br\/es\/movelsul-brasil-2016-encerra-hoje-com-grandes-perspectivas-nas-exportacoes\/\",\"name\":\"Movelsul Brasil 2016 finaliza con grandes perspectivas en las exportaciones - Sindm\u00f3veis-RS\",\"isPartOf\":{\"@id\":\"https:\/\/www.sindmoveis.com.br\/es\/#website\"},\"primaryImageOfPage\":{\"@id\":\"https:\/\/www.sindmoveis.com.br\/es\/movelsul-brasil-2016-encerra-hoje-com-grandes-perspectivas-nas-exportacoes\/#primaryimage\"},\"image\":{\"@id\":\"https:\/\/www.sindmoveis.com.br\/es\/movelsul-brasil-2016-encerra-hoje-com-grandes-perspectivas-nas-exportacoes\/#primaryimage\"},\"thumbnailUrl\":\"https:\/\/www.sindmoveis.com.br\/es\/wp-content\/uploads\/2021\/05\/p1458326946.jpg\",\"datePublished\":\"2016-03-18T03:00:00+00:00\",\"dateModified\":\"2021-05-26T13:31:43+00:00\",\"author\":{\"@id\":\"https:\/\/www.sindmoveis.com.br\/es\/#\/schema\/person\/16d379542db1950a17fe188179340d57\"},\"inLanguage\":\"es\",\"potentialAction\":[{\"@type\":\"ReadAction\",\"target\":[\"https:\/\/www.sindmoveis.com.br\/es\/movelsul-brasil-2016-encerra-hoje-com-grandes-perspectivas-nas-exportacoes\/\"]}]},{\"@type\":\"ImageObject\",\"inLanguage\":\"es\",\"@id\":\"https:\/\/www.sindmoveis.com.br\/es\/movelsul-brasil-2016-encerra-hoje-com-grandes-perspectivas-nas-exportacoes\/#primaryimage\",\"url\":\"https:\/\/www.sindmoveis.com.br\/es\/wp-content\/uploads\/2021\/05\/p1458326946.jpg\",\"contentUrl\":\"https:\/\/www.sindmoveis.com.br\/es\/wp-content\/uploads\/2021\/05\/p1458326946.jpg\",\"width\":709,\"height\":472},{\"@type\":\"WebSite\",\"@id\":\"https:\/\/www.sindmoveis.com.br\/es\/#website\",\"url\":\"https:\/\/www.sindmoveis.com.br\/es\/\",\"name\":\"Sindm\u00f3veis-RS\",\"description\":\"\",\"potentialAction\":[{\"@type\":\"SearchAction\",\"target\":{\"@type\":\"EntryPoint\",\"urlTemplate\":\"https:\/\/www.sindmoveis.com.br\/es\/?s={search_term_string}\"},\"query-input\":{\"@type\":\"PropertyValueSpecification\",\"valueRequired\":true,\"valueName\":\"search_term_string\"}}],\"inLanguage\":\"es\"},{\"@type\":\"Person\",\"@id\":\"https:\/\/www.sindmoveis.com.br\/es\/#\/schema\/person\/16d379542db1950a17fe188179340d57\",\"name\":\"Imprensa Sindm\u00f3veis\",\"image\":{\"@type\":\"ImageObject\",\"inLanguage\":\"es\",\"@id\":\"https:\/\/www.sindmoveis.com.br\/es\/#\/schema\/person\/image\/\",\"url\":\"https:\/\/secure.gravatar.com\/avatar\/4973e2e2c2a0cb5db30b0c7b770041b8e33d048a16b695a1f99c042449d4bfaf?s=96&d=mm&r=g\",\"contentUrl\":\"https:\/\/secure.gravatar.com\/avatar\/4973e2e2c2a0cb5db30b0c7b770041b8e33d048a16b695a1f99c042449d4bfaf?s=96&d=mm&r=g\",\"caption\":\"Imprensa Sindm\u00f3veis\"},\"url\":\"https:\/\/www.sindmoveis.com.br\/es\/author\/ana\/\"}]}<\/script>\n<!-- \/ Yoast SEO plugin. -->","yoast_head_json":{"title":"Movelsul Brasil 2016 finaliza con grandes perspectivas en las exportaciones - Sindm\u00f3veis-RS","robots":{"index":"index","follow":"follow","max-snippet":"max-snippet:-1","max-image-preview":"max-image-preview:large","max-video-preview":"max-video-preview:-1"},"canonical":"https:\/\/www.sindmoveis.com.br\/es\/movelsul-brasil-2016-encerra-hoje-com-grandes-perspectivas-nas-exportacoes\/","og_locale":"es_ES","og_type":"article","og_title":"Movelsul Brasil 2016 finaliza con grandes perspectivas en las exportaciones - Sindm\u00f3veis-RS","og_description":"N\u00fameros preliminares apuntan para 25 mil visitantes de Brasil y otros 47 pa\u00edses en esos cuatro d\u00edas de feria.","og_url":"https:\/\/www.sindmoveis.com.br\/es\/movelsul-brasil-2016-encerra-hoje-com-grandes-perspectivas-nas-exportacoes\/","og_site_name":"Sindm\u00f3veis-RS","article_published_time":"2016-03-18T03:00:00+00:00","article_modified_time":"2021-05-26T13:31:43+00:00","og_image":[{"width":709,"height":472,"url":"https:\/\/www.sindmoveis.com.br\/es\/wp-content\/uploads\/2021\/05\/p1458326946.jpg","type":"image\/jpeg"}],"author":"Imprensa Sindm\u00f3veis","twitter_card":"summary_large_image","twitter_misc":{"Escrito por":"Imprensa Sindm\u00f3veis","Tiempo de lectura":"4 minutos"},"schema":{"@context":"https:\/\/schema.org","@graph":[{"@type":"Article","@id":"https:\/\/www.sindmoveis.com.br\/es\/movelsul-brasil-2016-encerra-hoje-com-grandes-perspectivas-nas-exportacoes\/#article","isPartOf":{"@id":"https:\/\/www.sindmoveis.com.br\/es\/movelsul-brasil-2016-encerra-hoje-com-grandes-perspectivas-nas-exportacoes\/"},"author":{"name":"Imprensa Sindm\u00f3veis","@id":"https:\/\/www.sindmoveis.com.br\/es\/#\/schema\/person\/16d379542db1950a17fe188179340d57"},"headline":"Movelsul Brasil 2016 finaliza con grandes perspectivas en las exportaciones","datePublished":"2016-03-18T03:00:00+00:00","dateModified":"2021-05-26T13:31:43+00:00","mainEntityOfPage":{"@id":"https:\/\/www.sindmoveis.com.br\/es\/movelsul-brasil-2016-encerra-hoje-com-grandes-perspectivas-nas-exportacoes\/"},"wordCount":730,"image":{"@id":"https:\/\/www.sindmoveis.com.br\/es\/movelsul-brasil-2016-encerra-hoje-com-grandes-perspectivas-nas-exportacoes\/#primaryimage"},"thumbnailUrl":"https:\/\/www.sindmoveis.com.br\/es\/wp-content\/uploads\/2021\/05\/p1458326946.jpg","articleSection":["Exportaciones","Movelsul","Sindm\u00f3veis"],"inLanguage":"es"},{"@type":"WebPage","@id":"https:\/\/www.sindmoveis.com.br\/es\/movelsul-brasil-2016-encerra-hoje-com-grandes-perspectivas-nas-exportacoes\/","url":"https:\/\/www.sindmoveis.com.br\/es\/movelsul-brasil-2016-encerra-hoje-com-grandes-perspectivas-nas-exportacoes\/","name":"Movelsul Brasil 2016 finaliza con grandes perspectivas en las exportaciones - Sindm\u00f3veis-RS","isPartOf":{"@id":"https:\/\/www.sindmoveis.com.br\/es\/#website"},"primaryImageOfPage":{"@id":"https:\/\/www.sindmoveis.com.br\/es\/movelsul-brasil-2016-encerra-hoje-com-grandes-perspectivas-nas-exportacoes\/#primaryimage"},"image":{"@id":"https:\/\/www.sindmoveis.com.br\/es\/movelsul-brasil-2016-encerra-hoje-com-grandes-perspectivas-nas-exportacoes\/#primaryimage"},"thumbnailUrl":"https:\/\/www.sindmoveis.com.br\/es\/wp-content\/uploads\/2021\/05\/p1458326946.jpg","datePublished":"2016-03-18T03:00:00+00:00","dateModified":"2021-05-26T13:31:43+00:00","author":{"@id":"https:\/\/www.sindmoveis.com.br\/es\/#\/schema\/person\/16d379542db1950a17fe188179340d57"},"inLanguage":"es","potentialAction":[{"@type":"ReadAction","target":["https:\/\/www.sindmoveis.com.br\/es\/movelsul-brasil-2016-encerra-hoje-com-grandes-perspectivas-nas-exportacoes\/"]}]},{"@type":"ImageObject","inLanguage":"es","@id":"https:\/\/www.sindmoveis.com.br\/es\/movelsul-brasil-2016-encerra-hoje-com-grandes-perspectivas-nas-exportacoes\/#primaryimage","url":"https:\/\/www.sindmoveis.com.br\/es\/wp-content\/uploads\/2021\/05\/p1458326946.jpg","contentUrl":"https:\/\/www.sindmoveis.com.br\/es\/wp-content\/uploads\/2021\/05\/p1458326946.jpg","width":709,"height":472},{"@type":"WebSite","@id":"https:\/\/www.sindmoveis.com.br\/es\/#website","url":"https:\/\/www.sindmoveis.com.br\/es\/","name":"Sindm\u00f3veis-RS","description":"","potentialAction":[{"@type":"SearchAction","target":{"@type":"EntryPoint","urlTemplate":"https:\/\/www.sindmoveis.com.br\/es\/?s={search_term_string}"},"query-input":{"@type":"PropertyValueSpecification","valueRequired":true,"valueName":"search_term_string"}}],"inLanguage":"es"},{"@type":"Person","@id":"https:\/\/www.sindmoveis.com.br\/es\/#\/schema\/person\/16d379542db1950a17fe188179340d57","name":"Imprensa Sindm\u00f3veis","image":{"@type":"ImageObject","inLanguage":"es","@id":"https:\/\/www.sindmoveis.com.br\/es\/#\/schema\/person\/image\/","url":"https:\/\/secure.gravatar.com\/avatar\/4973e2e2c2a0cb5db30b0c7b770041b8e33d048a16b695a1f99c042449d4bfaf?s=96&d=mm&r=g","contentUrl":"https:\/\/secure.gravatar.com\/avatar\/4973e2e2c2a0cb5db30b0c7b770041b8e33d048a16b695a1f99c042449d4bfaf?s=96&d=mm&r=g","caption":"Imprensa Sindm\u00f3veis"},"url":"https:\/\/www.sindmoveis.com.br\/es\/author\/ana\/"}]}},"_links":{"self":[{"href":"https:\/\/www.sindmoveis.com.br\/es\/wp-json\/wp\/v2\/posts\/1228","targetHints":{"allow":["GET"]}}],"collection":[{"href":"https:\/\/www.sindmoveis.com.br\/es\/wp-json\/wp\/v2\/posts"}],"about":[{"href":"https:\/\/www.sindmoveis.com.br\/es\/wp-json\/wp\/v2\/types\/post"}],"author":[{"embeddable":true,"href":"https:\/\/www.sindmoveis.com.br\/es\/wp-json\/wp\/v2\/users\/5"}],"replies":[{"embeddable":true,"href":"https:\/\/www.sindmoveis.com.br\/es\/wp-json\/wp\/v2\/comments?post=1228"}],"version-history":[{"count":2,"href":"https:\/\/www.sindmoveis.com.br\/es\/wp-json\/wp\/v2\/posts\/1228\/revisions"}],"predecessor-version":[{"id":3570,"href":"https:\/\/www.sindmoveis.com.br\/es\/wp-json\/wp\/v2\/posts\/1228\/revisions\/3570"}],"wp:featuredmedia":[{"embeddable":true,"href":"https:\/\/www.sindmoveis.com.br\/es\/wp-json\/wp\/v2\/media\/3571"}],"wp:attachment":[{"href":"https:\/\/www.sindmoveis.com.br\/es\/wp-json\/wp\/v2\/media?parent=1228"}],"wp:term":[{"taxonomy":"category","embeddable":true,"href":"https:\/\/www.sindmoveis.com.br\/es\/wp-json\/wp\/v2\/categories?post=1228"},{"taxonomy":"post_tag","embeddable":true,"href":"https:\/\/www.sindmoveis.com.br\/es\/wp-json\/wp\/v2\/tags?post=1228"}],"curies":[{"name":"wp","href":"https:\/\/api.w.org\/{rel}","templated":true}]}}