{"id":1225,"date":"2016-03-17T00:00:00","date_gmt":"2016-03-17T03:00:00","guid":{"rendered":"http:\/\/sindmoveis.com.br\/imprensa\/noticias\/salao-design-premia-vencedores-de-sua-20a-edicao\/"},"modified":"2021-05-26T10:27:47","modified_gmt":"2021-05-26T13:27:47","slug":"salao-design-premia-vencedores-de-sua-20a-edicao","status":"publish","type":"post","link":"https:\/\/www.sindmoveis.com.br\/es\/salao-design-premia-vencedores-de-sua-20a-edicao\/","title":{"rendered":"Sal\u00e3o Design premia vencedores de su 20\u00aa edici\u00f3n"},"content":{"rendered":"<p>El mi&eacute;rcoles, d&iacute;a 16 de marzo, &nbsp;Movelsul Brasil reuni&oacute; expositores, patrocinadores y dise&ntilde;adores para la ceremonia de premiaci&oacute;n de los 26 trabajos agraciados en su 20&ordf; edici&oacute;n del Sal&atilde;o Design. Destinado a promover espacio para la creatividad, el esp&iacute;ritu emprendedor, &nbsp;la sostenibilidad y la innovaci&oacute;n tecnol&oacute;gica, el premio es el mayor de &nbsp;Am&eacute;rica Latina.<\/p>\n<p>Fueron 15 premiaciones en dinero en las modalidades Estudiante, Profesional e Industria; un premio Maderas Alternativas; dos trofeos Profesor Orientador y ocho menciones de honor, totalizando 26 agraciados. La comisi&oacute;n juzgadora fue compuesta por cinco profesionales del dise&ntilde;o: Angela Carvalho, Glaucia Binda, Gustavo Bertolini, Ivens Fontoura y Paulo Biacchi.&nbsp; Los jurados consideraron requisitos como originalidad, fidelidad del producto con relaci&oacute;n al proyecto presentado, forma y funci&oacute;n, ergonom&iacute;a, acabado, seguridad y sostenibilidad.<\/p>\n<p>En su pronunciamiento, la directora del Sal&atilde;o Design, Cristiane Silveira, puntualiz&oacute; que el premio acompa&ntilde;&oacute; el desarrollo de varios dise&ntilde;adores hoy conocidos nacionalmente e internacionalmente, que empezaron su trayectoria en la premiaci&oacute;n como estudiantes, evolucionando para la modalidad profesional y, actualmente, algunos de ellos ya tienen sus nombres vinculados a la industria del mueble. &ldquo;Cuando esos eslabones son creados, tenemos la sensaci&oacute;n de que recorremos el camino a ser seguido, pues refuerza la visibilidad que la premiaci&oacute;n puede proporcionar a sus participantes&rdquo;, destaca.<\/p>\n<p>El dise&ntilde;ador, profesor, muse&oacute;logo y cr&iacute;tico de arte y dise&ntilde;o Ivens Fontoura fue sorprendido con un homenaje del Premio Sal&atilde;o Design por las 12 ediciones como jurado. Como profesor universitario, Ivens Fontoura cre&oacute; y coordin&oacute; el primer curso de postgrado en Dise&ntilde;o de Muebles de Brasil (UNOPAR, Londrina-PR). Presidi&oacute; la Asociaci&oacute;n Nacional de Dise&ntilde;adores y la Asociaci&oacute;n Latinoamericana de Dise&ntilde;o. &Eacute;l,&nbsp; todav&iacute;a m&aacute;s, escribe sobre Dise&ntilde;o, dicta clases de Teor&iacute;a del Dise&ntilde;o y preside la ABCD &#8211; Asociaci&oacute;n Brasile&ntilde;a de Cr&iacute;ticos de Dise&ntilde;o.<\/p>\n<p>El Premio Sal&atilde;o Design tuvo 750 trabajos inscritos en 2016 y 12.588 en su historia. La 21&ordf; edici&oacute;n del premio abre inscripciones en octubre de este a&ntilde;o, pero, antes de ello, los premiados de 2016 participan de m&aacute;s una muestra de productos &ndash; en agosto, durante&nbsp; High Design &ndash; Home &amp; Office Expo, feria principal de DW! S&atilde;o Paulo Design Weekend, en S&atilde;o Paulo. Hasta el pr&oacute;ximo viernes 18, las piezas pueden ser apreciadas en&nbsp;el pabell&oacute;n C de Movelsul Brasil 2016, en el Parque de Eventos de Bento Gon&ccedil;alves.<\/p>\n","protected":false},"excerpt":{"rendered":"<p>Ceremonia tuvo homenaje al dise\u00f1ador con m\u00e1s participaciones en la comisi\u00f3n juzgadora, Ivens Fontoura.<\/p>\n","protected":false},"author":5,"featured_media":3565,"comment_status":"closed","ping_status":"open","sticky":false,"template":"","format":"standard","meta":{"footnotes":"","_links_to":"","_links_to_target":""},"categories":[21,2],"tags":[],"class_list":["post-1225","post","type-post","status-publish","format-standard","has-post-thumbnail","hentry","category-premio-salao-design","category-sindmoveis"],"yoast_head":"<!-- This site is optimized with the Yoast SEO plugin v27.0 - https:\/\/yoast.com\/product\/yoast-seo-wordpress\/ -->\n<title>Sal\u00e3o Design premia vencedores de su 20\u00aa edici\u00f3n - Sindm\u00f3veis-RS<\/title>\n<meta name=\"robots\" content=\"index, follow, max-snippet:-1, max-image-preview:large, max-video-preview:-1\" \/>\n<link rel=\"canonical\" href=\"https:\/\/www.sindmoveis.com.br\/es\/salao-design-premia-vencedores-de-sua-20a-edicao\/\" \/>\n<meta property=\"og:locale\" content=\"es_ES\" \/>\n<meta property=\"og:type\" content=\"article\" \/>\n<meta property=\"og:title\" content=\"Sal\u00e3o Design premia vencedores de su 20\u00aa edici\u00f3n - Sindm\u00f3veis-RS\" \/>\n<meta property=\"og:description\" content=\"Ceremonia tuvo homenaje al dise\u00f1ador con m\u00e1s participaciones en la comisi\u00f3n juzgadora, Ivens Fontoura.\" \/>\n<meta property=\"og:url\" content=\"https:\/\/www.sindmoveis.com.br\/es\/salao-design-premia-vencedores-de-sua-20a-edicao\/\" \/>\n<meta property=\"og:site_name\" content=\"Sindm\u00f3veis-RS\" \/>\n<meta property=\"article:published_time\" content=\"2016-03-17T03:00:00+00:00\" \/>\n<meta property=\"article:modified_time\" content=\"2021-05-26T13:27:47+00:00\" \/>\n<meta property=\"og:image\" content=\"https:\/\/www.sindmoveis.com.br\/es\/wp-content\/uploads\/2021\/05\/p1458224789.jpg\" \/>\n\t<meta property=\"og:image:width\" content=\"1048\" \/>\n\t<meta property=\"og:image:height\" content=\"523\" \/>\n\t<meta property=\"og:image:type\" content=\"image\/jpeg\" \/>\n<meta name=\"author\" content=\"Imprensa Sindm\u00f3veis\" \/>\n<meta name=\"twitter:card\" content=\"summary_large_image\" \/>\n<meta name=\"twitter:label1\" content=\"Escrito por\" \/>\n\t<meta name=\"twitter:data1\" content=\"Imprensa Sindm\u00f3veis\" \/>\n\t<meta name=\"twitter:label2\" content=\"Tiempo de lectura\" \/>\n\t<meta name=\"twitter:data2\" content=\"2 minutos\" \/>\n<script type=\"application\/ld+json\" class=\"yoast-schema-graph\">{\"@context\":\"https:\/\/schema.org\",\"@graph\":[{\"@type\":\"Article\",\"@id\":\"https:\/\/www.sindmoveis.com.br\/es\/salao-design-premia-vencedores-de-sua-20a-edicao\/#article\",\"isPartOf\":{\"@id\":\"https:\/\/www.sindmoveis.com.br\/es\/salao-design-premia-vencedores-de-sua-20a-edicao\/\"},\"author\":{\"name\":\"Imprensa Sindm\u00f3veis\",\"@id\":\"https:\/\/www.sindmoveis.com.br\/es\/#\/schema\/person\/16d379542db1950a17fe188179340d57\"},\"headline\":\"Sal\u00e3o Design premia vencedores de su 20\u00aa edici\u00f3n\",\"datePublished\":\"2016-03-17T03:00:00+00:00\",\"dateModified\":\"2021-05-26T13:27:47+00:00\",\"mainEntityOfPage\":{\"@id\":\"https:\/\/www.sindmoveis.com.br\/es\/salao-design-premia-vencedores-de-sua-20a-edicao\/\"},\"wordCount\":492,\"image\":{\"@id\":\"https:\/\/www.sindmoveis.com.br\/es\/salao-design-premia-vencedores-de-sua-20a-edicao\/#primaryimage\"},\"thumbnailUrl\":\"https:\/\/www.sindmoveis.com.br\/es\/wp-content\/uploads\/2021\/05\/p1458224789.jpg\",\"articleSection\":[\"Premio Sal\u00e3o Design\",\"Sindm\u00f3veis\"],\"inLanguage\":\"es\"},{\"@type\":\"WebPage\",\"@id\":\"https:\/\/www.sindmoveis.com.br\/es\/salao-design-premia-vencedores-de-sua-20a-edicao\/\",\"url\":\"https:\/\/www.sindmoveis.com.br\/es\/salao-design-premia-vencedores-de-sua-20a-edicao\/\",\"name\":\"Sal\u00e3o Design premia vencedores de su 20\u00aa edici\u00f3n - Sindm\u00f3veis-RS\",\"isPartOf\":{\"@id\":\"https:\/\/www.sindmoveis.com.br\/es\/#website\"},\"primaryImageOfPage\":{\"@id\":\"https:\/\/www.sindmoveis.com.br\/es\/salao-design-premia-vencedores-de-sua-20a-edicao\/#primaryimage\"},\"image\":{\"@id\":\"https:\/\/www.sindmoveis.com.br\/es\/salao-design-premia-vencedores-de-sua-20a-edicao\/#primaryimage\"},\"thumbnailUrl\":\"https:\/\/www.sindmoveis.com.br\/es\/wp-content\/uploads\/2021\/05\/p1458224789.jpg\",\"datePublished\":\"2016-03-17T03:00:00+00:00\",\"dateModified\":\"2021-05-26T13:27:47+00:00\",\"author\":{\"@id\":\"https:\/\/www.sindmoveis.com.br\/es\/#\/schema\/person\/16d379542db1950a17fe188179340d57\"},\"inLanguage\":\"es\",\"potentialAction\":[{\"@type\":\"ReadAction\",\"target\":[\"https:\/\/www.sindmoveis.com.br\/es\/salao-design-premia-vencedores-de-sua-20a-edicao\/\"]}]},{\"@type\":\"ImageObject\",\"inLanguage\":\"es\",\"@id\":\"https:\/\/www.sindmoveis.com.br\/es\/salao-design-premia-vencedores-de-sua-20a-edicao\/#primaryimage\",\"url\":\"https:\/\/www.sindmoveis.com.br\/es\/wp-content\/uploads\/2021\/05\/p1458224789.jpg\",\"contentUrl\":\"https:\/\/www.sindmoveis.com.br\/es\/wp-content\/uploads\/2021\/05\/p1458224789.jpg\",\"width\":1048,\"height\":523},{\"@type\":\"WebSite\",\"@id\":\"https:\/\/www.sindmoveis.com.br\/es\/#website\",\"url\":\"https:\/\/www.sindmoveis.com.br\/es\/\",\"name\":\"Sindm\u00f3veis-RS\",\"description\":\"\",\"potentialAction\":[{\"@type\":\"SearchAction\",\"target\":{\"@type\":\"EntryPoint\",\"urlTemplate\":\"https:\/\/www.sindmoveis.com.br\/es\/?s={search_term_string}\"},\"query-input\":{\"@type\":\"PropertyValueSpecification\",\"valueRequired\":true,\"valueName\":\"search_term_string\"}}],\"inLanguage\":\"es\"},{\"@type\":\"Person\",\"@id\":\"https:\/\/www.sindmoveis.com.br\/es\/#\/schema\/person\/16d379542db1950a17fe188179340d57\",\"name\":\"Imprensa Sindm\u00f3veis\",\"image\":{\"@type\":\"ImageObject\",\"inLanguage\":\"es\",\"@id\":\"https:\/\/www.sindmoveis.com.br\/es\/#\/schema\/person\/image\/\",\"url\":\"https:\/\/secure.gravatar.com\/avatar\/4973e2e2c2a0cb5db30b0c7b770041b8e33d048a16b695a1f99c042449d4bfaf?s=96&d=mm&r=g\",\"contentUrl\":\"https:\/\/secure.gravatar.com\/avatar\/4973e2e2c2a0cb5db30b0c7b770041b8e33d048a16b695a1f99c042449d4bfaf?s=96&d=mm&r=g\",\"caption\":\"Imprensa Sindm\u00f3veis\"},\"url\":\"https:\/\/www.sindmoveis.com.br\/es\/author\/ana\/\"}]}<\/script>\n<!-- \/ Yoast SEO plugin. -->","yoast_head_json":{"title":"Sal\u00e3o Design premia vencedores de su 20\u00aa edici\u00f3n - Sindm\u00f3veis-RS","robots":{"index":"index","follow":"follow","max-snippet":"max-snippet:-1","max-image-preview":"max-image-preview:large","max-video-preview":"max-video-preview:-1"},"canonical":"https:\/\/www.sindmoveis.com.br\/es\/salao-design-premia-vencedores-de-sua-20a-edicao\/","og_locale":"es_ES","og_type":"article","og_title":"Sal\u00e3o Design premia vencedores de su 20\u00aa edici\u00f3n - Sindm\u00f3veis-RS","og_description":"Ceremonia tuvo homenaje al dise\u00f1ador con m\u00e1s participaciones en la comisi\u00f3n juzgadora, Ivens Fontoura.","og_url":"https:\/\/www.sindmoveis.com.br\/es\/salao-design-premia-vencedores-de-sua-20a-edicao\/","og_site_name":"Sindm\u00f3veis-RS","article_published_time":"2016-03-17T03:00:00+00:00","article_modified_time":"2021-05-26T13:27:47+00:00","og_image":[{"width":1048,"height":523,"url":"https:\/\/www.sindmoveis.com.br\/es\/wp-content\/uploads\/2021\/05\/p1458224789.jpg","type":"image\/jpeg"}],"author":"Imprensa Sindm\u00f3veis","twitter_card":"summary_large_image","twitter_misc":{"Escrito por":"Imprensa Sindm\u00f3veis","Tiempo de lectura":"2 minutos"},"schema":{"@context":"https:\/\/schema.org","@graph":[{"@type":"Article","@id":"https:\/\/www.sindmoveis.com.br\/es\/salao-design-premia-vencedores-de-sua-20a-edicao\/#article","isPartOf":{"@id":"https:\/\/www.sindmoveis.com.br\/es\/salao-design-premia-vencedores-de-sua-20a-edicao\/"},"author":{"name":"Imprensa Sindm\u00f3veis","@id":"https:\/\/www.sindmoveis.com.br\/es\/#\/schema\/person\/16d379542db1950a17fe188179340d57"},"headline":"Sal\u00e3o Design premia vencedores de su 20\u00aa edici\u00f3n","datePublished":"2016-03-17T03:00:00+00:00","dateModified":"2021-05-26T13:27:47+00:00","mainEntityOfPage":{"@id":"https:\/\/www.sindmoveis.com.br\/es\/salao-design-premia-vencedores-de-sua-20a-edicao\/"},"wordCount":492,"image":{"@id":"https:\/\/www.sindmoveis.com.br\/es\/salao-design-premia-vencedores-de-sua-20a-edicao\/#primaryimage"},"thumbnailUrl":"https:\/\/www.sindmoveis.com.br\/es\/wp-content\/uploads\/2021\/05\/p1458224789.jpg","articleSection":["Premio Sal\u00e3o Design","Sindm\u00f3veis"],"inLanguage":"es"},{"@type":"WebPage","@id":"https:\/\/www.sindmoveis.com.br\/es\/salao-design-premia-vencedores-de-sua-20a-edicao\/","url":"https:\/\/www.sindmoveis.com.br\/es\/salao-design-premia-vencedores-de-sua-20a-edicao\/","name":"Sal\u00e3o Design premia vencedores de su 20\u00aa edici\u00f3n - Sindm\u00f3veis-RS","isPartOf":{"@id":"https:\/\/www.sindmoveis.com.br\/es\/#website"},"primaryImageOfPage":{"@id":"https:\/\/www.sindmoveis.com.br\/es\/salao-design-premia-vencedores-de-sua-20a-edicao\/#primaryimage"},"image":{"@id":"https:\/\/www.sindmoveis.com.br\/es\/salao-design-premia-vencedores-de-sua-20a-edicao\/#primaryimage"},"thumbnailUrl":"https:\/\/www.sindmoveis.com.br\/es\/wp-content\/uploads\/2021\/05\/p1458224789.jpg","datePublished":"2016-03-17T03:00:00+00:00","dateModified":"2021-05-26T13:27:47+00:00","author":{"@id":"https:\/\/www.sindmoveis.com.br\/es\/#\/schema\/person\/16d379542db1950a17fe188179340d57"},"inLanguage":"es","potentialAction":[{"@type":"ReadAction","target":["https:\/\/www.sindmoveis.com.br\/es\/salao-design-premia-vencedores-de-sua-20a-edicao\/"]}]},{"@type":"ImageObject","inLanguage":"es","@id":"https:\/\/www.sindmoveis.com.br\/es\/salao-design-premia-vencedores-de-sua-20a-edicao\/#primaryimage","url":"https:\/\/www.sindmoveis.com.br\/es\/wp-content\/uploads\/2021\/05\/p1458224789.jpg","contentUrl":"https:\/\/www.sindmoveis.com.br\/es\/wp-content\/uploads\/2021\/05\/p1458224789.jpg","width":1048,"height":523},{"@type":"WebSite","@id":"https:\/\/www.sindmoveis.com.br\/es\/#website","url":"https:\/\/www.sindmoveis.com.br\/es\/","name":"Sindm\u00f3veis-RS","description":"","potentialAction":[{"@type":"SearchAction","target":{"@type":"EntryPoint","urlTemplate":"https:\/\/www.sindmoveis.com.br\/es\/?s={search_term_string}"},"query-input":{"@type":"PropertyValueSpecification","valueRequired":true,"valueName":"search_term_string"}}],"inLanguage":"es"},{"@type":"Person","@id":"https:\/\/www.sindmoveis.com.br\/es\/#\/schema\/person\/16d379542db1950a17fe188179340d57","name":"Imprensa Sindm\u00f3veis","image":{"@type":"ImageObject","inLanguage":"es","@id":"https:\/\/www.sindmoveis.com.br\/es\/#\/schema\/person\/image\/","url":"https:\/\/secure.gravatar.com\/avatar\/4973e2e2c2a0cb5db30b0c7b770041b8e33d048a16b695a1f99c042449d4bfaf?s=96&d=mm&r=g","contentUrl":"https:\/\/secure.gravatar.com\/avatar\/4973e2e2c2a0cb5db30b0c7b770041b8e33d048a16b695a1f99c042449d4bfaf?s=96&d=mm&r=g","caption":"Imprensa Sindm\u00f3veis"},"url":"https:\/\/www.sindmoveis.com.br\/es\/author\/ana\/"}]}},"_links":{"self":[{"href":"https:\/\/www.sindmoveis.com.br\/es\/wp-json\/wp\/v2\/posts\/1225","targetHints":{"allow":["GET"]}}],"collection":[{"href":"https:\/\/www.sindmoveis.com.br\/es\/wp-json\/wp\/v2\/posts"}],"about":[{"href":"https:\/\/www.sindmoveis.com.br\/es\/wp-json\/wp\/v2\/types\/post"}],"author":[{"embeddable":true,"href":"https:\/\/www.sindmoveis.com.br\/es\/wp-json\/wp\/v2\/users\/5"}],"replies":[{"embeddable":true,"href":"https:\/\/www.sindmoveis.com.br\/es\/wp-json\/wp\/v2\/comments?post=1225"}],"version-history":[{"count":2,"href":"https:\/\/www.sindmoveis.com.br\/es\/wp-json\/wp\/v2\/posts\/1225\/revisions"}],"predecessor-version":[{"id":3564,"href":"https:\/\/www.sindmoveis.com.br\/es\/wp-json\/wp\/v2\/posts\/1225\/revisions\/3564"}],"wp:featuredmedia":[{"embeddable":true,"href":"https:\/\/www.sindmoveis.com.br\/es\/wp-json\/wp\/v2\/media\/3565"}],"wp:attachment":[{"href":"https:\/\/www.sindmoveis.com.br\/es\/wp-json\/wp\/v2\/media?parent=1225"}],"wp:term":[{"taxonomy":"category","embeddable":true,"href":"https:\/\/www.sindmoveis.com.br\/es\/wp-json\/wp\/v2\/categories?post=1225"},{"taxonomy":"post_tag","embeddable":true,"href":"https:\/\/www.sindmoveis.com.br\/es\/wp-json\/wp\/v2\/tags?post=1225"}],"curies":[{"name":"wp","href":"https:\/\/api.w.org\/{rel}","templated":true}]}}