{"id":1224,"date":"2016-03-16T00:00:00","date_gmt":"2016-03-16T03:00:00","guid":{"rendered":"http:\/\/sindmoveis.com.br\/imprensa\/noticias\/movelsul-brasil-ja-registra-visitantes-de-36-paises-nesta-edicao\/"},"modified":"2021-05-26T10:31:43","modified_gmt":"2021-05-26T13:31:43","slug":"movelsul-brasil-ja-registra-visitantes-de-36-paises-nesta-edicao","status":"publish","type":"post","link":"https:\/\/www.sindmoveis.com.br\/es\/movelsul-brasil-ja-registra-visitantes-de-36-paises-nesta-edicao\/","title":{"rendered":"Movelsul Brasil ya registra visitantes de 36 pa\u00edses en esta edici\u00f3n"},"content":{"rendered":"<div>Profesionales de Brasil y de otros 35 pa&iacute;ses ya pasaron por la 20&ordf; Movelsul Brasil, principal feria de muebles y complementos de Am&eacute;rica Latina. Hasta el viernes 18 de marzo, empresas de muebles y complementos de todo el pa&iacute;s estar&aacute;n reunidos en Bento Gon&ccedil;alves para presentar las principales novedades del sector. As&iacute; como en la &uacute;ltima edici&oacute;n, en 2014, la estimativa es generar cerca de U$ 300 millones en negocios., en un periodo de 12 meses. Grandes marcas como Bertolini, Tramontina, Dalmobile, Kappesberg, Madesa, Carraro, Sandrin, Artefama, Grupo Herval y Gazin est&aacute;n entre los 238 expositores del evento.&nbsp;<\/div>\n<div>Entre los proyectos de este a&ntilde;o, est&aacute; m&aacute;s una edici&oacute;n del Proyecto Comprador. Treinta importadores de Argentina, Bulgaria, Catar, chile, Colombia, Costa Rica, Estados Unidos, Francia, Marruecos, M&eacute;xico, Mozambique, Panam&aacute;, Paraguay y San Mart&iacute;n participan de rondas de negocios con 120 empresas brasile&ntilde;as. La expectativa es que, en medio a un escenario de crisis, las exportaciones permitan la retomada del sector, ya que la previsi&oacute;n es generar U$ 35 millones en negocios. &ldquo;Con relaci&oacute;n a la importaci&oacute;n mundial de muebles, de un valor de aproximadamente U$ 160 mil millones, Brasil detiene menos de 0,5% de ese mercado. Existe un gran potencial y las exportaciones brasile&ntilde;as todav&iacute;a tienen mucho espacio para crecer. Adem&aacute;s de ello, la devaluaci&oacute;n del real frente al d&oacute;lar coloca Brasil en un momento mucho m&aacute;s competitivo. Por ello, estamos apostando bastante en el mercado externo como forma de impulsar los negocios de esta edici&oacute;n&rdquo;, estima el presidente de Sindm&oacute;veis, Henrique Tecchio.<\/div>\n<div>Iniciativa de Sindm&oacute;veis Bento Gon&ccedil;alves, en asociaci&oacute;n con la Agencia Brasile&ntilde;a de Promoci&oacute;n de Exportaciones e Inversiones (Apex-Brasil), el Proyecto Comprador ocurre se realiza desde el a&ntilde;o 2000 entre empresas brasile&ntilde;as y compradores extranjeros. Adem&aacute;s de las marcas expositoras, las rondas de este a&ntilde;o tendr&aacute;n la participaci&oacute;n de industrias del Proyecto Brazilian Furnitura, iniciativa de la Asociaci&oacute;n Brasile&ntilde;a de las Industrias del Mobiliario (Abim&oacute;vel) y de Apex-Brasil para incentivar las exportaciones brasile&ntilde;as de muebles.<\/div>\n<div>Adem&aacute;s de ello, Movelsul Brasil de este a&ntilde;o recibe el Proyecto Grand Prix Senai de Innovaci&oacute;n, donde tres equipos multidisciplinares compiten en b&uacute;squeda de soluciones para la cadena productiva del mobiliario. La idea es proponer una red de innovaci&oacute;n tecnol&oacute;gica para recibir, seleccionar y crear ideas, conceptos y prototipos. En esta edici&oacute;n del Grand Prix, cada equipo compuesto por siete integrantes tiene la misi&oacute;n de desarrollar proyectos focalizados en energ&iacute;a, residuos y seguridad en el trabajo.<\/div>\n<div>Com patroc&iacute;nio de Duratex, Renner Sayerlack y Banrisul, Movelsul Brasil 2016 re&uacute;ne empresas de los segmentos de oficina, cocina, dormitorios, &aacute;rea de servicio\/ lavadero, ba&ntilde;o, muebles para jard&iacute;n, electrodom&eacute;sticos, comedores de diario, juegos de comedor y sala de estar, alfombras, muebles tapizados y colchones. Abierta al p&uacute;blico profesional (revendedores, representantes, arquitectos, dise&ntilde;adores, decoradores, importadores, profesionales de la construcci&oacute;n civil y prenda), la feria ocurre hasta el viernes 18 de marzo, de las 12 a las 20 horas, en el Parque de Eventos de Bento Gon&ccedil;alves. M&aacute;s informaciones en www.movelsul.com.br .<\/div>\n<div>&nbsp;<\/div>\n<div>M&aacute;s sobre Movelsul Brasil&nbsp;<\/div>\n<div>Realizada desde 1977 pelo Sindm&oacute;veis Bento Gon&ccedil;alves, ano em que o setor moveleiro consolidou-se como atividade l&iacute;der na economia de Bento Gon&ccedil;alves, a Movelsul Brasil j&aacute; soma mais 1,5 mil expositores ao longo de sua hist&oacute;ria. A 1&ordf; Mostra do Mobili&aacute;rio de Bento Gon&ccedil;alves, como era chamada na &eacute;poca, reuniu 24 fabricantes de m&oacute;veis da cidade. A partir de 1988, o evento recebe o nome de Movelsul, reunindo mais de 100 expositores. A data marcou, ainda, a primeira edi&ccedil;&atilde;o do Pr&ecirc;mio Sal&atilde;o Design, que tamb&eacute;m comemora 20 edi&ccedil;&otilde;es neste ano. A internacionaliza&ccedil;&atilde;o da feira consolida-se em 2000, quando acontece a primeira edi&ccedil;&atilde;o do Projeto Comprador. A iniciativa do Sindm&oacute;veis, em parceria com a Apex-Brasil, possibilita que empresas brasileiras realizem rodadas de neg&oacute;cios diretamente com importadores de diversos pa&iacute;ses. A partir de 2012, o evento passou a adotar o modelo seguido pelas principais feiras do setor no mundo, como o Salone Internazionale Del M&oacute;bile e IMM Cologne, segmentando seus expositores por categorias de produto. Com isso, o visitante otimiza ainda mais o tempo, ampliando o poder de compra e a tomada de decis&atilde;o.<\/div>\n<div>Realizada desde 1977 por Sindm&oacute;veis Bento Gon&ccedil;alves, a&ntilde;o en que el sector del mobiliario se consolid&oacute; como actividad l&iacute;der en la econom&iacute;a de Bento Gon&ccedil;alves, Movelsul Brasil ya suma m&aacute;s 1,5 mil expositores a lo largo de su historia. La 1&ordf; Muestra del Mobiliario de Bento Gon&ccedil;alves, como era llamada en la &eacute;poca, reuni&oacute; 24 fabricantes de muebles de la ciudad. A partir de 1988, el evento recibe el nombre de Movelsul, reuniendo m&aacute;s de 100 expositores. La fecha marc&oacute;, igualmente, la primera edici&oacute;n del Premio Sal&atilde;o Design, que tambi&eacute;n conmemora 20 ediciones en este a&ntilde;o. La internacionalizaci&oacute;n de la feria se consolida en 2000, cuando ocurre la primera edici&oacute;n del Proyecto Comprador. La iniciativa de Sindm&oacute;veis, en asociaci&oacute;n con Apex-Brasil, posibilita que empresas brasile&ntilde;as realicen rondas de negocios directamente con importadores de diversos pa&iacute;ses. A partir de 2012, el evento pas&oacute; a adoptar el modelo seguido por las principales ferias del sector en el mundo, como el Salone Internazionale del Mobile e IMM Cologne, segmentando sus expositores por categor&iacute;as de producto. Con ello, el visitante optimiza todav&iacute;a m&aacute;s el tiempo, ampliando el poder de compra y la toma de decisi&oacute;n.<\/div>\n","protected":false},"excerpt":{"rendered":"<p>Principal feria de muebles y complementos de Am\u00e9rica Latina proyecta U$ 300 millones en negocios.<\/p>\n","protected":false},"author":5,"featured_media":3563,"comment_status":"closed","ping_status":"open","sticky":false,"template":"","format":"standard","meta":{"footnotes":"","_links_to":"","_links_to_target":""},"categories":[23,2],"tags":[],"class_list":["post-1224","post","type-post","status-publish","format-standard","has-post-thumbnail","hentry","category-movelsul","category-sindmoveis"],"yoast_head":"<!-- This site is optimized with the Yoast SEO plugin v27.0 - https:\/\/yoast.com\/product\/yoast-seo-wordpress\/ -->\n<title>Movelsul Brasil ya registra visitantes de 36 pa\u00edses en esta edici\u00f3n - Sindm\u00f3veis-RS<\/title>\n<meta name=\"robots\" content=\"index, follow, max-snippet:-1, max-image-preview:large, max-video-preview:-1\" \/>\n<link rel=\"canonical\" href=\"https:\/\/www.sindmoveis.com.br\/es\/movelsul-brasil-ja-registra-visitantes-de-36-paises-nesta-edicao\/\" \/>\n<meta property=\"og:locale\" content=\"es_ES\" \/>\n<meta property=\"og:type\" content=\"article\" \/>\n<meta property=\"og:title\" content=\"Movelsul Brasil ya registra visitantes de 36 pa\u00edses en esta edici\u00f3n - Sindm\u00f3veis-RS\" \/>\n<meta property=\"og:description\" content=\"Principal feria de muebles y complementos de Am\u00e9rica Latina proyecta U$ 300 millones en negocios.\" \/>\n<meta property=\"og:url\" content=\"https:\/\/www.sindmoveis.com.br\/es\/movelsul-brasil-ja-registra-visitantes-de-36-paises-nesta-edicao\/\" \/>\n<meta property=\"og:site_name\" content=\"Sindm\u00f3veis-RS\" \/>\n<meta property=\"article:published_time\" content=\"2016-03-16T03:00:00+00:00\" \/>\n<meta property=\"article:modified_time\" content=\"2021-05-26T13:31:43+00:00\" \/>\n<meta property=\"og:image\" content=\"https:\/\/www.sindmoveis.com.br\/es\/wp-content\/uploads\/2021\/05\/p1458220956.jpg\" \/>\n\t<meta property=\"og:image:width\" content=\"945\" \/>\n\t<meta property=\"og:image:height\" content=\"629\" \/>\n\t<meta property=\"og:image:type\" content=\"image\/jpeg\" \/>\n<meta name=\"author\" content=\"Imprensa Sindm\u00f3veis\" \/>\n<meta name=\"twitter:card\" content=\"summary_large_image\" \/>\n<meta name=\"twitter:label1\" content=\"Escrito por\" \/>\n\t<meta name=\"twitter:data1\" content=\"Imprensa Sindm\u00f3veis\" \/>\n\t<meta name=\"twitter:label2\" content=\"Tiempo de lectura\" \/>\n\t<meta name=\"twitter:data2\" content=\"5 minutos\" \/>\n<script type=\"application\/ld+json\" class=\"yoast-schema-graph\">{\"@context\":\"https:\/\/schema.org\",\"@graph\":[{\"@type\":\"Article\",\"@id\":\"https:\/\/www.sindmoveis.com.br\/es\/movelsul-brasil-ja-registra-visitantes-de-36-paises-nesta-edicao\/#article\",\"isPartOf\":{\"@id\":\"https:\/\/www.sindmoveis.com.br\/es\/movelsul-brasil-ja-registra-visitantes-de-36-paises-nesta-edicao\/\"},\"author\":{\"name\":\"Imprensa Sindm\u00f3veis\",\"@id\":\"https:\/\/www.sindmoveis.com.br\/es\/#\/schema\/person\/16d379542db1950a17fe188179340d57\"},\"headline\":\"Movelsul Brasil ya registra visitantes de 36 pa\u00edses en esta edici\u00f3n\",\"datePublished\":\"2016-03-16T03:00:00+00:00\",\"dateModified\":\"2021-05-26T13:31:43+00:00\",\"mainEntityOfPage\":{\"@id\":\"https:\/\/www.sindmoveis.com.br\/es\/movelsul-brasil-ja-registra-visitantes-de-36-paises-nesta-edicao\/\"},\"wordCount\":1077,\"image\":{\"@id\":\"https:\/\/www.sindmoveis.com.br\/es\/movelsul-brasil-ja-registra-visitantes-de-36-paises-nesta-edicao\/#primaryimage\"},\"thumbnailUrl\":\"https:\/\/www.sindmoveis.com.br\/es\/wp-content\/uploads\/2021\/05\/p1458220956.jpg\",\"articleSection\":[\"Movelsul\",\"Sindm\u00f3veis\"],\"inLanguage\":\"es\"},{\"@type\":\"WebPage\",\"@id\":\"https:\/\/www.sindmoveis.com.br\/es\/movelsul-brasil-ja-registra-visitantes-de-36-paises-nesta-edicao\/\",\"url\":\"https:\/\/www.sindmoveis.com.br\/es\/movelsul-brasil-ja-registra-visitantes-de-36-paises-nesta-edicao\/\",\"name\":\"Movelsul Brasil ya registra visitantes de 36 pa\u00edses en esta edici\u00f3n - Sindm\u00f3veis-RS\",\"isPartOf\":{\"@id\":\"https:\/\/www.sindmoveis.com.br\/es\/#website\"},\"primaryImageOfPage\":{\"@id\":\"https:\/\/www.sindmoveis.com.br\/es\/movelsul-brasil-ja-registra-visitantes-de-36-paises-nesta-edicao\/#primaryimage\"},\"image\":{\"@id\":\"https:\/\/www.sindmoveis.com.br\/es\/movelsul-brasil-ja-registra-visitantes-de-36-paises-nesta-edicao\/#primaryimage\"},\"thumbnailUrl\":\"https:\/\/www.sindmoveis.com.br\/es\/wp-content\/uploads\/2021\/05\/p1458220956.jpg\",\"datePublished\":\"2016-03-16T03:00:00+00:00\",\"dateModified\":\"2021-05-26T13:31:43+00:00\",\"author\":{\"@id\":\"https:\/\/www.sindmoveis.com.br\/es\/#\/schema\/person\/16d379542db1950a17fe188179340d57\"},\"inLanguage\":\"es\",\"potentialAction\":[{\"@type\":\"ReadAction\",\"target\":[\"https:\/\/www.sindmoveis.com.br\/es\/movelsul-brasil-ja-registra-visitantes-de-36-paises-nesta-edicao\/\"]}]},{\"@type\":\"ImageObject\",\"inLanguage\":\"es\",\"@id\":\"https:\/\/www.sindmoveis.com.br\/es\/movelsul-brasil-ja-registra-visitantes-de-36-paises-nesta-edicao\/#primaryimage\",\"url\":\"https:\/\/www.sindmoveis.com.br\/es\/wp-content\/uploads\/2021\/05\/p1458220956.jpg\",\"contentUrl\":\"https:\/\/www.sindmoveis.com.br\/es\/wp-content\/uploads\/2021\/05\/p1458220956.jpg\",\"width\":945,\"height\":629},{\"@type\":\"WebSite\",\"@id\":\"https:\/\/www.sindmoveis.com.br\/es\/#website\",\"url\":\"https:\/\/www.sindmoveis.com.br\/es\/\",\"name\":\"Sindm\u00f3veis-RS\",\"description\":\"\",\"potentialAction\":[{\"@type\":\"SearchAction\",\"target\":{\"@type\":\"EntryPoint\",\"urlTemplate\":\"https:\/\/www.sindmoveis.com.br\/es\/?s={search_term_string}\"},\"query-input\":{\"@type\":\"PropertyValueSpecification\",\"valueRequired\":true,\"valueName\":\"search_term_string\"}}],\"inLanguage\":\"es\"},{\"@type\":\"Person\",\"@id\":\"https:\/\/www.sindmoveis.com.br\/es\/#\/schema\/person\/16d379542db1950a17fe188179340d57\",\"name\":\"Imprensa Sindm\u00f3veis\",\"image\":{\"@type\":\"ImageObject\",\"inLanguage\":\"es\",\"@id\":\"https:\/\/www.sindmoveis.com.br\/es\/#\/schema\/person\/image\/\",\"url\":\"https:\/\/secure.gravatar.com\/avatar\/4973e2e2c2a0cb5db30b0c7b770041b8e33d048a16b695a1f99c042449d4bfaf?s=96&d=mm&r=g\",\"contentUrl\":\"https:\/\/secure.gravatar.com\/avatar\/4973e2e2c2a0cb5db30b0c7b770041b8e33d048a16b695a1f99c042449d4bfaf?s=96&d=mm&r=g\",\"caption\":\"Imprensa Sindm\u00f3veis\"},\"url\":\"https:\/\/www.sindmoveis.com.br\/es\/author\/ana\/\"}]}<\/script>\n<!-- \/ Yoast SEO plugin. -->","yoast_head_json":{"title":"Movelsul Brasil ya registra visitantes de 36 pa\u00edses en esta edici\u00f3n - Sindm\u00f3veis-RS","robots":{"index":"index","follow":"follow","max-snippet":"max-snippet:-1","max-image-preview":"max-image-preview:large","max-video-preview":"max-video-preview:-1"},"canonical":"https:\/\/www.sindmoveis.com.br\/es\/movelsul-brasil-ja-registra-visitantes-de-36-paises-nesta-edicao\/","og_locale":"es_ES","og_type":"article","og_title":"Movelsul Brasil ya registra visitantes de 36 pa\u00edses en esta edici\u00f3n - Sindm\u00f3veis-RS","og_description":"Principal feria de muebles y complementos de Am\u00e9rica Latina proyecta U$ 300 millones en negocios.","og_url":"https:\/\/www.sindmoveis.com.br\/es\/movelsul-brasil-ja-registra-visitantes-de-36-paises-nesta-edicao\/","og_site_name":"Sindm\u00f3veis-RS","article_published_time":"2016-03-16T03:00:00+00:00","article_modified_time":"2021-05-26T13:31:43+00:00","og_image":[{"width":945,"height":629,"url":"https:\/\/www.sindmoveis.com.br\/es\/wp-content\/uploads\/2021\/05\/p1458220956.jpg","type":"image\/jpeg"}],"author":"Imprensa Sindm\u00f3veis","twitter_card":"summary_large_image","twitter_misc":{"Escrito por":"Imprensa Sindm\u00f3veis","Tiempo de lectura":"5 minutos"},"schema":{"@context":"https:\/\/schema.org","@graph":[{"@type":"Article","@id":"https:\/\/www.sindmoveis.com.br\/es\/movelsul-brasil-ja-registra-visitantes-de-36-paises-nesta-edicao\/#article","isPartOf":{"@id":"https:\/\/www.sindmoveis.com.br\/es\/movelsul-brasil-ja-registra-visitantes-de-36-paises-nesta-edicao\/"},"author":{"name":"Imprensa Sindm\u00f3veis","@id":"https:\/\/www.sindmoveis.com.br\/es\/#\/schema\/person\/16d379542db1950a17fe188179340d57"},"headline":"Movelsul Brasil ya registra visitantes de 36 pa\u00edses en esta edici\u00f3n","datePublished":"2016-03-16T03:00:00+00:00","dateModified":"2021-05-26T13:31:43+00:00","mainEntityOfPage":{"@id":"https:\/\/www.sindmoveis.com.br\/es\/movelsul-brasil-ja-registra-visitantes-de-36-paises-nesta-edicao\/"},"wordCount":1077,"image":{"@id":"https:\/\/www.sindmoveis.com.br\/es\/movelsul-brasil-ja-registra-visitantes-de-36-paises-nesta-edicao\/#primaryimage"},"thumbnailUrl":"https:\/\/www.sindmoveis.com.br\/es\/wp-content\/uploads\/2021\/05\/p1458220956.jpg","articleSection":["Movelsul","Sindm\u00f3veis"],"inLanguage":"es"},{"@type":"WebPage","@id":"https:\/\/www.sindmoveis.com.br\/es\/movelsul-brasil-ja-registra-visitantes-de-36-paises-nesta-edicao\/","url":"https:\/\/www.sindmoveis.com.br\/es\/movelsul-brasil-ja-registra-visitantes-de-36-paises-nesta-edicao\/","name":"Movelsul Brasil ya registra visitantes de 36 pa\u00edses en esta edici\u00f3n - Sindm\u00f3veis-RS","isPartOf":{"@id":"https:\/\/www.sindmoveis.com.br\/es\/#website"},"primaryImageOfPage":{"@id":"https:\/\/www.sindmoveis.com.br\/es\/movelsul-brasil-ja-registra-visitantes-de-36-paises-nesta-edicao\/#primaryimage"},"image":{"@id":"https:\/\/www.sindmoveis.com.br\/es\/movelsul-brasil-ja-registra-visitantes-de-36-paises-nesta-edicao\/#primaryimage"},"thumbnailUrl":"https:\/\/www.sindmoveis.com.br\/es\/wp-content\/uploads\/2021\/05\/p1458220956.jpg","datePublished":"2016-03-16T03:00:00+00:00","dateModified":"2021-05-26T13:31:43+00:00","author":{"@id":"https:\/\/www.sindmoveis.com.br\/es\/#\/schema\/person\/16d379542db1950a17fe188179340d57"},"inLanguage":"es","potentialAction":[{"@type":"ReadAction","target":["https:\/\/www.sindmoveis.com.br\/es\/movelsul-brasil-ja-registra-visitantes-de-36-paises-nesta-edicao\/"]}]},{"@type":"ImageObject","inLanguage":"es","@id":"https:\/\/www.sindmoveis.com.br\/es\/movelsul-brasil-ja-registra-visitantes-de-36-paises-nesta-edicao\/#primaryimage","url":"https:\/\/www.sindmoveis.com.br\/es\/wp-content\/uploads\/2021\/05\/p1458220956.jpg","contentUrl":"https:\/\/www.sindmoveis.com.br\/es\/wp-content\/uploads\/2021\/05\/p1458220956.jpg","width":945,"height":629},{"@type":"WebSite","@id":"https:\/\/www.sindmoveis.com.br\/es\/#website","url":"https:\/\/www.sindmoveis.com.br\/es\/","name":"Sindm\u00f3veis-RS","description":"","potentialAction":[{"@type":"SearchAction","target":{"@type":"EntryPoint","urlTemplate":"https:\/\/www.sindmoveis.com.br\/es\/?s={search_term_string}"},"query-input":{"@type":"PropertyValueSpecification","valueRequired":true,"valueName":"search_term_string"}}],"inLanguage":"es"},{"@type":"Person","@id":"https:\/\/www.sindmoveis.com.br\/es\/#\/schema\/person\/16d379542db1950a17fe188179340d57","name":"Imprensa Sindm\u00f3veis","image":{"@type":"ImageObject","inLanguage":"es","@id":"https:\/\/www.sindmoveis.com.br\/es\/#\/schema\/person\/image\/","url":"https:\/\/secure.gravatar.com\/avatar\/4973e2e2c2a0cb5db30b0c7b770041b8e33d048a16b695a1f99c042449d4bfaf?s=96&d=mm&r=g","contentUrl":"https:\/\/secure.gravatar.com\/avatar\/4973e2e2c2a0cb5db30b0c7b770041b8e33d048a16b695a1f99c042449d4bfaf?s=96&d=mm&r=g","caption":"Imprensa Sindm\u00f3veis"},"url":"https:\/\/www.sindmoveis.com.br\/es\/author\/ana\/"}]}},"_links":{"self":[{"href":"https:\/\/www.sindmoveis.com.br\/es\/wp-json\/wp\/v2\/posts\/1224","targetHints":{"allow":["GET"]}}],"collection":[{"href":"https:\/\/www.sindmoveis.com.br\/es\/wp-json\/wp\/v2\/posts"}],"about":[{"href":"https:\/\/www.sindmoveis.com.br\/es\/wp-json\/wp\/v2\/types\/post"}],"author":[{"embeddable":true,"href":"https:\/\/www.sindmoveis.com.br\/es\/wp-json\/wp\/v2\/users\/5"}],"replies":[{"embeddable":true,"href":"https:\/\/www.sindmoveis.com.br\/es\/wp-json\/wp\/v2\/comments?post=1224"}],"version-history":[{"count":2,"href":"https:\/\/www.sindmoveis.com.br\/es\/wp-json\/wp\/v2\/posts\/1224\/revisions"}],"predecessor-version":[{"id":3562,"href":"https:\/\/www.sindmoveis.com.br\/es\/wp-json\/wp\/v2\/posts\/1224\/revisions\/3562"}],"wp:featuredmedia":[{"embeddable":true,"href":"https:\/\/www.sindmoveis.com.br\/es\/wp-json\/wp\/v2\/media\/3563"}],"wp:attachment":[{"href":"https:\/\/www.sindmoveis.com.br\/es\/wp-json\/wp\/v2\/media?parent=1224"}],"wp:term":[{"taxonomy":"category","embeddable":true,"href":"https:\/\/www.sindmoveis.com.br\/es\/wp-json\/wp\/v2\/categories?post=1224"},{"taxonomy":"post_tag","embeddable":true,"href":"https:\/\/www.sindmoveis.com.br\/es\/wp-json\/wp\/v2\/tags?post=1224"}],"curies":[{"name":"wp","href":"https:\/\/api.w.org\/{rel}","templated":true}]}}