{"id":1223,"date":"2016-03-14T00:00:00","date_gmt":"2016-03-14T03:00:00","guid":{"rendered":"http:\/\/sindmoveis.com.br\/imprensa\/noticias\/comeca-a-disputa-do-gran-prix-senai-de-inovacao\/"},"modified":"2021-05-26T10:24:25","modified_gmt":"2021-05-26T13:24:25","slug":"comeca-a-disputa-do-gran-prix-senai-de-inovacao","status":"publish","type":"post","link":"https:\/\/www.sindmoveis.com.br\/es\/comeca-a-disputa-do-gran-prix-senai-de-inovacao\/","title":{"rendered":"Empieza la disputa del Gran Prix Senai de Innovaci\u00f3n"},"content":{"rendered":"<p>En una asociaci&oacute;n entre&nbsp; Movelsul Brasil 2016 y el sistema Fiergs, por medio del Instituto Senai de Tecnolog&iacute;a en Madera y Mobiliario, fue dada la partida paara una carrera en b&uacute;squeda de mejor&iacute;as para el sector del mobiliario. Es el Gran Prix Senai de Innovaci&oacute;n, donde tres equipos van a trabajar por 40 horas en los cinco d&iacute;as de la feria de muebles y complementos, que tuvo inicio el d&iacute;a 14 y sigui&oacute; hasta el d&iacute;a 18, en el Parque de Eventos de Bento Gon&ccedil;alves.<\/p>\n<p>En una especie de competici&oacute;n en tiempo real, los equipos van a crear proyectos focalizados en energ&iacute;a, agua, basura y seguridad en el trabajo. Esta es la segunda edici&oacute;n del proyecto en R&iacute;o Grande do Sul y el objetivo es movilizar una red de innovaci&oacute;n tecnol&oacute;gica compuesta por ingenieros, dise&ntilde;adores, emprendedores, profesores y estudiantes, que disputar&aacute;n las mejores ideas, proyectos y procesos innovadores para la competitividad de la cadena productiva del mobiliario.<\/p>\n<p>El director regional de Senai, Carlos Arthur Trein, puntualiz&oacute; que el proyecto est&aacute; alineado a la metodolog&iacute;a <em>open innovation<\/em>, que act&uacute;a de forma altamente concentrada en b&uacute;squeda de ideas calificadas y actuales. &ldquo;Con el Gran Prix,&nbsp; Senai se aproxima cada vez m&aacute;s de su misi&oacute;n, que es apoyar el desarrollo de la industria&rdquo;, afirma.<\/p>\n<p>Para el presidente de Sindm&oacute;veis, Henrique Tecchio, el camino es invertir en proyectos que despierten la mirada colectiva y propongan diferentes&nbsp;maneras de hacer algo que ya es hecho desde hace mucho tiempo.&nbsp;&ldquo;Innovar es nunca desistir de cambios. M&aacute;s&nbsp; que reinventar, necesitamos mirar para dentro de las empresas para que los negocios permanezcan vivos.&nbsp; El&nbsp;Grand Prix&nbsp;Senai&nbsp;de Innovaci&oacute;n&nbsp;reproduce esa nuestra b&uacute;squeda constante por lo nuevo&rdquo;, resalta.<\/p>\n<p>El proceso de creaci&oacute;n sigue la metodolog&iacute;a DIP, Desarrollo&nbsp;Integrado de Producto, resultado de una asociaci&oacute;n entre&nbsp; Senai, el Consorzio Politecnico di Milano (Poli Design, Italia) y el Instituto Tecnol&oacute;gico de Aeron&aacute;utica (ITA), con apoyo del Instituto de Tecnolog&iacute;a de Massachusetts (MIT &#8211; Estados Unidos). En el &uacute;ltimo d&iacute;a de la competici&oacute;n, un panel compuesto por representantes de empresas, entidades y de la sociedad escoger&aacute; los mejores proyectos, que ser&aacute;n premiados.<\/p>\n","protected":false},"excerpt":{"rendered":"<p>En proyecto especial realizado en Movelsul Brasil, tres equipos buscan mejor\u00edas para el sector del mobiliario.<\/p>\n","protected":false},"author":5,"featured_media":3561,"comment_status":"closed","ping_status":"open","sticky":false,"template":"","format":"standard","meta":{"footnotes":"","_links_to":"","_links_to_target":""},"categories":[2],"tags":[],"class_list":["post-1223","post","type-post","status-publish","format-standard","has-post-thumbnail","hentry","category-sindmoveis"],"yoast_head":"<!-- This site is optimized with the Yoast SEO plugin v27.0 - https:\/\/yoast.com\/product\/yoast-seo-wordpress\/ -->\n<title>Empieza la disputa del Gran Prix Senai de Innovaci\u00f3n - Sindm\u00f3veis-RS<\/title>\n<meta name=\"robots\" content=\"index, follow, max-snippet:-1, max-image-preview:large, max-video-preview:-1\" \/>\n<link rel=\"canonical\" href=\"https:\/\/www.sindmoveis.com.br\/es\/comeca-a-disputa-do-gran-prix-senai-de-inovacao\/\" \/>\n<meta property=\"og:locale\" content=\"es_ES\" \/>\n<meta property=\"og:type\" content=\"article\" \/>\n<meta property=\"og:title\" content=\"Empieza la disputa del Gran Prix Senai de Innovaci\u00f3n - Sindm\u00f3veis-RS\" \/>\n<meta property=\"og:description\" content=\"En proyecto especial realizado en Movelsul Brasil, tres equipos buscan mejor\u00edas para el sector del mobiliario.\" \/>\n<meta property=\"og:url\" content=\"https:\/\/www.sindmoveis.com.br\/es\/comeca-a-disputa-do-gran-prix-senai-de-inovacao\/\" \/>\n<meta property=\"og:site_name\" content=\"Sindm\u00f3veis-RS\" \/>\n<meta property=\"article:published_time\" content=\"2016-03-14T03:00:00+00:00\" \/>\n<meta property=\"article:modified_time\" content=\"2021-05-26T13:24:25+00:00\" \/>\n<meta property=\"og:image\" content=\"https:\/\/www.sindmoveis.com.br\/es\/wp-content\/uploads\/2021\/05\/p1457983132.jpg\" \/>\n\t<meta property=\"og:image:width\" content=\"1000\" \/>\n\t<meta property=\"og:image:height\" content=\"590\" \/>\n\t<meta property=\"og:image:type\" content=\"image\/jpeg\" \/>\n<meta name=\"author\" content=\"Imprensa Sindm\u00f3veis\" \/>\n<meta name=\"twitter:card\" content=\"summary_large_image\" \/>\n<meta name=\"twitter:label1\" content=\"Escrito por\" \/>\n\t<meta name=\"twitter:data1\" content=\"Imprensa Sindm\u00f3veis\" \/>\n\t<meta name=\"twitter:label2\" content=\"Tiempo de lectura\" \/>\n\t<meta name=\"twitter:data2\" content=\"2 minutos\" \/>\n<script type=\"application\/ld+json\" class=\"yoast-schema-graph\">{\"@context\":\"https:\/\/schema.org\",\"@graph\":[{\"@type\":\"Article\",\"@id\":\"https:\/\/www.sindmoveis.com.br\/es\/comeca-a-disputa-do-gran-prix-senai-de-inovacao\/#article\",\"isPartOf\":{\"@id\":\"https:\/\/www.sindmoveis.com.br\/es\/comeca-a-disputa-do-gran-prix-senai-de-inovacao\/\"},\"author\":{\"name\":\"Imprensa Sindm\u00f3veis\",\"@id\":\"https:\/\/www.sindmoveis.com.br\/es\/#\/schema\/person\/16d379542db1950a17fe188179340d57\"},\"headline\":\"Empieza la disputa del Gran Prix Senai de Innovaci\u00f3n\",\"datePublished\":\"2016-03-14T03:00:00+00:00\",\"dateModified\":\"2021-05-26T13:24:25+00:00\",\"mainEntityOfPage\":{\"@id\":\"https:\/\/www.sindmoveis.com.br\/es\/comeca-a-disputa-do-gran-prix-senai-de-inovacao\/\"},\"wordCount\":449,\"image\":{\"@id\":\"https:\/\/www.sindmoveis.com.br\/es\/comeca-a-disputa-do-gran-prix-senai-de-inovacao\/#primaryimage\"},\"thumbnailUrl\":\"https:\/\/www.sindmoveis.com.br\/es\/wp-content\/uploads\/2021\/05\/p1457983132.jpg\",\"articleSection\":[\"Sindm\u00f3veis\"],\"inLanguage\":\"es\"},{\"@type\":\"WebPage\",\"@id\":\"https:\/\/www.sindmoveis.com.br\/es\/comeca-a-disputa-do-gran-prix-senai-de-inovacao\/\",\"url\":\"https:\/\/www.sindmoveis.com.br\/es\/comeca-a-disputa-do-gran-prix-senai-de-inovacao\/\",\"name\":\"Empieza la disputa del Gran Prix Senai de Innovaci\u00f3n - Sindm\u00f3veis-RS\",\"isPartOf\":{\"@id\":\"https:\/\/www.sindmoveis.com.br\/es\/#website\"},\"primaryImageOfPage\":{\"@id\":\"https:\/\/www.sindmoveis.com.br\/es\/comeca-a-disputa-do-gran-prix-senai-de-inovacao\/#primaryimage\"},\"image\":{\"@id\":\"https:\/\/www.sindmoveis.com.br\/es\/comeca-a-disputa-do-gran-prix-senai-de-inovacao\/#primaryimage\"},\"thumbnailUrl\":\"https:\/\/www.sindmoveis.com.br\/es\/wp-content\/uploads\/2021\/05\/p1457983132.jpg\",\"datePublished\":\"2016-03-14T03:00:00+00:00\",\"dateModified\":\"2021-05-26T13:24:25+00:00\",\"author\":{\"@id\":\"https:\/\/www.sindmoveis.com.br\/es\/#\/schema\/person\/16d379542db1950a17fe188179340d57\"},\"inLanguage\":\"es\",\"potentialAction\":[{\"@type\":\"ReadAction\",\"target\":[\"https:\/\/www.sindmoveis.com.br\/es\/comeca-a-disputa-do-gran-prix-senai-de-inovacao\/\"]}]},{\"@type\":\"ImageObject\",\"inLanguage\":\"es\",\"@id\":\"https:\/\/www.sindmoveis.com.br\/es\/comeca-a-disputa-do-gran-prix-senai-de-inovacao\/#primaryimage\",\"url\":\"https:\/\/www.sindmoveis.com.br\/es\/wp-content\/uploads\/2021\/05\/p1457983132.jpg\",\"contentUrl\":\"https:\/\/www.sindmoveis.com.br\/es\/wp-content\/uploads\/2021\/05\/p1457983132.jpg\",\"width\":1000,\"height\":590},{\"@type\":\"WebSite\",\"@id\":\"https:\/\/www.sindmoveis.com.br\/es\/#website\",\"url\":\"https:\/\/www.sindmoveis.com.br\/es\/\",\"name\":\"Sindm\u00f3veis-RS\",\"description\":\"\",\"potentialAction\":[{\"@type\":\"SearchAction\",\"target\":{\"@type\":\"EntryPoint\",\"urlTemplate\":\"https:\/\/www.sindmoveis.com.br\/es\/?s={search_term_string}\"},\"query-input\":{\"@type\":\"PropertyValueSpecification\",\"valueRequired\":true,\"valueName\":\"search_term_string\"}}],\"inLanguage\":\"es\"},{\"@type\":\"Person\",\"@id\":\"https:\/\/www.sindmoveis.com.br\/es\/#\/schema\/person\/16d379542db1950a17fe188179340d57\",\"name\":\"Imprensa Sindm\u00f3veis\",\"image\":{\"@type\":\"ImageObject\",\"inLanguage\":\"es\",\"@id\":\"https:\/\/www.sindmoveis.com.br\/es\/#\/schema\/person\/image\/\",\"url\":\"https:\/\/secure.gravatar.com\/avatar\/4973e2e2c2a0cb5db30b0c7b770041b8e33d048a16b695a1f99c042449d4bfaf?s=96&d=mm&r=g\",\"contentUrl\":\"https:\/\/secure.gravatar.com\/avatar\/4973e2e2c2a0cb5db30b0c7b770041b8e33d048a16b695a1f99c042449d4bfaf?s=96&d=mm&r=g\",\"caption\":\"Imprensa Sindm\u00f3veis\"},\"url\":\"https:\/\/www.sindmoveis.com.br\/es\/author\/ana\/\"}]}<\/script>\n<!-- \/ Yoast SEO plugin. -->","yoast_head_json":{"title":"Empieza la disputa del Gran Prix Senai de Innovaci\u00f3n - Sindm\u00f3veis-RS","robots":{"index":"index","follow":"follow","max-snippet":"max-snippet:-1","max-image-preview":"max-image-preview:large","max-video-preview":"max-video-preview:-1"},"canonical":"https:\/\/www.sindmoveis.com.br\/es\/comeca-a-disputa-do-gran-prix-senai-de-inovacao\/","og_locale":"es_ES","og_type":"article","og_title":"Empieza la disputa del Gran Prix Senai de Innovaci\u00f3n - Sindm\u00f3veis-RS","og_description":"En proyecto especial realizado en Movelsul Brasil, tres equipos buscan mejor\u00edas para el sector del mobiliario.","og_url":"https:\/\/www.sindmoveis.com.br\/es\/comeca-a-disputa-do-gran-prix-senai-de-inovacao\/","og_site_name":"Sindm\u00f3veis-RS","article_published_time":"2016-03-14T03:00:00+00:00","article_modified_time":"2021-05-26T13:24:25+00:00","og_image":[{"width":1000,"height":590,"url":"https:\/\/www.sindmoveis.com.br\/es\/wp-content\/uploads\/2021\/05\/p1457983132.jpg","type":"image\/jpeg"}],"author":"Imprensa Sindm\u00f3veis","twitter_card":"summary_large_image","twitter_misc":{"Escrito por":"Imprensa Sindm\u00f3veis","Tiempo de lectura":"2 minutos"},"schema":{"@context":"https:\/\/schema.org","@graph":[{"@type":"Article","@id":"https:\/\/www.sindmoveis.com.br\/es\/comeca-a-disputa-do-gran-prix-senai-de-inovacao\/#article","isPartOf":{"@id":"https:\/\/www.sindmoveis.com.br\/es\/comeca-a-disputa-do-gran-prix-senai-de-inovacao\/"},"author":{"name":"Imprensa Sindm\u00f3veis","@id":"https:\/\/www.sindmoveis.com.br\/es\/#\/schema\/person\/16d379542db1950a17fe188179340d57"},"headline":"Empieza la disputa del Gran Prix Senai de Innovaci\u00f3n","datePublished":"2016-03-14T03:00:00+00:00","dateModified":"2021-05-26T13:24:25+00:00","mainEntityOfPage":{"@id":"https:\/\/www.sindmoveis.com.br\/es\/comeca-a-disputa-do-gran-prix-senai-de-inovacao\/"},"wordCount":449,"image":{"@id":"https:\/\/www.sindmoveis.com.br\/es\/comeca-a-disputa-do-gran-prix-senai-de-inovacao\/#primaryimage"},"thumbnailUrl":"https:\/\/www.sindmoveis.com.br\/es\/wp-content\/uploads\/2021\/05\/p1457983132.jpg","articleSection":["Sindm\u00f3veis"],"inLanguage":"es"},{"@type":"WebPage","@id":"https:\/\/www.sindmoveis.com.br\/es\/comeca-a-disputa-do-gran-prix-senai-de-inovacao\/","url":"https:\/\/www.sindmoveis.com.br\/es\/comeca-a-disputa-do-gran-prix-senai-de-inovacao\/","name":"Empieza la disputa del Gran Prix Senai de Innovaci\u00f3n - Sindm\u00f3veis-RS","isPartOf":{"@id":"https:\/\/www.sindmoveis.com.br\/es\/#website"},"primaryImageOfPage":{"@id":"https:\/\/www.sindmoveis.com.br\/es\/comeca-a-disputa-do-gran-prix-senai-de-inovacao\/#primaryimage"},"image":{"@id":"https:\/\/www.sindmoveis.com.br\/es\/comeca-a-disputa-do-gran-prix-senai-de-inovacao\/#primaryimage"},"thumbnailUrl":"https:\/\/www.sindmoveis.com.br\/es\/wp-content\/uploads\/2021\/05\/p1457983132.jpg","datePublished":"2016-03-14T03:00:00+00:00","dateModified":"2021-05-26T13:24:25+00:00","author":{"@id":"https:\/\/www.sindmoveis.com.br\/es\/#\/schema\/person\/16d379542db1950a17fe188179340d57"},"inLanguage":"es","potentialAction":[{"@type":"ReadAction","target":["https:\/\/www.sindmoveis.com.br\/es\/comeca-a-disputa-do-gran-prix-senai-de-inovacao\/"]}]},{"@type":"ImageObject","inLanguage":"es","@id":"https:\/\/www.sindmoveis.com.br\/es\/comeca-a-disputa-do-gran-prix-senai-de-inovacao\/#primaryimage","url":"https:\/\/www.sindmoveis.com.br\/es\/wp-content\/uploads\/2021\/05\/p1457983132.jpg","contentUrl":"https:\/\/www.sindmoveis.com.br\/es\/wp-content\/uploads\/2021\/05\/p1457983132.jpg","width":1000,"height":590},{"@type":"WebSite","@id":"https:\/\/www.sindmoveis.com.br\/es\/#website","url":"https:\/\/www.sindmoveis.com.br\/es\/","name":"Sindm\u00f3veis-RS","description":"","potentialAction":[{"@type":"SearchAction","target":{"@type":"EntryPoint","urlTemplate":"https:\/\/www.sindmoveis.com.br\/es\/?s={search_term_string}"},"query-input":{"@type":"PropertyValueSpecification","valueRequired":true,"valueName":"search_term_string"}}],"inLanguage":"es"},{"@type":"Person","@id":"https:\/\/www.sindmoveis.com.br\/es\/#\/schema\/person\/16d379542db1950a17fe188179340d57","name":"Imprensa Sindm\u00f3veis","image":{"@type":"ImageObject","inLanguage":"es","@id":"https:\/\/www.sindmoveis.com.br\/es\/#\/schema\/person\/image\/","url":"https:\/\/secure.gravatar.com\/avatar\/4973e2e2c2a0cb5db30b0c7b770041b8e33d048a16b695a1f99c042449d4bfaf?s=96&d=mm&r=g","contentUrl":"https:\/\/secure.gravatar.com\/avatar\/4973e2e2c2a0cb5db30b0c7b770041b8e33d048a16b695a1f99c042449d4bfaf?s=96&d=mm&r=g","caption":"Imprensa Sindm\u00f3veis"},"url":"https:\/\/www.sindmoveis.com.br\/es\/author\/ana\/"}]}},"_links":{"self":[{"href":"https:\/\/www.sindmoveis.com.br\/es\/wp-json\/wp\/v2\/posts\/1223","targetHints":{"allow":["GET"]}}],"collection":[{"href":"https:\/\/www.sindmoveis.com.br\/es\/wp-json\/wp\/v2\/posts"}],"about":[{"href":"https:\/\/www.sindmoveis.com.br\/es\/wp-json\/wp\/v2\/types\/post"}],"author":[{"embeddable":true,"href":"https:\/\/www.sindmoveis.com.br\/es\/wp-json\/wp\/v2\/users\/5"}],"replies":[{"embeddable":true,"href":"https:\/\/www.sindmoveis.com.br\/es\/wp-json\/wp\/v2\/comments?post=1223"}],"version-history":[{"count":2,"href":"https:\/\/www.sindmoveis.com.br\/es\/wp-json\/wp\/v2\/posts\/1223\/revisions"}],"predecessor-version":[{"id":3560,"href":"https:\/\/www.sindmoveis.com.br\/es\/wp-json\/wp\/v2\/posts\/1223\/revisions\/3560"}],"wp:featuredmedia":[{"embeddable":true,"href":"https:\/\/www.sindmoveis.com.br\/es\/wp-json\/wp\/v2\/media\/3561"}],"wp:attachment":[{"href":"https:\/\/www.sindmoveis.com.br\/es\/wp-json\/wp\/v2\/media?parent=1223"}],"wp:term":[{"taxonomy":"category","embeddable":true,"href":"https:\/\/www.sindmoveis.com.br\/es\/wp-json\/wp\/v2\/categories?post=1223"},{"taxonomy":"post_tag","embeddable":true,"href":"https:\/\/www.sindmoveis.com.br\/es\/wp-json\/wp\/v2\/tags?post=1223"}],"curies":[{"name":"wp","href":"https:\/\/api.w.org\/{rel}","templated":true}]}}