{"id":1222,"date":"2016-03-14T00:00:00","date_gmt":"2016-03-14T03:00:00","guid":{"rendered":"http:\/\/sindmoveis.com.br\/imprensa\/noticias\/movelsul-brasil-inicia-sua-20a-edicao\/"},"modified":"2021-05-26T10:31:43","modified_gmt":"2021-05-26T13:31:43","slug":"movelsul-brasil-inicia-sua-20a-edicao","status":"publish","type":"post","link":"https:\/\/www.sindmoveis.com.br\/es\/movelsul-brasil-inicia-sua-20a-edicao\/","title":{"rendered":"Movelsul Brasil inicia su 20\u00aa edici\u00f3n"},"content":{"rendered":"<p>Con una ceremonia marcada por el discurso combativo del presidente de Sindm&oacute;veis, Henrique Tecchio, inicia este lunes, 14 de marzo, la 20&ordf; edici&oacute;n de Movelsul Brasil, la principal feria de muebles y complementos para el sector minorista de Am&eacute;rica Latina. La solemnidad tuvo la presencia hist&oacute;rica de diversos ex-presidentes y del gobernador del Estado, Jos&eacute; Ivo Sartori.<\/p>\n<p>En su discurso, el presidente Henrique Tecchio puntualiz&oacute; que, despu&eacute;s del boom en el consumo de muebles entre 2008 y 2012, cuando los ojos estaban totalmente dirigidos a la emergente clase c, la resaca golpe&oacute; fuerte en el sector del mobiliario. El presidente cit&oacute; datos econ&oacute;micos que comprueban la degradaci&oacute;n de desempe&ntilde;o del segmento: &ldquo;En 2015, la facturaci&oacute;n de la industria del mobiliario tuvo una ca&iacute;da de 13,4%, despu&eacute;s de las reventas de veh&iacute;culos, los muebles tuvieron el peor desempe&ntilde;o sectorial en el a&ntilde;o. &iquest;Qu&eacute; gobierno es este que se dice de los trabajadores y tuvo la capacidad de eliminar miles de empleos en el &nbsp;a&ntilde;o de 2015 en todo el pa&iacute;s?&rdquo;.<\/p>\n<p>El alcalde de Bento Gon&ccedil;alves, Guilherme Pasin, destac&oacute; que&nbsp; Movelsul Brasil expresa el desarrollo del sector de madera y muebles. &ldquo;Veo pasar por esos pabellones los miles de empleos que sustentan la econom&iacute;a de Bento Gon&ccedil;alves. Esta feria muestra que podemos, s&iacute;, contribuir para los cambios que nuestra naci&oacute;n tanto necesita&rdquo;, afirma.<\/p>\n<p>Tambi&eacute;n en un discurso optimista, el gobernador Jos&eacute; Ivo Sartori elogi&oacute; el empe&ntilde;o del sector &nbsp;del mobiliario para esta edici&oacute;n conmemorativa de Movelsul Brasil, destacando que no se puede cerrar los ojos para la realidad que se presenta, pero que las dificultades no pueden paralizar iniciativas como la feria. En su opini&oacute;n, ese ambiente de negocios expresa el esfuerzo de la industria en &nbsp;reinventarse y&nbsp; transformarse de acuerdo con la circunstancia &ndash; algo que el Poder P&uacute;blico tambi&eacute;n deber&iacute;a hacer. &ldquo;El Estado, cuando no puede realizar, no pode molestar a quien hace. Vamos a hacer aquello que tiene que ser hecho, en el tiempo que deba ser hecho, desde que la sociedad acepte&rdquo;.&nbsp;<\/p>\n<p>A pesar de ello, el presidente conmemor&oacute; el marco hist&oacute;rico de las 20 ediciones de Movelsul Brasil, puntualizando que el sector ya enfrent&oacute; otros momentos de crisis anteriormente y que fue justamente en esos momentos que la industria se uni&oacute; todav&iacute;a m&aacute;s en b&uacute;squeda de tecnolog&iacute;a e innovaci&oacute;n para aumentar su competitividad. &ldquo;no es por acaso que la feria llega a su 20&ordf; edici&oacute;n. Bento Gon&ccedil;alves est&aacute; en la ruta de los grandes eventos del sector, y&nbsp; Movelsul&nbsp;Brasil sigue como una oportunidad para fomentar los negocios en la regi&oacute;n, en Brasil y en el mundo. Vamos a recordarnos de este momento como uno de aquellos en que empleamos a&uacute;n m&aacute;s energ&iacute;as para&nbsp; superar las dificultades externas&rdquo;, destaca.<\/p>\n<p>&nbsp;Movelsul Brasil sigue hasta el viernes, 18 de marzo, con 238 expositores de los segmentos de oficina, cocina, dormitorios, &aacute;rea de servicio\/ lavadero, ba&ntilde;o, muebles para jard&iacute;n electrodom&eacute;sticos, comedores de diario, juegos de comedor&nbsp; y salas de estar, alfombras, muebles tapizados y colchones. Con patrocinio de Duratex, Renner Sayerlack y Banrisul, la feria espera m&aacute;s de 30 mil visitantes y estima una generaci&oacute;n de negocios de U$ 300 millones para un horizonte de 12 meses.<\/p>\n<p>&nbsp;<\/p>\n<p><strong>Servicio<\/strong><\/p>\n<p><strong>Movelsul Brasil 2016<\/strong><\/p>\n<p><strong>Qu&eacute;<\/strong>: Feria de muebles y complementos para el revendedor y especificador<\/p>\n<p><strong>Cu&aacute;ndo<\/strong>: de 14 a 18 de marzo de 2016, de las 12h a las 20h<\/p>\n<p><strong>D&oacute;nde<\/strong>: Parque de Eventos de Bento Gon&ccedil;alves<\/p>\n<p><strong>Expositores<\/strong>: 238 de siete estados (Minas Gerais, Par&aacute;, Pernambuco, Paran&aacute;, R&iacute;o Grande do Sul, Santa Catarina y S&atilde;o Paulo)<\/p>\n<p><strong>Entrada gratuita mediante acreditaci&oacute;n<\/strong>. Abierto apenas al p&uacute;blico profesional (revendedores, representantes, arquitectos, dise&ntilde;adores, decoradores, importadores, profesionales de la construcci&oacute;n civil y prensa)<\/p>\n<p><strong>Informaciones<\/strong>: www.movelsul.com.br<\/p>\n","protected":false},"excerpt":{"rendered":"<p>Hasta viernes, 18, Parque de Eventos de Bento Gon\u00e7alves recibe 238 expositores de muebles y complementos.<\/p>\n","protected":false},"author":5,"featured_media":3559,"comment_status":"closed","ping_status":"open","sticky":false,"template":"","format":"standard","meta":{"footnotes":"","_links_to":"","_links_to_target":""},"categories":[23,2],"tags":[],"class_list":["post-1222","post","type-post","status-publish","format-standard","has-post-thumbnail","hentry","category-movelsul","category-sindmoveis"],"yoast_head":"<!-- This site is optimized with the Yoast SEO plugin v27.0 - https:\/\/yoast.com\/product\/yoast-seo-wordpress\/ -->\n<title>Movelsul Brasil inicia su 20\u00aa edici\u00f3n - Sindm\u00f3veis-RS<\/title>\n<meta name=\"robots\" content=\"index, follow, max-snippet:-1, max-image-preview:large, max-video-preview:-1\" \/>\n<link rel=\"canonical\" href=\"https:\/\/www.sindmoveis.com.br\/es\/movelsul-brasil-inicia-sua-20a-edicao\/\" \/>\n<meta property=\"og:locale\" content=\"es_ES\" \/>\n<meta property=\"og:type\" content=\"article\" \/>\n<meta property=\"og:title\" content=\"Movelsul Brasil inicia su 20\u00aa edici\u00f3n - Sindm\u00f3veis-RS\" \/>\n<meta property=\"og:description\" content=\"Hasta viernes, 18, Parque de Eventos de Bento Gon\u00e7alves recibe 238 expositores de muebles y complementos.\" \/>\n<meta property=\"og:url\" content=\"https:\/\/www.sindmoveis.com.br\/es\/movelsul-brasil-inicia-sua-20a-edicao\/\" \/>\n<meta property=\"og:site_name\" content=\"Sindm\u00f3veis-RS\" \/>\n<meta property=\"article:published_time\" content=\"2016-03-14T03:00:00+00:00\" \/>\n<meta property=\"article:modified_time\" content=\"2021-05-26T13:31:43+00:00\" \/>\n<meta property=\"og:image\" content=\"https:\/\/www.sindmoveis.com.br\/es\/wp-content\/uploads\/2021\/05\/p1457984128.jpg\" \/>\n\t<meta property=\"og:image:width\" content=\"945\" \/>\n\t<meta property=\"og:image:height\" content=\"624\" \/>\n\t<meta property=\"og:image:type\" content=\"image\/jpeg\" \/>\n<meta name=\"author\" content=\"Imprensa Sindm\u00f3veis\" \/>\n<meta name=\"twitter:card\" content=\"summary_large_image\" \/>\n<meta name=\"twitter:label1\" content=\"Escrito por\" \/>\n\t<meta name=\"twitter:data1\" content=\"Imprensa Sindm\u00f3veis\" \/>\n\t<meta name=\"twitter:label2\" content=\"Tiempo de lectura\" \/>\n\t<meta name=\"twitter:data2\" content=\"4 minutos\" \/>\n<script type=\"application\/ld+json\" class=\"yoast-schema-graph\">{\"@context\":\"https:\/\/schema.org\",\"@graph\":[{\"@type\":\"Article\",\"@id\":\"https:\/\/www.sindmoveis.com.br\/es\/movelsul-brasil-inicia-sua-20a-edicao\/#article\",\"isPartOf\":{\"@id\":\"https:\/\/www.sindmoveis.com.br\/es\/movelsul-brasil-inicia-sua-20a-edicao\/\"},\"author\":{\"name\":\"Imprensa Sindm\u00f3veis\",\"@id\":\"https:\/\/www.sindmoveis.com.br\/es\/#\/schema\/person\/16d379542db1950a17fe188179340d57\"},\"headline\":\"Movelsul Brasil inicia su 20\u00aa edici\u00f3n\",\"datePublished\":\"2016-03-14T03:00:00+00:00\",\"dateModified\":\"2021-05-26T13:31:43+00:00\",\"mainEntityOfPage\":{\"@id\":\"https:\/\/www.sindmoveis.com.br\/es\/movelsul-brasil-inicia-sua-20a-edicao\/\"},\"wordCount\":743,\"image\":{\"@id\":\"https:\/\/www.sindmoveis.com.br\/es\/movelsul-brasil-inicia-sua-20a-edicao\/#primaryimage\"},\"thumbnailUrl\":\"https:\/\/www.sindmoveis.com.br\/es\/wp-content\/uploads\/2021\/05\/p1457984128.jpg\",\"articleSection\":[\"Movelsul\",\"Sindm\u00f3veis\"],\"inLanguage\":\"es\"},{\"@type\":\"WebPage\",\"@id\":\"https:\/\/www.sindmoveis.com.br\/es\/movelsul-brasil-inicia-sua-20a-edicao\/\",\"url\":\"https:\/\/www.sindmoveis.com.br\/es\/movelsul-brasil-inicia-sua-20a-edicao\/\",\"name\":\"Movelsul Brasil inicia su 20\u00aa edici\u00f3n - Sindm\u00f3veis-RS\",\"isPartOf\":{\"@id\":\"https:\/\/www.sindmoveis.com.br\/es\/#website\"},\"primaryImageOfPage\":{\"@id\":\"https:\/\/www.sindmoveis.com.br\/es\/movelsul-brasil-inicia-sua-20a-edicao\/#primaryimage\"},\"image\":{\"@id\":\"https:\/\/www.sindmoveis.com.br\/es\/movelsul-brasil-inicia-sua-20a-edicao\/#primaryimage\"},\"thumbnailUrl\":\"https:\/\/www.sindmoveis.com.br\/es\/wp-content\/uploads\/2021\/05\/p1457984128.jpg\",\"datePublished\":\"2016-03-14T03:00:00+00:00\",\"dateModified\":\"2021-05-26T13:31:43+00:00\",\"author\":{\"@id\":\"https:\/\/www.sindmoveis.com.br\/es\/#\/schema\/person\/16d379542db1950a17fe188179340d57\"},\"inLanguage\":\"es\",\"potentialAction\":[{\"@type\":\"ReadAction\",\"target\":[\"https:\/\/www.sindmoveis.com.br\/es\/movelsul-brasil-inicia-sua-20a-edicao\/\"]}]},{\"@type\":\"ImageObject\",\"inLanguage\":\"es\",\"@id\":\"https:\/\/www.sindmoveis.com.br\/es\/movelsul-brasil-inicia-sua-20a-edicao\/#primaryimage\",\"url\":\"https:\/\/www.sindmoveis.com.br\/es\/wp-content\/uploads\/2021\/05\/p1457984128.jpg\",\"contentUrl\":\"https:\/\/www.sindmoveis.com.br\/es\/wp-content\/uploads\/2021\/05\/p1457984128.jpg\",\"width\":945,\"height\":624},{\"@type\":\"WebSite\",\"@id\":\"https:\/\/www.sindmoveis.com.br\/es\/#website\",\"url\":\"https:\/\/www.sindmoveis.com.br\/es\/\",\"name\":\"Sindm\u00f3veis-RS\",\"description\":\"\",\"potentialAction\":[{\"@type\":\"SearchAction\",\"target\":{\"@type\":\"EntryPoint\",\"urlTemplate\":\"https:\/\/www.sindmoveis.com.br\/es\/?s={search_term_string}\"},\"query-input\":{\"@type\":\"PropertyValueSpecification\",\"valueRequired\":true,\"valueName\":\"search_term_string\"}}],\"inLanguage\":\"es\"},{\"@type\":\"Person\",\"@id\":\"https:\/\/www.sindmoveis.com.br\/es\/#\/schema\/person\/16d379542db1950a17fe188179340d57\",\"name\":\"Imprensa Sindm\u00f3veis\",\"image\":{\"@type\":\"ImageObject\",\"inLanguage\":\"es\",\"@id\":\"https:\/\/www.sindmoveis.com.br\/es\/#\/schema\/person\/image\/\",\"url\":\"https:\/\/secure.gravatar.com\/avatar\/4973e2e2c2a0cb5db30b0c7b770041b8e33d048a16b695a1f99c042449d4bfaf?s=96&d=mm&r=g\",\"contentUrl\":\"https:\/\/secure.gravatar.com\/avatar\/4973e2e2c2a0cb5db30b0c7b770041b8e33d048a16b695a1f99c042449d4bfaf?s=96&d=mm&r=g\",\"caption\":\"Imprensa Sindm\u00f3veis\"},\"url\":\"https:\/\/www.sindmoveis.com.br\/es\/author\/ana\/\"}]}<\/script>\n<!-- \/ Yoast SEO plugin. -->","yoast_head_json":{"title":"Movelsul Brasil inicia su 20\u00aa edici\u00f3n - Sindm\u00f3veis-RS","robots":{"index":"index","follow":"follow","max-snippet":"max-snippet:-1","max-image-preview":"max-image-preview:large","max-video-preview":"max-video-preview:-1"},"canonical":"https:\/\/www.sindmoveis.com.br\/es\/movelsul-brasil-inicia-sua-20a-edicao\/","og_locale":"es_ES","og_type":"article","og_title":"Movelsul Brasil inicia su 20\u00aa edici\u00f3n - Sindm\u00f3veis-RS","og_description":"Hasta viernes, 18, Parque de Eventos de Bento Gon\u00e7alves recibe 238 expositores de muebles y complementos.","og_url":"https:\/\/www.sindmoveis.com.br\/es\/movelsul-brasil-inicia-sua-20a-edicao\/","og_site_name":"Sindm\u00f3veis-RS","article_published_time":"2016-03-14T03:00:00+00:00","article_modified_time":"2021-05-26T13:31:43+00:00","og_image":[{"width":945,"height":624,"url":"https:\/\/www.sindmoveis.com.br\/es\/wp-content\/uploads\/2021\/05\/p1457984128.jpg","type":"image\/jpeg"}],"author":"Imprensa Sindm\u00f3veis","twitter_card":"summary_large_image","twitter_misc":{"Escrito por":"Imprensa Sindm\u00f3veis","Tiempo de lectura":"4 minutos"},"schema":{"@context":"https:\/\/schema.org","@graph":[{"@type":"Article","@id":"https:\/\/www.sindmoveis.com.br\/es\/movelsul-brasil-inicia-sua-20a-edicao\/#article","isPartOf":{"@id":"https:\/\/www.sindmoveis.com.br\/es\/movelsul-brasil-inicia-sua-20a-edicao\/"},"author":{"name":"Imprensa Sindm\u00f3veis","@id":"https:\/\/www.sindmoveis.com.br\/es\/#\/schema\/person\/16d379542db1950a17fe188179340d57"},"headline":"Movelsul Brasil inicia su 20\u00aa edici\u00f3n","datePublished":"2016-03-14T03:00:00+00:00","dateModified":"2021-05-26T13:31:43+00:00","mainEntityOfPage":{"@id":"https:\/\/www.sindmoveis.com.br\/es\/movelsul-brasil-inicia-sua-20a-edicao\/"},"wordCount":743,"image":{"@id":"https:\/\/www.sindmoveis.com.br\/es\/movelsul-brasil-inicia-sua-20a-edicao\/#primaryimage"},"thumbnailUrl":"https:\/\/www.sindmoveis.com.br\/es\/wp-content\/uploads\/2021\/05\/p1457984128.jpg","articleSection":["Movelsul","Sindm\u00f3veis"],"inLanguage":"es"},{"@type":"WebPage","@id":"https:\/\/www.sindmoveis.com.br\/es\/movelsul-brasil-inicia-sua-20a-edicao\/","url":"https:\/\/www.sindmoveis.com.br\/es\/movelsul-brasil-inicia-sua-20a-edicao\/","name":"Movelsul Brasil inicia su 20\u00aa edici\u00f3n - Sindm\u00f3veis-RS","isPartOf":{"@id":"https:\/\/www.sindmoveis.com.br\/es\/#website"},"primaryImageOfPage":{"@id":"https:\/\/www.sindmoveis.com.br\/es\/movelsul-brasil-inicia-sua-20a-edicao\/#primaryimage"},"image":{"@id":"https:\/\/www.sindmoveis.com.br\/es\/movelsul-brasil-inicia-sua-20a-edicao\/#primaryimage"},"thumbnailUrl":"https:\/\/www.sindmoveis.com.br\/es\/wp-content\/uploads\/2021\/05\/p1457984128.jpg","datePublished":"2016-03-14T03:00:00+00:00","dateModified":"2021-05-26T13:31:43+00:00","author":{"@id":"https:\/\/www.sindmoveis.com.br\/es\/#\/schema\/person\/16d379542db1950a17fe188179340d57"},"inLanguage":"es","potentialAction":[{"@type":"ReadAction","target":["https:\/\/www.sindmoveis.com.br\/es\/movelsul-brasil-inicia-sua-20a-edicao\/"]}]},{"@type":"ImageObject","inLanguage":"es","@id":"https:\/\/www.sindmoveis.com.br\/es\/movelsul-brasil-inicia-sua-20a-edicao\/#primaryimage","url":"https:\/\/www.sindmoveis.com.br\/es\/wp-content\/uploads\/2021\/05\/p1457984128.jpg","contentUrl":"https:\/\/www.sindmoveis.com.br\/es\/wp-content\/uploads\/2021\/05\/p1457984128.jpg","width":945,"height":624},{"@type":"WebSite","@id":"https:\/\/www.sindmoveis.com.br\/es\/#website","url":"https:\/\/www.sindmoveis.com.br\/es\/","name":"Sindm\u00f3veis-RS","description":"","potentialAction":[{"@type":"SearchAction","target":{"@type":"EntryPoint","urlTemplate":"https:\/\/www.sindmoveis.com.br\/es\/?s={search_term_string}"},"query-input":{"@type":"PropertyValueSpecification","valueRequired":true,"valueName":"search_term_string"}}],"inLanguage":"es"},{"@type":"Person","@id":"https:\/\/www.sindmoveis.com.br\/es\/#\/schema\/person\/16d379542db1950a17fe188179340d57","name":"Imprensa Sindm\u00f3veis","image":{"@type":"ImageObject","inLanguage":"es","@id":"https:\/\/www.sindmoveis.com.br\/es\/#\/schema\/person\/image\/","url":"https:\/\/secure.gravatar.com\/avatar\/4973e2e2c2a0cb5db30b0c7b770041b8e33d048a16b695a1f99c042449d4bfaf?s=96&d=mm&r=g","contentUrl":"https:\/\/secure.gravatar.com\/avatar\/4973e2e2c2a0cb5db30b0c7b770041b8e33d048a16b695a1f99c042449d4bfaf?s=96&d=mm&r=g","caption":"Imprensa Sindm\u00f3veis"},"url":"https:\/\/www.sindmoveis.com.br\/es\/author\/ana\/"}]}},"_links":{"self":[{"href":"https:\/\/www.sindmoveis.com.br\/es\/wp-json\/wp\/v2\/posts\/1222","targetHints":{"allow":["GET"]}}],"collection":[{"href":"https:\/\/www.sindmoveis.com.br\/es\/wp-json\/wp\/v2\/posts"}],"about":[{"href":"https:\/\/www.sindmoveis.com.br\/es\/wp-json\/wp\/v2\/types\/post"}],"author":[{"embeddable":true,"href":"https:\/\/www.sindmoveis.com.br\/es\/wp-json\/wp\/v2\/users\/5"}],"replies":[{"embeddable":true,"href":"https:\/\/www.sindmoveis.com.br\/es\/wp-json\/wp\/v2\/comments?post=1222"}],"version-history":[{"count":2,"href":"https:\/\/www.sindmoveis.com.br\/es\/wp-json\/wp\/v2\/posts\/1222\/revisions"}],"predecessor-version":[{"id":3558,"href":"https:\/\/www.sindmoveis.com.br\/es\/wp-json\/wp\/v2\/posts\/1222\/revisions\/3558"}],"wp:featuredmedia":[{"embeddable":true,"href":"https:\/\/www.sindmoveis.com.br\/es\/wp-json\/wp\/v2\/media\/3559"}],"wp:attachment":[{"href":"https:\/\/www.sindmoveis.com.br\/es\/wp-json\/wp\/v2\/media?parent=1222"}],"wp:term":[{"taxonomy":"category","embeddable":true,"href":"https:\/\/www.sindmoveis.com.br\/es\/wp-json\/wp\/v2\/categories?post=1222"},{"taxonomy":"post_tag","embeddable":true,"href":"https:\/\/www.sindmoveis.com.br\/es\/wp-json\/wp\/v2\/tags?post=1222"}],"curies":[{"name":"wp","href":"https:\/\/api.w.org\/{rel}","templated":true}]}}