{"id":1219,"date":"2016-03-10T00:00:00","date_gmt":"2016-03-10T03:00:00","guid":{"rendered":"http:\/\/sindmoveis.com.br\/imprensa\/noticias\/movelsul-brasil-2016-projeto-comprador-tem-recorde-de-empresas-inscritas\/"},"modified":"2021-05-26T10:31:43","modified_gmt":"2021-05-26T13:31:43","slug":"movelsul-brasil-2016-projeto-comprador-tem-recorde-de-empresas-inscritas","status":"publish","type":"post","link":"https:\/\/www.sindmoveis.com.br\/es\/movelsul-brasil-2016-projeto-comprador-tem-recorde-de-empresas-inscritas\/","title":{"rendered":"Movelsul Brasil 2016: Projeto Comprador tiene r\u00e9cord de empresas inscritas"},"content":{"rendered":"<p>Con 120 empresas brasile&ntilde;as inscritas para rondas de negocios,&nbsp; Movelsul Brasil 2016 tendr&aacute; la mayor edici&oacute;n de Proyecto Comprador de su historia. Los revendedores y distribuidores extranjeros invitados vienen de 14 pa&iacute;ses con potencial para la importaci&oacute;n de muebles brasile&ntilde;os: Argentina, Bulgaria, Catar, Chile, Colombia, Costa Rica, Estados Unidos, Francia, Marruecos, M&eacute;xico, Mozambique, Panam&aacute;, Paraguay y San Mart&iacute;n. El proyecto tiene apoyo de la Agencia Brasile&ntilde;a de Promoci&oacute;n de Exportaciones e Inversiones (Apex-Brasil) y es realizado desde&nbsp; Movelsul Brasil 2000.<\/p>\n<p>El Proyecto Comprador mantiene en esta edici&oacute;n el formato de reuniones en los propios stands, dando oportunidad a las empresas brasile&ntilde;as una presentaci&oacute;n m&aacute;s completa de sus productos. La mayor parte de los pa&iacute;ses invitados para las rondas hace o ya hizo negocios con&nbsp; Brasil en alg&uacute;n momento. Sin embargo, hay mercados que no importan muebles brasile&ntilde;os usualmente, como Bulgaria y Marruecos &ndash; estrategia adoptada para la diversificaci&oacute;n de mercados y clientes. Cada importador invitado importa alrededor de US$ 1,2 millones anualmente.<\/p>\n<p>El presidente de Sindm&oacute;veis, Henrique Tecchio, puntualiza que la integraci&oacute;n con el mercado internacional es esencial para la sostenibilidad de los negocios, adem&aacute;s del aumento de competitividad y consiguiente desarrollo del sector. Seg&uacute;n Tecchio, el tama&ntilde;o del mercado internacional y el potencial de la industria del mobiliario, justifican&nbsp; de manera inequ&iacute;voca la inversi&oacute;n en las exportaciones y negocios internacionales. &ldquo;Con relaci&oacute;n a la importaci&oacute;n mundial de muebles, de un valor de aproximadamente U$ 160.000 millones,&nbsp; Brasil detiene menos de 0,5% de ese mercado. Existe un gran potencial y las exportaciones brasile&ntilde;as todav&iacute;a tienen mucho espacio para crecer&rdquo;, estima.<\/p>\n<p>El gerente de Exportaciones de la expositora Santos Andir&aacute;, Rodney Silva, considera que esa es una relevante herramienta para las empresas que tienen intenci&oacute;n de iniciar sus exportaciones o aumentar el portafolio de clientes internacionales. &Eacute;l destaca que la representatividad de las exportaciones dentro de las empresas posibilita la competencia con empresas de diferentes portes y clientes con diferentes perfiles, incentivando mejor&iacute;as de calidad y perfeccionamiento de los productos. &ldquo;En nuestro caso, los roperos tienen gran representatividad en las exportaciones. Para la feria, inversi&oacute;n en una l&iacute;nea nueva y bien actualizada, con nuevas texturas y colores &ndash; es&nbsp;lo principal, con&nbsp;ofertas de precios muy atractivas&rdquo;.<\/p>\n<p>Otros proyectos realizados por la feria en esta edici&oacute;n son la muestra de productos del Premio Sal&atilde;o Design y el Gran Prix Senai de Innovaci&oacute;n, una competici&oacute;n entre equipos multidisciplinares focalizados en la soluci&oacute;n de problemas espec&iacute;ficos de la industria. Al todo, estar&aacute;n presentes en la feria 200 empresas de los segmentos de oficina, cocina, dormitorios, &aacute;rea de servicio\/ lavadero, ba&ntilde;o, muebles para jard&iacute;n, electrodom&eacute;sticos, comedores de diario, juegos de comedor y de salas de estar, alfombras, muebles tapizados y colchones. Son esperados 30 mil visitantes y una generaci&oacute;n de U$ 300 millones en negocios en un horizonte de 12 meses. Con patrocinio de Duratex, Renner Sayerlack y Banrisul,&nbsp; Movelsul Brasil es la mayor feria de muebles de Am&eacute;rica Latina para profesionales vinculados al sector del mobiliario y construcci&oacute;n. Su 20&ordf; edici&oacute;n ocurre de 14 a 18 de marzo, en el Parque de Eventos de Bento Gon&ccedil;alves. Para m&aacute;s informaciones, acceda a <a href=\"http:\/\/www.movelsul.com.br\/\">www.movelsul.com.br<\/a>.<\/p>\n<p><strong>Servicio<\/strong><\/p>\n<p><strong>Movelsul Brasil 2016<\/strong><\/p>\n<p><strong>Qu&eacute;<\/strong>: Feria de muebles y complementos para el revendedor&nbsp; y especificador<\/p>\n<p><strong>Cu&aacute;ndo<\/strong>: de 14 a 18 de marzo de 2016, de las 12h a las 20h<\/p>\n<p><strong>D&oacute;nde<\/strong>: Parque de Eventos de Bento Gon&ccedil;alves<\/p>\n<p>Entrada gratuita mediante acreditaci&oacute;n. Abierto apenas al p&uacute;blico profesional (revendedores, representantes, arquitectos, dise&ntilde;adores, decoradores, importadores, profesionales de la construcci&oacute;n civil y prensa)<\/p>\n<p><strong>Informaciones<\/strong>: www.movelsul.com.br<\/p>\n","protected":false},"excerpt":{"rendered":"<p>Ser\u00e1n 30 importadores y 120 industrias brasile\u00f1as de muebles negociando exportaciones en los cinco d\u00edas de la feria.<\/p>\n","protected":false},"author":5,"featured_media":3557,"comment_status":"closed","ping_status":"open","sticky":false,"template":"","format":"standard","meta":{"footnotes":"","_links_to":"","_links_to_target":""},"categories":[23,2],"tags":[],"class_list":["post-1219","post","type-post","status-publish","format-standard","has-post-thumbnail","hentry","category-movelsul","category-sindmoveis"],"yoast_head":"<!-- This site is optimized with the Yoast SEO plugin v27.0 - https:\/\/yoast.com\/product\/yoast-seo-wordpress\/ -->\n<title>Movelsul Brasil 2016: Projeto Comprador tiene r\u00e9cord de empresas inscritas - Sindm\u00f3veis-RS<\/title>\n<meta name=\"robots\" content=\"index, follow, max-snippet:-1, max-image-preview:large, max-video-preview:-1\" \/>\n<link rel=\"canonical\" href=\"https:\/\/www.sindmoveis.com.br\/es\/movelsul-brasil-2016-projeto-comprador-tem-recorde-de-empresas-inscritas\/\" \/>\n<meta property=\"og:locale\" content=\"es_ES\" \/>\n<meta property=\"og:type\" content=\"article\" \/>\n<meta property=\"og:title\" content=\"Movelsul Brasil 2016: Projeto Comprador tiene r\u00e9cord de empresas inscritas - Sindm\u00f3veis-RS\" \/>\n<meta property=\"og:description\" content=\"Ser\u00e1n 30 importadores y 120 industrias brasile\u00f1as de muebles negociando exportaciones en los cinco d\u00edas de la feria.\" \/>\n<meta property=\"og:url\" content=\"https:\/\/www.sindmoveis.com.br\/es\/movelsul-brasil-2016-projeto-comprador-tem-recorde-de-empresas-inscritas\/\" \/>\n<meta property=\"og:site_name\" content=\"Sindm\u00f3veis-RS\" \/>\n<meta property=\"article:published_time\" content=\"2016-03-10T03:00:00+00:00\" \/>\n<meta property=\"article:modified_time\" content=\"2021-05-26T13:31:43+00:00\" \/>\n<meta property=\"og:image\" content=\"https:\/\/www.sindmoveis.com.br\/es\/wp-content\/uploads\/2021\/05\/p1457620798.jpg\" \/>\n\t<meta property=\"og:image:width\" content=\"1000\" \/>\n\t<meta property=\"og:image:height\" content=\"667\" \/>\n\t<meta property=\"og:image:type\" content=\"image\/jpeg\" \/>\n<meta name=\"author\" content=\"Imprensa Sindm\u00f3veis\" \/>\n<meta name=\"twitter:card\" content=\"summary_large_image\" \/>\n<meta name=\"twitter:label1\" content=\"Escrito por\" \/>\n\t<meta name=\"twitter:data1\" content=\"Imprensa Sindm\u00f3veis\" \/>\n\t<meta name=\"twitter:label2\" content=\"Tiempo de lectura\" \/>\n\t<meta name=\"twitter:data2\" content=\"3 minutos\" \/>\n<script type=\"application\/ld+json\" class=\"yoast-schema-graph\">{\"@context\":\"https:\/\/schema.org\",\"@graph\":[{\"@type\":\"Article\",\"@id\":\"https:\/\/www.sindmoveis.com.br\/es\/movelsul-brasil-2016-projeto-comprador-tem-recorde-de-empresas-inscritas\/#article\",\"isPartOf\":{\"@id\":\"https:\/\/www.sindmoveis.com.br\/es\/movelsul-brasil-2016-projeto-comprador-tem-recorde-de-empresas-inscritas\/\"},\"author\":{\"name\":\"Imprensa Sindm\u00f3veis\",\"@id\":\"https:\/\/www.sindmoveis.com.br\/es\/#\/schema\/person\/16d379542db1950a17fe188179340d57\"},\"headline\":\"Movelsul Brasil 2016: Projeto Comprador tiene r\u00e9cord de empresas inscritas\",\"datePublished\":\"2016-03-10T03:00:00+00:00\",\"dateModified\":\"2021-05-26T13:31:43+00:00\",\"mainEntityOfPage\":{\"@id\":\"https:\/\/www.sindmoveis.com.br\/es\/movelsul-brasil-2016-projeto-comprador-tem-recorde-de-empresas-inscritas\/\"},\"wordCount\":708,\"image\":{\"@id\":\"https:\/\/www.sindmoveis.com.br\/es\/movelsul-brasil-2016-projeto-comprador-tem-recorde-de-empresas-inscritas\/#primaryimage\"},\"thumbnailUrl\":\"https:\/\/www.sindmoveis.com.br\/es\/wp-content\/uploads\/2021\/05\/p1457620798.jpg\",\"articleSection\":[\"Movelsul\",\"Sindm\u00f3veis\"],\"inLanguage\":\"es\"},{\"@type\":\"WebPage\",\"@id\":\"https:\/\/www.sindmoveis.com.br\/es\/movelsul-brasil-2016-projeto-comprador-tem-recorde-de-empresas-inscritas\/\",\"url\":\"https:\/\/www.sindmoveis.com.br\/es\/movelsul-brasil-2016-projeto-comprador-tem-recorde-de-empresas-inscritas\/\",\"name\":\"Movelsul Brasil 2016: Projeto Comprador tiene r\u00e9cord de empresas inscritas - Sindm\u00f3veis-RS\",\"isPartOf\":{\"@id\":\"https:\/\/www.sindmoveis.com.br\/es\/#website\"},\"primaryImageOfPage\":{\"@id\":\"https:\/\/www.sindmoveis.com.br\/es\/movelsul-brasil-2016-projeto-comprador-tem-recorde-de-empresas-inscritas\/#primaryimage\"},\"image\":{\"@id\":\"https:\/\/www.sindmoveis.com.br\/es\/movelsul-brasil-2016-projeto-comprador-tem-recorde-de-empresas-inscritas\/#primaryimage\"},\"thumbnailUrl\":\"https:\/\/www.sindmoveis.com.br\/es\/wp-content\/uploads\/2021\/05\/p1457620798.jpg\",\"datePublished\":\"2016-03-10T03:00:00+00:00\",\"dateModified\":\"2021-05-26T13:31:43+00:00\",\"author\":{\"@id\":\"https:\/\/www.sindmoveis.com.br\/es\/#\/schema\/person\/16d379542db1950a17fe188179340d57\"},\"inLanguage\":\"es\",\"potentialAction\":[{\"@type\":\"ReadAction\",\"target\":[\"https:\/\/www.sindmoveis.com.br\/es\/movelsul-brasil-2016-projeto-comprador-tem-recorde-de-empresas-inscritas\/\"]}]},{\"@type\":\"ImageObject\",\"inLanguage\":\"es\",\"@id\":\"https:\/\/www.sindmoveis.com.br\/es\/movelsul-brasil-2016-projeto-comprador-tem-recorde-de-empresas-inscritas\/#primaryimage\",\"url\":\"https:\/\/www.sindmoveis.com.br\/es\/wp-content\/uploads\/2021\/05\/p1457620798.jpg\",\"contentUrl\":\"https:\/\/www.sindmoveis.com.br\/es\/wp-content\/uploads\/2021\/05\/p1457620798.jpg\",\"width\":1000,\"height\":667},{\"@type\":\"WebSite\",\"@id\":\"https:\/\/www.sindmoveis.com.br\/es\/#website\",\"url\":\"https:\/\/www.sindmoveis.com.br\/es\/\",\"name\":\"Sindm\u00f3veis-RS\",\"description\":\"\",\"potentialAction\":[{\"@type\":\"SearchAction\",\"target\":{\"@type\":\"EntryPoint\",\"urlTemplate\":\"https:\/\/www.sindmoveis.com.br\/es\/?s={search_term_string}\"},\"query-input\":{\"@type\":\"PropertyValueSpecification\",\"valueRequired\":true,\"valueName\":\"search_term_string\"}}],\"inLanguage\":\"es\"},{\"@type\":\"Person\",\"@id\":\"https:\/\/www.sindmoveis.com.br\/es\/#\/schema\/person\/16d379542db1950a17fe188179340d57\",\"name\":\"Imprensa Sindm\u00f3veis\",\"image\":{\"@type\":\"ImageObject\",\"inLanguage\":\"es\",\"@id\":\"https:\/\/www.sindmoveis.com.br\/es\/#\/schema\/person\/image\/\",\"url\":\"https:\/\/secure.gravatar.com\/avatar\/4973e2e2c2a0cb5db30b0c7b770041b8e33d048a16b695a1f99c042449d4bfaf?s=96&d=mm&r=g\",\"contentUrl\":\"https:\/\/secure.gravatar.com\/avatar\/4973e2e2c2a0cb5db30b0c7b770041b8e33d048a16b695a1f99c042449d4bfaf?s=96&d=mm&r=g\",\"caption\":\"Imprensa Sindm\u00f3veis\"},\"url\":\"https:\/\/www.sindmoveis.com.br\/es\/author\/ana\/\"}]}<\/script>\n<!-- \/ Yoast SEO plugin. -->","yoast_head_json":{"title":"Movelsul Brasil 2016: Projeto Comprador tiene r\u00e9cord de empresas inscritas - Sindm\u00f3veis-RS","robots":{"index":"index","follow":"follow","max-snippet":"max-snippet:-1","max-image-preview":"max-image-preview:large","max-video-preview":"max-video-preview:-1"},"canonical":"https:\/\/www.sindmoveis.com.br\/es\/movelsul-brasil-2016-projeto-comprador-tem-recorde-de-empresas-inscritas\/","og_locale":"es_ES","og_type":"article","og_title":"Movelsul Brasil 2016: Projeto Comprador tiene r\u00e9cord de empresas inscritas - Sindm\u00f3veis-RS","og_description":"Ser\u00e1n 30 importadores y 120 industrias brasile\u00f1as de muebles negociando exportaciones en los cinco d\u00edas de la feria.","og_url":"https:\/\/www.sindmoveis.com.br\/es\/movelsul-brasil-2016-projeto-comprador-tem-recorde-de-empresas-inscritas\/","og_site_name":"Sindm\u00f3veis-RS","article_published_time":"2016-03-10T03:00:00+00:00","article_modified_time":"2021-05-26T13:31:43+00:00","og_image":[{"width":1000,"height":667,"url":"https:\/\/www.sindmoveis.com.br\/es\/wp-content\/uploads\/2021\/05\/p1457620798.jpg","type":"image\/jpeg"}],"author":"Imprensa Sindm\u00f3veis","twitter_card":"summary_large_image","twitter_misc":{"Escrito por":"Imprensa Sindm\u00f3veis","Tiempo de lectura":"3 minutos"},"schema":{"@context":"https:\/\/schema.org","@graph":[{"@type":"Article","@id":"https:\/\/www.sindmoveis.com.br\/es\/movelsul-brasil-2016-projeto-comprador-tem-recorde-de-empresas-inscritas\/#article","isPartOf":{"@id":"https:\/\/www.sindmoveis.com.br\/es\/movelsul-brasil-2016-projeto-comprador-tem-recorde-de-empresas-inscritas\/"},"author":{"name":"Imprensa Sindm\u00f3veis","@id":"https:\/\/www.sindmoveis.com.br\/es\/#\/schema\/person\/16d379542db1950a17fe188179340d57"},"headline":"Movelsul Brasil 2016: Projeto Comprador tiene r\u00e9cord de empresas inscritas","datePublished":"2016-03-10T03:00:00+00:00","dateModified":"2021-05-26T13:31:43+00:00","mainEntityOfPage":{"@id":"https:\/\/www.sindmoveis.com.br\/es\/movelsul-brasil-2016-projeto-comprador-tem-recorde-de-empresas-inscritas\/"},"wordCount":708,"image":{"@id":"https:\/\/www.sindmoveis.com.br\/es\/movelsul-brasil-2016-projeto-comprador-tem-recorde-de-empresas-inscritas\/#primaryimage"},"thumbnailUrl":"https:\/\/www.sindmoveis.com.br\/es\/wp-content\/uploads\/2021\/05\/p1457620798.jpg","articleSection":["Movelsul","Sindm\u00f3veis"],"inLanguage":"es"},{"@type":"WebPage","@id":"https:\/\/www.sindmoveis.com.br\/es\/movelsul-brasil-2016-projeto-comprador-tem-recorde-de-empresas-inscritas\/","url":"https:\/\/www.sindmoveis.com.br\/es\/movelsul-brasil-2016-projeto-comprador-tem-recorde-de-empresas-inscritas\/","name":"Movelsul Brasil 2016: Projeto Comprador tiene r\u00e9cord de empresas inscritas - Sindm\u00f3veis-RS","isPartOf":{"@id":"https:\/\/www.sindmoveis.com.br\/es\/#website"},"primaryImageOfPage":{"@id":"https:\/\/www.sindmoveis.com.br\/es\/movelsul-brasil-2016-projeto-comprador-tem-recorde-de-empresas-inscritas\/#primaryimage"},"image":{"@id":"https:\/\/www.sindmoveis.com.br\/es\/movelsul-brasil-2016-projeto-comprador-tem-recorde-de-empresas-inscritas\/#primaryimage"},"thumbnailUrl":"https:\/\/www.sindmoveis.com.br\/es\/wp-content\/uploads\/2021\/05\/p1457620798.jpg","datePublished":"2016-03-10T03:00:00+00:00","dateModified":"2021-05-26T13:31:43+00:00","author":{"@id":"https:\/\/www.sindmoveis.com.br\/es\/#\/schema\/person\/16d379542db1950a17fe188179340d57"},"inLanguage":"es","potentialAction":[{"@type":"ReadAction","target":["https:\/\/www.sindmoveis.com.br\/es\/movelsul-brasil-2016-projeto-comprador-tem-recorde-de-empresas-inscritas\/"]}]},{"@type":"ImageObject","inLanguage":"es","@id":"https:\/\/www.sindmoveis.com.br\/es\/movelsul-brasil-2016-projeto-comprador-tem-recorde-de-empresas-inscritas\/#primaryimage","url":"https:\/\/www.sindmoveis.com.br\/es\/wp-content\/uploads\/2021\/05\/p1457620798.jpg","contentUrl":"https:\/\/www.sindmoveis.com.br\/es\/wp-content\/uploads\/2021\/05\/p1457620798.jpg","width":1000,"height":667},{"@type":"WebSite","@id":"https:\/\/www.sindmoveis.com.br\/es\/#website","url":"https:\/\/www.sindmoveis.com.br\/es\/","name":"Sindm\u00f3veis-RS","description":"","potentialAction":[{"@type":"SearchAction","target":{"@type":"EntryPoint","urlTemplate":"https:\/\/www.sindmoveis.com.br\/es\/?s={search_term_string}"},"query-input":{"@type":"PropertyValueSpecification","valueRequired":true,"valueName":"search_term_string"}}],"inLanguage":"es"},{"@type":"Person","@id":"https:\/\/www.sindmoveis.com.br\/es\/#\/schema\/person\/16d379542db1950a17fe188179340d57","name":"Imprensa Sindm\u00f3veis","image":{"@type":"ImageObject","inLanguage":"es","@id":"https:\/\/www.sindmoveis.com.br\/es\/#\/schema\/person\/image\/","url":"https:\/\/secure.gravatar.com\/avatar\/4973e2e2c2a0cb5db30b0c7b770041b8e33d048a16b695a1f99c042449d4bfaf?s=96&d=mm&r=g","contentUrl":"https:\/\/secure.gravatar.com\/avatar\/4973e2e2c2a0cb5db30b0c7b770041b8e33d048a16b695a1f99c042449d4bfaf?s=96&d=mm&r=g","caption":"Imprensa Sindm\u00f3veis"},"url":"https:\/\/www.sindmoveis.com.br\/es\/author\/ana\/"}]}},"_links":{"self":[{"href":"https:\/\/www.sindmoveis.com.br\/es\/wp-json\/wp\/v2\/posts\/1219","targetHints":{"allow":["GET"]}}],"collection":[{"href":"https:\/\/www.sindmoveis.com.br\/es\/wp-json\/wp\/v2\/posts"}],"about":[{"href":"https:\/\/www.sindmoveis.com.br\/es\/wp-json\/wp\/v2\/types\/post"}],"author":[{"embeddable":true,"href":"https:\/\/www.sindmoveis.com.br\/es\/wp-json\/wp\/v2\/users\/5"}],"replies":[{"embeddable":true,"href":"https:\/\/www.sindmoveis.com.br\/es\/wp-json\/wp\/v2\/comments?post=1219"}],"version-history":[{"count":2,"href":"https:\/\/www.sindmoveis.com.br\/es\/wp-json\/wp\/v2\/posts\/1219\/revisions"}],"predecessor-version":[{"id":3556,"href":"https:\/\/www.sindmoveis.com.br\/es\/wp-json\/wp\/v2\/posts\/1219\/revisions\/3556"}],"wp:featuredmedia":[{"embeddable":true,"href":"https:\/\/www.sindmoveis.com.br\/es\/wp-json\/wp\/v2\/media\/3557"}],"wp:attachment":[{"href":"https:\/\/www.sindmoveis.com.br\/es\/wp-json\/wp\/v2\/media?parent=1219"}],"wp:term":[{"taxonomy":"category","embeddable":true,"href":"https:\/\/www.sindmoveis.com.br\/es\/wp-json\/wp\/v2\/categories?post=1219"},{"taxonomy":"post_tag","embeddable":true,"href":"https:\/\/www.sindmoveis.com.br\/es\/wp-json\/wp\/v2\/tags?post=1219"}],"curies":[{"name":"wp","href":"https:\/\/api.w.org\/{rel}","templated":true}]}}