{"id":1216,"date":"2016-02-15T00:00:00","date_gmt":"2016-02-15T02:00:00","guid":{"rendered":"http:\/\/sindmoveis.com.br\/imprensa\/noticias\/movelsul-brasil-tem-agenda-de-divulgacao-na-expo-mueble-guadalajara\/"},"modified":"2021-05-26T10:31:43","modified_gmt":"2021-05-26T13:31:43","slug":"movelsul-brasil-tem-agenda-de-divulgacao-na-expo-mueble-guadalajara","status":"publish","type":"post","link":"https:\/\/www.sindmoveis.com.br\/es\/movelsul-brasil-tem-agenda-de-divulgacao-na-expo-mueble-guadalajara\/","title":{"rendered":"Movelsul Brasil tiene agenda de divulgaci\u00f3n en Expo Mueble Guadalajara"},"content":{"rendered":"<p>A menos de un mes de su 20&ordf; edici&oacute;n, Movelsul Brasil da continuidad a la agenda de divulgaci&oacute;n internacional con la participaci&oacute;n en la 35&ordf; edici&oacute;n de Expo Mueble Internacional Invierno, que ocurre de 17 a 20 de febrero, en la ciudad mexicana de Guadalajara. Esa es la mayor feria de muebles del pa&iacute;s y se realiza dos veces al a&ntilde;o, contando con la participaci&oacute;n de Movelsul siempre en su edici&oacute;n de febrero.<\/p>\n<p>La importaci&oacute;n mexicana de muebles de madera, pl&aacute;stico, metales y otros materiales diversos, excluy&eacute;ndose asientos y colchones, fue de U$ 688 millones en 2014. El crecimiento es de 12% frente al mismo periodo del a&ntilde;o anterior y Brasil detiene aproximadamente 0,5% de ese mercado. La divulgaci&oacute;n de Movelsul Brasil en el evento tiene como intuito la atracci&oacute;n de importadores para la feria brasile&ntilde;a.<\/p>\n<p>Adem&aacute;s de la atracci&oacute;n de visitantes extranjeros para la feria a partir de su divulgaci&oacute;n internacional, Movelsul Brasil promueve, desde el a&ntilde;o 2000, el proyecto Comprador, que costea la venida de importadores para rondas de negocios con empresas expositoras. La iniciativa de Sindm&oacute;veis Bento Gon&ccedil;alves en asociaci&oacute;n con Apex-Brasil gener&oacute; m&aacute;s de U$ 35 millones en exportaciones en la &uacute;ltima edici&oacute;n.<\/p>\n<p>Para este a&ntilde;o, hasta el momento, fueron invitados 30 importadores de 16 pa&iacute;ses: Argelia, Argentina, Bulgaria, Catar, Chile, Colombia, Curazao, Egipto, Ecuador, Estados Unidos, Francia, Honduras, Marruecos, Mozambique, Panam&aacute; y Per&uacute;. Movelsul Brasil ocurre de 14 a 18 de marzo, en el Parque de Eventos de Bento Gon&ccedil;alves. Para m&aacute;s informaciones, acceda a <a href=\"http:\/\/www.movelsul.com.br\/\">www.movelsul.com.br<\/a><\/p>\n","protected":false},"excerpt":{"rendered":"<p>Esa es la m\u00e1s grande feria de muebles del pa\u00eds y ocurre dos veces al a\u00f1o, contando con la participaci\u00f3n de Movelsul siempre en su edici\u00f3n de febrero.<\/p>\n","protected":false},"author":5,"featured_media":3551,"comment_status":"closed","ping_status":"open","sticky":false,"template":"","format":"standard","meta":{"footnotes":"","_links_to":"","_links_to_target":""},"categories":[23,2],"tags":[],"class_list":["post-1216","post","type-post","status-publish","format-standard","has-post-thumbnail","hentry","category-movelsul","category-sindmoveis"],"yoast_head":"<!-- This site is optimized with the Yoast SEO plugin v27.0 - https:\/\/yoast.com\/product\/yoast-seo-wordpress\/ -->\n<title>Movelsul Brasil tiene agenda de divulgaci\u00f3n en Expo Mueble Guadalajara - Sindm\u00f3veis-RS<\/title>\n<meta name=\"robots\" content=\"index, follow, max-snippet:-1, max-image-preview:large, max-video-preview:-1\" \/>\n<link rel=\"canonical\" href=\"https:\/\/www.sindmoveis.com.br\/es\/movelsul-brasil-tem-agenda-de-divulgacao-na-expo-mueble-guadalajara\/\" \/>\n<meta property=\"og:locale\" content=\"es_ES\" \/>\n<meta property=\"og:type\" content=\"article\" \/>\n<meta property=\"og:title\" content=\"Movelsul Brasil tiene agenda de divulgaci\u00f3n en Expo Mueble Guadalajara - Sindm\u00f3veis-RS\" \/>\n<meta property=\"og:description\" content=\"Esa es la m\u00e1s grande feria de muebles del pa\u00eds y ocurre dos veces al a\u00f1o, contando con la participaci\u00f3n de Movelsul siempre en su edici\u00f3n de febrero.\" \/>\n<meta property=\"og:url\" content=\"https:\/\/www.sindmoveis.com.br\/es\/movelsul-brasil-tem-agenda-de-divulgacao-na-expo-mueble-guadalajara\/\" \/>\n<meta property=\"og:site_name\" content=\"Sindm\u00f3veis-RS\" \/>\n<meta property=\"article:published_time\" content=\"2016-02-15T02:00:00+00:00\" \/>\n<meta property=\"article:modified_time\" content=\"2021-05-26T13:31:43+00:00\" \/>\n<meta property=\"og:image\" content=\"https:\/\/www.sindmoveis.com.br\/es\/wp-content\/uploads\/2021\/05\/p1455559084.jpg\" \/>\n\t<meta property=\"og:image:width\" content=\"1034\" \/>\n\t<meta property=\"og:image:height\" content=\"530\" \/>\n\t<meta property=\"og:image:type\" content=\"image\/jpeg\" \/>\n<meta name=\"author\" content=\"Imprensa Sindm\u00f3veis\" \/>\n<meta name=\"twitter:card\" content=\"summary_large_image\" \/>\n<meta name=\"twitter:label1\" content=\"Escrito por\" \/>\n\t<meta name=\"twitter:data1\" content=\"Imprensa Sindm\u00f3veis\" \/>\n\t<meta name=\"twitter:label2\" content=\"Tiempo de lectura\" \/>\n\t<meta name=\"twitter:data2\" content=\"2 minutos\" \/>\n<script type=\"application\/ld+json\" class=\"yoast-schema-graph\">{\"@context\":\"https:\/\/schema.org\",\"@graph\":[{\"@type\":\"Article\",\"@id\":\"https:\/\/www.sindmoveis.com.br\/es\/movelsul-brasil-tem-agenda-de-divulgacao-na-expo-mueble-guadalajara\/#article\",\"isPartOf\":{\"@id\":\"https:\/\/www.sindmoveis.com.br\/es\/movelsul-brasil-tem-agenda-de-divulgacao-na-expo-mueble-guadalajara\/\"},\"author\":{\"name\":\"Imprensa Sindm\u00f3veis\",\"@id\":\"https:\/\/www.sindmoveis.com.br\/es\/#\/schema\/person\/16d379542db1950a17fe188179340d57\"},\"headline\":\"Movelsul Brasil tiene agenda de divulgaci\u00f3n en Expo Mueble Guadalajara\",\"datePublished\":\"2016-02-15T02:00:00+00:00\",\"dateModified\":\"2021-05-26T13:31:43+00:00\",\"mainEntityOfPage\":{\"@id\":\"https:\/\/www.sindmoveis.com.br\/es\/movelsul-brasil-tem-agenda-de-divulgacao-na-expo-mueble-guadalajara\/\"},\"wordCount\":313,\"image\":{\"@id\":\"https:\/\/www.sindmoveis.com.br\/es\/movelsul-brasil-tem-agenda-de-divulgacao-na-expo-mueble-guadalajara\/#primaryimage\"},\"thumbnailUrl\":\"https:\/\/www.sindmoveis.com.br\/es\/wp-content\/uploads\/2021\/05\/p1455559084.jpg\",\"articleSection\":[\"Movelsul\",\"Sindm\u00f3veis\"],\"inLanguage\":\"es\"},{\"@type\":\"WebPage\",\"@id\":\"https:\/\/www.sindmoveis.com.br\/es\/movelsul-brasil-tem-agenda-de-divulgacao-na-expo-mueble-guadalajara\/\",\"url\":\"https:\/\/www.sindmoveis.com.br\/es\/movelsul-brasil-tem-agenda-de-divulgacao-na-expo-mueble-guadalajara\/\",\"name\":\"Movelsul Brasil tiene agenda de divulgaci\u00f3n en Expo Mueble Guadalajara - Sindm\u00f3veis-RS\",\"isPartOf\":{\"@id\":\"https:\/\/www.sindmoveis.com.br\/es\/#website\"},\"primaryImageOfPage\":{\"@id\":\"https:\/\/www.sindmoveis.com.br\/es\/movelsul-brasil-tem-agenda-de-divulgacao-na-expo-mueble-guadalajara\/#primaryimage\"},\"image\":{\"@id\":\"https:\/\/www.sindmoveis.com.br\/es\/movelsul-brasil-tem-agenda-de-divulgacao-na-expo-mueble-guadalajara\/#primaryimage\"},\"thumbnailUrl\":\"https:\/\/www.sindmoveis.com.br\/es\/wp-content\/uploads\/2021\/05\/p1455559084.jpg\",\"datePublished\":\"2016-02-15T02:00:00+00:00\",\"dateModified\":\"2021-05-26T13:31:43+00:00\",\"author\":{\"@id\":\"https:\/\/www.sindmoveis.com.br\/es\/#\/schema\/person\/16d379542db1950a17fe188179340d57\"},\"inLanguage\":\"es\",\"potentialAction\":[{\"@type\":\"ReadAction\",\"target\":[\"https:\/\/www.sindmoveis.com.br\/es\/movelsul-brasil-tem-agenda-de-divulgacao-na-expo-mueble-guadalajara\/\"]}]},{\"@type\":\"ImageObject\",\"inLanguage\":\"es\",\"@id\":\"https:\/\/www.sindmoveis.com.br\/es\/movelsul-brasil-tem-agenda-de-divulgacao-na-expo-mueble-guadalajara\/#primaryimage\",\"url\":\"https:\/\/www.sindmoveis.com.br\/es\/wp-content\/uploads\/2021\/05\/p1455559084.jpg\",\"contentUrl\":\"https:\/\/www.sindmoveis.com.br\/es\/wp-content\/uploads\/2021\/05\/p1455559084.jpg\",\"width\":1034,\"height\":530},{\"@type\":\"WebSite\",\"@id\":\"https:\/\/www.sindmoveis.com.br\/es\/#website\",\"url\":\"https:\/\/www.sindmoveis.com.br\/es\/\",\"name\":\"Sindm\u00f3veis-RS\",\"description\":\"\",\"potentialAction\":[{\"@type\":\"SearchAction\",\"target\":{\"@type\":\"EntryPoint\",\"urlTemplate\":\"https:\/\/www.sindmoveis.com.br\/es\/?s={search_term_string}\"},\"query-input\":{\"@type\":\"PropertyValueSpecification\",\"valueRequired\":true,\"valueName\":\"search_term_string\"}}],\"inLanguage\":\"es\"},{\"@type\":\"Person\",\"@id\":\"https:\/\/www.sindmoveis.com.br\/es\/#\/schema\/person\/16d379542db1950a17fe188179340d57\",\"name\":\"Imprensa Sindm\u00f3veis\",\"image\":{\"@type\":\"ImageObject\",\"inLanguage\":\"es\",\"@id\":\"https:\/\/www.sindmoveis.com.br\/es\/#\/schema\/person\/image\/\",\"url\":\"https:\/\/secure.gravatar.com\/avatar\/4973e2e2c2a0cb5db30b0c7b770041b8e33d048a16b695a1f99c042449d4bfaf?s=96&d=mm&r=g\",\"contentUrl\":\"https:\/\/secure.gravatar.com\/avatar\/4973e2e2c2a0cb5db30b0c7b770041b8e33d048a16b695a1f99c042449d4bfaf?s=96&d=mm&r=g\",\"caption\":\"Imprensa Sindm\u00f3veis\"},\"url\":\"https:\/\/www.sindmoveis.com.br\/es\/author\/ana\/\"}]}<\/script>\n<!-- \/ Yoast SEO plugin. -->","yoast_head_json":{"title":"Movelsul Brasil tiene agenda de divulgaci\u00f3n en Expo Mueble Guadalajara - Sindm\u00f3veis-RS","robots":{"index":"index","follow":"follow","max-snippet":"max-snippet:-1","max-image-preview":"max-image-preview:large","max-video-preview":"max-video-preview:-1"},"canonical":"https:\/\/www.sindmoveis.com.br\/es\/movelsul-brasil-tem-agenda-de-divulgacao-na-expo-mueble-guadalajara\/","og_locale":"es_ES","og_type":"article","og_title":"Movelsul Brasil tiene agenda de divulgaci\u00f3n en Expo Mueble Guadalajara - Sindm\u00f3veis-RS","og_description":"Esa es la m\u00e1s grande feria de muebles del pa\u00eds y ocurre dos veces al a\u00f1o, contando con la participaci\u00f3n de Movelsul siempre en su edici\u00f3n de febrero.","og_url":"https:\/\/www.sindmoveis.com.br\/es\/movelsul-brasil-tem-agenda-de-divulgacao-na-expo-mueble-guadalajara\/","og_site_name":"Sindm\u00f3veis-RS","article_published_time":"2016-02-15T02:00:00+00:00","article_modified_time":"2021-05-26T13:31:43+00:00","og_image":[{"width":1034,"height":530,"url":"https:\/\/www.sindmoveis.com.br\/es\/wp-content\/uploads\/2021\/05\/p1455559084.jpg","type":"image\/jpeg"}],"author":"Imprensa Sindm\u00f3veis","twitter_card":"summary_large_image","twitter_misc":{"Escrito por":"Imprensa Sindm\u00f3veis","Tiempo de lectura":"2 minutos"},"schema":{"@context":"https:\/\/schema.org","@graph":[{"@type":"Article","@id":"https:\/\/www.sindmoveis.com.br\/es\/movelsul-brasil-tem-agenda-de-divulgacao-na-expo-mueble-guadalajara\/#article","isPartOf":{"@id":"https:\/\/www.sindmoveis.com.br\/es\/movelsul-brasil-tem-agenda-de-divulgacao-na-expo-mueble-guadalajara\/"},"author":{"name":"Imprensa Sindm\u00f3veis","@id":"https:\/\/www.sindmoveis.com.br\/es\/#\/schema\/person\/16d379542db1950a17fe188179340d57"},"headline":"Movelsul Brasil tiene agenda de divulgaci\u00f3n en Expo Mueble Guadalajara","datePublished":"2016-02-15T02:00:00+00:00","dateModified":"2021-05-26T13:31:43+00:00","mainEntityOfPage":{"@id":"https:\/\/www.sindmoveis.com.br\/es\/movelsul-brasil-tem-agenda-de-divulgacao-na-expo-mueble-guadalajara\/"},"wordCount":313,"image":{"@id":"https:\/\/www.sindmoveis.com.br\/es\/movelsul-brasil-tem-agenda-de-divulgacao-na-expo-mueble-guadalajara\/#primaryimage"},"thumbnailUrl":"https:\/\/www.sindmoveis.com.br\/es\/wp-content\/uploads\/2021\/05\/p1455559084.jpg","articleSection":["Movelsul","Sindm\u00f3veis"],"inLanguage":"es"},{"@type":"WebPage","@id":"https:\/\/www.sindmoveis.com.br\/es\/movelsul-brasil-tem-agenda-de-divulgacao-na-expo-mueble-guadalajara\/","url":"https:\/\/www.sindmoveis.com.br\/es\/movelsul-brasil-tem-agenda-de-divulgacao-na-expo-mueble-guadalajara\/","name":"Movelsul Brasil tiene agenda de divulgaci\u00f3n en Expo Mueble Guadalajara - Sindm\u00f3veis-RS","isPartOf":{"@id":"https:\/\/www.sindmoveis.com.br\/es\/#website"},"primaryImageOfPage":{"@id":"https:\/\/www.sindmoveis.com.br\/es\/movelsul-brasil-tem-agenda-de-divulgacao-na-expo-mueble-guadalajara\/#primaryimage"},"image":{"@id":"https:\/\/www.sindmoveis.com.br\/es\/movelsul-brasil-tem-agenda-de-divulgacao-na-expo-mueble-guadalajara\/#primaryimage"},"thumbnailUrl":"https:\/\/www.sindmoveis.com.br\/es\/wp-content\/uploads\/2021\/05\/p1455559084.jpg","datePublished":"2016-02-15T02:00:00+00:00","dateModified":"2021-05-26T13:31:43+00:00","author":{"@id":"https:\/\/www.sindmoveis.com.br\/es\/#\/schema\/person\/16d379542db1950a17fe188179340d57"},"inLanguage":"es","potentialAction":[{"@type":"ReadAction","target":["https:\/\/www.sindmoveis.com.br\/es\/movelsul-brasil-tem-agenda-de-divulgacao-na-expo-mueble-guadalajara\/"]}]},{"@type":"ImageObject","inLanguage":"es","@id":"https:\/\/www.sindmoveis.com.br\/es\/movelsul-brasil-tem-agenda-de-divulgacao-na-expo-mueble-guadalajara\/#primaryimage","url":"https:\/\/www.sindmoveis.com.br\/es\/wp-content\/uploads\/2021\/05\/p1455559084.jpg","contentUrl":"https:\/\/www.sindmoveis.com.br\/es\/wp-content\/uploads\/2021\/05\/p1455559084.jpg","width":1034,"height":530},{"@type":"WebSite","@id":"https:\/\/www.sindmoveis.com.br\/es\/#website","url":"https:\/\/www.sindmoveis.com.br\/es\/","name":"Sindm\u00f3veis-RS","description":"","potentialAction":[{"@type":"SearchAction","target":{"@type":"EntryPoint","urlTemplate":"https:\/\/www.sindmoveis.com.br\/es\/?s={search_term_string}"},"query-input":{"@type":"PropertyValueSpecification","valueRequired":true,"valueName":"search_term_string"}}],"inLanguage":"es"},{"@type":"Person","@id":"https:\/\/www.sindmoveis.com.br\/es\/#\/schema\/person\/16d379542db1950a17fe188179340d57","name":"Imprensa Sindm\u00f3veis","image":{"@type":"ImageObject","inLanguage":"es","@id":"https:\/\/www.sindmoveis.com.br\/es\/#\/schema\/person\/image\/","url":"https:\/\/secure.gravatar.com\/avatar\/4973e2e2c2a0cb5db30b0c7b770041b8e33d048a16b695a1f99c042449d4bfaf?s=96&d=mm&r=g","contentUrl":"https:\/\/secure.gravatar.com\/avatar\/4973e2e2c2a0cb5db30b0c7b770041b8e33d048a16b695a1f99c042449d4bfaf?s=96&d=mm&r=g","caption":"Imprensa Sindm\u00f3veis"},"url":"https:\/\/www.sindmoveis.com.br\/es\/author\/ana\/"}]}},"_links":{"self":[{"href":"https:\/\/www.sindmoveis.com.br\/es\/wp-json\/wp\/v2\/posts\/1216","targetHints":{"allow":["GET"]}}],"collection":[{"href":"https:\/\/www.sindmoveis.com.br\/es\/wp-json\/wp\/v2\/posts"}],"about":[{"href":"https:\/\/www.sindmoveis.com.br\/es\/wp-json\/wp\/v2\/types\/post"}],"author":[{"embeddable":true,"href":"https:\/\/www.sindmoveis.com.br\/es\/wp-json\/wp\/v2\/users\/5"}],"replies":[{"embeddable":true,"href":"https:\/\/www.sindmoveis.com.br\/es\/wp-json\/wp\/v2\/comments?post=1216"}],"version-history":[{"count":2,"href":"https:\/\/www.sindmoveis.com.br\/es\/wp-json\/wp\/v2\/posts\/1216\/revisions"}],"predecessor-version":[{"id":3550,"href":"https:\/\/www.sindmoveis.com.br\/es\/wp-json\/wp\/v2\/posts\/1216\/revisions\/3550"}],"wp:featuredmedia":[{"embeddable":true,"href":"https:\/\/www.sindmoveis.com.br\/es\/wp-json\/wp\/v2\/media\/3551"}],"wp:attachment":[{"href":"https:\/\/www.sindmoveis.com.br\/es\/wp-json\/wp\/v2\/media?parent=1216"}],"wp:term":[{"taxonomy":"category","embeddable":true,"href":"https:\/\/www.sindmoveis.com.br\/es\/wp-json\/wp\/v2\/categories?post=1216"},{"taxonomy":"post_tag","embeddable":true,"href":"https:\/\/www.sindmoveis.com.br\/es\/wp-json\/wp\/v2\/tags?post=1216"}],"curies":[{"name":"wp","href":"https:\/\/api.w.org\/{rel}","templated":true}]}}