{"id":1214,"date":"2016-02-15T00:00:00","date_gmt":"2016-02-15T02:00:00","guid":{"rendered":"http:\/\/sindmoveis.com.br\/imprensa\/noticias\/movelsul-brasil-chega-a-sua-20a-edicao\/"},"modified":"2021-05-26T10:31:43","modified_gmt":"2021-05-26T13:31:43","slug":"movelsul-brasil-chega-a-sua-20a-edicao","status":"publish","type":"post","link":"https:\/\/www.sindmoveis.com.br\/es\/movelsul-brasil-chega-a-sua-20a-edicao\/","title":{"rendered":"Movelsul Brasil llega a su 20\u00aa edici\u00f3n"},"content":{"rendered":"<p>Empresas de muebles y complementos de todo el pa&iacute;s estar&aacute;n reunidos en Bento Gon&ccedil;alves de 14 a 18 de marzo de 2016, presentando sus lanzamientos al mercado minorista en la 20&ordf; edici&oacute;n de Movelsul Brasil. Grandes marcas est&aacute;n confirmadas para la feria, que espera m&aacute;s de 30 mil profesionales visitantes en los cinco d&iacute;as de evento, adem&aacute;s de una generaci&oacute;n de negocios estimada en U$ 300 millones para un horizonte de 12 meses.<\/p>\n<p>Con patrocinio de Duratex, Renner Sayerlack y Banrisul, la feria trae una campa&ntilde;a de comunicaci&oacute;n que refuerza su presencia en la planificaci&oacute;n de ventas de las f&aacute;bricas, en la creaci&oacute;n de la gama de productos para el mercado minorista y en los hogares de todo Brasil, con el slogan &ldquo;Movelsul, desde hace 20 ediciones en su vida&rdquo;. Promovida desde 1977 por el Sindicato de las Industrias del Mobiliario de Bento Gon&ccedil;alves &ndash; Sindm&oacute;veis, el evento conecta, fabricantes, revendedores y consumidores a cada dos a&ntilde;os, actuando como un verdadero hilo conductor entre las puntas de la cadena del mobiliario.<\/p>\n<p>En su historia, Movelsul Brasil ya tuvo m&aacute;s de 1.500 empresas expositoras. La primera edici&oacute;n de la feria ocurri&oacute; al mismo tiempo en que el sector del mobiliario se consolidaba como actividad l&iacute;der en la econom&iacute;a de Bento Gon&ccedil;alves. La 1&ordf; Muestra del Mobiliario de Bento Gon&ccedil;alves reuni&oacute; 24 fabricantes de muebles de la ciudad. En 1988, la feria pasa a ser denominada Movelsul, ya con m&aacute;s de 100 expositores. Ese a&ntilde;o marc&oacute;, tambi&eacute;n, la primera edici&oacute;n del Premio Sal&atilde;o Design, que tambi&eacute;n conmemora sus 20 ediciones, ya que a partir de la feria Casa Brasil, pas&oacute; a ser realizado anualmente.<\/p>\n<p>En los &uacute;ltimos 15 a&ntilde;os, Movelsul Brasil se internacionaliz&oacute;, con la realizaci&oacute;n del Proyecto Comprador, a partir del a&ntilde;o 2000. En 2012, la feria formaliz&oacute; la segmentaci&oacute;n de sus expositores por tipolog&iacute;a de producto, siguiendo el modelo adoptado por las principales ferias del sector en el mundo, como el Salone Internazionale del Mobile e IMM Cologne. En ese modelo, el tiempo de visita gana objetividad, ampliando el poder de compra y la toma de decisi&oacute;n del revendedor visitante.<\/p>\n<p>En 2016, Movelsul Brasil espera 200 expositores de los segmentos de oficina, cocina, dormitorios, &aacute;rea de servicio\/lavadero, ba&ntilde;o muebles para jard&iacute;n, electrodom&eacute;sticos, comedores de diario, juegos de comedor y salas de estar, alfombras, muebles tapizados y colchones. La feria es abierta para la visita del p&uacute;blico profesional del sector y ocurre de 14 a 18 de marzo de 2016, de las 12 a las 20 horas, en el Parque de Eventos de Bento Gon&ccedil;alves. En la aplicaci&oacute;n del evento, el visitante encuentra el mapa completo e informaciones sobre las empresas expositoras. Acciones volcadas a la comunidad de Bento Gon&ccedil;alves, est&aacute;n siendo realizadas desde el mes de enero para celebrar las 20 ediciones de Movelsul Brasil.<\/p>\n<p>M&aacute;s informaciones sobre la feria pueden ser obtenidas en el sitio web <a href=\"http:\/\/www.movelsul.com.br\/\">www.movelsul.com.br<\/a>.<\/p>\n<p>&nbsp;<\/p>\n<p><strong>Proyectos durante la feria<\/strong><\/p>\n<p>&nbsp;<\/p>\n<p><strong>Premio Sal&atilde;o Design tambi&eacute;n conmemora 20 ediciones <\/strong><\/p>\n<p><strong>Localizaci&oacute;n en la feria: Pabell&oacute;n C<\/strong><\/p>\n<p>La muestra de premiados y otros finalistas del Sal&atilde;o Design tambi&eacute;n ser&aacute; especial este a&ntilde;o, con la conmemoraci&oacute;n de las 20 ediciones del premio. Promovido desde 1988 por Sindm&oacute;veis Bento Gon&ccedil;alves y con patrocinio de Berneck, el proyecto integra creatividad e innovaci&oacute;n tecnol&oacute;gica para muebles, accesorios e iluminaci&oacute;n por medio del dise&ntilde;o, siendo considerada la mayor premiaci&oacute;n del g&eacute;nero en Am&eacute;rica Latina.<\/p>\n<p>Como en las &uacute;ltimas ediciones, el Premio Sal&atilde;o Design recibi&oacute; inscripciones en siete categor&iacute;as: Iluminaci&oacute;n; Muebles para dormitorio; Muebles para sala de estar y comedor; Muebles para cocina; &aacute;rea de servicio\/lavadero y ba&ntilde;o; Muebles para &aacute;rea externa; Muebles para oficina, home office y Accesorios Dom&eacute;sticos. Adem&aacute;s de las premiaciones en dinero ser&aacute;n concedidos los ya tradicionales trofeos Profesor Orientador, para aquel docente que haya sido indicado en el proyecto de los estudiantes premiados y Premio Maderas Alternativas, que premia el mejor proyecto de la edici&oacute;n fabricado a partir de especies que el Servicio Forestal Brasile&ntilde;o considera como no muy utilizadas.<\/p>\n<p>La comisi&oacute;n juzgadora fue formada por cinco renombrados profesionales y acad&eacute;micos brasile&ntilde;os: los dise&ntilde;adores Angela Carvalho, Glaucia Binda, Gustavo Bertolini, Ivens Fontoura y Paulo Biacchi. En esta oportunidad, los premiados participan de dos muestras: despu&eacute;s de Movelsul Brasil, los mismos siguen para la primera edici&oacute;n de la feria High Design &ndash; Home&amp;Office Expo, que ser&aacute; la principal atracci&oacute;n de S&atilde;o Paulo Design Weekend, en agosto de 2016.<\/p>\n<p>&nbsp;<\/p>\n<p><strong>Proyecto Comprador tendr&aacute; 30 importadores invitados<\/strong><\/p>\n<p><strong>Localizaci&oacute;n en la feria: Pabell&oacute;n E<\/strong><\/p>\n<p>Como ya es tradici&oacute;n, Movelsul Brasil promover&aacute; m&aacute;s una edici&oacute;n del Proyecto Comprador. La iniciativa de Sindm&oacute;veis Bento Gon&ccedil;alves, en asociaci&oacute;n con Apex-Brasil, promueve rondas de negocios entre empresas brasile&ntilde;as e importadores de diversos pa&iacute;ses. Este proyecto ocurre desde el a&ntilde;o 2000 y en la &uacute;ltima edici&oacute;n promovi&oacute; m&aacute;s de U$ 35 millones en exportaciones.<\/p>\n<p>Para este a&ntilde;o, hasta el momento, fueron invitados 30 importadores de 16 pa&iacute;ses: Argelia, Argentina, Bulgaria, Catar, Chile, Colombia, Curazao, Egipto, Ecuador, Estados Unidos, Francia, Honduras, Marruecos, Mozambique, Panam&aacute; y Per&uacute;. Adem&aacute;s de las empresas expositoras, las rondas tendr&aacute;n participaci&oacute;n de industrias del Proyecto Brazilian Furniture.<\/p>\n<p>&nbsp;<\/p>\n<p><strong>Gran Prix Senai de Innovaci&oacute;n<\/strong><\/p>\n<p><strong>Localizaci&oacute;n en la feria: Pabell&oacute;n C<\/strong><\/p>\n<p>El Gran Prix Senai de Innovaci&oacute;n, inspirado en un modelo sueco, es un showroom de innovaci&oacute;n abierta que funciona como una competici&oacute;n entre equipos multidisciplinarios focalizados en la soluci&oacute;n de problemas espec&iacute;ficos de la industria. Esa es la segunda edici&oacute;n del proyecto en R&iacute;o Grande do Sul y el objetivo es movilizar una red de innovaci&oacute;n tecnol&oacute;gica para recibir, seleccionar y concebir ideas, conceptos y prototipos en apoyo a la competitividad de la cadena productiva del mobiliario.<\/p>\n<p>Durante los cinco d&iacute;as de Movelsul Brasil, tres equipos multidisciplinarios tendr&aacute;n que encontrar soluciones trabajando en acuarios donde los visitantes podr&aacute;n acompa&ntilde;ar todo en tiempo real. Cada uno de ellos tendr&aacute; que proponer proyectos para los temas seleccionados. El proceso de creaci&oacute;n sigue la metodolog&iacute;a DIP, Desarrollo Integrado de Producto, resultado de una asociaci&oacute;n entre Senai, Consorzio Politecnico di Milano (Poli.Design, Italia) y el Instituto Tecnol&oacute;gico de Aeron&aacute;utica (ITA) con apoyo del Instituto de Tecnolog&iacute;a de Massachusetts (MIT, Estados Unidos);<\/p>\n<p>Los temas espec&iacute;ficos para esa edici&oacute;n del Gran Prix est&aacute;n relacionados a energ&iacute;a, agua, basura y seguridad en el trabajo. El &uacute;ltimo d&iacute;a de competici&oacute;n, un panel compuesto por representantes de empresas, entidades y de la sociedad escoger&aacute; los mejores proyectos, que ser&aacute;n premiados.<\/p>\n<p>&nbsp;<\/p>\n<p><strong>Servicio<\/strong><\/p>\n<p><strong>Movelsul Brasil 2016<\/strong><\/p>\n<p><strong>Qu&eacute;<\/strong>: Feira de m&oacute;veis e complementos para o lojista e especificador<\/p>\n<p><strong>Cu&aacute;ndo<\/strong>: de 14 a 18 de marzo de 2016, de las 12h a las 20h<\/p>\n<p><strong>D&oacute;nde<\/strong>: Parque de Eventos de Bento Gon&ccedil;alves<\/p>\n<p>Entrada gratuita mediante acreditaci&oacute;n. Abierto apenas al p&uacute;blico profesional (revendedores, representantes, arquitectos, dise&ntilde;adores, decoradores, importadores, profesionales de la construcci&oacute;n civil y prensa)<\/p>\n","protected":false},"excerpt":{"rendered":"<p>Principal feria de muebles y complementos de Am\u00e9rica Latina ocurre en Bento Gon\u00e7alves, de 14 a 18 de marzo<\/p>\n","protected":false},"author":5,"featured_media":3549,"comment_status":"closed","ping_status":"open","sticky":false,"template":"","format":"standard","meta":{"footnotes":"","_links_to":"","_links_to_target":""},"categories":[23,2],"tags":[],"class_list":["post-1214","post","type-post","status-publish","format-standard","has-post-thumbnail","hentry","category-movelsul","category-sindmoveis"],"yoast_head":"<!-- This site is optimized with the Yoast SEO plugin v27.0 - https:\/\/yoast.com\/product\/yoast-seo-wordpress\/ -->\n<title>Movelsul Brasil llega a su 20\u00aa edici\u00f3n - Sindm\u00f3veis-RS<\/title>\n<meta name=\"robots\" content=\"index, follow, max-snippet:-1, max-image-preview:large, max-video-preview:-1\" \/>\n<link rel=\"canonical\" href=\"https:\/\/www.sindmoveis.com.br\/es\/movelsul-brasil-chega-a-sua-20a-edicao\/\" \/>\n<meta property=\"og:locale\" content=\"es_ES\" \/>\n<meta property=\"og:type\" content=\"article\" \/>\n<meta property=\"og:title\" content=\"Movelsul Brasil llega a su 20\u00aa edici\u00f3n - Sindm\u00f3veis-RS\" \/>\n<meta property=\"og:description\" content=\"Principal feria de muebles y complementos de Am\u00e9rica Latina ocurre en Bento Gon\u00e7alves, de 14 a 18 de marzo\" \/>\n<meta property=\"og:url\" content=\"https:\/\/www.sindmoveis.com.br\/es\/movelsul-brasil-chega-a-sua-20a-edicao\/\" \/>\n<meta property=\"og:site_name\" content=\"Sindm\u00f3veis-RS\" \/>\n<meta property=\"article:published_time\" content=\"2016-02-15T02:00:00+00:00\" \/>\n<meta property=\"article:modified_time\" content=\"2021-05-26T13:31:43+00:00\" \/>\n<meta property=\"og:image\" content=\"https:\/\/www.sindmoveis.com.br\/es\/wp-content\/uploads\/2021\/05\/p1455550444.jpg\" \/>\n\t<meta property=\"og:image:width\" content=\"1000\" \/>\n\t<meta property=\"og:image:height\" content=\"1042\" \/>\n\t<meta property=\"og:image:type\" content=\"image\/jpeg\" \/>\n<meta name=\"author\" content=\"Imprensa Sindm\u00f3veis\" \/>\n<meta name=\"twitter:card\" content=\"summary_large_image\" \/>\n<meta name=\"twitter:label1\" content=\"Escrito por\" \/>\n\t<meta name=\"twitter:data1\" content=\"Imprensa Sindm\u00f3veis\" \/>\n\t<meta name=\"twitter:label2\" content=\"Tiempo de lectura\" \/>\n\t<meta name=\"twitter:data2\" content=\"7 minutos\" \/>\n<script type=\"application\/ld+json\" class=\"yoast-schema-graph\">{\"@context\":\"https:\/\/schema.org\",\"@graph\":[{\"@type\":\"Article\",\"@id\":\"https:\/\/www.sindmoveis.com.br\/es\/movelsul-brasil-chega-a-sua-20a-edicao\/#article\",\"isPartOf\":{\"@id\":\"https:\/\/www.sindmoveis.com.br\/es\/movelsul-brasil-chega-a-sua-20a-edicao\/\"},\"author\":{\"name\":\"Imprensa Sindm\u00f3veis\",\"@id\":\"https:\/\/www.sindmoveis.com.br\/es\/#\/schema\/person\/16d379542db1950a17fe188179340d57\"},\"headline\":\"Movelsul Brasil llega a su 20\u00aa edici\u00f3n\",\"datePublished\":\"2016-02-15T02:00:00+00:00\",\"dateModified\":\"2021-05-26T13:31:43+00:00\",\"mainEntityOfPage\":{\"@id\":\"https:\/\/www.sindmoveis.com.br\/es\/movelsul-brasil-chega-a-sua-20a-edicao\/\"},\"wordCount\":1383,\"image\":{\"@id\":\"https:\/\/www.sindmoveis.com.br\/es\/movelsul-brasil-chega-a-sua-20a-edicao\/#primaryimage\"},\"thumbnailUrl\":\"https:\/\/www.sindmoveis.com.br\/es\/wp-content\/uploads\/2021\/05\/p1455550444.jpg\",\"articleSection\":[\"Movelsul\",\"Sindm\u00f3veis\"],\"inLanguage\":\"es\"},{\"@type\":\"WebPage\",\"@id\":\"https:\/\/www.sindmoveis.com.br\/es\/movelsul-brasil-chega-a-sua-20a-edicao\/\",\"url\":\"https:\/\/www.sindmoveis.com.br\/es\/movelsul-brasil-chega-a-sua-20a-edicao\/\",\"name\":\"Movelsul Brasil llega a su 20\u00aa edici\u00f3n - Sindm\u00f3veis-RS\",\"isPartOf\":{\"@id\":\"https:\/\/www.sindmoveis.com.br\/es\/#website\"},\"primaryImageOfPage\":{\"@id\":\"https:\/\/www.sindmoveis.com.br\/es\/movelsul-brasil-chega-a-sua-20a-edicao\/#primaryimage\"},\"image\":{\"@id\":\"https:\/\/www.sindmoveis.com.br\/es\/movelsul-brasil-chega-a-sua-20a-edicao\/#primaryimage\"},\"thumbnailUrl\":\"https:\/\/www.sindmoveis.com.br\/es\/wp-content\/uploads\/2021\/05\/p1455550444.jpg\",\"datePublished\":\"2016-02-15T02:00:00+00:00\",\"dateModified\":\"2021-05-26T13:31:43+00:00\",\"author\":{\"@id\":\"https:\/\/www.sindmoveis.com.br\/es\/#\/schema\/person\/16d379542db1950a17fe188179340d57\"},\"inLanguage\":\"es\",\"potentialAction\":[{\"@type\":\"ReadAction\",\"target\":[\"https:\/\/www.sindmoveis.com.br\/es\/movelsul-brasil-chega-a-sua-20a-edicao\/\"]}]},{\"@type\":\"ImageObject\",\"inLanguage\":\"es\",\"@id\":\"https:\/\/www.sindmoveis.com.br\/es\/movelsul-brasil-chega-a-sua-20a-edicao\/#primaryimage\",\"url\":\"https:\/\/www.sindmoveis.com.br\/es\/wp-content\/uploads\/2021\/05\/p1455550444.jpg\",\"contentUrl\":\"https:\/\/www.sindmoveis.com.br\/es\/wp-content\/uploads\/2021\/05\/p1455550444.jpg\",\"width\":1000,\"height\":1042},{\"@type\":\"WebSite\",\"@id\":\"https:\/\/www.sindmoveis.com.br\/es\/#website\",\"url\":\"https:\/\/www.sindmoveis.com.br\/es\/\",\"name\":\"Sindm\u00f3veis-RS\",\"description\":\"\",\"potentialAction\":[{\"@type\":\"SearchAction\",\"target\":{\"@type\":\"EntryPoint\",\"urlTemplate\":\"https:\/\/www.sindmoveis.com.br\/es\/?s={search_term_string}\"},\"query-input\":{\"@type\":\"PropertyValueSpecification\",\"valueRequired\":true,\"valueName\":\"search_term_string\"}}],\"inLanguage\":\"es\"},{\"@type\":\"Person\",\"@id\":\"https:\/\/www.sindmoveis.com.br\/es\/#\/schema\/person\/16d379542db1950a17fe188179340d57\",\"name\":\"Imprensa Sindm\u00f3veis\",\"image\":{\"@type\":\"ImageObject\",\"inLanguage\":\"es\",\"@id\":\"https:\/\/www.sindmoveis.com.br\/es\/#\/schema\/person\/image\/\",\"url\":\"https:\/\/secure.gravatar.com\/avatar\/4973e2e2c2a0cb5db30b0c7b770041b8e33d048a16b695a1f99c042449d4bfaf?s=96&d=mm&r=g\",\"contentUrl\":\"https:\/\/secure.gravatar.com\/avatar\/4973e2e2c2a0cb5db30b0c7b770041b8e33d048a16b695a1f99c042449d4bfaf?s=96&d=mm&r=g\",\"caption\":\"Imprensa Sindm\u00f3veis\"},\"url\":\"https:\/\/www.sindmoveis.com.br\/es\/author\/ana\/\"}]}<\/script>\n<!-- \/ Yoast SEO plugin. -->","yoast_head_json":{"title":"Movelsul Brasil llega a su 20\u00aa edici\u00f3n - Sindm\u00f3veis-RS","robots":{"index":"index","follow":"follow","max-snippet":"max-snippet:-1","max-image-preview":"max-image-preview:large","max-video-preview":"max-video-preview:-1"},"canonical":"https:\/\/www.sindmoveis.com.br\/es\/movelsul-brasil-chega-a-sua-20a-edicao\/","og_locale":"es_ES","og_type":"article","og_title":"Movelsul Brasil llega a su 20\u00aa edici\u00f3n - Sindm\u00f3veis-RS","og_description":"Principal feria de muebles y complementos de Am\u00e9rica Latina ocurre en Bento Gon\u00e7alves, de 14 a 18 de marzo","og_url":"https:\/\/www.sindmoveis.com.br\/es\/movelsul-brasil-chega-a-sua-20a-edicao\/","og_site_name":"Sindm\u00f3veis-RS","article_published_time":"2016-02-15T02:00:00+00:00","article_modified_time":"2021-05-26T13:31:43+00:00","og_image":[{"width":1000,"height":1042,"url":"https:\/\/www.sindmoveis.com.br\/es\/wp-content\/uploads\/2021\/05\/p1455550444.jpg","type":"image\/jpeg"}],"author":"Imprensa Sindm\u00f3veis","twitter_card":"summary_large_image","twitter_misc":{"Escrito por":"Imprensa Sindm\u00f3veis","Tiempo de lectura":"7 minutos"},"schema":{"@context":"https:\/\/schema.org","@graph":[{"@type":"Article","@id":"https:\/\/www.sindmoveis.com.br\/es\/movelsul-brasil-chega-a-sua-20a-edicao\/#article","isPartOf":{"@id":"https:\/\/www.sindmoveis.com.br\/es\/movelsul-brasil-chega-a-sua-20a-edicao\/"},"author":{"name":"Imprensa Sindm\u00f3veis","@id":"https:\/\/www.sindmoveis.com.br\/es\/#\/schema\/person\/16d379542db1950a17fe188179340d57"},"headline":"Movelsul Brasil llega a su 20\u00aa edici\u00f3n","datePublished":"2016-02-15T02:00:00+00:00","dateModified":"2021-05-26T13:31:43+00:00","mainEntityOfPage":{"@id":"https:\/\/www.sindmoveis.com.br\/es\/movelsul-brasil-chega-a-sua-20a-edicao\/"},"wordCount":1383,"image":{"@id":"https:\/\/www.sindmoveis.com.br\/es\/movelsul-brasil-chega-a-sua-20a-edicao\/#primaryimage"},"thumbnailUrl":"https:\/\/www.sindmoveis.com.br\/es\/wp-content\/uploads\/2021\/05\/p1455550444.jpg","articleSection":["Movelsul","Sindm\u00f3veis"],"inLanguage":"es"},{"@type":"WebPage","@id":"https:\/\/www.sindmoveis.com.br\/es\/movelsul-brasil-chega-a-sua-20a-edicao\/","url":"https:\/\/www.sindmoveis.com.br\/es\/movelsul-brasil-chega-a-sua-20a-edicao\/","name":"Movelsul Brasil llega a su 20\u00aa edici\u00f3n - Sindm\u00f3veis-RS","isPartOf":{"@id":"https:\/\/www.sindmoveis.com.br\/es\/#website"},"primaryImageOfPage":{"@id":"https:\/\/www.sindmoveis.com.br\/es\/movelsul-brasil-chega-a-sua-20a-edicao\/#primaryimage"},"image":{"@id":"https:\/\/www.sindmoveis.com.br\/es\/movelsul-brasil-chega-a-sua-20a-edicao\/#primaryimage"},"thumbnailUrl":"https:\/\/www.sindmoveis.com.br\/es\/wp-content\/uploads\/2021\/05\/p1455550444.jpg","datePublished":"2016-02-15T02:00:00+00:00","dateModified":"2021-05-26T13:31:43+00:00","author":{"@id":"https:\/\/www.sindmoveis.com.br\/es\/#\/schema\/person\/16d379542db1950a17fe188179340d57"},"inLanguage":"es","potentialAction":[{"@type":"ReadAction","target":["https:\/\/www.sindmoveis.com.br\/es\/movelsul-brasil-chega-a-sua-20a-edicao\/"]}]},{"@type":"ImageObject","inLanguage":"es","@id":"https:\/\/www.sindmoveis.com.br\/es\/movelsul-brasil-chega-a-sua-20a-edicao\/#primaryimage","url":"https:\/\/www.sindmoveis.com.br\/es\/wp-content\/uploads\/2021\/05\/p1455550444.jpg","contentUrl":"https:\/\/www.sindmoveis.com.br\/es\/wp-content\/uploads\/2021\/05\/p1455550444.jpg","width":1000,"height":1042},{"@type":"WebSite","@id":"https:\/\/www.sindmoveis.com.br\/es\/#website","url":"https:\/\/www.sindmoveis.com.br\/es\/","name":"Sindm\u00f3veis-RS","description":"","potentialAction":[{"@type":"SearchAction","target":{"@type":"EntryPoint","urlTemplate":"https:\/\/www.sindmoveis.com.br\/es\/?s={search_term_string}"},"query-input":{"@type":"PropertyValueSpecification","valueRequired":true,"valueName":"search_term_string"}}],"inLanguage":"es"},{"@type":"Person","@id":"https:\/\/www.sindmoveis.com.br\/es\/#\/schema\/person\/16d379542db1950a17fe188179340d57","name":"Imprensa Sindm\u00f3veis","image":{"@type":"ImageObject","inLanguage":"es","@id":"https:\/\/www.sindmoveis.com.br\/es\/#\/schema\/person\/image\/","url":"https:\/\/secure.gravatar.com\/avatar\/4973e2e2c2a0cb5db30b0c7b770041b8e33d048a16b695a1f99c042449d4bfaf?s=96&d=mm&r=g","contentUrl":"https:\/\/secure.gravatar.com\/avatar\/4973e2e2c2a0cb5db30b0c7b770041b8e33d048a16b695a1f99c042449d4bfaf?s=96&d=mm&r=g","caption":"Imprensa Sindm\u00f3veis"},"url":"https:\/\/www.sindmoveis.com.br\/es\/author\/ana\/"}]}},"_links":{"self":[{"href":"https:\/\/www.sindmoveis.com.br\/es\/wp-json\/wp\/v2\/posts\/1214","targetHints":{"allow":["GET"]}}],"collection":[{"href":"https:\/\/www.sindmoveis.com.br\/es\/wp-json\/wp\/v2\/posts"}],"about":[{"href":"https:\/\/www.sindmoveis.com.br\/es\/wp-json\/wp\/v2\/types\/post"}],"author":[{"embeddable":true,"href":"https:\/\/www.sindmoveis.com.br\/es\/wp-json\/wp\/v2\/users\/5"}],"replies":[{"embeddable":true,"href":"https:\/\/www.sindmoveis.com.br\/es\/wp-json\/wp\/v2\/comments?post=1214"}],"version-history":[{"count":2,"href":"https:\/\/www.sindmoveis.com.br\/es\/wp-json\/wp\/v2\/posts\/1214\/revisions"}],"predecessor-version":[{"id":3548,"href":"https:\/\/www.sindmoveis.com.br\/es\/wp-json\/wp\/v2\/posts\/1214\/revisions\/3548"}],"wp:featuredmedia":[{"embeddable":true,"href":"https:\/\/www.sindmoveis.com.br\/es\/wp-json\/wp\/v2\/media\/3549"}],"wp:attachment":[{"href":"https:\/\/www.sindmoveis.com.br\/es\/wp-json\/wp\/v2\/media?parent=1214"}],"wp:term":[{"taxonomy":"category","embeddable":true,"href":"https:\/\/www.sindmoveis.com.br\/es\/wp-json\/wp\/v2\/categories?post=1214"},{"taxonomy":"post_tag","embeddable":true,"href":"https:\/\/www.sindmoveis.com.br\/es\/wp-json\/wp\/v2\/tags?post=1214"}],"curies":[{"name":"wp","href":"https:\/\/api.w.org\/{rel}","templated":true}]}}