{"id":1199,"date":"2015-11-16T00:00:00","date_gmt":"2015-11-16T02:00:00","guid":{"rendered":"http:\/\/sindmoveis.com.br\/imprensa\/noticias\/premio-salao-design-divulga-seus-finalistas\/"},"modified":"2021-05-26T10:27:47","modified_gmt":"2021-05-26T13:27:47","slug":"premio-salao-design-divulga-seus-finalistas","status":"publish","type":"post","link":"https:\/\/www.sindmoveis.com.br\/es\/premio-salao-design-divulga-seus-finalistas\/","title":{"rendered":"Premio Sal\u00e3o Design divulga sus finalistas"},"content":{"rendered":"<p>La comisi&oacute;n juzgadora del Premio Sal&atilde;o Design aprob&oacute; 139 proyectos entre los 750 inscritos para la etapa final del premio, cuando los finalistas env&iacute;an a Bento Gon&ccedil;alves sus productos o prototipos en tama&ntilde;o real. Promovido desde 1988 por Sindm&oacute;veis Bento Gon&ccedil;alves y con patrocinio de Berneck, el Sal&atilde;o Design es considerada la mayor premiaci&oacute;n de dise&ntilde;o de producto de Am&eacute;rica Latina.<\/p>\n<p>El premio integra creatividad e innovaci&oacute;n tecnol&oacute;gica a muebles y accesorios por medio del dise&ntilde;o. En esa 20&ordf; edici&oacute;n, ser&aacute;n distribuidos&nbsp; 205 mil reales en premios en las modalidades Estudiante, Profesional e Industria. La comisi&oacute;n juzgadora est&aacute; formada por cinco renombrados profesionales y acad&eacute;micos: los dise&ntilde;adores &Aacute;ngela Carvalho, Glaucia Binda, Gustavo Bertolini, Ivens Fontoura y Paulo Biacchi.<\/p>\n<p>Participando por la primera vez en la comisi&oacute;n juzgadora del Premio Sal&atilde;o Design, el dise&ntilde;ador Paulo Biacchi es socio del estudio de dise&ntilde;o y marca de productos para la casa Fetiche. Firma colecciones para marcas como Tok&amp;Stok, Florense, La Lampe, Schuster, Micasa, Schattdecor y otras. Impresionado por la cantidad de proyectos y diversidad de ideas, el dise&ntilde;ador destaca que es constante la preocupaci&oacute;n de los jurados en evaluar a los participantes con cautela. &ldquo;Percib&iacute; una fuerte tendencia a la valoraci&oacute;n de la madera, no apenas como opci&oacute;n de materia prima, sino como lenguaje. Muchos dise&ntilde;adores produciendo sus propias series, poniendo las manos en la masa, una generaci&oacute;n de dise&ntilde;adores carpinteros&rdquo;, puntualiza.<\/p>\n<p>Como en las &uacute;ltimas ediciones, el Premio Sal&atilde;o Desidn recibi&oacute; inscripciones en siete categor&iacute;as: Iluminaci&oacute;n, Muebles para dormitorios; Muebles para sala de estar y comedor; Muebles para cocina; &aacute;rea de servicio\/lavadero y ba&ntilde;o; Muebles para &aacute;rea externa; Muebles para oficina y home office; y Accesorios dom&eacute;sticos. Adem&aacute;s de las premiaciones en dinero, ser&aacute;n concedidos los ya tradicionales trofeos Profesor Orientador, para el orientador indicado en el proyecto de los estudiantes premiados, y Maderas alternativas que premia el mejor proyecto de la edici&oacute;n fabricado a partir de especies que el Servicio Forestal Brasile&ntilde;o considera como no muy utilizadas.<\/p>\n<p>A divulga&ccedil;&atilde;o dos vencedores do 20&ordm; Pr&ecirc;mio Sal&atilde;o Design ocorre em fevereiro. Nessa edi&ccedil;&atilde;o, os premiados participam de duas mostras: em mar&ccedil;o, durante a Movelsul Brasil 2016, e em agosto, na High Design &ndash; Home&amp;Office Expo, feira que ser&aacute; o carro-chefe do S&atilde;o Paulo Design Weekend a partir do ano que vem.<\/p>\n<p>La divulgaci&oacute;n de los vencedores del 20&ordm; Premio Sal&atilde;o Design ocurre en Febrero. En esa edici&oacute;n, los premiados participan de dos muestras: en marzo, durante Movelsul Brasil 2016, y en agosto en High Design &ndash; Home&amp;Office Expo, feria que ser&aacute; la atracci&oacute;n&nbsp;principal del evento S&atilde;o Paulo Design Weekend a partir del a&ntilde;o que viene.<\/p>\n<p>La lista de los seleccionados est&aacute; disponible para consulta en: <a href=\"http:\/\/www.salaodesign.com.br\/blog\">www.<strong>salaodesign<\/strong>.com.br\/<strong>blog<\/strong><\/a>.&nbsp;<\/p>\n","protected":false},"excerpt":{"rendered":"<p>De los 750 proyectos inscritos, 139 pasan a la pr\u00f3xima fase, cuando son evaluados los productos en tama\u00f1o real<\/p>\n","protected":false},"author":5,"featured_media":3537,"comment_status":"closed","ping_status":"open","sticky":false,"template":"","format":"standard","meta":{"footnotes":"","_links_to":"","_links_to_target":""},"categories":[21,2],"tags":[],"class_list":["post-1199","post","type-post","status-publish","format-standard","has-post-thumbnail","hentry","category-premio-salao-design","category-sindmoveis"],"yoast_head":"<!-- This site is optimized with the Yoast SEO plugin v27.0 - https:\/\/yoast.com\/product\/yoast-seo-wordpress\/ -->\n<title>Premio Sal\u00e3o Design divulga sus finalistas - Sindm\u00f3veis-RS<\/title>\n<meta name=\"robots\" content=\"index, follow, max-snippet:-1, max-image-preview:large, max-video-preview:-1\" \/>\n<link rel=\"canonical\" href=\"https:\/\/www.sindmoveis.com.br\/es\/premio-salao-design-divulga-seus-finalistas\/\" \/>\n<meta property=\"og:locale\" content=\"es_ES\" \/>\n<meta property=\"og:type\" content=\"article\" \/>\n<meta property=\"og:title\" content=\"Premio Sal\u00e3o Design divulga sus finalistas - Sindm\u00f3veis-RS\" \/>\n<meta property=\"og:description\" content=\"De los 750 proyectos inscritos, 139 pasan a la pr\u00f3xima fase, cuando son evaluados los productos en tama\u00f1o real\" \/>\n<meta property=\"og:url\" content=\"https:\/\/www.sindmoveis.com.br\/es\/premio-salao-design-divulga-seus-finalistas\/\" \/>\n<meta property=\"og:site_name\" content=\"Sindm\u00f3veis-RS\" \/>\n<meta property=\"article:published_time\" content=\"2015-11-16T02:00:00+00:00\" \/>\n<meta property=\"article:modified_time\" content=\"2021-05-26T13:27:47+00:00\" \/>\n<meta property=\"og:image\" content=\"https:\/\/www.sindmoveis.com.br\/es\/wp-content\/uploads\/2021\/05\/p1447701593.jpg\" \/>\n\t<meta property=\"og:image:width\" content=\"800\" \/>\n\t<meta property=\"og:image:height\" content=\"461\" \/>\n\t<meta property=\"og:image:type\" content=\"image\/jpeg\" \/>\n<meta name=\"author\" content=\"Imprensa Sindm\u00f3veis\" \/>\n<meta name=\"twitter:card\" content=\"summary_large_image\" \/>\n<meta name=\"twitter:label1\" content=\"Escrito por\" \/>\n\t<meta name=\"twitter:data1\" content=\"Imprensa Sindm\u00f3veis\" \/>\n\t<meta name=\"twitter:label2\" content=\"Tiempo de lectura\" \/>\n\t<meta name=\"twitter:data2\" content=\"3 minutos\" \/>\n<script type=\"application\/ld+json\" class=\"yoast-schema-graph\">{\"@context\":\"https:\/\/schema.org\",\"@graph\":[{\"@type\":\"Article\",\"@id\":\"https:\/\/www.sindmoveis.com.br\/es\/premio-salao-design-divulga-seus-finalistas\/#article\",\"isPartOf\":{\"@id\":\"https:\/\/www.sindmoveis.com.br\/es\/premio-salao-design-divulga-seus-finalistas\/\"},\"author\":{\"name\":\"Imprensa Sindm\u00f3veis\",\"@id\":\"https:\/\/www.sindmoveis.com.br\/es\/#\/schema\/person\/16d379542db1950a17fe188179340d57\"},\"headline\":\"Premio Sal\u00e3o Design divulga sus finalistas\",\"datePublished\":\"2015-11-16T02:00:00+00:00\",\"dateModified\":\"2021-05-26T13:27:47+00:00\",\"mainEntityOfPage\":{\"@id\":\"https:\/\/www.sindmoveis.com.br\/es\/premio-salao-design-divulga-seus-finalistas\/\"},\"wordCount\":576,\"image\":{\"@id\":\"https:\/\/www.sindmoveis.com.br\/es\/premio-salao-design-divulga-seus-finalistas\/#primaryimage\"},\"thumbnailUrl\":\"https:\/\/www.sindmoveis.com.br\/es\/wp-content\/uploads\/2021\/05\/p1447701593.jpg\",\"articleSection\":[\"Premio Sal\u00e3o Design\",\"Sindm\u00f3veis\"],\"inLanguage\":\"es\"},{\"@type\":\"WebPage\",\"@id\":\"https:\/\/www.sindmoveis.com.br\/es\/premio-salao-design-divulga-seus-finalistas\/\",\"url\":\"https:\/\/www.sindmoveis.com.br\/es\/premio-salao-design-divulga-seus-finalistas\/\",\"name\":\"Premio Sal\u00e3o Design divulga sus finalistas - Sindm\u00f3veis-RS\",\"isPartOf\":{\"@id\":\"https:\/\/www.sindmoveis.com.br\/es\/#website\"},\"primaryImageOfPage\":{\"@id\":\"https:\/\/www.sindmoveis.com.br\/es\/premio-salao-design-divulga-seus-finalistas\/#primaryimage\"},\"image\":{\"@id\":\"https:\/\/www.sindmoveis.com.br\/es\/premio-salao-design-divulga-seus-finalistas\/#primaryimage\"},\"thumbnailUrl\":\"https:\/\/www.sindmoveis.com.br\/es\/wp-content\/uploads\/2021\/05\/p1447701593.jpg\",\"datePublished\":\"2015-11-16T02:00:00+00:00\",\"dateModified\":\"2021-05-26T13:27:47+00:00\",\"author\":{\"@id\":\"https:\/\/www.sindmoveis.com.br\/es\/#\/schema\/person\/16d379542db1950a17fe188179340d57\"},\"inLanguage\":\"es\",\"potentialAction\":[{\"@type\":\"ReadAction\",\"target\":[\"https:\/\/www.sindmoveis.com.br\/es\/premio-salao-design-divulga-seus-finalistas\/\"]}]},{\"@type\":\"ImageObject\",\"inLanguage\":\"es\",\"@id\":\"https:\/\/www.sindmoveis.com.br\/es\/premio-salao-design-divulga-seus-finalistas\/#primaryimage\",\"url\":\"https:\/\/www.sindmoveis.com.br\/es\/wp-content\/uploads\/2021\/05\/p1447701593.jpg\",\"contentUrl\":\"https:\/\/www.sindmoveis.com.br\/es\/wp-content\/uploads\/2021\/05\/p1447701593.jpg\",\"width\":800,\"height\":461},{\"@type\":\"WebSite\",\"@id\":\"https:\/\/www.sindmoveis.com.br\/es\/#website\",\"url\":\"https:\/\/www.sindmoveis.com.br\/es\/\",\"name\":\"Sindm\u00f3veis-RS\",\"description\":\"\",\"potentialAction\":[{\"@type\":\"SearchAction\",\"target\":{\"@type\":\"EntryPoint\",\"urlTemplate\":\"https:\/\/www.sindmoveis.com.br\/es\/?s={search_term_string}\"},\"query-input\":{\"@type\":\"PropertyValueSpecification\",\"valueRequired\":true,\"valueName\":\"search_term_string\"}}],\"inLanguage\":\"es\"},{\"@type\":\"Person\",\"@id\":\"https:\/\/www.sindmoveis.com.br\/es\/#\/schema\/person\/16d379542db1950a17fe188179340d57\",\"name\":\"Imprensa Sindm\u00f3veis\",\"image\":{\"@type\":\"ImageObject\",\"inLanguage\":\"es\",\"@id\":\"https:\/\/www.sindmoveis.com.br\/es\/#\/schema\/person\/image\/\",\"url\":\"https:\/\/secure.gravatar.com\/avatar\/4973e2e2c2a0cb5db30b0c7b770041b8e33d048a16b695a1f99c042449d4bfaf?s=96&d=mm&r=g\",\"contentUrl\":\"https:\/\/secure.gravatar.com\/avatar\/4973e2e2c2a0cb5db30b0c7b770041b8e33d048a16b695a1f99c042449d4bfaf?s=96&d=mm&r=g\",\"caption\":\"Imprensa Sindm\u00f3veis\"},\"url\":\"https:\/\/www.sindmoveis.com.br\/es\/author\/ana\/\"}]}<\/script>\n<!-- \/ Yoast SEO plugin. -->","yoast_head_json":{"title":"Premio Sal\u00e3o Design divulga sus finalistas - Sindm\u00f3veis-RS","robots":{"index":"index","follow":"follow","max-snippet":"max-snippet:-1","max-image-preview":"max-image-preview:large","max-video-preview":"max-video-preview:-1"},"canonical":"https:\/\/www.sindmoveis.com.br\/es\/premio-salao-design-divulga-seus-finalistas\/","og_locale":"es_ES","og_type":"article","og_title":"Premio Sal\u00e3o Design divulga sus finalistas - Sindm\u00f3veis-RS","og_description":"De los 750 proyectos inscritos, 139 pasan a la pr\u00f3xima fase, cuando son evaluados los productos en tama\u00f1o real","og_url":"https:\/\/www.sindmoveis.com.br\/es\/premio-salao-design-divulga-seus-finalistas\/","og_site_name":"Sindm\u00f3veis-RS","article_published_time":"2015-11-16T02:00:00+00:00","article_modified_time":"2021-05-26T13:27:47+00:00","og_image":[{"width":800,"height":461,"url":"https:\/\/www.sindmoveis.com.br\/es\/wp-content\/uploads\/2021\/05\/p1447701593.jpg","type":"image\/jpeg"}],"author":"Imprensa Sindm\u00f3veis","twitter_card":"summary_large_image","twitter_misc":{"Escrito por":"Imprensa Sindm\u00f3veis","Tiempo de lectura":"3 minutos"},"schema":{"@context":"https:\/\/schema.org","@graph":[{"@type":"Article","@id":"https:\/\/www.sindmoveis.com.br\/es\/premio-salao-design-divulga-seus-finalistas\/#article","isPartOf":{"@id":"https:\/\/www.sindmoveis.com.br\/es\/premio-salao-design-divulga-seus-finalistas\/"},"author":{"name":"Imprensa Sindm\u00f3veis","@id":"https:\/\/www.sindmoveis.com.br\/es\/#\/schema\/person\/16d379542db1950a17fe188179340d57"},"headline":"Premio Sal\u00e3o Design divulga sus finalistas","datePublished":"2015-11-16T02:00:00+00:00","dateModified":"2021-05-26T13:27:47+00:00","mainEntityOfPage":{"@id":"https:\/\/www.sindmoveis.com.br\/es\/premio-salao-design-divulga-seus-finalistas\/"},"wordCount":576,"image":{"@id":"https:\/\/www.sindmoveis.com.br\/es\/premio-salao-design-divulga-seus-finalistas\/#primaryimage"},"thumbnailUrl":"https:\/\/www.sindmoveis.com.br\/es\/wp-content\/uploads\/2021\/05\/p1447701593.jpg","articleSection":["Premio Sal\u00e3o Design","Sindm\u00f3veis"],"inLanguage":"es"},{"@type":"WebPage","@id":"https:\/\/www.sindmoveis.com.br\/es\/premio-salao-design-divulga-seus-finalistas\/","url":"https:\/\/www.sindmoveis.com.br\/es\/premio-salao-design-divulga-seus-finalistas\/","name":"Premio Sal\u00e3o Design divulga sus finalistas - Sindm\u00f3veis-RS","isPartOf":{"@id":"https:\/\/www.sindmoveis.com.br\/es\/#website"},"primaryImageOfPage":{"@id":"https:\/\/www.sindmoveis.com.br\/es\/premio-salao-design-divulga-seus-finalistas\/#primaryimage"},"image":{"@id":"https:\/\/www.sindmoveis.com.br\/es\/premio-salao-design-divulga-seus-finalistas\/#primaryimage"},"thumbnailUrl":"https:\/\/www.sindmoveis.com.br\/es\/wp-content\/uploads\/2021\/05\/p1447701593.jpg","datePublished":"2015-11-16T02:00:00+00:00","dateModified":"2021-05-26T13:27:47+00:00","author":{"@id":"https:\/\/www.sindmoveis.com.br\/es\/#\/schema\/person\/16d379542db1950a17fe188179340d57"},"inLanguage":"es","potentialAction":[{"@type":"ReadAction","target":["https:\/\/www.sindmoveis.com.br\/es\/premio-salao-design-divulga-seus-finalistas\/"]}]},{"@type":"ImageObject","inLanguage":"es","@id":"https:\/\/www.sindmoveis.com.br\/es\/premio-salao-design-divulga-seus-finalistas\/#primaryimage","url":"https:\/\/www.sindmoveis.com.br\/es\/wp-content\/uploads\/2021\/05\/p1447701593.jpg","contentUrl":"https:\/\/www.sindmoveis.com.br\/es\/wp-content\/uploads\/2021\/05\/p1447701593.jpg","width":800,"height":461},{"@type":"WebSite","@id":"https:\/\/www.sindmoveis.com.br\/es\/#website","url":"https:\/\/www.sindmoveis.com.br\/es\/","name":"Sindm\u00f3veis-RS","description":"","potentialAction":[{"@type":"SearchAction","target":{"@type":"EntryPoint","urlTemplate":"https:\/\/www.sindmoveis.com.br\/es\/?s={search_term_string}"},"query-input":{"@type":"PropertyValueSpecification","valueRequired":true,"valueName":"search_term_string"}}],"inLanguage":"es"},{"@type":"Person","@id":"https:\/\/www.sindmoveis.com.br\/es\/#\/schema\/person\/16d379542db1950a17fe188179340d57","name":"Imprensa Sindm\u00f3veis","image":{"@type":"ImageObject","inLanguage":"es","@id":"https:\/\/www.sindmoveis.com.br\/es\/#\/schema\/person\/image\/","url":"https:\/\/secure.gravatar.com\/avatar\/4973e2e2c2a0cb5db30b0c7b770041b8e33d048a16b695a1f99c042449d4bfaf?s=96&d=mm&r=g","contentUrl":"https:\/\/secure.gravatar.com\/avatar\/4973e2e2c2a0cb5db30b0c7b770041b8e33d048a16b695a1f99c042449d4bfaf?s=96&d=mm&r=g","caption":"Imprensa Sindm\u00f3veis"},"url":"https:\/\/www.sindmoveis.com.br\/es\/author\/ana\/"}]}},"_links":{"self":[{"href":"https:\/\/www.sindmoveis.com.br\/es\/wp-json\/wp\/v2\/posts\/1199","targetHints":{"allow":["GET"]}}],"collection":[{"href":"https:\/\/www.sindmoveis.com.br\/es\/wp-json\/wp\/v2\/posts"}],"about":[{"href":"https:\/\/www.sindmoveis.com.br\/es\/wp-json\/wp\/v2\/types\/post"}],"author":[{"embeddable":true,"href":"https:\/\/www.sindmoveis.com.br\/es\/wp-json\/wp\/v2\/users\/5"}],"replies":[{"embeddable":true,"href":"https:\/\/www.sindmoveis.com.br\/es\/wp-json\/wp\/v2\/comments?post=1199"}],"version-history":[{"count":2,"href":"https:\/\/www.sindmoveis.com.br\/es\/wp-json\/wp\/v2\/posts\/1199\/revisions"}],"predecessor-version":[{"id":3536,"href":"https:\/\/www.sindmoveis.com.br\/es\/wp-json\/wp\/v2\/posts\/1199\/revisions\/3536"}],"wp:featuredmedia":[{"embeddable":true,"href":"https:\/\/www.sindmoveis.com.br\/es\/wp-json\/wp\/v2\/media\/3537"}],"wp:attachment":[{"href":"https:\/\/www.sindmoveis.com.br\/es\/wp-json\/wp\/v2\/media?parent=1199"}],"wp:term":[{"taxonomy":"category","embeddable":true,"href":"https:\/\/www.sindmoveis.com.br\/es\/wp-json\/wp\/v2\/categories?post=1199"},{"taxonomy":"post_tag","embeddable":true,"href":"https:\/\/www.sindmoveis.com.br\/es\/wp-json\/wp\/v2\/tags?post=1199"}],"curies":[{"name":"wp","href":"https:\/\/api.w.org\/{rel}","templated":true}]}}