{"id":1194,"date":"2015-11-03T00:00:00","date_gmt":"2015-11-03T02:00:00","guid":{"rendered":"http:\/\/sindmoveis.com.br\/imprensa\/noticias\/exportacoes-do-design-em-foco\/"},"modified":"2021-05-26T10:30:05","modified_gmt":"2021-05-26T13:30:05","slug":"exportacoes-do-design-em-foco","status":"publish","type":"post","link":"https:\/\/www.sindmoveis.com.br\/es\/exportacoes-do-design-em-foco\/","title":{"rendered":"Exportaciones de Dise\u00f1o en foco"},"content":{"rendered":"<p>Tres importadores norteamericanos desembarcan en Brasil la pr&oacute;xima semana para una edici&oacute;n especial de Proyecto Comprador con dise&ntilde;adores del Proyecto Ra&iacute;z &ndash; iniciativa de Apex-Brasil y de Sindm&oacute;veis Bento Gon&ccedil;alves, que impulsa las exportaciones del servicio de dise&ntilde;ador. Las rondas de negocios se realizan en S&atilde;o Paulo, los d&iacute;as 03 y 04, en R&iacute;o de Janeiro, el d&iacute;a 05, y en Bento Gon&ccedil;alves el d&iacute;a 06.<\/p>\n<p>Participan del proyecto en la capital paulista los estudios Fahrer Design, FIXTTI &ndash; Camila Fix y Fl&aacute;via Pagotti Silva, Girona Design, Paulo Alves, Quadrante Design, Estudio B y Studio Marton. En R&iacute;o, quien se re&uacute;ne con los importadores son los dise&ntilde;adores de Em2 Design, Estudiobola, Guto Indio da Costa y Mameluca. En la Sierra Gaucha, Eulalia Anselmo, Faro Design y Marta Manente son los estudios participantes. Ser&aacute;n m&aacute;s de 50 rondas en las tres ciudades, que deben generar negocios en las &aacute;reas de licenciamiento de proyectos y exportaci&oacute;n de productos con firma de autor. Los importadores son de Estados Unidos, de acuerdo con el posicionamiento estrat&eacute;gico creado por el proyecto para los estudios de dise&ntilde;o. Los invitados representan las tiendas BDI USA, Matter Matters Switch Modern. El proyecto coincide con la Semana de Dise&ntilde;o de R&iacute;o de Janeiro, programaci&oacute;n que ocurre de 4 a 8 de noviembre democratizando el acceso al dise&ntilde;o y reforzando la ciudad como polo de la Industria Creativa.<\/p>\n<p>El Proyecto Ra&iacute;z representa el brazo del dise&ntilde;o dentro del Proyecto Orchestra Brasil, desarrollado desde 2006 por &aacute;pex-Brasil y por Sindm&oacute;veis. La nueva marca expresa la suma de culturas que alimenta la creatividad nacional.<\/p>\n","protected":false},"excerpt":{"rendered":"<p>Dise\u00f1adores brasile\u00f1os participan de Proyecto Comprador con importadores norteamericanos<\/p>\n","protected":false},"author":5,"featured_media":3533,"comment_status":"closed","ping_status":"open","sticky":false,"template":"","format":"standard","meta":{"footnotes":"","_links_to":"","_links_to_target":""},"categories":[11,2],"tags":[],"class_list":["post-1194","post","type-post","status-publish","format-standard","has-post-thumbnail","hentry","category-exportaciones","category-sindmoveis"],"yoast_head":"<!-- This site is optimized with the Yoast SEO plugin v27.0 - https:\/\/yoast.com\/product\/yoast-seo-wordpress\/ -->\n<title>Exportaciones de Dise\u00f1o en foco - Sindm\u00f3veis-RS<\/title>\n<meta name=\"robots\" content=\"index, follow, max-snippet:-1, max-image-preview:large, max-video-preview:-1\" \/>\n<link rel=\"canonical\" href=\"https:\/\/www.sindmoveis.com.br\/es\/exportacoes-do-design-em-foco\/\" \/>\n<meta property=\"og:locale\" content=\"es_ES\" \/>\n<meta property=\"og:type\" content=\"article\" \/>\n<meta property=\"og:title\" content=\"Exportaciones de Dise\u00f1o en foco - Sindm\u00f3veis-RS\" \/>\n<meta property=\"og:description\" content=\"Dise\u00f1adores brasile\u00f1os participan de Proyecto Comprador con importadores norteamericanos\" \/>\n<meta property=\"og:url\" content=\"https:\/\/www.sindmoveis.com.br\/es\/exportacoes-do-design-em-foco\/\" \/>\n<meta property=\"og:site_name\" content=\"Sindm\u00f3veis-RS\" \/>\n<meta property=\"article:published_time\" content=\"2015-11-03T02:00:00+00:00\" \/>\n<meta property=\"article:modified_time\" content=\"2021-05-26T13:30:05+00:00\" \/>\n<meta property=\"og:image\" content=\"https:\/\/www.sindmoveis.com.br\/es\/wp-content\/uploads\/2021\/05\/p1446567699.jpg\" \/>\n\t<meta property=\"og:image:width\" content=\"1000\" \/>\n\t<meta property=\"og:image:height\" content=\"668\" \/>\n\t<meta property=\"og:image:type\" content=\"image\/jpeg\" \/>\n<meta name=\"author\" content=\"Imprensa Sindm\u00f3veis\" \/>\n<meta name=\"twitter:card\" content=\"summary_large_image\" \/>\n<meta name=\"twitter:label1\" content=\"Escrito por\" \/>\n\t<meta name=\"twitter:data1\" content=\"Imprensa Sindm\u00f3veis\" \/>\n\t<meta name=\"twitter:label2\" content=\"Tiempo de lectura\" \/>\n\t<meta name=\"twitter:data2\" content=\"2 minutos\" \/>\n<script type=\"application\/ld+json\" class=\"yoast-schema-graph\">{\"@context\":\"https:\/\/schema.org\",\"@graph\":[{\"@type\":\"Article\",\"@id\":\"https:\/\/www.sindmoveis.com.br\/es\/exportacoes-do-design-em-foco\/#article\",\"isPartOf\":{\"@id\":\"https:\/\/www.sindmoveis.com.br\/es\/exportacoes-do-design-em-foco\/\"},\"author\":{\"name\":\"Imprensa Sindm\u00f3veis\",\"@id\":\"https:\/\/www.sindmoveis.com.br\/es\/#\/schema\/person\/16d379542db1950a17fe188179340d57\"},\"headline\":\"Exportaciones de Dise\u00f1o en foco\",\"datePublished\":\"2015-11-03T02:00:00+00:00\",\"dateModified\":\"2021-05-26T13:30:05+00:00\",\"mainEntityOfPage\":{\"@id\":\"https:\/\/www.sindmoveis.com.br\/es\/exportacoes-do-design-em-foco\/\"},\"wordCount\":320,\"image\":{\"@id\":\"https:\/\/www.sindmoveis.com.br\/es\/exportacoes-do-design-em-foco\/#primaryimage\"},\"thumbnailUrl\":\"https:\/\/www.sindmoveis.com.br\/es\/wp-content\/uploads\/2021\/05\/p1446567699.jpg\",\"articleSection\":[\"Exportaciones\",\"Sindm\u00f3veis\"],\"inLanguage\":\"es\"},{\"@type\":\"WebPage\",\"@id\":\"https:\/\/www.sindmoveis.com.br\/es\/exportacoes-do-design-em-foco\/\",\"url\":\"https:\/\/www.sindmoveis.com.br\/es\/exportacoes-do-design-em-foco\/\",\"name\":\"Exportaciones de Dise\u00f1o en foco - Sindm\u00f3veis-RS\",\"isPartOf\":{\"@id\":\"https:\/\/www.sindmoveis.com.br\/es\/#website\"},\"primaryImageOfPage\":{\"@id\":\"https:\/\/www.sindmoveis.com.br\/es\/exportacoes-do-design-em-foco\/#primaryimage\"},\"image\":{\"@id\":\"https:\/\/www.sindmoveis.com.br\/es\/exportacoes-do-design-em-foco\/#primaryimage\"},\"thumbnailUrl\":\"https:\/\/www.sindmoveis.com.br\/es\/wp-content\/uploads\/2021\/05\/p1446567699.jpg\",\"datePublished\":\"2015-11-03T02:00:00+00:00\",\"dateModified\":\"2021-05-26T13:30:05+00:00\",\"author\":{\"@id\":\"https:\/\/www.sindmoveis.com.br\/es\/#\/schema\/person\/16d379542db1950a17fe188179340d57\"},\"inLanguage\":\"es\",\"potentialAction\":[{\"@type\":\"ReadAction\",\"target\":[\"https:\/\/www.sindmoveis.com.br\/es\/exportacoes-do-design-em-foco\/\"]}]},{\"@type\":\"ImageObject\",\"inLanguage\":\"es\",\"@id\":\"https:\/\/www.sindmoveis.com.br\/es\/exportacoes-do-design-em-foco\/#primaryimage\",\"url\":\"https:\/\/www.sindmoveis.com.br\/es\/wp-content\/uploads\/2021\/05\/p1446567699.jpg\",\"contentUrl\":\"https:\/\/www.sindmoveis.com.br\/es\/wp-content\/uploads\/2021\/05\/p1446567699.jpg\",\"width\":1000,\"height\":668,\"caption\":\"Henry Lopes\/Sindm\u00f3veis\"},{\"@type\":\"WebSite\",\"@id\":\"https:\/\/www.sindmoveis.com.br\/es\/#website\",\"url\":\"https:\/\/www.sindmoveis.com.br\/es\/\",\"name\":\"Sindm\u00f3veis-RS\",\"description\":\"\",\"potentialAction\":[{\"@type\":\"SearchAction\",\"target\":{\"@type\":\"EntryPoint\",\"urlTemplate\":\"https:\/\/www.sindmoveis.com.br\/es\/?s={search_term_string}\"},\"query-input\":{\"@type\":\"PropertyValueSpecification\",\"valueRequired\":true,\"valueName\":\"search_term_string\"}}],\"inLanguage\":\"es\"},{\"@type\":\"Person\",\"@id\":\"https:\/\/www.sindmoveis.com.br\/es\/#\/schema\/person\/16d379542db1950a17fe188179340d57\",\"name\":\"Imprensa Sindm\u00f3veis\",\"image\":{\"@type\":\"ImageObject\",\"inLanguage\":\"es\",\"@id\":\"https:\/\/www.sindmoveis.com.br\/es\/#\/schema\/person\/image\/\",\"url\":\"https:\/\/secure.gravatar.com\/avatar\/4973e2e2c2a0cb5db30b0c7b770041b8e33d048a16b695a1f99c042449d4bfaf?s=96&d=mm&r=g\",\"contentUrl\":\"https:\/\/secure.gravatar.com\/avatar\/4973e2e2c2a0cb5db30b0c7b770041b8e33d048a16b695a1f99c042449d4bfaf?s=96&d=mm&r=g\",\"caption\":\"Imprensa Sindm\u00f3veis\"},\"url\":\"https:\/\/www.sindmoveis.com.br\/es\/author\/ana\/\"}]}<\/script>\n<!-- \/ Yoast SEO plugin. -->","yoast_head_json":{"title":"Exportaciones de Dise\u00f1o en foco - Sindm\u00f3veis-RS","robots":{"index":"index","follow":"follow","max-snippet":"max-snippet:-1","max-image-preview":"max-image-preview:large","max-video-preview":"max-video-preview:-1"},"canonical":"https:\/\/www.sindmoveis.com.br\/es\/exportacoes-do-design-em-foco\/","og_locale":"es_ES","og_type":"article","og_title":"Exportaciones de Dise\u00f1o en foco - Sindm\u00f3veis-RS","og_description":"Dise\u00f1adores brasile\u00f1os participan de Proyecto Comprador con importadores norteamericanos","og_url":"https:\/\/www.sindmoveis.com.br\/es\/exportacoes-do-design-em-foco\/","og_site_name":"Sindm\u00f3veis-RS","article_published_time":"2015-11-03T02:00:00+00:00","article_modified_time":"2021-05-26T13:30:05+00:00","og_image":[{"width":1000,"height":668,"url":"https:\/\/www.sindmoveis.com.br\/es\/wp-content\/uploads\/2021\/05\/p1446567699.jpg","type":"image\/jpeg"}],"author":"Imprensa Sindm\u00f3veis","twitter_card":"summary_large_image","twitter_misc":{"Escrito por":"Imprensa Sindm\u00f3veis","Tiempo de lectura":"2 minutos"},"schema":{"@context":"https:\/\/schema.org","@graph":[{"@type":"Article","@id":"https:\/\/www.sindmoveis.com.br\/es\/exportacoes-do-design-em-foco\/#article","isPartOf":{"@id":"https:\/\/www.sindmoveis.com.br\/es\/exportacoes-do-design-em-foco\/"},"author":{"name":"Imprensa Sindm\u00f3veis","@id":"https:\/\/www.sindmoveis.com.br\/es\/#\/schema\/person\/16d379542db1950a17fe188179340d57"},"headline":"Exportaciones de Dise\u00f1o en foco","datePublished":"2015-11-03T02:00:00+00:00","dateModified":"2021-05-26T13:30:05+00:00","mainEntityOfPage":{"@id":"https:\/\/www.sindmoveis.com.br\/es\/exportacoes-do-design-em-foco\/"},"wordCount":320,"image":{"@id":"https:\/\/www.sindmoveis.com.br\/es\/exportacoes-do-design-em-foco\/#primaryimage"},"thumbnailUrl":"https:\/\/www.sindmoveis.com.br\/es\/wp-content\/uploads\/2021\/05\/p1446567699.jpg","articleSection":["Exportaciones","Sindm\u00f3veis"],"inLanguage":"es"},{"@type":"WebPage","@id":"https:\/\/www.sindmoveis.com.br\/es\/exportacoes-do-design-em-foco\/","url":"https:\/\/www.sindmoveis.com.br\/es\/exportacoes-do-design-em-foco\/","name":"Exportaciones de Dise\u00f1o en foco - Sindm\u00f3veis-RS","isPartOf":{"@id":"https:\/\/www.sindmoveis.com.br\/es\/#website"},"primaryImageOfPage":{"@id":"https:\/\/www.sindmoveis.com.br\/es\/exportacoes-do-design-em-foco\/#primaryimage"},"image":{"@id":"https:\/\/www.sindmoveis.com.br\/es\/exportacoes-do-design-em-foco\/#primaryimage"},"thumbnailUrl":"https:\/\/www.sindmoveis.com.br\/es\/wp-content\/uploads\/2021\/05\/p1446567699.jpg","datePublished":"2015-11-03T02:00:00+00:00","dateModified":"2021-05-26T13:30:05+00:00","author":{"@id":"https:\/\/www.sindmoveis.com.br\/es\/#\/schema\/person\/16d379542db1950a17fe188179340d57"},"inLanguage":"es","potentialAction":[{"@type":"ReadAction","target":["https:\/\/www.sindmoveis.com.br\/es\/exportacoes-do-design-em-foco\/"]}]},{"@type":"ImageObject","inLanguage":"es","@id":"https:\/\/www.sindmoveis.com.br\/es\/exportacoes-do-design-em-foco\/#primaryimage","url":"https:\/\/www.sindmoveis.com.br\/es\/wp-content\/uploads\/2021\/05\/p1446567699.jpg","contentUrl":"https:\/\/www.sindmoveis.com.br\/es\/wp-content\/uploads\/2021\/05\/p1446567699.jpg","width":1000,"height":668,"caption":"Henry Lopes\/Sindm\u00f3veis"},{"@type":"WebSite","@id":"https:\/\/www.sindmoveis.com.br\/es\/#website","url":"https:\/\/www.sindmoveis.com.br\/es\/","name":"Sindm\u00f3veis-RS","description":"","potentialAction":[{"@type":"SearchAction","target":{"@type":"EntryPoint","urlTemplate":"https:\/\/www.sindmoveis.com.br\/es\/?s={search_term_string}"},"query-input":{"@type":"PropertyValueSpecification","valueRequired":true,"valueName":"search_term_string"}}],"inLanguage":"es"},{"@type":"Person","@id":"https:\/\/www.sindmoveis.com.br\/es\/#\/schema\/person\/16d379542db1950a17fe188179340d57","name":"Imprensa Sindm\u00f3veis","image":{"@type":"ImageObject","inLanguage":"es","@id":"https:\/\/www.sindmoveis.com.br\/es\/#\/schema\/person\/image\/","url":"https:\/\/secure.gravatar.com\/avatar\/4973e2e2c2a0cb5db30b0c7b770041b8e33d048a16b695a1f99c042449d4bfaf?s=96&d=mm&r=g","contentUrl":"https:\/\/secure.gravatar.com\/avatar\/4973e2e2c2a0cb5db30b0c7b770041b8e33d048a16b695a1f99c042449d4bfaf?s=96&d=mm&r=g","caption":"Imprensa Sindm\u00f3veis"},"url":"https:\/\/www.sindmoveis.com.br\/es\/author\/ana\/"}]}},"_links":{"self":[{"href":"https:\/\/www.sindmoveis.com.br\/es\/wp-json\/wp\/v2\/posts\/1194","targetHints":{"allow":["GET"]}}],"collection":[{"href":"https:\/\/www.sindmoveis.com.br\/es\/wp-json\/wp\/v2\/posts"}],"about":[{"href":"https:\/\/www.sindmoveis.com.br\/es\/wp-json\/wp\/v2\/types\/post"}],"author":[{"embeddable":true,"href":"https:\/\/www.sindmoveis.com.br\/es\/wp-json\/wp\/v2\/users\/5"}],"replies":[{"embeddable":true,"href":"https:\/\/www.sindmoveis.com.br\/es\/wp-json\/wp\/v2\/comments?post=1194"}],"version-history":[{"count":2,"href":"https:\/\/www.sindmoveis.com.br\/es\/wp-json\/wp\/v2\/posts\/1194\/revisions"}],"predecessor-version":[{"id":3532,"href":"https:\/\/www.sindmoveis.com.br\/es\/wp-json\/wp\/v2\/posts\/1194\/revisions\/3532"}],"wp:featuredmedia":[{"embeddable":true,"href":"https:\/\/www.sindmoveis.com.br\/es\/wp-json\/wp\/v2\/media\/3533"}],"wp:attachment":[{"href":"https:\/\/www.sindmoveis.com.br\/es\/wp-json\/wp\/v2\/media?parent=1194"}],"wp:term":[{"taxonomy":"category","embeddable":true,"href":"https:\/\/www.sindmoveis.com.br\/es\/wp-json\/wp\/v2\/categories?post=1194"},{"taxonomy":"post_tag","embeddable":true,"href":"https:\/\/www.sindmoveis.com.br\/es\/wp-json\/wp\/v2\/tags?post=1194"}],"curies":[{"name":"wp","href":"https:\/\/api.w.org\/{rel}","templated":true}]}}