{"id":1189,"date":"2015-10-07T00:00:00","date_gmt":"2015-10-07T03:00:00","guid":{"rendered":"http:\/\/sindmoveis.com.br\/imprensa\/noticias\/projeto-orchestra-brasil-leva-empresa-a-intermob-istambul\/"},"modified":"2021-05-26T10:28:36","modified_gmt":"2021-05-26T13:28:36","slug":"projeto-orchestra-brasil-leva-empresa-a-intermob-istambul","status":"publish","type":"post","link":"https:\/\/www.sindmoveis.com.br\/es\/projeto-orchestra-brasil-leva-empresa-a-intermob-istambul\/","title":{"rendered":"Proyecto Orchestra Brasil lleva empresa para Intermob Estambul"},"content":{"rendered":"<p>Octubre 10 a 14, el Proyecto Orchestra Brasil de fomentaci&oacute;n a las exportaciones de materias primas, tecnolog&iacute;a y dise&ntilde;o para la industria del mueble, promovido por la Asociaci&oacute;n de Fabricantes de Muebles de Bento Gon&ccedil;alves (Sindm&oacute;veis) y la Agencia Brasile&ntilde;a de Promoci&oacute;n de Exportaciones e Inversiones ( Apex-Brasil), asistir&aacute; a la 18a INTERMOB Estambul. Esta es la tercera aparici&oacute;n en la feria de muebles, accesorios, productos y tecnolog&iacute;a para la industria del mueble. En el stand estar&aacute; expuesto el software Promob.<\/p>\n<p>Feria consolidada en el mercado turco, INTERMOB es importante para el sector en Europa del Este, una regi&oacute;n del C&aacute;ucaso, Oriente Medio y &Aacute;frica del Norte. La organizaci&oacute;n espera m&aacute;s de 65.000 visitantes profesionales de 90 pa&iacute;ses .Turqu&iacute;a es la decimos&eacute;ptima econom&iacute;a m&aacute;s grande en el mundo y tiene el crecimiento del PIB estimado en m&aacute;s de 3% por a&ntilde;o entre 2014 y 2019, seg&uacute;n datos del FMI. Producci&oacute;n de muebles en el pa&iacute;s, a su vez, cuenta con m&aacute;s de 35.000 fabricantes y unos ingresos anuales de $ 10 mil millones. Adem&aacute;s, es uno de los principales exportadores de muebles a nivel mundial.<\/p>\n<p>Promob presentar&aacute; en el mercado turco sus opciones en software para la industria del mueble, proporcionando soluci&oacute;n integrada desde el dise&ntilde;o hasta la fabricaci&oacute;n y comercializaci&oacute;n. La empresa a&uacute;n no cuenta con operaciones en ese mercado, pero ve buenas oportunidades debido a la similitud con el formato Brasile&ntilde;o de fabricaci&oacute;n y distribuci&oacute;n de muebles. Por otra parte, Turqu&iacute;a es la puerta de entrada a Europa, la parte alta de &Aacute;frica y los mercados de Oriente Medio a ser explorado por la empresa. &quot;Actualmente estamos buscando consolidar la marca en Am&eacute;rica Latina, el fortalecimiento de nuestra participaci&oacute;n en los mercados donde ya hemos estado trabajando y abriendo otros nuevos. Adem&aacute;s, estamos prospecci&oacute;n de nuevas oportunidades en los mercados africanos y justo en Turqu&iacute;a para ampliar sus operaciones en 2016 &quot;, se&ntilde;ala la asesora de exportaciones de Promob, Luciana Adamatti.<\/p>\n<p>El Proyecto Orchestra Brasil existe desde 2006 y promueve la inserci&oacute;n competitiva de los proveedores del sector del mueble en el mercado internacional. Actualmente, con la participaci&oacute;n de 76 industrias. En el primer semestre de 2015, las cantidades en d&oacute;lares de las exportaciones de las empresas apoyadas cayeron 4,1%, mientras que las empresas no admitidas registraron una ca&iacute;da del 33,2%. Entre 2010 y 2014, las acciones del proyecto han llevado a un crecimiento de 40 hasta 76 destinos. Durante este per&iacute;odo, el crecimiento en los montos en d&oacute;lares de empresas apoyadas fue 156,3% m&aacute;s que las empresas no asistidas.<\/p>\n<p>El calendario de actividades de 2015 termina con el Proyecto Comprador Orchestra Brasil Experiencia, en Bento Gon&ccedil;alves, 16-20 de noviembre con la participaci&oacute;n de 20 invitados importadores.<\/p>\n","protected":false},"excerpt":{"rendered":"<p>Promob Softwares va exhibir su l\u00ednea para el sector mueblero en el espacio del proyecto de exportaciones de Sindm\u00f3veis y Apex-Brasil<\/p>\n","protected":false},"author":5,"featured_media":3531,"comment_status":"closed","ping_status":"open","sticky":false,"template":"","format":"standard","meta":{"footnotes":"","_links_to":"","_links_to_target":""},"categories":[22,2],"tags":[],"class_list":["post-1189","post","type-post","status-publish","format-standard","has-post-thumbnail","hentry","category-proyecto-orchestra-brasil","category-sindmoveis"],"yoast_head":"<!-- This site is optimized with the Yoast SEO plugin v27.0 - https:\/\/yoast.com\/product\/yoast-seo-wordpress\/ -->\n<title>Proyecto Orchestra Brasil lleva empresa para Intermob Estambul - Sindm\u00f3veis-RS<\/title>\n<meta name=\"robots\" content=\"index, follow, max-snippet:-1, max-image-preview:large, max-video-preview:-1\" \/>\n<link rel=\"canonical\" href=\"https:\/\/www.sindmoveis.com.br\/es\/projeto-orchestra-brasil-leva-empresa-a-intermob-istambul\/\" \/>\n<meta property=\"og:locale\" content=\"es_ES\" \/>\n<meta property=\"og:type\" content=\"article\" \/>\n<meta property=\"og:title\" content=\"Proyecto Orchestra Brasil lleva empresa para Intermob Estambul - Sindm\u00f3veis-RS\" \/>\n<meta property=\"og:description\" content=\"Promob Softwares va exhibir su l\u00ednea para el sector mueblero en el espacio del proyecto de exportaciones de Sindm\u00f3veis y Apex-Brasil\" \/>\n<meta property=\"og:url\" content=\"https:\/\/www.sindmoveis.com.br\/es\/projeto-orchestra-brasil-leva-empresa-a-intermob-istambul\/\" \/>\n<meta property=\"og:site_name\" content=\"Sindm\u00f3veis-RS\" \/>\n<meta property=\"article:published_time\" content=\"2015-10-07T03:00:00+00:00\" \/>\n<meta property=\"article:modified_time\" content=\"2021-05-26T13:28:36+00:00\" \/>\n<meta property=\"og:image\" content=\"https:\/\/www.sindmoveis.com.br\/es\/wp-content\/uploads\/2021\/05\/p1444239586.jpg\" \/>\n\t<meta property=\"og:image:width\" content=\"709\" \/>\n\t<meta property=\"og:image:height\" content=\"529\" \/>\n\t<meta property=\"og:image:type\" content=\"image\/jpeg\" \/>\n<meta name=\"author\" content=\"Imprensa Sindm\u00f3veis\" \/>\n<meta name=\"twitter:card\" content=\"summary_large_image\" \/>\n<meta name=\"twitter:label1\" content=\"Escrito por\" \/>\n\t<meta name=\"twitter:data1\" content=\"Imprensa Sindm\u00f3veis\" \/>\n\t<meta name=\"twitter:label2\" content=\"Tiempo de lectura\" \/>\n\t<meta name=\"twitter:data2\" content=\"3 minutos\" \/>\n<script type=\"application\/ld+json\" class=\"yoast-schema-graph\">{\"@context\":\"https:\/\/schema.org\",\"@graph\":[{\"@type\":\"Article\",\"@id\":\"https:\/\/www.sindmoveis.com.br\/es\/projeto-orchestra-brasil-leva-empresa-a-intermob-istambul\/#article\",\"isPartOf\":{\"@id\":\"https:\/\/www.sindmoveis.com.br\/es\/projeto-orchestra-brasil-leva-empresa-a-intermob-istambul\/\"},\"author\":{\"name\":\"Imprensa Sindm\u00f3veis\",\"@id\":\"https:\/\/www.sindmoveis.com.br\/es\/#\/schema\/person\/16d379542db1950a17fe188179340d57\"},\"headline\":\"Proyecto Orchestra Brasil lleva empresa para Intermob Estambul\",\"datePublished\":\"2015-10-07T03:00:00+00:00\",\"dateModified\":\"2021-05-26T13:28:36+00:00\",\"mainEntityOfPage\":{\"@id\":\"https:\/\/www.sindmoveis.com.br\/es\/projeto-orchestra-brasil-leva-empresa-a-intermob-istambul\/\"},\"wordCount\":539,\"image\":{\"@id\":\"https:\/\/www.sindmoveis.com.br\/es\/projeto-orchestra-brasil-leva-empresa-a-intermob-istambul\/#primaryimage\"},\"thumbnailUrl\":\"https:\/\/www.sindmoveis.com.br\/es\/wp-content\/uploads\/2021\/05\/p1444239586.jpg\",\"articleSection\":[\"Proyecto Orchestra Brasil\",\"Sindm\u00f3veis\"],\"inLanguage\":\"es\"},{\"@type\":\"WebPage\",\"@id\":\"https:\/\/www.sindmoveis.com.br\/es\/projeto-orchestra-brasil-leva-empresa-a-intermob-istambul\/\",\"url\":\"https:\/\/www.sindmoveis.com.br\/es\/projeto-orchestra-brasil-leva-empresa-a-intermob-istambul\/\",\"name\":\"Proyecto Orchestra Brasil lleva empresa para Intermob Estambul - Sindm\u00f3veis-RS\",\"isPartOf\":{\"@id\":\"https:\/\/www.sindmoveis.com.br\/es\/#website\"},\"primaryImageOfPage\":{\"@id\":\"https:\/\/www.sindmoveis.com.br\/es\/projeto-orchestra-brasil-leva-empresa-a-intermob-istambul\/#primaryimage\"},\"image\":{\"@id\":\"https:\/\/www.sindmoveis.com.br\/es\/projeto-orchestra-brasil-leva-empresa-a-intermob-istambul\/#primaryimage\"},\"thumbnailUrl\":\"https:\/\/www.sindmoveis.com.br\/es\/wp-content\/uploads\/2021\/05\/p1444239586.jpg\",\"datePublished\":\"2015-10-07T03:00:00+00:00\",\"dateModified\":\"2021-05-26T13:28:36+00:00\",\"author\":{\"@id\":\"https:\/\/www.sindmoveis.com.br\/es\/#\/schema\/person\/16d379542db1950a17fe188179340d57\"},\"inLanguage\":\"es\",\"potentialAction\":[{\"@type\":\"ReadAction\",\"target\":[\"https:\/\/www.sindmoveis.com.br\/es\/projeto-orchestra-brasil-leva-empresa-a-intermob-istambul\/\"]}]},{\"@type\":\"ImageObject\",\"inLanguage\":\"es\",\"@id\":\"https:\/\/www.sindmoveis.com.br\/es\/projeto-orchestra-brasil-leva-empresa-a-intermob-istambul\/#primaryimage\",\"url\":\"https:\/\/www.sindmoveis.com.br\/es\/wp-content\/uploads\/2021\/05\/p1444239586.jpg\",\"contentUrl\":\"https:\/\/www.sindmoveis.com.br\/es\/wp-content\/uploads\/2021\/05\/p1444239586.jpg\",\"width\":709,\"height\":529},{\"@type\":\"WebSite\",\"@id\":\"https:\/\/www.sindmoveis.com.br\/es\/#website\",\"url\":\"https:\/\/www.sindmoveis.com.br\/es\/\",\"name\":\"Sindm\u00f3veis-RS\",\"description\":\"\",\"potentialAction\":[{\"@type\":\"SearchAction\",\"target\":{\"@type\":\"EntryPoint\",\"urlTemplate\":\"https:\/\/www.sindmoveis.com.br\/es\/?s={search_term_string}\"},\"query-input\":{\"@type\":\"PropertyValueSpecification\",\"valueRequired\":true,\"valueName\":\"search_term_string\"}}],\"inLanguage\":\"es\"},{\"@type\":\"Person\",\"@id\":\"https:\/\/www.sindmoveis.com.br\/es\/#\/schema\/person\/16d379542db1950a17fe188179340d57\",\"name\":\"Imprensa Sindm\u00f3veis\",\"image\":{\"@type\":\"ImageObject\",\"inLanguage\":\"es\",\"@id\":\"https:\/\/www.sindmoveis.com.br\/es\/#\/schema\/person\/image\/\",\"url\":\"https:\/\/secure.gravatar.com\/avatar\/4973e2e2c2a0cb5db30b0c7b770041b8e33d048a16b695a1f99c042449d4bfaf?s=96&d=mm&r=g\",\"contentUrl\":\"https:\/\/secure.gravatar.com\/avatar\/4973e2e2c2a0cb5db30b0c7b770041b8e33d048a16b695a1f99c042449d4bfaf?s=96&d=mm&r=g\",\"caption\":\"Imprensa Sindm\u00f3veis\"},\"url\":\"https:\/\/www.sindmoveis.com.br\/es\/author\/ana\/\"}]}<\/script>\n<!-- \/ Yoast SEO plugin. -->","yoast_head_json":{"title":"Proyecto Orchestra Brasil lleva empresa para Intermob Estambul - Sindm\u00f3veis-RS","robots":{"index":"index","follow":"follow","max-snippet":"max-snippet:-1","max-image-preview":"max-image-preview:large","max-video-preview":"max-video-preview:-1"},"canonical":"https:\/\/www.sindmoveis.com.br\/es\/projeto-orchestra-brasil-leva-empresa-a-intermob-istambul\/","og_locale":"es_ES","og_type":"article","og_title":"Proyecto Orchestra Brasil lleva empresa para Intermob Estambul - Sindm\u00f3veis-RS","og_description":"Promob Softwares va exhibir su l\u00ednea para el sector mueblero en el espacio del proyecto de exportaciones de Sindm\u00f3veis y Apex-Brasil","og_url":"https:\/\/www.sindmoveis.com.br\/es\/projeto-orchestra-brasil-leva-empresa-a-intermob-istambul\/","og_site_name":"Sindm\u00f3veis-RS","article_published_time":"2015-10-07T03:00:00+00:00","article_modified_time":"2021-05-26T13:28:36+00:00","og_image":[{"width":709,"height":529,"url":"https:\/\/www.sindmoveis.com.br\/es\/wp-content\/uploads\/2021\/05\/p1444239586.jpg","type":"image\/jpeg"}],"author":"Imprensa Sindm\u00f3veis","twitter_card":"summary_large_image","twitter_misc":{"Escrito por":"Imprensa Sindm\u00f3veis","Tiempo de lectura":"3 minutos"},"schema":{"@context":"https:\/\/schema.org","@graph":[{"@type":"Article","@id":"https:\/\/www.sindmoveis.com.br\/es\/projeto-orchestra-brasil-leva-empresa-a-intermob-istambul\/#article","isPartOf":{"@id":"https:\/\/www.sindmoveis.com.br\/es\/projeto-orchestra-brasil-leva-empresa-a-intermob-istambul\/"},"author":{"name":"Imprensa Sindm\u00f3veis","@id":"https:\/\/www.sindmoveis.com.br\/es\/#\/schema\/person\/16d379542db1950a17fe188179340d57"},"headline":"Proyecto Orchestra Brasil lleva empresa para Intermob Estambul","datePublished":"2015-10-07T03:00:00+00:00","dateModified":"2021-05-26T13:28:36+00:00","mainEntityOfPage":{"@id":"https:\/\/www.sindmoveis.com.br\/es\/projeto-orchestra-brasil-leva-empresa-a-intermob-istambul\/"},"wordCount":539,"image":{"@id":"https:\/\/www.sindmoveis.com.br\/es\/projeto-orchestra-brasil-leva-empresa-a-intermob-istambul\/#primaryimage"},"thumbnailUrl":"https:\/\/www.sindmoveis.com.br\/es\/wp-content\/uploads\/2021\/05\/p1444239586.jpg","articleSection":["Proyecto Orchestra Brasil","Sindm\u00f3veis"],"inLanguage":"es"},{"@type":"WebPage","@id":"https:\/\/www.sindmoveis.com.br\/es\/projeto-orchestra-brasil-leva-empresa-a-intermob-istambul\/","url":"https:\/\/www.sindmoveis.com.br\/es\/projeto-orchestra-brasil-leva-empresa-a-intermob-istambul\/","name":"Proyecto Orchestra Brasil lleva empresa para Intermob Estambul - Sindm\u00f3veis-RS","isPartOf":{"@id":"https:\/\/www.sindmoveis.com.br\/es\/#website"},"primaryImageOfPage":{"@id":"https:\/\/www.sindmoveis.com.br\/es\/projeto-orchestra-brasil-leva-empresa-a-intermob-istambul\/#primaryimage"},"image":{"@id":"https:\/\/www.sindmoveis.com.br\/es\/projeto-orchestra-brasil-leva-empresa-a-intermob-istambul\/#primaryimage"},"thumbnailUrl":"https:\/\/www.sindmoveis.com.br\/es\/wp-content\/uploads\/2021\/05\/p1444239586.jpg","datePublished":"2015-10-07T03:00:00+00:00","dateModified":"2021-05-26T13:28:36+00:00","author":{"@id":"https:\/\/www.sindmoveis.com.br\/es\/#\/schema\/person\/16d379542db1950a17fe188179340d57"},"inLanguage":"es","potentialAction":[{"@type":"ReadAction","target":["https:\/\/www.sindmoveis.com.br\/es\/projeto-orchestra-brasil-leva-empresa-a-intermob-istambul\/"]}]},{"@type":"ImageObject","inLanguage":"es","@id":"https:\/\/www.sindmoveis.com.br\/es\/projeto-orchestra-brasil-leva-empresa-a-intermob-istambul\/#primaryimage","url":"https:\/\/www.sindmoveis.com.br\/es\/wp-content\/uploads\/2021\/05\/p1444239586.jpg","contentUrl":"https:\/\/www.sindmoveis.com.br\/es\/wp-content\/uploads\/2021\/05\/p1444239586.jpg","width":709,"height":529},{"@type":"WebSite","@id":"https:\/\/www.sindmoveis.com.br\/es\/#website","url":"https:\/\/www.sindmoveis.com.br\/es\/","name":"Sindm\u00f3veis-RS","description":"","potentialAction":[{"@type":"SearchAction","target":{"@type":"EntryPoint","urlTemplate":"https:\/\/www.sindmoveis.com.br\/es\/?s={search_term_string}"},"query-input":{"@type":"PropertyValueSpecification","valueRequired":true,"valueName":"search_term_string"}}],"inLanguage":"es"},{"@type":"Person","@id":"https:\/\/www.sindmoveis.com.br\/es\/#\/schema\/person\/16d379542db1950a17fe188179340d57","name":"Imprensa Sindm\u00f3veis","image":{"@type":"ImageObject","inLanguage":"es","@id":"https:\/\/www.sindmoveis.com.br\/es\/#\/schema\/person\/image\/","url":"https:\/\/secure.gravatar.com\/avatar\/4973e2e2c2a0cb5db30b0c7b770041b8e33d048a16b695a1f99c042449d4bfaf?s=96&d=mm&r=g","contentUrl":"https:\/\/secure.gravatar.com\/avatar\/4973e2e2c2a0cb5db30b0c7b770041b8e33d048a16b695a1f99c042449d4bfaf?s=96&d=mm&r=g","caption":"Imprensa Sindm\u00f3veis"},"url":"https:\/\/www.sindmoveis.com.br\/es\/author\/ana\/"}]}},"_links":{"self":[{"href":"https:\/\/www.sindmoveis.com.br\/es\/wp-json\/wp\/v2\/posts\/1189","targetHints":{"allow":["GET"]}}],"collection":[{"href":"https:\/\/www.sindmoveis.com.br\/es\/wp-json\/wp\/v2\/posts"}],"about":[{"href":"https:\/\/www.sindmoveis.com.br\/es\/wp-json\/wp\/v2\/types\/post"}],"author":[{"embeddable":true,"href":"https:\/\/www.sindmoveis.com.br\/es\/wp-json\/wp\/v2\/users\/5"}],"replies":[{"embeddable":true,"href":"https:\/\/www.sindmoveis.com.br\/es\/wp-json\/wp\/v2\/comments?post=1189"}],"version-history":[{"count":2,"href":"https:\/\/www.sindmoveis.com.br\/es\/wp-json\/wp\/v2\/posts\/1189\/revisions"}],"predecessor-version":[{"id":3530,"href":"https:\/\/www.sindmoveis.com.br\/es\/wp-json\/wp\/v2\/posts\/1189\/revisions\/3530"}],"wp:featuredmedia":[{"embeddable":true,"href":"https:\/\/www.sindmoveis.com.br\/es\/wp-json\/wp\/v2\/media\/3531"}],"wp:attachment":[{"href":"https:\/\/www.sindmoveis.com.br\/es\/wp-json\/wp\/v2\/media?parent=1189"}],"wp:term":[{"taxonomy":"category","embeddable":true,"href":"https:\/\/www.sindmoveis.com.br\/es\/wp-json\/wp\/v2\/categories?post=1189"},{"taxonomy":"post_tag","embeddable":true,"href":"https:\/\/www.sindmoveis.com.br\/es\/wp-json\/wp\/v2\/tags?post=1189"}],"curies":[{"name":"wp","href":"https:\/\/api.w.org\/{rel}","templated":true}]}}