{"id":1188,"date":"2015-10-07T00:00:00","date_gmt":"2015-10-07T03:00:00","guid":{"rendered":"http:\/\/sindmoveis.com.br\/imprensa\/noticias\/movelsul-brasil-prepara-sua-20a-edicao\/"},"modified":"2021-05-26T10:31:43","modified_gmt":"2021-05-26T13:31:43","slug":"movelsul-brasil-prepara-sua-20a-edicao","status":"publish","type":"post","link":"https:\/\/www.sindmoveis.com.br\/es\/movelsul-brasil-prepara-sua-20a-edicao\/","title":{"rendered":"Movelsul Brasil prepara su 20\u00aa edici\u00f3n"},"content":{"rendered":"<p>Movelsul Brasil est&aacute; presente en todo el universo del segmento de mobiliario del &nbsp;pa&iacute;s. Fabricantes, revendedores y consumidores est&aacute;n conectados por la feria que act&uacute;a como un verdadero hilo conductor entre las puntas de la cadena. En 2016, se conmemoran 20 ediciones del evento, promovido por el Sindicato de las Industrias del Mobiliario de Bento Gon&ccedil;alves &ndash; Sindm&oacute;veis, desde 1977. La campa&ntilde;a de comunicaci&oacute;n de la feria, ya en circulaci&oacute;n, refuerza justamente su presencia en la planificaci&oacute;n de ventas de las f&aacute;bricas, en la creaci&oacute;n de la diversidad de productos para el comercio minorista y en los hogares de todo Brasil.<\/p>\n<p>Para representar la fecha especial, la feria invit&oacute; estudios de dise&ntilde;o para crear piezas exclusivas que remitan al n&uacute;mero 20. El reto fue aceptado por las empresas Ye Industrial Design, de Bento; Mameluca, de R&iacute;o de Janeiro; y Tina y Lui, de Porto Alegre. Los muebles dise&ntilde;ados voluntariamente ilustrar&aacute;n los anuncios de la feria y tambi&eacute;n van a decorar un espacio conmemorativo en el Hall de la misma. Adem&aacute;s de la campa&ntilde;a ilustrada con las piezas de los tres estudios, a partir de enero, una serie de acciones ser&aacute;n llevadas a cabo en Bento Gon&ccedil;alves, recordando a la comunidad la importancia del sector del mobiliario y de la feria para el desarrollo del municipio.<\/p>\n<p>El presidente de Sindm&oacute;veis, Henrique Tecchio, puntualiza que el sector del mobiliario antes &nbsp;mencionado ya tuvo otros momentos de crisis, algunos hasta peores que el actual. En su opini&oacute;n, es justamente en esas ocasiones que el empresario debe superarse, invertir en la proximidad con el revendedor de sus productos y negociar frente a frente. E, igualmente, que las ferias contin&uacute;an siendo un canal relevante de promoci&oacute;n para la industria, pues el evento concentra la fuerza de captaci&oacute;n de estos comerciantes. &ldquo;La presencia de la industria en Movelsul es sin&oacute;nimo de seguridad para ellos, &nbsp;de empresas con gesti&oacute;n s&oacute;lida y responsable. Es una respuesta al mercado y significa que hay, s&iacute;, empresas preparadas para la aceleraci&oacute;n de la econom&iacute;a. Tomemos como ejemplo la crisis norteamericana. Quien dej&oacute; de invertir en el periodo de recesi&oacute;n, no sobrevivi&oacute; en la retomada de la econom&iacute;a&rdquo;, destaca.<\/p>\n<p>&nbsp;<\/p>\n<p><strong>M&aacute;s sobre la feria<\/strong><\/p>\n<p>En su historia, Movelsul ya tuvo m&aacute;s de 1.500 empresas expositoras. La primera edici&oacute;n de la feria sucedi&oacute; en 1977, a&ntilde;o en que el sector del mobiliario se consolid&oacute; como actividad l&iacute;der en la econom&iacute;a de Bento Gon&ccedil;alves. La 1&ordf; Muestra del Mobiliario de Bento Gon&ccedil;alves reuni&oacute; 24 fabricantes de muebles de la ciudad. A partir de 1988, la feria pasa a ser denominada Movelsul, ya con m&aacute;s de 100 expositores. Ese a&ntilde;o marc&oacute;, tambi&eacute;n, la primera edici&oacute;n del Premio Sal&atilde;o Design, que conmemora igualmente sus 20 ediciones el pr&oacute;ximo a&ntilde;o &ndash; ya que, a partir de la creaci&oacute;n de la feria Casa Brasil, pas&oacute; a ser realizado anualmente.<\/p>\n<p>En los &uacute;ltimos 10 a&ntilde;os, Movelsul Brasil se internacionaliz&oacute; y pas&oacute; a adoptar una planificaci&oacute;n estrat&eacute;gica con horizonte de 20 a&ntilde;os. La feria formaliz&oacute;, en 2012, la segmentaci&oacute;n de sus expositores por tipolog&iacute;a de producto, siguiendo el modelo adoptado por las principales ferias del sector en el mundo, como el Salone Internazionale del Mobile e IMM Cologne. En ese modelo, el tiempo de visita gana objetividad, ampliando el poder de compra y la toma de decisi&oacute;n del revendedor visitante.<\/p>\n<p>En 2016, Movelsul Brasil espera 200 expositores de los segmentos de oficina, cocina, dormitorio, &aacute;rea de servicio\/ lavadero, ba&ntilde;o, muebles para jard&iacute;n, electrodom&eacute;sticos, comedores de diario, salas de estar y juegos de comedor, alfombras, muebles tapizados y colchones. Con patrocinio de Duratex y Renner Sayerlack, la feria es abierta solamente al p&uacute;blico profesional y ser&aacute; realizada de 4 a 18 de marzo de 2016, en el Parque de Eventos de Bento Gon&ccedil;alves. En el mes anterior a la feria, estar&aacute; en el aire la aplicaci&oacute;n del evento con el mapa completo e informaciones sobre las empresas expositoras. Acciones volcadas a la comunidad de Bento Gon&ccedil;alves ser&aacute;n realizadas a partir de enero para celebrar las 20 ediciones de Movelsul Brasil.<\/p>\n<p>M&aacute;s informaciones sobre la feria pueden ser obtenidas en el sitio web <a href=\"http:\/\/www.movelsul.com.br\/\">www.movelsul.com.br<\/a>.<\/p>\n<p>&nbsp;<\/p>\n<p><strong>Los muebles que ilustran la campa&ntilde;a<\/strong><\/p>\n<p><strong>Estanter&iacute;a Vig&eacute;sima | Leandro Gava y Muriele Vivian (Bento Gon&ccedil;alves)<\/strong><\/p>\n<img decoding=\"async\" alt=\"\" src=\"https:\/\/www.sindmoveis.com.br\/es\/wp-content\/uploads\/2021\/05\/p1444240877.jpg\" style=\"height:394px; width:394px\" \/>\n<p>La Estanter&iacute;a Vig&eacute;sima es producida en Pino, tiene nichos removibles&nbsp; que componen el n&uacute;mero 20 y su acabado est&aacute; basado en la escala de colores de la marca Movelsul. Versatilidad e interacci&oacute;n entre usuario y producto, hacen de &eacute;l &nbsp;&nbsp;un s&iacute;mbolo de la historia pasada, presente y futura de la mayor feria de muebles de Am&eacute;rica Latina.<\/p>\n<p>&nbsp;<\/p>\n<p><strong>M&oacute;dulo da20 | Tina e Lui Arquitetura e Design (Porto Alegre)<\/strong><\/p>\n<img decoding=\"async\" alt=\"\" src=\"https:\/\/www.sindmoveis.com.br\/es\/wp-content\/uploads\/2021\/05\/p1444241161.jpg\" \/>\n<p>Un mueble vers&aacute;til. Se trata de un m&oacute;dulo contenedor en formato de &ldquo;L&rdquo;. Su aplicaci&oacute;n con m&aacute;s de una unidad permite innumerables montajes, verticales y\/u horizontales, creando diferentes figuraciones, incluyendo el 20 de Movelsul Brasil.<\/p>\n<p>&nbsp;<\/p>\n<p><strong>Umoet&ecirc; (festejar <\/strong><strong>en Tupi) |<\/strong><strong>Estudio<\/strong><strong> Mameluca (Rio de Janeiro)<\/strong><\/p>\n<img decoding=\"async\" alt=\"\" src=\"https:\/\/www.sindmoveis.com.br\/es\/wp-content\/uploads\/2021\/05\/p1444241162.jpg\" \/>\n<p>La pieza Umoet&ecirc;, como el propio nombre dice en Tupi, naci&oacute; con el objetivo de celebrar las 20 ediciones de Movelsul. Tanto el sof&aacute; como la celebraci&oacute;n son para muchas personas. De esa forma, la pieza tiene el tama&ntilde;o necesario para comportar todos arm&oacute;nicamente.<\/p>\n","protected":false},"excerpt":{"rendered":"<p>Campa\u00f1a del evento, que ocurre en marzo de 2016, refuerza presencia de la feria en toda la cadena del mobiliario desde 1977<\/p>\n","protected":false},"author":5,"featured_media":3529,"comment_status":"closed","ping_status":"open","sticky":false,"template":"","format":"standard","meta":{"footnotes":"","_links_to":"","_links_to_target":""},"categories":[23,2],"tags":[],"class_list":["post-1188","post","type-post","status-publish","format-standard","has-post-thumbnail","hentry","category-movelsul","category-sindmoveis"],"yoast_head":"<!-- This site is optimized with the Yoast SEO plugin v27.0 - https:\/\/yoast.com\/product\/yoast-seo-wordpress\/ -->\n<title>Movelsul Brasil prepara su 20\u00aa edici\u00f3n - Sindm\u00f3veis-RS<\/title>\n<meta name=\"robots\" content=\"index, follow, max-snippet:-1, max-image-preview:large, max-video-preview:-1\" \/>\n<link rel=\"canonical\" href=\"https:\/\/www.sindmoveis.com.br\/es\/movelsul-brasil-prepara-sua-20a-edicao\/\" \/>\n<meta property=\"og:locale\" content=\"es_ES\" \/>\n<meta property=\"og:type\" content=\"article\" \/>\n<meta property=\"og:title\" content=\"Movelsul Brasil prepara su 20\u00aa edici\u00f3n - Sindm\u00f3veis-RS\" \/>\n<meta property=\"og:description\" content=\"Campa\u00f1a del evento, que ocurre en marzo de 2016, refuerza presencia de la feria en toda la cadena del mobiliario desde 1977\" \/>\n<meta property=\"og:url\" content=\"https:\/\/www.sindmoveis.com.br\/es\/movelsul-brasil-prepara-sua-20a-edicao\/\" \/>\n<meta property=\"og:site_name\" content=\"Sindm\u00f3veis-RS\" \/>\n<meta property=\"article:published_time\" content=\"2015-10-07T03:00:00+00:00\" \/>\n<meta property=\"article:modified_time\" content=\"2021-05-26T13:31:43+00:00\" \/>\n<meta property=\"og:image\" content=\"https:\/\/www.sindmoveis.com.br\/es\/wp-content\/uploads\/2021\/05\/p1444238518.jpg\" \/>\n\t<meta property=\"og:image:width\" content=\"1500\" \/>\n\t<meta property=\"og:image:height\" content=\"554\" \/>\n\t<meta property=\"og:image:type\" content=\"image\/jpeg\" \/>\n<meta name=\"author\" content=\"Imprensa Sindm\u00f3veis\" \/>\n<meta name=\"twitter:card\" content=\"summary_large_image\" \/>\n<meta name=\"twitter:label1\" content=\"Escrito por\" \/>\n\t<meta name=\"twitter:data1\" content=\"Imprensa Sindm\u00f3veis\" \/>\n\t<meta name=\"twitter:label2\" content=\"Tiempo de lectura\" \/>\n\t<meta name=\"twitter:data2\" content=\"5 minutos\" \/>\n<script type=\"application\/ld+json\" class=\"yoast-schema-graph\">{\"@context\":\"https:\/\/schema.org\",\"@graph\":[{\"@type\":\"Article\",\"@id\":\"https:\/\/www.sindmoveis.com.br\/es\/movelsul-brasil-prepara-sua-20a-edicao\/#article\",\"isPartOf\":{\"@id\":\"https:\/\/www.sindmoveis.com.br\/es\/movelsul-brasil-prepara-sua-20a-edicao\/\"},\"author\":{\"name\":\"Imprensa Sindm\u00f3veis\",\"@id\":\"https:\/\/www.sindmoveis.com.br\/es\/#\/schema\/person\/16d379542db1950a17fe188179340d57\"},\"headline\":\"Movelsul Brasil prepara su 20\u00aa edici\u00f3n\",\"datePublished\":\"2015-10-07T03:00:00+00:00\",\"dateModified\":\"2021-05-26T13:31:43+00:00\",\"mainEntityOfPage\":{\"@id\":\"https:\/\/www.sindmoveis.com.br\/es\/movelsul-brasil-prepara-sua-20a-edicao\/\"},\"wordCount\":1042,\"image\":{\"@id\":\"https:\/\/www.sindmoveis.com.br\/es\/movelsul-brasil-prepara-sua-20a-edicao\/#primaryimage\"},\"thumbnailUrl\":\"https:\/\/www.sindmoveis.com.br\/es\/wp-content\/uploads\/2021\/05\/p1444238518.jpg\",\"articleSection\":[\"Movelsul\",\"Sindm\u00f3veis\"],\"inLanguage\":\"es\"},{\"@type\":\"WebPage\",\"@id\":\"https:\/\/www.sindmoveis.com.br\/es\/movelsul-brasil-prepara-sua-20a-edicao\/\",\"url\":\"https:\/\/www.sindmoveis.com.br\/es\/movelsul-brasil-prepara-sua-20a-edicao\/\",\"name\":\"Movelsul Brasil prepara su 20\u00aa edici\u00f3n - Sindm\u00f3veis-RS\",\"isPartOf\":{\"@id\":\"https:\/\/www.sindmoveis.com.br\/es\/#website\"},\"primaryImageOfPage\":{\"@id\":\"https:\/\/www.sindmoveis.com.br\/es\/movelsul-brasil-prepara-sua-20a-edicao\/#primaryimage\"},\"image\":{\"@id\":\"https:\/\/www.sindmoveis.com.br\/es\/movelsul-brasil-prepara-sua-20a-edicao\/#primaryimage\"},\"thumbnailUrl\":\"https:\/\/www.sindmoveis.com.br\/es\/wp-content\/uploads\/2021\/05\/p1444238518.jpg\",\"datePublished\":\"2015-10-07T03:00:00+00:00\",\"dateModified\":\"2021-05-26T13:31:43+00:00\",\"author\":{\"@id\":\"https:\/\/www.sindmoveis.com.br\/es\/#\/schema\/person\/16d379542db1950a17fe188179340d57\"},\"inLanguage\":\"es\",\"potentialAction\":[{\"@type\":\"ReadAction\",\"target\":[\"https:\/\/www.sindmoveis.com.br\/es\/movelsul-brasil-prepara-sua-20a-edicao\/\"]}]},{\"@type\":\"ImageObject\",\"inLanguage\":\"es\",\"@id\":\"https:\/\/www.sindmoveis.com.br\/es\/movelsul-brasil-prepara-sua-20a-edicao\/#primaryimage\",\"url\":\"https:\/\/www.sindmoveis.com.br\/es\/wp-content\/uploads\/2021\/05\/p1444238518.jpg\",\"contentUrl\":\"https:\/\/www.sindmoveis.com.br\/es\/wp-content\/uploads\/2021\/05\/p1444238518.jpg\",\"width\":1500,\"height\":554},{\"@type\":\"WebSite\",\"@id\":\"https:\/\/www.sindmoveis.com.br\/es\/#website\",\"url\":\"https:\/\/www.sindmoveis.com.br\/es\/\",\"name\":\"Sindm\u00f3veis-RS\",\"description\":\"\",\"potentialAction\":[{\"@type\":\"SearchAction\",\"target\":{\"@type\":\"EntryPoint\",\"urlTemplate\":\"https:\/\/www.sindmoveis.com.br\/es\/?s={search_term_string}\"},\"query-input\":{\"@type\":\"PropertyValueSpecification\",\"valueRequired\":true,\"valueName\":\"search_term_string\"}}],\"inLanguage\":\"es\"},{\"@type\":\"Person\",\"@id\":\"https:\/\/www.sindmoveis.com.br\/es\/#\/schema\/person\/16d379542db1950a17fe188179340d57\",\"name\":\"Imprensa Sindm\u00f3veis\",\"image\":{\"@type\":\"ImageObject\",\"inLanguage\":\"es\",\"@id\":\"https:\/\/www.sindmoveis.com.br\/es\/#\/schema\/person\/image\/\",\"url\":\"https:\/\/secure.gravatar.com\/avatar\/4973e2e2c2a0cb5db30b0c7b770041b8e33d048a16b695a1f99c042449d4bfaf?s=96&d=mm&r=g\",\"contentUrl\":\"https:\/\/secure.gravatar.com\/avatar\/4973e2e2c2a0cb5db30b0c7b770041b8e33d048a16b695a1f99c042449d4bfaf?s=96&d=mm&r=g\",\"caption\":\"Imprensa Sindm\u00f3veis\"},\"url\":\"https:\/\/www.sindmoveis.com.br\/es\/author\/ana\/\"}]}<\/script>\n<!-- \/ Yoast SEO plugin. -->","yoast_head_json":{"title":"Movelsul Brasil prepara su 20\u00aa edici\u00f3n - Sindm\u00f3veis-RS","robots":{"index":"index","follow":"follow","max-snippet":"max-snippet:-1","max-image-preview":"max-image-preview:large","max-video-preview":"max-video-preview:-1"},"canonical":"https:\/\/www.sindmoveis.com.br\/es\/movelsul-brasil-prepara-sua-20a-edicao\/","og_locale":"es_ES","og_type":"article","og_title":"Movelsul Brasil prepara su 20\u00aa edici\u00f3n - Sindm\u00f3veis-RS","og_description":"Campa\u00f1a del evento, que ocurre en marzo de 2016, refuerza presencia de la feria en toda la cadena del mobiliario desde 1977","og_url":"https:\/\/www.sindmoveis.com.br\/es\/movelsul-brasil-prepara-sua-20a-edicao\/","og_site_name":"Sindm\u00f3veis-RS","article_published_time":"2015-10-07T03:00:00+00:00","article_modified_time":"2021-05-26T13:31:43+00:00","og_image":[{"width":1500,"height":554,"url":"https:\/\/www.sindmoveis.com.br\/es\/wp-content\/uploads\/2021\/05\/p1444238518.jpg","type":"image\/jpeg"}],"author":"Imprensa Sindm\u00f3veis","twitter_card":"summary_large_image","twitter_misc":{"Escrito por":"Imprensa Sindm\u00f3veis","Tiempo de lectura":"5 minutos"},"schema":{"@context":"https:\/\/schema.org","@graph":[{"@type":"Article","@id":"https:\/\/www.sindmoveis.com.br\/es\/movelsul-brasil-prepara-sua-20a-edicao\/#article","isPartOf":{"@id":"https:\/\/www.sindmoveis.com.br\/es\/movelsul-brasil-prepara-sua-20a-edicao\/"},"author":{"name":"Imprensa Sindm\u00f3veis","@id":"https:\/\/www.sindmoveis.com.br\/es\/#\/schema\/person\/16d379542db1950a17fe188179340d57"},"headline":"Movelsul Brasil prepara su 20\u00aa edici\u00f3n","datePublished":"2015-10-07T03:00:00+00:00","dateModified":"2021-05-26T13:31:43+00:00","mainEntityOfPage":{"@id":"https:\/\/www.sindmoveis.com.br\/es\/movelsul-brasil-prepara-sua-20a-edicao\/"},"wordCount":1042,"image":{"@id":"https:\/\/www.sindmoveis.com.br\/es\/movelsul-brasil-prepara-sua-20a-edicao\/#primaryimage"},"thumbnailUrl":"https:\/\/www.sindmoveis.com.br\/es\/wp-content\/uploads\/2021\/05\/p1444238518.jpg","articleSection":["Movelsul","Sindm\u00f3veis"],"inLanguage":"es"},{"@type":"WebPage","@id":"https:\/\/www.sindmoveis.com.br\/es\/movelsul-brasil-prepara-sua-20a-edicao\/","url":"https:\/\/www.sindmoveis.com.br\/es\/movelsul-brasil-prepara-sua-20a-edicao\/","name":"Movelsul Brasil prepara su 20\u00aa edici\u00f3n - Sindm\u00f3veis-RS","isPartOf":{"@id":"https:\/\/www.sindmoveis.com.br\/es\/#website"},"primaryImageOfPage":{"@id":"https:\/\/www.sindmoveis.com.br\/es\/movelsul-brasil-prepara-sua-20a-edicao\/#primaryimage"},"image":{"@id":"https:\/\/www.sindmoveis.com.br\/es\/movelsul-brasil-prepara-sua-20a-edicao\/#primaryimage"},"thumbnailUrl":"https:\/\/www.sindmoveis.com.br\/es\/wp-content\/uploads\/2021\/05\/p1444238518.jpg","datePublished":"2015-10-07T03:00:00+00:00","dateModified":"2021-05-26T13:31:43+00:00","author":{"@id":"https:\/\/www.sindmoveis.com.br\/es\/#\/schema\/person\/16d379542db1950a17fe188179340d57"},"inLanguage":"es","potentialAction":[{"@type":"ReadAction","target":["https:\/\/www.sindmoveis.com.br\/es\/movelsul-brasil-prepara-sua-20a-edicao\/"]}]},{"@type":"ImageObject","inLanguage":"es","@id":"https:\/\/www.sindmoveis.com.br\/es\/movelsul-brasil-prepara-sua-20a-edicao\/#primaryimage","url":"https:\/\/www.sindmoveis.com.br\/es\/wp-content\/uploads\/2021\/05\/p1444238518.jpg","contentUrl":"https:\/\/www.sindmoveis.com.br\/es\/wp-content\/uploads\/2021\/05\/p1444238518.jpg","width":1500,"height":554},{"@type":"WebSite","@id":"https:\/\/www.sindmoveis.com.br\/es\/#website","url":"https:\/\/www.sindmoveis.com.br\/es\/","name":"Sindm\u00f3veis-RS","description":"","potentialAction":[{"@type":"SearchAction","target":{"@type":"EntryPoint","urlTemplate":"https:\/\/www.sindmoveis.com.br\/es\/?s={search_term_string}"},"query-input":{"@type":"PropertyValueSpecification","valueRequired":true,"valueName":"search_term_string"}}],"inLanguage":"es"},{"@type":"Person","@id":"https:\/\/www.sindmoveis.com.br\/es\/#\/schema\/person\/16d379542db1950a17fe188179340d57","name":"Imprensa Sindm\u00f3veis","image":{"@type":"ImageObject","inLanguage":"es","@id":"https:\/\/www.sindmoveis.com.br\/es\/#\/schema\/person\/image\/","url":"https:\/\/secure.gravatar.com\/avatar\/4973e2e2c2a0cb5db30b0c7b770041b8e33d048a16b695a1f99c042449d4bfaf?s=96&d=mm&r=g","contentUrl":"https:\/\/secure.gravatar.com\/avatar\/4973e2e2c2a0cb5db30b0c7b770041b8e33d048a16b695a1f99c042449d4bfaf?s=96&d=mm&r=g","caption":"Imprensa Sindm\u00f3veis"},"url":"https:\/\/www.sindmoveis.com.br\/es\/author\/ana\/"}]}},"_links":{"self":[{"href":"https:\/\/www.sindmoveis.com.br\/es\/wp-json\/wp\/v2\/posts\/1188","targetHints":{"allow":["GET"]}}],"collection":[{"href":"https:\/\/www.sindmoveis.com.br\/es\/wp-json\/wp\/v2\/posts"}],"about":[{"href":"https:\/\/www.sindmoveis.com.br\/es\/wp-json\/wp\/v2\/types\/post"}],"author":[{"embeddable":true,"href":"https:\/\/www.sindmoveis.com.br\/es\/wp-json\/wp\/v2\/users\/5"}],"replies":[{"embeddable":true,"href":"https:\/\/www.sindmoveis.com.br\/es\/wp-json\/wp\/v2\/comments?post=1188"}],"version-history":[{"count":3,"href":"https:\/\/www.sindmoveis.com.br\/es\/wp-json\/wp\/v2\/posts\/1188\/revisions"}],"predecessor-version":[{"id":3787,"href":"https:\/\/www.sindmoveis.com.br\/es\/wp-json\/wp\/v2\/posts\/1188\/revisions\/3787"}],"wp:featuredmedia":[{"embeddable":true,"href":"https:\/\/www.sindmoveis.com.br\/es\/wp-json\/wp\/v2\/media\/3529"}],"wp:attachment":[{"href":"https:\/\/www.sindmoveis.com.br\/es\/wp-json\/wp\/v2\/media?parent=1188"}],"wp:term":[{"taxonomy":"category","embeddable":true,"href":"https:\/\/www.sindmoveis.com.br\/es\/wp-json\/wp\/v2\/categories?post=1188"},{"taxonomy":"post_tag","embeddable":true,"href":"https:\/\/www.sindmoveis.com.br\/es\/wp-json\/wp\/v2\/tags?post=1188"}],"curies":[{"name":"wp","href":"https:\/\/api.w.org\/{rel}","templated":true}]}}