{"id":1181,"date":"2015-09-04T00:00:00","date_gmt":"2015-09-04T03:00:00","guid":{"rendered":"http:\/\/sindmoveis.com.br\/imprensa\/noticias\/sindmoveis-projeto-orchestra-brasil-tem-agenda-no-mexico\/"},"modified":"2021-05-26T10:28:36","modified_gmt":"2021-05-26T13:28:36","slug":"sindmoveis-projeto-orchestra-brasil-tem-agenda-no-mexico","status":"publish","type":"post","link":"https:\/\/www.sindmoveis.com.br\/es\/sindmoveis-projeto-orchestra-brasil-tem-agenda-no-mexico\/","title":{"rendered":"Proyecto Orchestra Brasil tiene agenda en M\u00e9xico"},"content":{"rendered":"<p>El Proyecto Orchestra Brasil de incentivo a las exportaciones, promovido por el Sindicato de las Industrias del Mobiliario de Bento Gon&ccedil;alves (Sindm&oacute;veis) y Agencia Brasile&ntilde;a de Promoci&oacute;n de Exportaciones e Inversiones (Apex-Brasil), est&aacute; llevando seis empresas proveedoras de la cadena del mobiliario para Expo Nacional Ferretera, en Guadalajara, M&eacute;xico. Esta es la tercera participaci&oacute;n en la feria mexicana, que ocurre de 10 a 12 de septiembre y espera m&aacute;s de 80 mil visitantes.<\/p>\n<p>Reuniendo industrias del sector ferretero, el&eacute;ctrico y de la construcci&oacute;n, Expo Ferretera debe generar m&aacute;s de 900 contactos y U$ 775 mil en exportaciones para las empresas que van a exponer en el stand colectivo del proyecto: Araupel, Artecola, Durotec, Jimo, Promob y Rometal.&nbsp; La participaci&oacute;n en la feria concluye una misi&oacute;n prospectiva a M&eacute;xico, que ocurre de 07 a 09 de septiembre, con la realizaci&oacute;n de un estudio de mercado en el pa&iacute;s y una agenda t&eacute;cnica de reuniones con empresarios mexicanos fabricantes de muebles, de la cadena minorista, distribuidores e importadores.<\/p>\n<p>M&eacute;xico es uno de los mercados de mayor relevancia para el Proyecto Orchestra Brasil. Es la segunda mayor econom&iacute;a y poblaci&oacute;n de Am&eacute;rica Latina y su producci&oacute;n de muebles en 2014 fue de U$ 6.800 millones, tambi&eacute;n la segunda m&aacute;s representativa del bloque. El pa&iacute;s est&aacute; entre los 10 mayores importadores de las empresas participantes del Proyecto Orchestra Brasil, con incremento de 23% en las importaciones el a&ntilde;o pasado con relaci&oacute;n a 2013.<\/p>\n<p>El Proyecto Sectorial Orchestra Brasil existe desde 2006 y promueve la inserci&oacute;n de las industrias proveedoras de la cadena del mobiliario en el mercado internacional. Para ello, realiza estudios de mercado; misiones prospectivas; acciones individuales; Proyectos Comprador, Vendedor e Imagen y participaci&oacute;n en las principales ferias mundiales del sector. Actualmente, participan de la acci&oacute;n 74 industrias fabricantes de insumos, accesorios, materias primas, componentes y tecnolog&iacute;as para el sector del mobiliario.<\/p>\n","protected":false},"excerpt":{"rendered":"<p>Misi\u00f3n prospectiva y participaci\u00f3n en Expo Nacional Ferretera pretenden ampliar negocios de las empresas participantes en el pa\u00eds<\/p>\n","protected":false},"author":5,"featured_media":3520,"comment_status":"closed","ping_status":"open","sticky":false,"template":"","format":"standard","meta":{"footnotes":"","_links_to":"","_links_to_target":""},"categories":[22,2],"tags":[],"class_list":["post-1181","post","type-post","status-publish","format-standard","has-post-thumbnail","hentry","category-proyecto-orchestra-brasil","category-sindmoveis"],"yoast_head":"<!-- This site is optimized with the Yoast SEO plugin v27.0 - https:\/\/yoast.com\/product\/yoast-seo-wordpress\/ -->\n<title>Proyecto Orchestra Brasil tiene agenda en M\u00e9xico - Sindm\u00f3veis-RS<\/title>\n<meta name=\"robots\" content=\"index, follow, max-snippet:-1, max-image-preview:large, max-video-preview:-1\" \/>\n<link rel=\"canonical\" href=\"https:\/\/www.sindmoveis.com.br\/es\/sindmoveis-projeto-orchestra-brasil-tem-agenda-no-mexico\/\" \/>\n<meta property=\"og:locale\" content=\"es_ES\" \/>\n<meta property=\"og:type\" content=\"article\" \/>\n<meta property=\"og:title\" content=\"Proyecto Orchestra Brasil tiene agenda en M\u00e9xico - Sindm\u00f3veis-RS\" \/>\n<meta property=\"og:description\" content=\"Misi\u00f3n prospectiva y participaci\u00f3n en Expo Nacional Ferretera pretenden ampliar negocios de las empresas participantes en el pa\u00eds\" \/>\n<meta property=\"og:url\" content=\"https:\/\/www.sindmoveis.com.br\/es\/sindmoveis-projeto-orchestra-brasil-tem-agenda-no-mexico\/\" \/>\n<meta property=\"og:site_name\" content=\"Sindm\u00f3veis-RS\" \/>\n<meta property=\"article:published_time\" content=\"2015-09-04T03:00:00+00:00\" \/>\n<meta property=\"article:modified_time\" content=\"2021-05-26T13:28:36+00:00\" \/>\n<meta property=\"og:image\" content=\"https:\/\/www.sindmoveis.com.br\/es\/wp-content\/uploads\/2021\/05\/p1441374044.jpg\" \/>\n\t<meta property=\"og:image:width\" content=\"1181\" \/>\n\t<meta property=\"og:image:height\" content=\"886\" \/>\n\t<meta property=\"og:image:type\" content=\"image\/jpeg\" \/>\n<meta name=\"author\" content=\"Imprensa Sindm\u00f3veis\" \/>\n<meta name=\"twitter:card\" content=\"summary_large_image\" \/>\n<meta name=\"twitter:label1\" content=\"Escrito por\" \/>\n\t<meta name=\"twitter:data1\" content=\"Imprensa Sindm\u00f3veis\" \/>\n\t<meta name=\"twitter:label2\" content=\"Tiempo de lectura\" \/>\n\t<meta name=\"twitter:data2\" content=\"2 minutos\" \/>\n<script type=\"application\/ld+json\" class=\"yoast-schema-graph\">{\"@context\":\"https:\/\/schema.org\",\"@graph\":[{\"@type\":\"Article\",\"@id\":\"https:\/\/www.sindmoveis.com.br\/es\/sindmoveis-projeto-orchestra-brasil-tem-agenda-no-mexico\/#article\",\"isPartOf\":{\"@id\":\"https:\/\/www.sindmoveis.com.br\/es\/sindmoveis-projeto-orchestra-brasil-tem-agenda-no-mexico\/\"},\"author\":{\"name\":\"Imprensa Sindm\u00f3veis\",\"@id\":\"https:\/\/www.sindmoveis.com.br\/es\/#\/schema\/person\/16d379542db1950a17fe188179340d57\"},\"headline\":\"Proyecto Orchestra Brasil tiene agenda en M\u00e9xico\",\"datePublished\":\"2015-09-04T03:00:00+00:00\",\"dateModified\":\"2021-05-26T13:28:36+00:00\",\"mainEntityOfPage\":{\"@id\":\"https:\/\/www.sindmoveis.com.br\/es\/sindmoveis-projeto-orchestra-brasil-tem-agenda-no-mexico\/\"},\"wordCount\":366,\"image\":{\"@id\":\"https:\/\/www.sindmoveis.com.br\/es\/sindmoveis-projeto-orchestra-brasil-tem-agenda-no-mexico\/#primaryimage\"},\"thumbnailUrl\":\"https:\/\/www.sindmoveis.com.br\/es\/wp-content\/uploads\/2021\/05\/p1441374044.jpg\",\"articleSection\":[\"Proyecto Orchestra Brasil\",\"Sindm\u00f3veis\"],\"inLanguage\":\"es\"},{\"@type\":\"WebPage\",\"@id\":\"https:\/\/www.sindmoveis.com.br\/es\/sindmoveis-projeto-orchestra-brasil-tem-agenda-no-mexico\/\",\"url\":\"https:\/\/www.sindmoveis.com.br\/es\/sindmoveis-projeto-orchestra-brasil-tem-agenda-no-mexico\/\",\"name\":\"Proyecto Orchestra Brasil tiene agenda en M\u00e9xico - Sindm\u00f3veis-RS\",\"isPartOf\":{\"@id\":\"https:\/\/www.sindmoveis.com.br\/es\/#website\"},\"primaryImageOfPage\":{\"@id\":\"https:\/\/www.sindmoveis.com.br\/es\/sindmoveis-projeto-orchestra-brasil-tem-agenda-no-mexico\/#primaryimage\"},\"image\":{\"@id\":\"https:\/\/www.sindmoveis.com.br\/es\/sindmoveis-projeto-orchestra-brasil-tem-agenda-no-mexico\/#primaryimage\"},\"thumbnailUrl\":\"https:\/\/www.sindmoveis.com.br\/es\/wp-content\/uploads\/2021\/05\/p1441374044.jpg\",\"datePublished\":\"2015-09-04T03:00:00+00:00\",\"dateModified\":\"2021-05-26T13:28:36+00:00\",\"author\":{\"@id\":\"https:\/\/www.sindmoveis.com.br\/es\/#\/schema\/person\/16d379542db1950a17fe188179340d57\"},\"inLanguage\":\"es\",\"potentialAction\":[{\"@type\":\"ReadAction\",\"target\":[\"https:\/\/www.sindmoveis.com.br\/es\/sindmoveis-projeto-orchestra-brasil-tem-agenda-no-mexico\/\"]}]},{\"@type\":\"ImageObject\",\"inLanguage\":\"es\",\"@id\":\"https:\/\/www.sindmoveis.com.br\/es\/sindmoveis-projeto-orchestra-brasil-tem-agenda-no-mexico\/#primaryimage\",\"url\":\"https:\/\/www.sindmoveis.com.br\/es\/wp-content\/uploads\/2021\/05\/p1441374044.jpg\",\"contentUrl\":\"https:\/\/www.sindmoveis.com.br\/es\/wp-content\/uploads\/2021\/05\/p1441374044.jpg\",\"width\":1181,\"height\":886,\"caption\":\"Foto: Arquivo\/Sindm\u00f3veis\"},{\"@type\":\"WebSite\",\"@id\":\"https:\/\/www.sindmoveis.com.br\/es\/#website\",\"url\":\"https:\/\/www.sindmoveis.com.br\/es\/\",\"name\":\"Sindm\u00f3veis-RS\",\"description\":\"\",\"potentialAction\":[{\"@type\":\"SearchAction\",\"target\":{\"@type\":\"EntryPoint\",\"urlTemplate\":\"https:\/\/www.sindmoveis.com.br\/es\/?s={search_term_string}\"},\"query-input\":{\"@type\":\"PropertyValueSpecification\",\"valueRequired\":true,\"valueName\":\"search_term_string\"}}],\"inLanguage\":\"es\"},{\"@type\":\"Person\",\"@id\":\"https:\/\/www.sindmoveis.com.br\/es\/#\/schema\/person\/16d379542db1950a17fe188179340d57\",\"name\":\"Imprensa Sindm\u00f3veis\",\"image\":{\"@type\":\"ImageObject\",\"inLanguage\":\"es\",\"@id\":\"https:\/\/www.sindmoveis.com.br\/es\/#\/schema\/person\/image\/\",\"url\":\"https:\/\/secure.gravatar.com\/avatar\/4973e2e2c2a0cb5db30b0c7b770041b8e33d048a16b695a1f99c042449d4bfaf?s=96&d=mm&r=g\",\"contentUrl\":\"https:\/\/secure.gravatar.com\/avatar\/4973e2e2c2a0cb5db30b0c7b770041b8e33d048a16b695a1f99c042449d4bfaf?s=96&d=mm&r=g\",\"caption\":\"Imprensa Sindm\u00f3veis\"},\"url\":\"https:\/\/www.sindmoveis.com.br\/es\/author\/ana\/\"}]}<\/script>\n<!-- \/ Yoast SEO plugin. -->","yoast_head_json":{"title":"Proyecto Orchestra Brasil tiene agenda en M\u00e9xico - Sindm\u00f3veis-RS","robots":{"index":"index","follow":"follow","max-snippet":"max-snippet:-1","max-image-preview":"max-image-preview:large","max-video-preview":"max-video-preview:-1"},"canonical":"https:\/\/www.sindmoveis.com.br\/es\/sindmoveis-projeto-orchestra-brasil-tem-agenda-no-mexico\/","og_locale":"es_ES","og_type":"article","og_title":"Proyecto Orchestra Brasil tiene agenda en M\u00e9xico - Sindm\u00f3veis-RS","og_description":"Misi\u00f3n prospectiva y participaci\u00f3n en Expo Nacional Ferretera pretenden ampliar negocios de las empresas participantes en el pa\u00eds","og_url":"https:\/\/www.sindmoveis.com.br\/es\/sindmoveis-projeto-orchestra-brasil-tem-agenda-no-mexico\/","og_site_name":"Sindm\u00f3veis-RS","article_published_time":"2015-09-04T03:00:00+00:00","article_modified_time":"2021-05-26T13:28:36+00:00","og_image":[{"width":1181,"height":886,"url":"https:\/\/www.sindmoveis.com.br\/es\/wp-content\/uploads\/2021\/05\/p1441374044.jpg","type":"image\/jpeg"}],"author":"Imprensa Sindm\u00f3veis","twitter_card":"summary_large_image","twitter_misc":{"Escrito por":"Imprensa Sindm\u00f3veis","Tiempo de lectura":"2 minutos"},"schema":{"@context":"https:\/\/schema.org","@graph":[{"@type":"Article","@id":"https:\/\/www.sindmoveis.com.br\/es\/sindmoveis-projeto-orchestra-brasil-tem-agenda-no-mexico\/#article","isPartOf":{"@id":"https:\/\/www.sindmoveis.com.br\/es\/sindmoveis-projeto-orchestra-brasil-tem-agenda-no-mexico\/"},"author":{"name":"Imprensa Sindm\u00f3veis","@id":"https:\/\/www.sindmoveis.com.br\/es\/#\/schema\/person\/16d379542db1950a17fe188179340d57"},"headline":"Proyecto Orchestra Brasil tiene agenda en M\u00e9xico","datePublished":"2015-09-04T03:00:00+00:00","dateModified":"2021-05-26T13:28:36+00:00","mainEntityOfPage":{"@id":"https:\/\/www.sindmoveis.com.br\/es\/sindmoveis-projeto-orchestra-brasil-tem-agenda-no-mexico\/"},"wordCount":366,"image":{"@id":"https:\/\/www.sindmoveis.com.br\/es\/sindmoveis-projeto-orchestra-brasil-tem-agenda-no-mexico\/#primaryimage"},"thumbnailUrl":"https:\/\/www.sindmoveis.com.br\/es\/wp-content\/uploads\/2021\/05\/p1441374044.jpg","articleSection":["Proyecto Orchestra Brasil","Sindm\u00f3veis"],"inLanguage":"es"},{"@type":"WebPage","@id":"https:\/\/www.sindmoveis.com.br\/es\/sindmoveis-projeto-orchestra-brasil-tem-agenda-no-mexico\/","url":"https:\/\/www.sindmoveis.com.br\/es\/sindmoveis-projeto-orchestra-brasil-tem-agenda-no-mexico\/","name":"Proyecto Orchestra Brasil tiene agenda en M\u00e9xico - Sindm\u00f3veis-RS","isPartOf":{"@id":"https:\/\/www.sindmoveis.com.br\/es\/#website"},"primaryImageOfPage":{"@id":"https:\/\/www.sindmoveis.com.br\/es\/sindmoveis-projeto-orchestra-brasil-tem-agenda-no-mexico\/#primaryimage"},"image":{"@id":"https:\/\/www.sindmoveis.com.br\/es\/sindmoveis-projeto-orchestra-brasil-tem-agenda-no-mexico\/#primaryimage"},"thumbnailUrl":"https:\/\/www.sindmoveis.com.br\/es\/wp-content\/uploads\/2021\/05\/p1441374044.jpg","datePublished":"2015-09-04T03:00:00+00:00","dateModified":"2021-05-26T13:28:36+00:00","author":{"@id":"https:\/\/www.sindmoveis.com.br\/es\/#\/schema\/person\/16d379542db1950a17fe188179340d57"},"inLanguage":"es","potentialAction":[{"@type":"ReadAction","target":["https:\/\/www.sindmoveis.com.br\/es\/sindmoveis-projeto-orchestra-brasil-tem-agenda-no-mexico\/"]}]},{"@type":"ImageObject","inLanguage":"es","@id":"https:\/\/www.sindmoveis.com.br\/es\/sindmoveis-projeto-orchestra-brasil-tem-agenda-no-mexico\/#primaryimage","url":"https:\/\/www.sindmoveis.com.br\/es\/wp-content\/uploads\/2021\/05\/p1441374044.jpg","contentUrl":"https:\/\/www.sindmoveis.com.br\/es\/wp-content\/uploads\/2021\/05\/p1441374044.jpg","width":1181,"height":886,"caption":"Foto: Arquivo\/Sindm\u00f3veis"},{"@type":"WebSite","@id":"https:\/\/www.sindmoveis.com.br\/es\/#website","url":"https:\/\/www.sindmoveis.com.br\/es\/","name":"Sindm\u00f3veis-RS","description":"","potentialAction":[{"@type":"SearchAction","target":{"@type":"EntryPoint","urlTemplate":"https:\/\/www.sindmoveis.com.br\/es\/?s={search_term_string}"},"query-input":{"@type":"PropertyValueSpecification","valueRequired":true,"valueName":"search_term_string"}}],"inLanguage":"es"},{"@type":"Person","@id":"https:\/\/www.sindmoveis.com.br\/es\/#\/schema\/person\/16d379542db1950a17fe188179340d57","name":"Imprensa Sindm\u00f3veis","image":{"@type":"ImageObject","inLanguage":"es","@id":"https:\/\/www.sindmoveis.com.br\/es\/#\/schema\/person\/image\/","url":"https:\/\/secure.gravatar.com\/avatar\/4973e2e2c2a0cb5db30b0c7b770041b8e33d048a16b695a1f99c042449d4bfaf?s=96&d=mm&r=g","contentUrl":"https:\/\/secure.gravatar.com\/avatar\/4973e2e2c2a0cb5db30b0c7b770041b8e33d048a16b695a1f99c042449d4bfaf?s=96&d=mm&r=g","caption":"Imprensa Sindm\u00f3veis"},"url":"https:\/\/www.sindmoveis.com.br\/es\/author\/ana\/"}]}},"_links":{"self":[{"href":"https:\/\/www.sindmoveis.com.br\/es\/wp-json\/wp\/v2\/posts\/1181","targetHints":{"allow":["GET"]}}],"collection":[{"href":"https:\/\/www.sindmoveis.com.br\/es\/wp-json\/wp\/v2\/posts"}],"about":[{"href":"https:\/\/www.sindmoveis.com.br\/es\/wp-json\/wp\/v2\/types\/post"}],"author":[{"embeddable":true,"href":"https:\/\/www.sindmoveis.com.br\/es\/wp-json\/wp\/v2\/users\/5"}],"replies":[{"embeddable":true,"href":"https:\/\/www.sindmoveis.com.br\/es\/wp-json\/wp\/v2\/comments?post=1181"}],"version-history":[{"count":2,"href":"https:\/\/www.sindmoveis.com.br\/es\/wp-json\/wp\/v2\/posts\/1181\/revisions"}],"predecessor-version":[{"id":3519,"href":"https:\/\/www.sindmoveis.com.br\/es\/wp-json\/wp\/v2\/posts\/1181\/revisions\/3519"}],"wp:featuredmedia":[{"embeddable":true,"href":"https:\/\/www.sindmoveis.com.br\/es\/wp-json\/wp\/v2\/media\/3520"}],"wp:attachment":[{"href":"https:\/\/www.sindmoveis.com.br\/es\/wp-json\/wp\/v2\/media?parent=1181"}],"wp:term":[{"taxonomy":"category","embeddable":true,"href":"https:\/\/www.sindmoveis.com.br\/es\/wp-json\/wp\/v2\/categories?post=1181"},{"taxonomy":"post_tag","embeddable":true,"href":"https:\/\/www.sindmoveis.com.br\/es\/wp-json\/wp\/v2\/tags?post=1181"}],"curies":[{"name":"wp","href":"https:\/\/api.w.org\/{rel}","templated":true}]}}