{"id":1178,"date":"2015-08-24T00:00:00","date_gmt":"2015-08-24T03:00:00","guid":{"rendered":"http:\/\/sindmoveis.com.br\/imprensa\/noticias\/balanco-positivo-da-participacao-do-sindmoveis-no-sao-paulo-design-weekend\/"},"modified":"2021-05-26T10:24:26","modified_gmt":"2021-05-26T13:24:26","slug":"balanco-positivo-da-participacao-do-sindmoveis-no-sao-paulo-design-weekend","status":"publish","type":"post","link":"https:\/\/www.sindmoveis.com.br\/es\/balanco-positivo-da-participacao-do-sindmoveis-no-sao-paulo-design-weekend\/","title":{"rendered":"Balance positivo de la participaci\u00f3n de Sindm\u00f3veis en S\u00e3o Paulo Design Weekend"},"content":{"rendered":"<p>M&aacute;s de 10 mil personas fueron a conferir de cerca la 1&ordf; edici&oacute;n del Art Design Village, una de las principales direcciones de S&atilde;o Paulo Design Weekend 2015, en el Jockey Club. Como parte de la programaci&oacute;n, el Sindicato de las Industrias del Mobiliario de Bento Gon&ccedil;alves (Sindm&oacute;veis), promovi&oacute; la primera exposici&oacute;n del premio Sal&atilde;o Design en la capital paulista, la muestra del Proyecto Ra&iacute;z &ndash; destinado a la promoci&oacute;n internacional del servicio de dise&ntilde;ador -, una edici&oacute;n especial del Proyecto Comprador y el Seminario Internacional &ldquo;La Forma Sigue la Materia&rdquo;, con el italianoClino Trini Castelli, el chileno Cristian Dom&iacute;nguez y el brasile&ntilde;o Brunno Jahara.&nbsp;<\/p>\n<p>&nbsp;&ldquo;Esas acciones dar&aacute;n todav&iacute;a m&aacute;s visibilidad para el polo de mobiliario de Bento Gon&ccedil;alves. Es expresivo el n&uacute;mero de arquitectos, dise&ntilde;adores y empresarios del sector que circularon por S&atilde;o Paulo durante el evento DW!, un p&uacute;blico totalmente especializado y calificado. Exactamente lo que necesitamos para diseminar a&uacute;n m&aacute;s nuestro trabajo. El premio Sal&atilde;o Design tambi&eacute;n fue un &eacute;xito, muy comentado y visitado por profesionales del medio y solamente tenemos a ganar con todo ello&rdquo;, eval&uacute;a el presidente de Sindm&oacute;veis Bento Gon&ccedil;alves, Henrique Tecchio. La premiaci&oacute;n, que es promovida desde 1988 por la entidad, incentiva la creatividad, la capacidad de emprender y la innovaci&oacute;n tecnol&oacute;gica de muebles y accesorios por medio del dise&ntilde;o.<\/p>\n<p>Las acciones fueron impulsadas debido a la transferencia de la feria Casa Brasil, que pasa a ser realizada anualmente en la capital paulista a partir del pr&oacute;ximo a&ntilde;o. Iniciativa de la entidad desde 2007, la feria de muebles y decoraci&oacute;n de alto nivel tuvo cuatro ediciones en la Sierra Gaucha, reuniendo grandes nombres de los segmentos de muebles, iluminaci&oacute;n, decoraci&oacute;n y complementos. En 2016, ser&aacute; el evento ancla DW! y&nbsp;High Design &ndash;Home &amp; Office Expo, lanzado en Design Weekend de este a&ntilde;o con el objetivo de convertirse en el principal evento internacional de dise&ntilde;o en mobiliario del pa&iacute;s. Para viabilizar esa evoluci&oacute;n, Sindm&oacute;veis se uni&oacute; al ingl&eacute;s Informa Group, uno de los principales organizadores de ferias, conferencias y entrenamiento en el mundo, y Summit Promo, idealizadora de DW!.<\/p>\n<p>Al todo, fueron realizadas cerca de 30 acciones, entre conferencias y eventos, de 12 a 16 de agosto, en el Jockey Clu S&atilde;o Paulo, durante la 1&ordf; edici&oacute;n del Art Design Village.<\/p>\n","protected":false},"excerpt":{"rendered":"<p>Entidad estren\u00f3 en el festival paulista con espacio de 500 metros cuadrados en el Jockey Club<\/p>\n","protected":false},"author":5,"featured_media":3516,"comment_status":"closed","ping_status":"open","sticky":false,"template":"","format":"standard","meta":{"footnotes":"","_links_to":"","_links_to_target":""},"categories":[2],"tags":[],"class_list":["post-1178","post","type-post","status-publish","format-standard","has-post-thumbnail","hentry","category-sindmoveis"],"yoast_head":"<!-- This site is optimized with the Yoast SEO plugin v27.0 - https:\/\/yoast.com\/product\/yoast-seo-wordpress\/ -->\n<title>Balance positivo de la participaci\u00f3n de Sindm\u00f3veis en S\u00e3o Paulo Design Weekend - Sindm\u00f3veis-RS<\/title>\n<meta name=\"robots\" content=\"index, follow, max-snippet:-1, max-image-preview:large, max-video-preview:-1\" \/>\n<link rel=\"canonical\" href=\"https:\/\/www.sindmoveis.com.br\/es\/balanco-positivo-da-participacao-do-sindmoveis-no-sao-paulo-design-weekend\/\" \/>\n<meta property=\"og:locale\" content=\"es_ES\" \/>\n<meta property=\"og:type\" content=\"article\" \/>\n<meta property=\"og:title\" content=\"Balance positivo de la participaci\u00f3n de Sindm\u00f3veis en S\u00e3o Paulo Design Weekend - Sindm\u00f3veis-RS\" \/>\n<meta property=\"og:description\" content=\"Entidad estren\u00f3 en el festival paulista con espacio de 500 metros cuadrados en el Jockey Club\" \/>\n<meta property=\"og:url\" content=\"https:\/\/www.sindmoveis.com.br\/es\/balanco-positivo-da-participacao-do-sindmoveis-no-sao-paulo-design-weekend\/\" \/>\n<meta property=\"og:site_name\" content=\"Sindm\u00f3veis-RS\" \/>\n<meta property=\"article:published_time\" content=\"2015-08-24T03:00:00+00:00\" \/>\n<meta property=\"article:modified_time\" content=\"2021-05-26T13:24:26+00:00\" \/>\n<meta property=\"og:image\" content=\"https:\/\/www.sindmoveis.com.br\/es\/wp-content\/uploads\/2021\/05\/p1440431556.jpg\" \/>\n\t<meta property=\"og:image:width\" content=\"945\" \/>\n\t<meta property=\"og:image:height\" content=\"1402\" \/>\n\t<meta property=\"og:image:type\" content=\"image\/jpeg\" \/>\n<meta name=\"author\" content=\"Imprensa Sindm\u00f3veis\" \/>\n<meta name=\"twitter:card\" content=\"summary_large_image\" \/>\n<meta name=\"twitter:label1\" content=\"Escrito por\" \/>\n\t<meta name=\"twitter:data1\" content=\"Imprensa Sindm\u00f3veis\" \/>\n\t<meta name=\"twitter:label2\" content=\"Tiempo de lectura\" \/>\n\t<meta name=\"twitter:data2\" content=\"2 minutos\" \/>\n<script type=\"application\/ld+json\" class=\"yoast-schema-graph\">{\"@context\":\"https:\/\/schema.org\",\"@graph\":[{\"@type\":\"Article\",\"@id\":\"https:\/\/www.sindmoveis.com.br\/es\/balanco-positivo-da-participacao-do-sindmoveis-no-sao-paulo-design-weekend\/#article\",\"isPartOf\":{\"@id\":\"https:\/\/www.sindmoveis.com.br\/es\/balanco-positivo-da-participacao-do-sindmoveis-no-sao-paulo-design-weekend\/\"},\"author\":{\"name\":\"Imprensa Sindm\u00f3veis\",\"@id\":\"https:\/\/www.sindmoveis.com.br\/es\/#\/schema\/person\/16d379542db1950a17fe188179340d57\"},\"headline\":\"Balance positivo de la participaci\u00f3n de Sindm\u00f3veis en S\u00e3o Paulo Design Weekend\",\"datePublished\":\"2015-08-24T03:00:00+00:00\",\"dateModified\":\"2021-05-26T13:24:26+00:00\",\"mainEntityOfPage\":{\"@id\":\"https:\/\/www.sindmoveis.com.br\/es\/balanco-positivo-da-participacao-do-sindmoveis-no-sao-paulo-design-weekend\/\"},\"wordCount\":489,\"image\":{\"@id\":\"https:\/\/www.sindmoveis.com.br\/es\/balanco-positivo-da-participacao-do-sindmoveis-no-sao-paulo-design-weekend\/#primaryimage\"},\"thumbnailUrl\":\"https:\/\/www.sindmoveis.com.br\/es\/wp-content\/uploads\/2021\/05\/p1440431556.jpg\",\"articleSection\":[\"Sindm\u00f3veis\"],\"inLanguage\":\"es\"},{\"@type\":\"WebPage\",\"@id\":\"https:\/\/www.sindmoveis.com.br\/es\/balanco-positivo-da-participacao-do-sindmoveis-no-sao-paulo-design-weekend\/\",\"url\":\"https:\/\/www.sindmoveis.com.br\/es\/balanco-positivo-da-participacao-do-sindmoveis-no-sao-paulo-design-weekend\/\",\"name\":\"Balance positivo de la participaci\u00f3n de Sindm\u00f3veis en S\u00e3o Paulo Design Weekend - Sindm\u00f3veis-RS\",\"isPartOf\":{\"@id\":\"https:\/\/www.sindmoveis.com.br\/es\/#website\"},\"primaryImageOfPage\":{\"@id\":\"https:\/\/www.sindmoveis.com.br\/es\/balanco-positivo-da-participacao-do-sindmoveis-no-sao-paulo-design-weekend\/#primaryimage\"},\"image\":{\"@id\":\"https:\/\/www.sindmoveis.com.br\/es\/balanco-positivo-da-participacao-do-sindmoveis-no-sao-paulo-design-weekend\/#primaryimage\"},\"thumbnailUrl\":\"https:\/\/www.sindmoveis.com.br\/es\/wp-content\/uploads\/2021\/05\/p1440431556.jpg\",\"datePublished\":\"2015-08-24T03:00:00+00:00\",\"dateModified\":\"2021-05-26T13:24:26+00:00\",\"author\":{\"@id\":\"https:\/\/www.sindmoveis.com.br\/es\/#\/schema\/person\/16d379542db1950a17fe188179340d57\"},\"inLanguage\":\"es\",\"potentialAction\":[{\"@type\":\"ReadAction\",\"target\":[\"https:\/\/www.sindmoveis.com.br\/es\/balanco-positivo-da-participacao-do-sindmoveis-no-sao-paulo-design-weekend\/\"]}]},{\"@type\":\"ImageObject\",\"inLanguage\":\"es\",\"@id\":\"https:\/\/www.sindmoveis.com.br\/es\/balanco-positivo-da-participacao-do-sindmoveis-no-sao-paulo-design-weekend\/#primaryimage\",\"url\":\"https:\/\/www.sindmoveis.com.br\/es\/wp-content\/uploads\/2021\/05\/p1440431556.jpg\",\"contentUrl\":\"https:\/\/www.sindmoveis.com.br\/es\/wp-content\/uploads\/2021\/05\/p1440431556.jpg\",\"width\":945,\"height\":1402,\"caption\":\"Foto: Henry Lopes\"},{\"@type\":\"WebSite\",\"@id\":\"https:\/\/www.sindmoveis.com.br\/es\/#website\",\"url\":\"https:\/\/www.sindmoveis.com.br\/es\/\",\"name\":\"Sindm\u00f3veis-RS\",\"description\":\"\",\"potentialAction\":[{\"@type\":\"SearchAction\",\"target\":{\"@type\":\"EntryPoint\",\"urlTemplate\":\"https:\/\/www.sindmoveis.com.br\/es\/?s={search_term_string}\"},\"query-input\":{\"@type\":\"PropertyValueSpecification\",\"valueRequired\":true,\"valueName\":\"search_term_string\"}}],\"inLanguage\":\"es\"},{\"@type\":\"Person\",\"@id\":\"https:\/\/www.sindmoveis.com.br\/es\/#\/schema\/person\/16d379542db1950a17fe188179340d57\",\"name\":\"Imprensa Sindm\u00f3veis\",\"image\":{\"@type\":\"ImageObject\",\"inLanguage\":\"es\",\"@id\":\"https:\/\/www.sindmoveis.com.br\/es\/#\/schema\/person\/image\/\",\"url\":\"https:\/\/secure.gravatar.com\/avatar\/4973e2e2c2a0cb5db30b0c7b770041b8e33d048a16b695a1f99c042449d4bfaf?s=96&d=mm&r=g\",\"contentUrl\":\"https:\/\/secure.gravatar.com\/avatar\/4973e2e2c2a0cb5db30b0c7b770041b8e33d048a16b695a1f99c042449d4bfaf?s=96&d=mm&r=g\",\"caption\":\"Imprensa Sindm\u00f3veis\"},\"url\":\"https:\/\/www.sindmoveis.com.br\/es\/author\/ana\/\"}]}<\/script>\n<!-- \/ Yoast SEO plugin. -->","yoast_head_json":{"title":"Balance positivo de la participaci\u00f3n de Sindm\u00f3veis en S\u00e3o Paulo Design Weekend - Sindm\u00f3veis-RS","robots":{"index":"index","follow":"follow","max-snippet":"max-snippet:-1","max-image-preview":"max-image-preview:large","max-video-preview":"max-video-preview:-1"},"canonical":"https:\/\/www.sindmoveis.com.br\/es\/balanco-positivo-da-participacao-do-sindmoveis-no-sao-paulo-design-weekend\/","og_locale":"es_ES","og_type":"article","og_title":"Balance positivo de la participaci\u00f3n de Sindm\u00f3veis en S\u00e3o Paulo Design Weekend - Sindm\u00f3veis-RS","og_description":"Entidad estren\u00f3 en el festival paulista con espacio de 500 metros cuadrados en el Jockey Club","og_url":"https:\/\/www.sindmoveis.com.br\/es\/balanco-positivo-da-participacao-do-sindmoveis-no-sao-paulo-design-weekend\/","og_site_name":"Sindm\u00f3veis-RS","article_published_time":"2015-08-24T03:00:00+00:00","article_modified_time":"2021-05-26T13:24:26+00:00","og_image":[{"width":945,"height":1402,"url":"https:\/\/www.sindmoveis.com.br\/es\/wp-content\/uploads\/2021\/05\/p1440431556.jpg","type":"image\/jpeg"}],"author":"Imprensa Sindm\u00f3veis","twitter_card":"summary_large_image","twitter_misc":{"Escrito por":"Imprensa Sindm\u00f3veis","Tiempo de lectura":"2 minutos"},"schema":{"@context":"https:\/\/schema.org","@graph":[{"@type":"Article","@id":"https:\/\/www.sindmoveis.com.br\/es\/balanco-positivo-da-participacao-do-sindmoveis-no-sao-paulo-design-weekend\/#article","isPartOf":{"@id":"https:\/\/www.sindmoveis.com.br\/es\/balanco-positivo-da-participacao-do-sindmoveis-no-sao-paulo-design-weekend\/"},"author":{"name":"Imprensa Sindm\u00f3veis","@id":"https:\/\/www.sindmoveis.com.br\/es\/#\/schema\/person\/16d379542db1950a17fe188179340d57"},"headline":"Balance positivo de la participaci\u00f3n de Sindm\u00f3veis en S\u00e3o Paulo Design Weekend","datePublished":"2015-08-24T03:00:00+00:00","dateModified":"2021-05-26T13:24:26+00:00","mainEntityOfPage":{"@id":"https:\/\/www.sindmoveis.com.br\/es\/balanco-positivo-da-participacao-do-sindmoveis-no-sao-paulo-design-weekend\/"},"wordCount":489,"image":{"@id":"https:\/\/www.sindmoveis.com.br\/es\/balanco-positivo-da-participacao-do-sindmoveis-no-sao-paulo-design-weekend\/#primaryimage"},"thumbnailUrl":"https:\/\/www.sindmoveis.com.br\/es\/wp-content\/uploads\/2021\/05\/p1440431556.jpg","articleSection":["Sindm\u00f3veis"],"inLanguage":"es"},{"@type":"WebPage","@id":"https:\/\/www.sindmoveis.com.br\/es\/balanco-positivo-da-participacao-do-sindmoveis-no-sao-paulo-design-weekend\/","url":"https:\/\/www.sindmoveis.com.br\/es\/balanco-positivo-da-participacao-do-sindmoveis-no-sao-paulo-design-weekend\/","name":"Balance positivo de la participaci\u00f3n de Sindm\u00f3veis en S\u00e3o Paulo Design Weekend - Sindm\u00f3veis-RS","isPartOf":{"@id":"https:\/\/www.sindmoveis.com.br\/es\/#website"},"primaryImageOfPage":{"@id":"https:\/\/www.sindmoveis.com.br\/es\/balanco-positivo-da-participacao-do-sindmoveis-no-sao-paulo-design-weekend\/#primaryimage"},"image":{"@id":"https:\/\/www.sindmoveis.com.br\/es\/balanco-positivo-da-participacao-do-sindmoveis-no-sao-paulo-design-weekend\/#primaryimage"},"thumbnailUrl":"https:\/\/www.sindmoveis.com.br\/es\/wp-content\/uploads\/2021\/05\/p1440431556.jpg","datePublished":"2015-08-24T03:00:00+00:00","dateModified":"2021-05-26T13:24:26+00:00","author":{"@id":"https:\/\/www.sindmoveis.com.br\/es\/#\/schema\/person\/16d379542db1950a17fe188179340d57"},"inLanguage":"es","potentialAction":[{"@type":"ReadAction","target":["https:\/\/www.sindmoveis.com.br\/es\/balanco-positivo-da-participacao-do-sindmoveis-no-sao-paulo-design-weekend\/"]}]},{"@type":"ImageObject","inLanguage":"es","@id":"https:\/\/www.sindmoveis.com.br\/es\/balanco-positivo-da-participacao-do-sindmoveis-no-sao-paulo-design-weekend\/#primaryimage","url":"https:\/\/www.sindmoveis.com.br\/es\/wp-content\/uploads\/2021\/05\/p1440431556.jpg","contentUrl":"https:\/\/www.sindmoveis.com.br\/es\/wp-content\/uploads\/2021\/05\/p1440431556.jpg","width":945,"height":1402,"caption":"Foto: Henry Lopes"},{"@type":"WebSite","@id":"https:\/\/www.sindmoveis.com.br\/es\/#website","url":"https:\/\/www.sindmoveis.com.br\/es\/","name":"Sindm\u00f3veis-RS","description":"","potentialAction":[{"@type":"SearchAction","target":{"@type":"EntryPoint","urlTemplate":"https:\/\/www.sindmoveis.com.br\/es\/?s={search_term_string}"},"query-input":{"@type":"PropertyValueSpecification","valueRequired":true,"valueName":"search_term_string"}}],"inLanguage":"es"},{"@type":"Person","@id":"https:\/\/www.sindmoveis.com.br\/es\/#\/schema\/person\/16d379542db1950a17fe188179340d57","name":"Imprensa Sindm\u00f3veis","image":{"@type":"ImageObject","inLanguage":"es","@id":"https:\/\/www.sindmoveis.com.br\/es\/#\/schema\/person\/image\/","url":"https:\/\/secure.gravatar.com\/avatar\/4973e2e2c2a0cb5db30b0c7b770041b8e33d048a16b695a1f99c042449d4bfaf?s=96&d=mm&r=g","contentUrl":"https:\/\/secure.gravatar.com\/avatar\/4973e2e2c2a0cb5db30b0c7b770041b8e33d048a16b695a1f99c042449d4bfaf?s=96&d=mm&r=g","caption":"Imprensa Sindm\u00f3veis"},"url":"https:\/\/www.sindmoveis.com.br\/es\/author\/ana\/"}]}},"_links":{"self":[{"href":"https:\/\/www.sindmoveis.com.br\/es\/wp-json\/wp\/v2\/posts\/1178","targetHints":{"allow":["GET"]}}],"collection":[{"href":"https:\/\/www.sindmoveis.com.br\/es\/wp-json\/wp\/v2\/posts"}],"about":[{"href":"https:\/\/www.sindmoveis.com.br\/es\/wp-json\/wp\/v2\/types\/post"}],"author":[{"embeddable":true,"href":"https:\/\/www.sindmoveis.com.br\/es\/wp-json\/wp\/v2\/users\/5"}],"replies":[{"embeddable":true,"href":"https:\/\/www.sindmoveis.com.br\/es\/wp-json\/wp\/v2\/comments?post=1178"}],"version-history":[{"count":2,"href":"https:\/\/www.sindmoveis.com.br\/es\/wp-json\/wp\/v2\/posts\/1178\/revisions"}],"predecessor-version":[{"id":3515,"href":"https:\/\/www.sindmoveis.com.br\/es\/wp-json\/wp\/v2\/posts\/1178\/revisions\/3515"}],"wp:featuredmedia":[{"embeddable":true,"href":"https:\/\/www.sindmoveis.com.br\/es\/wp-json\/wp\/v2\/media\/3516"}],"wp:attachment":[{"href":"https:\/\/www.sindmoveis.com.br\/es\/wp-json\/wp\/v2\/media?parent=1178"}],"wp:term":[{"taxonomy":"category","embeddable":true,"href":"https:\/\/www.sindmoveis.com.br\/es\/wp-json\/wp\/v2\/categories?post=1178"},{"taxonomy":"post_tag","embeddable":true,"href":"https:\/\/www.sindmoveis.com.br\/es\/wp-json\/wp\/v2\/tags?post=1178"}],"curies":[{"name":"wp","href":"https:\/\/api.w.org\/{rel}","templated":true}]}}