{"id":1175,"date":"2015-08-13T00:00:00","date_gmt":"2015-08-13T03:00:00","guid":{"rendered":"http:\/\/sindmoveis.com.br\/imprensa\/noticias\/premio-salao-design-entrega-trofeus-no-sao-paulo-design-weekend\/"},"modified":"2021-05-26T10:27:47","modified_gmt":"2021-05-26T13:27:47","slug":"premio-salao-design-entrega-trofeus-no-sao-paulo-design-weekend","status":"publish","type":"post","link":"https:\/\/www.sindmoveis.com.br\/es\/premio-salao-design-entrega-trofeus-no-sao-paulo-design-weekend\/","title":{"rendered":"Premio Sal\u00e3o Design entrega trofeos en S\u00e3o Paulo Design Weekend"},"content":{"rendered":"<p>En la primera muestra de productos fuera de la Sierra Gaucha, el Premio Sal&atilde;o Design viene ampliando su notoriedad. En la ceremonia de premiaci&oacute;n, el lunes, 12 de agosto, hubo la entrega de 19 premios, entre vencedores, menciones de honor, Premio Maderas Alternativas y Profesor Orientador. Bento Gon&ccedil;alves fue representada por Cinex, premiada en la modalidad Industria por Coifa Pura &ndash; proyecto de los italianos Hermanos Adriano en asociaci&oacute;n con el equipo de creaci&oacute;n de la propia empresa. Hasta domingo, Sindm&oacute;veis participa de la programaci&oacute;n de S&atilde;o Paulo Design Weekend con un espacio de 500 metros cuadrados localizados en el Jockey Club S&atilde;o Paulo.<\/p>\n<p>El presidente de Sindm&oacute;veis, Henrique Tecchio, puntualiza que las 19 ediciones del premio realizadas desde 1988 proporcionaron un genuino intercambio de experiencias entre los concurrentes, la organizaci&oacute;n y la comisi&oacute;n juzgadora. El pr&oacute;ximo a&ntilde;o, el Sal&atilde;o Design completa 20 ediciones y los participantes tendr&aacute;n una doble oportunidad de presentar su trabajo: en marzo, en Movelsul Brasil, y en agosto, en el estreno de Casa Brasil en S&atilde;o Paulo.<\/p>\n<p>Tecchio refuerza que, a&ntilde;o a a&ntilde;o, crece el espacio en el mercado para mobiliario con valor agregado. &ldquo;Esa es la principal contribuci&oacute;n del premio para la industria del mueble y motivo de orgullo para todos nosotros. La semilla que Sindm&oacute;veis plant&oacute; hace 27 a&ntilde;os ya tiene vida propia y nos sentimos honrados por la importancia que el premio ha ganado en el movimiento del dise&ntilde;o en Am&eacute;rica Latina&rdquo;, afirma el presidente.<\/p>\n<p>Premiados en las categor&iacute;as Muebles para Sala de Estar y Comedor; Muebles para &Aacute;rea Externa; Muebles para Dormitorio; Muebles para Cocina; &Aacute;rea de Servicio\/ Lavadero y Ba&ntilde;o; Muebles para Oficina y Home Office; Accesorios Dom&eacute;sticos; e Iluminaci&oacute;n, los productos fueron seleccionados por las arquitectas Ilse Lang e Isabela Vecci y por los dise&ntilde;adores Ivens Fontoura, Leonardo Lattavo y Gl&aacute;ucia Binda.<\/p>\n<p>Con patrocinio de Berneck, el Premio Sal&atilde;o Design busca agregar creatividad e innovaci&oacute;n tecnol&oacute;gica al sector del mobiliario por medio del dise&ntilde;o. La muestra de los premiados y de otros finalistas de este a&ntilde;o sucede hasta el 16 de agosto, en el Jockey Club S&atilde;o Paulo, durante el evento Design Weekend. Y las inscripciones para la 20&ordf; edici&oacute;n del premio ya est&aacute;n abiertas. Basta acceder a <a href=\"http:\/\/www.salaodesign.com.br\/\">www.salaodesign.com.br<\/a> .<\/p>\n<p>&nbsp;<\/p>\n<p><strong>Sorpresa en la premiaci&oacute;n<\/strong><\/p>\n<p>Para uno de los dise&ntilde;adores, la alegr&iacute;a vino en doble en la ceremonia de premiaci&oacute;n del Sal&atilde;o Design. El carioca Ricardo Graham Ferreira, de oEbanista (Nova Friburgo, R&iacute;o de Janeiro), recibi&oacute; un premio extra del Servicio Forestal Brasile&ntilde;o por su producto vencedor del premio Maderas Alternativas. Gracias a su Banco Sela, que tambi&eacute;n venci&oacute; en la modalidad Profesional, el dise&ntilde;ador participar&aacute; de una expedici&oacute;n por la diversidad maderera de Brasil. &Eacute;l conocer&aacute; la sede de la instituci&oacute;n y &aacute;reas de manejo forestal y procesos relacionados con la&nbsp;madera en Amazonia.<\/p>\n<p>Desde 1996, el Premio Sal]ao Design concede el trofeo Maderas Alternativas al mejor proyecto de la edici&oacute;n fabricado a partir de especies que el Servicio Forestal Brasile&ntilde;o considera como &ldquo;no muy utilizadas&rdquo;. Bajo an&aacute;lisis de t&eacute;cnicos de, Ministerio del Medio Ambiente, concurren a ese premio los productos que valoran la enorme diversidad de maderas existentes en el pa&iacute;s. Adem&aacute;s de ello, la iniciativa estimula el manejo sostenible de&nbsp; las selvas, al paso que absorbe su producci&oacute;n, volvi&eacute;ndola econ&oacute;mica y ecol&oacute;gicamente viable.<\/p>\n<p>&nbsp;<\/p>\n","protected":false},"excerpt":{"rendered":"<p>Primeira mostra de premiados e finalistas em S\u00e3o Paulo ocupa um dos principais espa\u00e7os do Jockey Club S\u00e3o Paulo<\/p>\n","protected":false},"author":5,"featured_media":3508,"comment_status":"closed","ping_status":"open","sticky":false,"template":"","format":"standard","meta":{"footnotes":"","_links_to":"","_links_to_target":""},"categories":[21,2],"tags":[],"class_list":["post-1175","post","type-post","status-publish","format-standard","has-post-thumbnail","hentry","category-premio-salao-design","category-sindmoveis"],"yoast_head":"<!-- This site is optimized with the Yoast SEO plugin v27.0 - https:\/\/yoast.com\/product\/yoast-seo-wordpress\/ -->\n<title>Premio Sal\u00e3o Design entrega trofeos en S\u00e3o Paulo Design Weekend - Sindm\u00f3veis-RS<\/title>\n<meta name=\"robots\" content=\"index, follow, max-snippet:-1, max-image-preview:large, max-video-preview:-1\" \/>\n<link rel=\"canonical\" href=\"https:\/\/www.sindmoveis.com.br\/es\/premio-salao-design-entrega-trofeus-no-sao-paulo-design-weekend\/\" \/>\n<meta property=\"og:locale\" content=\"es_ES\" \/>\n<meta property=\"og:type\" content=\"article\" \/>\n<meta property=\"og:title\" content=\"Premio Sal\u00e3o Design entrega trofeos en S\u00e3o Paulo Design Weekend - Sindm\u00f3veis-RS\" \/>\n<meta property=\"og:description\" content=\"Primeira mostra de premiados e finalistas em S\u00e3o Paulo ocupa um dos principais espa\u00e7os do Jockey Club S\u00e3o Paulo\" \/>\n<meta property=\"og:url\" content=\"https:\/\/www.sindmoveis.com.br\/es\/premio-salao-design-entrega-trofeus-no-sao-paulo-design-weekend\/\" \/>\n<meta property=\"og:site_name\" content=\"Sindm\u00f3veis-RS\" \/>\n<meta property=\"article:published_time\" content=\"2015-08-13T03:00:00+00:00\" \/>\n<meta property=\"article:modified_time\" content=\"2021-05-26T13:27:47+00:00\" \/>\n<meta property=\"og:image\" content=\"https:\/\/www.sindmoveis.com.br\/es\/wp-content\/uploads\/2021\/05\/p1439487236.jpg\" \/>\n\t<meta property=\"og:image:width\" content=\"886\" \/>\n\t<meta property=\"og:image:height\" content=\"589\" \/>\n\t<meta property=\"og:image:type\" content=\"image\/jpeg\" \/>\n<meta name=\"author\" content=\"Imprensa Sindm\u00f3veis\" \/>\n<meta name=\"twitter:card\" content=\"summary_large_image\" \/>\n<meta name=\"twitter:label1\" content=\"Escrito por\" \/>\n\t<meta name=\"twitter:data1\" content=\"Imprensa Sindm\u00f3veis\" \/>\n\t<meta name=\"twitter:label2\" content=\"Tiempo de lectura\" \/>\n\t<meta name=\"twitter:data2\" content=\"3 minutos\" \/>\n<script type=\"application\/ld+json\" class=\"yoast-schema-graph\">{\"@context\":\"https:\/\/schema.org\",\"@graph\":[{\"@type\":\"Article\",\"@id\":\"https:\/\/www.sindmoveis.com.br\/es\/premio-salao-design-entrega-trofeus-no-sao-paulo-design-weekend\/#article\",\"isPartOf\":{\"@id\":\"https:\/\/www.sindmoveis.com.br\/es\/premio-salao-design-entrega-trofeus-no-sao-paulo-design-weekend\/\"},\"author\":{\"name\":\"Imprensa Sindm\u00f3veis\",\"@id\":\"https:\/\/www.sindmoveis.com.br\/es\/#\/schema\/person\/16d379542db1950a17fe188179340d57\"},\"headline\":\"Premio Sal\u00e3o Design entrega trofeos en S\u00e3o Paulo Design Weekend\",\"datePublished\":\"2015-08-13T03:00:00+00:00\",\"dateModified\":\"2021-05-26T13:27:47+00:00\",\"mainEntityOfPage\":{\"@id\":\"https:\/\/www.sindmoveis.com.br\/es\/premio-salao-design-entrega-trofeus-no-sao-paulo-design-weekend\/\"},\"wordCount\":687,\"image\":{\"@id\":\"https:\/\/www.sindmoveis.com.br\/es\/premio-salao-design-entrega-trofeus-no-sao-paulo-design-weekend\/#primaryimage\"},\"thumbnailUrl\":\"https:\/\/www.sindmoveis.com.br\/es\/wp-content\/uploads\/2021\/05\/p1439487236.jpg\",\"articleSection\":[\"Premio Sal\u00e3o Design\",\"Sindm\u00f3veis\"],\"inLanguage\":\"es\"},{\"@type\":\"WebPage\",\"@id\":\"https:\/\/www.sindmoveis.com.br\/es\/premio-salao-design-entrega-trofeus-no-sao-paulo-design-weekend\/\",\"url\":\"https:\/\/www.sindmoveis.com.br\/es\/premio-salao-design-entrega-trofeus-no-sao-paulo-design-weekend\/\",\"name\":\"Premio Sal\u00e3o Design entrega trofeos en S\u00e3o Paulo Design Weekend - Sindm\u00f3veis-RS\",\"isPartOf\":{\"@id\":\"https:\/\/www.sindmoveis.com.br\/es\/#website\"},\"primaryImageOfPage\":{\"@id\":\"https:\/\/www.sindmoveis.com.br\/es\/premio-salao-design-entrega-trofeus-no-sao-paulo-design-weekend\/#primaryimage\"},\"image\":{\"@id\":\"https:\/\/www.sindmoveis.com.br\/es\/premio-salao-design-entrega-trofeus-no-sao-paulo-design-weekend\/#primaryimage\"},\"thumbnailUrl\":\"https:\/\/www.sindmoveis.com.br\/es\/wp-content\/uploads\/2021\/05\/p1439487236.jpg\",\"datePublished\":\"2015-08-13T03:00:00+00:00\",\"dateModified\":\"2021-05-26T13:27:47+00:00\",\"author\":{\"@id\":\"https:\/\/www.sindmoveis.com.br\/es\/#\/schema\/person\/16d379542db1950a17fe188179340d57\"},\"inLanguage\":\"es\",\"potentialAction\":[{\"@type\":\"ReadAction\",\"target\":[\"https:\/\/www.sindmoveis.com.br\/es\/premio-salao-design-entrega-trofeus-no-sao-paulo-design-weekend\/\"]}]},{\"@type\":\"ImageObject\",\"inLanguage\":\"es\",\"@id\":\"https:\/\/www.sindmoveis.com.br\/es\/premio-salao-design-entrega-trofeus-no-sao-paulo-design-weekend\/#primaryimage\",\"url\":\"https:\/\/www.sindmoveis.com.br\/es\/wp-content\/uploads\/2021\/05\/p1439487236.jpg\",\"contentUrl\":\"https:\/\/www.sindmoveis.com.br\/es\/wp-content\/uploads\/2021\/05\/p1439487236.jpg\",\"width\":886,\"height\":589,\"caption\":\"Foto: Celina Germer\"},{\"@type\":\"WebSite\",\"@id\":\"https:\/\/www.sindmoveis.com.br\/es\/#website\",\"url\":\"https:\/\/www.sindmoveis.com.br\/es\/\",\"name\":\"Sindm\u00f3veis-RS\",\"description\":\"\",\"potentialAction\":[{\"@type\":\"SearchAction\",\"target\":{\"@type\":\"EntryPoint\",\"urlTemplate\":\"https:\/\/www.sindmoveis.com.br\/es\/?s={search_term_string}\"},\"query-input\":{\"@type\":\"PropertyValueSpecification\",\"valueRequired\":true,\"valueName\":\"search_term_string\"}}],\"inLanguage\":\"es\"},{\"@type\":\"Person\",\"@id\":\"https:\/\/www.sindmoveis.com.br\/es\/#\/schema\/person\/16d379542db1950a17fe188179340d57\",\"name\":\"Imprensa Sindm\u00f3veis\",\"image\":{\"@type\":\"ImageObject\",\"inLanguage\":\"es\",\"@id\":\"https:\/\/www.sindmoveis.com.br\/es\/#\/schema\/person\/image\/\",\"url\":\"https:\/\/secure.gravatar.com\/avatar\/4973e2e2c2a0cb5db30b0c7b770041b8e33d048a16b695a1f99c042449d4bfaf?s=96&d=mm&r=g\",\"contentUrl\":\"https:\/\/secure.gravatar.com\/avatar\/4973e2e2c2a0cb5db30b0c7b770041b8e33d048a16b695a1f99c042449d4bfaf?s=96&d=mm&r=g\",\"caption\":\"Imprensa Sindm\u00f3veis\"},\"url\":\"https:\/\/www.sindmoveis.com.br\/es\/author\/ana\/\"}]}<\/script>\n<!-- \/ Yoast SEO plugin. -->","yoast_head_json":{"title":"Premio Sal\u00e3o Design entrega trofeos en S\u00e3o Paulo Design Weekend - Sindm\u00f3veis-RS","robots":{"index":"index","follow":"follow","max-snippet":"max-snippet:-1","max-image-preview":"max-image-preview:large","max-video-preview":"max-video-preview:-1"},"canonical":"https:\/\/www.sindmoveis.com.br\/es\/premio-salao-design-entrega-trofeus-no-sao-paulo-design-weekend\/","og_locale":"es_ES","og_type":"article","og_title":"Premio Sal\u00e3o Design entrega trofeos en S\u00e3o Paulo Design Weekend - Sindm\u00f3veis-RS","og_description":"Primeira mostra de premiados e finalistas em S\u00e3o Paulo ocupa um dos principais espa\u00e7os do Jockey Club S\u00e3o Paulo","og_url":"https:\/\/www.sindmoveis.com.br\/es\/premio-salao-design-entrega-trofeus-no-sao-paulo-design-weekend\/","og_site_name":"Sindm\u00f3veis-RS","article_published_time":"2015-08-13T03:00:00+00:00","article_modified_time":"2021-05-26T13:27:47+00:00","og_image":[{"width":886,"height":589,"url":"https:\/\/www.sindmoveis.com.br\/es\/wp-content\/uploads\/2021\/05\/p1439487236.jpg","type":"image\/jpeg"}],"author":"Imprensa Sindm\u00f3veis","twitter_card":"summary_large_image","twitter_misc":{"Escrito por":"Imprensa Sindm\u00f3veis","Tiempo de lectura":"3 minutos"},"schema":{"@context":"https:\/\/schema.org","@graph":[{"@type":"Article","@id":"https:\/\/www.sindmoveis.com.br\/es\/premio-salao-design-entrega-trofeus-no-sao-paulo-design-weekend\/#article","isPartOf":{"@id":"https:\/\/www.sindmoveis.com.br\/es\/premio-salao-design-entrega-trofeus-no-sao-paulo-design-weekend\/"},"author":{"name":"Imprensa Sindm\u00f3veis","@id":"https:\/\/www.sindmoveis.com.br\/es\/#\/schema\/person\/16d379542db1950a17fe188179340d57"},"headline":"Premio Sal\u00e3o Design entrega trofeos en S\u00e3o Paulo Design Weekend","datePublished":"2015-08-13T03:00:00+00:00","dateModified":"2021-05-26T13:27:47+00:00","mainEntityOfPage":{"@id":"https:\/\/www.sindmoveis.com.br\/es\/premio-salao-design-entrega-trofeus-no-sao-paulo-design-weekend\/"},"wordCount":687,"image":{"@id":"https:\/\/www.sindmoveis.com.br\/es\/premio-salao-design-entrega-trofeus-no-sao-paulo-design-weekend\/#primaryimage"},"thumbnailUrl":"https:\/\/www.sindmoveis.com.br\/es\/wp-content\/uploads\/2021\/05\/p1439487236.jpg","articleSection":["Premio Sal\u00e3o Design","Sindm\u00f3veis"],"inLanguage":"es"},{"@type":"WebPage","@id":"https:\/\/www.sindmoveis.com.br\/es\/premio-salao-design-entrega-trofeus-no-sao-paulo-design-weekend\/","url":"https:\/\/www.sindmoveis.com.br\/es\/premio-salao-design-entrega-trofeus-no-sao-paulo-design-weekend\/","name":"Premio Sal\u00e3o Design entrega trofeos en S\u00e3o Paulo Design Weekend - Sindm\u00f3veis-RS","isPartOf":{"@id":"https:\/\/www.sindmoveis.com.br\/es\/#website"},"primaryImageOfPage":{"@id":"https:\/\/www.sindmoveis.com.br\/es\/premio-salao-design-entrega-trofeus-no-sao-paulo-design-weekend\/#primaryimage"},"image":{"@id":"https:\/\/www.sindmoveis.com.br\/es\/premio-salao-design-entrega-trofeus-no-sao-paulo-design-weekend\/#primaryimage"},"thumbnailUrl":"https:\/\/www.sindmoveis.com.br\/es\/wp-content\/uploads\/2021\/05\/p1439487236.jpg","datePublished":"2015-08-13T03:00:00+00:00","dateModified":"2021-05-26T13:27:47+00:00","author":{"@id":"https:\/\/www.sindmoveis.com.br\/es\/#\/schema\/person\/16d379542db1950a17fe188179340d57"},"inLanguage":"es","potentialAction":[{"@type":"ReadAction","target":["https:\/\/www.sindmoveis.com.br\/es\/premio-salao-design-entrega-trofeus-no-sao-paulo-design-weekend\/"]}]},{"@type":"ImageObject","inLanguage":"es","@id":"https:\/\/www.sindmoveis.com.br\/es\/premio-salao-design-entrega-trofeus-no-sao-paulo-design-weekend\/#primaryimage","url":"https:\/\/www.sindmoveis.com.br\/es\/wp-content\/uploads\/2021\/05\/p1439487236.jpg","contentUrl":"https:\/\/www.sindmoveis.com.br\/es\/wp-content\/uploads\/2021\/05\/p1439487236.jpg","width":886,"height":589,"caption":"Foto: Celina Germer"},{"@type":"WebSite","@id":"https:\/\/www.sindmoveis.com.br\/es\/#website","url":"https:\/\/www.sindmoveis.com.br\/es\/","name":"Sindm\u00f3veis-RS","description":"","potentialAction":[{"@type":"SearchAction","target":{"@type":"EntryPoint","urlTemplate":"https:\/\/www.sindmoveis.com.br\/es\/?s={search_term_string}"},"query-input":{"@type":"PropertyValueSpecification","valueRequired":true,"valueName":"search_term_string"}}],"inLanguage":"es"},{"@type":"Person","@id":"https:\/\/www.sindmoveis.com.br\/es\/#\/schema\/person\/16d379542db1950a17fe188179340d57","name":"Imprensa Sindm\u00f3veis","image":{"@type":"ImageObject","inLanguage":"es","@id":"https:\/\/www.sindmoveis.com.br\/es\/#\/schema\/person\/image\/","url":"https:\/\/secure.gravatar.com\/avatar\/4973e2e2c2a0cb5db30b0c7b770041b8e33d048a16b695a1f99c042449d4bfaf?s=96&d=mm&r=g","contentUrl":"https:\/\/secure.gravatar.com\/avatar\/4973e2e2c2a0cb5db30b0c7b770041b8e33d048a16b695a1f99c042449d4bfaf?s=96&d=mm&r=g","caption":"Imprensa Sindm\u00f3veis"},"url":"https:\/\/www.sindmoveis.com.br\/es\/author\/ana\/"}]}},"_links":{"self":[{"href":"https:\/\/www.sindmoveis.com.br\/es\/wp-json\/wp\/v2\/posts\/1175","targetHints":{"allow":["GET"]}}],"collection":[{"href":"https:\/\/www.sindmoveis.com.br\/es\/wp-json\/wp\/v2\/posts"}],"about":[{"href":"https:\/\/www.sindmoveis.com.br\/es\/wp-json\/wp\/v2\/types\/post"}],"author":[{"embeddable":true,"href":"https:\/\/www.sindmoveis.com.br\/es\/wp-json\/wp\/v2\/users\/5"}],"replies":[{"embeddable":true,"href":"https:\/\/www.sindmoveis.com.br\/es\/wp-json\/wp\/v2\/comments?post=1175"}],"version-history":[{"count":2,"href":"https:\/\/www.sindmoveis.com.br\/es\/wp-json\/wp\/v2\/posts\/1175\/revisions"}],"predecessor-version":[{"id":3507,"href":"https:\/\/www.sindmoveis.com.br\/es\/wp-json\/wp\/v2\/posts\/1175\/revisions\/3507"}],"wp:featuredmedia":[{"embeddable":true,"href":"https:\/\/www.sindmoveis.com.br\/es\/wp-json\/wp\/v2\/media\/3508"}],"wp:attachment":[{"href":"https:\/\/www.sindmoveis.com.br\/es\/wp-json\/wp\/v2\/media?parent=1175"}],"wp:term":[{"taxonomy":"category","embeddable":true,"href":"https:\/\/www.sindmoveis.com.br\/es\/wp-json\/wp\/v2\/categories?post=1175"},{"taxonomy":"post_tag","embeddable":true,"href":"https:\/\/www.sindmoveis.com.br\/es\/wp-json\/wp\/v2\/tags?post=1175"}],"curies":[{"name":"wp","href":"https:\/\/api.w.org\/{rel}","templated":true}]}}