{"id":1174,"date":"2015-08-12T00:00:00","date_gmt":"2015-08-12T03:00:00","guid":{"rendered":"http:\/\/sindmoveis.com.br\/imprensa\/noticias\/sao-paulo-design-weekend-abre-hoje-com-atracoes-do-sindmoveis\/"},"modified":"2021-05-26T10:24:26","modified_gmt":"2021-05-26T13:24:26","slug":"sao-paulo-design-weekend-abre-hoje-com-atracoes-do-sindmoveis","status":"publish","type":"post","link":"https:\/\/www.sindmoveis.com.br\/es\/sao-paulo-design-weekend-abre-hoje-com-atracoes-do-sindmoveis\/","title":{"rendered":"S\u00e3o Paulo Design Weekend abre hoy con atracciones de Sindm\u00f3veis"},"content":{"rendered":"<p>A partir de este mi&eacute;rcoles, d&iacute;a 12, est&aacute;n abiertas al p&uacute;blico las atracciones de la 4&ordf; edici&oacute;n de S&atilde;o Paulo Design Weekend. Hasta el pr&oacute;ximo domingo, son m&aacute;s de 140 eventos de arquitectura, arte y dise&ntilde;o esparcidos por toda la capital paulista. Sindm&oacute;veis Bento Gon&ccedil;alves tendr&aacute; 500 metros cuadrados de muestras, conferencias y rondas de negocios en el Jockey Club paulista, en el espacio llamado Art Village. Todo para fortalecer todav&iacute;a m&aacute;s el dise&ntilde;o como diferencial competitivo para la industria del mobiliario.<\/p>\n<p>El premio Sal&atilde;o Design ser&aacute; la estrella de ese espacio, con la primera muestra de premiados y finalistas de la Sierra Gaucha. En el eje de los principales eventos brasile&ntilde;os volcados a la decoraci&oacute;n, dise&ntilde;o y negocios, el premio, que ya es considerado el mayor del g&eacute;nero en am&eacute;rica Latina, ampl&iacute;a su notoriedad. La exposici&oacute;n tendr&aacute; 64 productos y concentrar&aacute; tambi&eacute;n la ceremonia de premiaci&oacute;n, en la noche de hoy &ndash; luego despu&eacute;s del seminario internacional La Forma Sigue la Materia, con conferencias de tres importantes dise&ntilde;adores que representan la investigaci&oacute;n de nuevos materiales para el mercado de mobiliario: el italiano Clino Castelli, el chileno Cristian Dom&iacute;nguez y el brasile&ntilde;o Brunno Jahara.<\/p>\n<p>Con patroc&iacute;nio de Berneck, el premio Sal&atilde;o Design es realizado desde 1988 y, hasta hoy, contabiliza 12.058 productos inscritos por estudiantes, profesionales e industrias. Las inscripciones para la 20&ordf; edici&oacute;n ya est&aacute;n abiertas y pueden ser realizadas por el sitio web <a href=\"http:\/\/www.salaodesign.com.br\/\">www.salaodesign.com.br<\/a><\/p>\n<p>&nbsp;<\/p>\n<p><strong>Dise&ntilde;o para exportaci&oacute;n<\/strong><\/p>\n<p>En una asociaci&oacute;n entre la Agencia Brasile&ntilde;a de Promoci&oacute;n de Exportaciones e Inversiones (Apex-Brasil) y Sindm&oacute;veis, el Jockey Club S&atilde;o Paulo tambi&eacute;n recibe la primera muestra de piezas del Proyecto Ra&iacute;z, destinado a las exportaciones del servicio de dise&ntilde;o. Ese proyecto naci&oacute; como resultado del Design Challenge, una iniciativa desarrollada a lo largo del &uacute;ltimo a&ntilde;o con los estudios, cuyo objetivo fue el de generar experiencia en la creaci&oacute;n de productos a partir de la visi&oacute;n de un equipo norteamericano. La acci&oacute;n result&oacute; en una colecci&oacute;n que representa la diversidad del mobiliario autoral brasile&ntilde;o y cuenta con 44 productos de 18 estudios de dise&ntilde;o, 21 de los cuales participan de la muestra.<\/p>\n<p>Adem&aacute;s de la muestra de productos, 18 estudios de dise&ntilde;o tambi&eacute;n tendr&aacute;n la oportunidad de presentar su trabajo a invitados norteamericanos en una edici&oacute;n especial de Proyecto Comprador, con rondas de negocios los d&iacute;as 12 y 13 de agosto.<\/p>\n","protected":false},"excerpt":{"rendered":"<p>Programaci\u00f3n ocupa 500 metros cuadrados en el Jockey Club paulista con muestra, seminario y rondas de negocios.<\/p>\n","protected":false},"author":5,"featured_media":3506,"comment_status":"closed","ping_status":"open","sticky":false,"template":"","format":"standard","meta":{"footnotes":"","_links_to":"","_links_to_target":""},"categories":[2],"tags":[],"class_list":["post-1174","post","type-post","status-publish","format-standard","has-post-thumbnail","hentry","category-sindmoveis"],"yoast_head":"<!-- This site is optimized with the Yoast SEO plugin v27.0 - https:\/\/yoast.com\/product\/yoast-seo-wordpress\/ -->\n<title>S\u00e3o Paulo Design Weekend abre hoy con atracciones de Sindm\u00f3veis - Sindm\u00f3veis-RS<\/title>\n<meta name=\"robots\" content=\"index, follow, max-snippet:-1, max-image-preview:large, max-video-preview:-1\" \/>\n<link rel=\"canonical\" href=\"https:\/\/www.sindmoveis.com.br\/es\/sao-paulo-design-weekend-abre-hoje-com-atracoes-do-sindmoveis\/\" \/>\n<meta property=\"og:locale\" content=\"es_ES\" \/>\n<meta property=\"og:type\" content=\"article\" \/>\n<meta property=\"og:title\" content=\"S\u00e3o Paulo Design Weekend abre hoy con atracciones de Sindm\u00f3veis - Sindm\u00f3veis-RS\" \/>\n<meta property=\"og:description\" content=\"Programaci\u00f3n ocupa 500 metros cuadrados en el Jockey Club paulista con muestra, seminario y rondas de negocios.\" \/>\n<meta property=\"og:url\" content=\"https:\/\/www.sindmoveis.com.br\/es\/sao-paulo-design-weekend-abre-hoje-com-atracoes-do-sindmoveis\/\" \/>\n<meta property=\"og:site_name\" content=\"Sindm\u00f3veis-RS\" \/>\n<meta property=\"article:published_time\" content=\"2015-08-12T03:00:00+00:00\" \/>\n<meta property=\"article:modified_time\" content=\"2021-05-26T13:24:26+00:00\" \/>\n<meta property=\"og:image\" content=\"https:\/\/www.sindmoveis.com.br\/es\/wp-content\/uploads\/2021\/05\/p1439394801.jpg\" \/>\n\t<meta property=\"og:image:width\" content=\"1024\" \/>\n\t<meta property=\"og:image:height\" content=\"683\" \/>\n\t<meta property=\"og:image:type\" content=\"image\/jpeg\" \/>\n<meta name=\"author\" content=\"Imprensa Sindm\u00f3veis\" \/>\n<meta name=\"twitter:card\" content=\"summary_large_image\" \/>\n<meta name=\"twitter:label1\" content=\"Escrito por\" \/>\n\t<meta name=\"twitter:data1\" content=\"Imprensa Sindm\u00f3veis\" \/>\n\t<meta name=\"twitter:label2\" content=\"Tiempo de lectura\" \/>\n\t<meta name=\"twitter:data2\" content=\"3 minutos\" \/>\n<script type=\"application\/ld+json\" class=\"yoast-schema-graph\">{\"@context\":\"https:\/\/schema.org\",\"@graph\":[{\"@type\":\"Article\",\"@id\":\"https:\/\/www.sindmoveis.com.br\/es\/sao-paulo-design-weekend-abre-hoje-com-atracoes-do-sindmoveis\/#article\",\"isPartOf\":{\"@id\":\"https:\/\/www.sindmoveis.com.br\/es\/sao-paulo-design-weekend-abre-hoje-com-atracoes-do-sindmoveis\/\"},\"author\":{\"name\":\"Imprensa Sindm\u00f3veis\",\"@id\":\"https:\/\/www.sindmoveis.com.br\/es\/#\/schema\/person\/16d379542db1950a17fe188179340d57\"},\"headline\":\"S\u00e3o Paulo Design Weekend abre hoy con atracciones de Sindm\u00f3veis\",\"datePublished\":\"2015-08-12T03:00:00+00:00\",\"dateModified\":\"2021-05-26T13:24:26+00:00\",\"mainEntityOfPage\":{\"@id\":\"https:\/\/www.sindmoveis.com.br\/es\/sao-paulo-design-weekend-abre-hoje-com-atracoes-do-sindmoveis\/\"},\"wordCount\":513,\"image\":{\"@id\":\"https:\/\/www.sindmoveis.com.br\/es\/sao-paulo-design-weekend-abre-hoje-com-atracoes-do-sindmoveis\/#primaryimage\"},\"thumbnailUrl\":\"https:\/\/www.sindmoveis.com.br\/es\/wp-content\/uploads\/2021\/05\/p1439394801.jpg\",\"articleSection\":[\"Sindm\u00f3veis\"],\"inLanguage\":\"es\"},{\"@type\":\"WebPage\",\"@id\":\"https:\/\/www.sindmoveis.com.br\/es\/sao-paulo-design-weekend-abre-hoje-com-atracoes-do-sindmoveis\/\",\"url\":\"https:\/\/www.sindmoveis.com.br\/es\/sao-paulo-design-weekend-abre-hoje-com-atracoes-do-sindmoveis\/\",\"name\":\"S\u00e3o Paulo Design Weekend abre hoy con atracciones de Sindm\u00f3veis - Sindm\u00f3veis-RS\",\"isPartOf\":{\"@id\":\"https:\/\/www.sindmoveis.com.br\/es\/#website\"},\"primaryImageOfPage\":{\"@id\":\"https:\/\/www.sindmoveis.com.br\/es\/sao-paulo-design-weekend-abre-hoje-com-atracoes-do-sindmoveis\/#primaryimage\"},\"image\":{\"@id\":\"https:\/\/www.sindmoveis.com.br\/es\/sao-paulo-design-weekend-abre-hoje-com-atracoes-do-sindmoveis\/#primaryimage\"},\"thumbnailUrl\":\"https:\/\/www.sindmoveis.com.br\/es\/wp-content\/uploads\/2021\/05\/p1439394801.jpg\",\"datePublished\":\"2015-08-12T03:00:00+00:00\",\"dateModified\":\"2021-05-26T13:24:26+00:00\",\"author\":{\"@id\":\"https:\/\/www.sindmoveis.com.br\/es\/#\/schema\/person\/16d379542db1950a17fe188179340d57\"},\"inLanguage\":\"es\",\"potentialAction\":[{\"@type\":\"ReadAction\",\"target\":[\"https:\/\/www.sindmoveis.com.br\/es\/sao-paulo-design-weekend-abre-hoje-com-atracoes-do-sindmoveis\/\"]}]},{\"@type\":\"ImageObject\",\"inLanguage\":\"es\",\"@id\":\"https:\/\/www.sindmoveis.com.br\/es\/sao-paulo-design-weekend-abre-hoje-com-atracoes-do-sindmoveis\/#primaryimage\",\"url\":\"https:\/\/www.sindmoveis.com.br\/es\/wp-content\/uploads\/2021\/05\/p1439394801.jpg\",\"contentUrl\":\"https:\/\/www.sindmoveis.com.br\/es\/wp-content\/uploads\/2021\/05\/p1439394801.jpg\",\"width\":1024,\"height\":683},{\"@type\":\"WebSite\",\"@id\":\"https:\/\/www.sindmoveis.com.br\/es\/#website\",\"url\":\"https:\/\/www.sindmoveis.com.br\/es\/\",\"name\":\"Sindm\u00f3veis-RS\",\"description\":\"\",\"potentialAction\":[{\"@type\":\"SearchAction\",\"target\":{\"@type\":\"EntryPoint\",\"urlTemplate\":\"https:\/\/www.sindmoveis.com.br\/es\/?s={search_term_string}\"},\"query-input\":{\"@type\":\"PropertyValueSpecification\",\"valueRequired\":true,\"valueName\":\"search_term_string\"}}],\"inLanguage\":\"es\"},{\"@type\":\"Person\",\"@id\":\"https:\/\/www.sindmoveis.com.br\/es\/#\/schema\/person\/16d379542db1950a17fe188179340d57\",\"name\":\"Imprensa Sindm\u00f3veis\",\"image\":{\"@type\":\"ImageObject\",\"inLanguage\":\"es\",\"@id\":\"https:\/\/www.sindmoveis.com.br\/es\/#\/schema\/person\/image\/\",\"url\":\"https:\/\/secure.gravatar.com\/avatar\/4973e2e2c2a0cb5db30b0c7b770041b8e33d048a16b695a1f99c042449d4bfaf?s=96&d=mm&r=g\",\"contentUrl\":\"https:\/\/secure.gravatar.com\/avatar\/4973e2e2c2a0cb5db30b0c7b770041b8e33d048a16b695a1f99c042449d4bfaf?s=96&d=mm&r=g\",\"caption\":\"Imprensa Sindm\u00f3veis\"},\"url\":\"https:\/\/www.sindmoveis.com.br\/es\/author\/ana\/\"}]}<\/script>\n<!-- \/ Yoast SEO plugin. -->","yoast_head_json":{"title":"S\u00e3o Paulo Design Weekend abre hoy con atracciones de Sindm\u00f3veis - Sindm\u00f3veis-RS","robots":{"index":"index","follow":"follow","max-snippet":"max-snippet:-1","max-image-preview":"max-image-preview:large","max-video-preview":"max-video-preview:-1"},"canonical":"https:\/\/www.sindmoveis.com.br\/es\/sao-paulo-design-weekend-abre-hoje-com-atracoes-do-sindmoveis\/","og_locale":"es_ES","og_type":"article","og_title":"S\u00e3o Paulo Design Weekend abre hoy con atracciones de Sindm\u00f3veis - Sindm\u00f3veis-RS","og_description":"Programaci\u00f3n ocupa 500 metros cuadrados en el Jockey Club paulista con muestra, seminario y rondas de negocios.","og_url":"https:\/\/www.sindmoveis.com.br\/es\/sao-paulo-design-weekend-abre-hoje-com-atracoes-do-sindmoveis\/","og_site_name":"Sindm\u00f3veis-RS","article_published_time":"2015-08-12T03:00:00+00:00","article_modified_time":"2021-05-26T13:24:26+00:00","og_image":[{"width":1024,"height":683,"url":"https:\/\/www.sindmoveis.com.br\/es\/wp-content\/uploads\/2021\/05\/p1439394801.jpg","type":"image\/jpeg"}],"author":"Imprensa Sindm\u00f3veis","twitter_card":"summary_large_image","twitter_misc":{"Escrito por":"Imprensa Sindm\u00f3veis","Tiempo de lectura":"3 minutos"},"schema":{"@context":"https:\/\/schema.org","@graph":[{"@type":"Article","@id":"https:\/\/www.sindmoveis.com.br\/es\/sao-paulo-design-weekend-abre-hoje-com-atracoes-do-sindmoveis\/#article","isPartOf":{"@id":"https:\/\/www.sindmoveis.com.br\/es\/sao-paulo-design-weekend-abre-hoje-com-atracoes-do-sindmoveis\/"},"author":{"name":"Imprensa Sindm\u00f3veis","@id":"https:\/\/www.sindmoveis.com.br\/es\/#\/schema\/person\/16d379542db1950a17fe188179340d57"},"headline":"S\u00e3o Paulo Design Weekend abre hoy con atracciones de Sindm\u00f3veis","datePublished":"2015-08-12T03:00:00+00:00","dateModified":"2021-05-26T13:24:26+00:00","mainEntityOfPage":{"@id":"https:\/\/www.sindmoveis.com.br\/es\/sao-paulo-design-weekend-abre-hoje-com-atracoes-do-sindmoveis\/"},"wordCount":513,"image":{"@id":"https:\/\/www.sindmoveis.com.br\/es\/sao-paulo-design-weekend-abre-hoje-com-atracoes-do-sindmoveis\/#primaryimage"},"thumbnailUrl":"https:\/\/www.sindmoveis.com.br\/es\/wp-content\/uploads\/2021\/05\/p1439394801.jpg","articleSection":["Sindm\u00f3veis"],"inLanguage":"es"},{"@type":"WebPage","@id":"https:\/\/www.sindmoveis.com.br\/es\/sao-paulo-design-weekend-abre-hoje-com-atracoes-do-sindmoveis\/","url":"https:\/\/www.sindmoveis.com.br\/es\/sao-paulo-design-weekend-abre-hoje-com-atracoes-do-sindmoveis\/","name":"S\u00e3o Paulo Design Weekend abre hoy con atracciones de Sindm\u00f3veis - Sindm\u00f3veis-RS","isPartOf":{"@id":"https:\/\/www.sindmoveis.com.br\/es\/#website"},"primaryImageOfPage":{"@id":"https:\/\/www.sindmoveis.com.br\/es\/sao-paulo-design-weekend-abre-hoje-com-atracoes-do-sindmoveis\/#primaryimage"},"image":{"@id":"https:\/\/www.sindmoveis.com.br\/es\/sao-paulo-design-weekend-abre-hoje-com-atracoes-do-sindmoveis\/#primaryimage"},"thumbnailUrl":"https:\/\/www.sindmoveis.com.br\/es\/wp-content\/uploads\/2021\/05\/p1439394801.jpg","datePublished":"2015-08-12T03:00:00+00:00","dateModified":"2021-05-26T13:24:26+00:00","author":{"@id":"https:\/\/www.sindmoveis.com.br\/es\/#\/schema\/person\/16d379542db1950a17fe188179340d57"},"inLanguage":"es","potentialAction":[{"@type":"ReadAction","target":["https:\/\/www.sindmoveis.com.br\/es\/sao-paulo-design-weekend-abre-hoje-com-atracoes-do-sindmoveis\/"]}]},{"@type":"ImageObject","inLanguage":"es","@id":"https:\/\/www.sindmoveis.com.br\/es\/sao-paulo-design-weekend-abre-hoje-com-atracoes-do-sindmoveis\/#primaryimage","url":"https:\/\/www.sindmoveis.com.br\/es\/wp-content\/uploads\/2021\/05\/p1439394801.jpg","contentUrl":"https:\/\/www.sindmoveis.com.br\/es\/wp-content\/uploads\/2021\/05\/p1439394801.jpg","width":1024,"height":683},{"@type":"WebSite","@id":"https:\/\/www.sindmoveis.com.br\/es\/#website","url":"https:\/\/www.sindmoveis.com.br\/es\/","name":"Sindm\u00f3veis-RS","description":"","potentialAction":[{"@type":"SearchAction","target":{"@type":"EntryPoint","urlTemplate":"https:\/\/www.sindmoveis.com.br\/es\/?s={search_term_string}"},"query-input":{"@type":"PropertyValueSpecification","valueRequired":true,"valueName":"search_term_string"}}],"inLanguage":"es"},{"@type":"Person","@id":"https:\/\/www.sindmoveis.com.br\/es\/#\/schema\/person\/16d379542db1950a17fe188179340d57","name":"Imprensa Sindm\u00f3veis","image":{"@type":"ImageObject","inLanguage":"es","@id":"https:\/\/www.sindmoveis.com.br\/es\/#\/schema\/person\/image\/","url":"https:\/\/secure.gravatar.com\/avatar\/4973e2e2c2a0cb5db30b0c7b770041b8e33d048a16b695a1f99c042449d4bfaf?s=96&d=mm&r=g","contentUrl":"https:\/\/secure.gravatar.com\/avatar\/4973e2e2c2a0cb5db30b0c7b770041b8e33d048a16b695a1f99c042449d4bfaf?s=96&d=mm&r=g","caption":"Imprensa Sindm\u00f3veis"},"url":"https:\/\/www.sindmoveis.com.br\/es\/author\/ana\/"}]}},"_links":{"self":[{"href":"https:\/\/www.sindmoveis.com.br\/es\/wp-json\/wp\/v2\/posts\/1174","targetHints":{"allow":["GET"]}}],"collection":[{"href":"https:\/\/www.sindmoveis.com.br\/es\/wp-json\/wp\/v2\/posts"}],"about":[{"href":"https:\/\/www.sindmoveis.com.br\/es\/wp-json\/wp\/v2\/types\/post"}],"author":[{"embeddable":true,"href":"https:\/\/www.sindmoveis.com.br\/es\/wp-json\/wp\/v2\/users\/5"}],"replies":[{"embeddable":true,"href":"https:\/\/www.sindmoveis.com.br\/es\/wp-json\/wp\/v2\/comments?post=1174"}],"version-history":[{"count":2,"href":"https:\/\/www.sindmoveis.com.br\/es\/wp-json\/wp\/v2\/posts\/1174\/revisions"}],"predecessor-version":[{"id":3505,"href":"https:\/\/www.sindmoveis.com.br\/es\/wp-json\/wp\/v2\/posts\/1174\/revisions\/3505"}],"wp:featuredmedia":[{"embeddable":true,"href":"https:\/\/www.sindmoveis.com.br\/es\/wp-json\/wp\/v2\/media\/3506"}],"wp:attachment":[{"href":"https:\/\/www.sindmoveis.com.br\/es\/wp-json\/wp\/v2\/media?parent=1174"}],"wp:term":[{"taxonomy":"category","embeddable":true,"href":"https:\/\/www.sindmoveis.com.br\/es\/wp-json\/wp\/v2\/categories?post=1174"},{"taxonomy":"post_tag","embeddable":true,"href":"https:\/\/www.sindmoveis.com.br\/es\/wp-json\/wp\/v2\/tags?post=1174"}],"curies":[{"name":"wp","href":"https:\/\/api.w.org\/{rel}","templated":true}]}}