{"id":1169,"date":"2015-07-28T00:00:00","date_gmt":"2015-07-28T03:00:00","guid":{"rendered":"http:\/\/sindmoveis.com.br\/imprensa\/noticias\/projeto-orchestra-brasil-impulsiona-exportacoes-das-fornecedoras-do-setor-moveleiro\/"},"modified":"2021-05-26T10:30:06","modified_gmt":"2021-05-26T13:30:06","slug":"projeto-orchestra-brasil-impulsiona-exportacoes-das-fornecedoras-do-setor-moveleiro","status":"publish","type":"post","link":"https:\/\/www.sindmoveis.com.br\/es\/projeto-orchestra-brasil-impulsiona-exportacoes-das-fornecedoras-do-setor-moveleiro\/","title":{"rendered":"Projeto Orchestra Brasil impulsiona exporta\u00e7\u00f5es das fornecedoras do setor moveleiro"},"content":{"rendered":"<p>Las acciones del Proyecto Orchestra Brasil de promoci&oacute;n de las exportaciones, una asociaci&oacute;n entre la Agencia Brasile&ntilde;a de Promoci&oacute;n de Exportaciones e Inversiones (Apex-Brasil) y&nbsp; Sindm&oacute;veis Bento Gon&ccedil;alves, viene impulsando el alcance de las proveedoras del sector del mobiliario en el mercado externo.&nbsp; En un escenario de fuerte ca&iacute;da de las exportaciones de la industria brasile&ntilde;a,&nbsp;en el primer semestre de 2015, los valores en d&oacute;lares de las exportaciones de las empresas apoyadas cayeron 4,1%, mientras de las empresas no apoyadas registraron una ca&iacute;da de 33,2%.<\/p>\n<p>Adem&aacute;s de ello, entre 2010 y 2014, el proyecto tuvo un aumento de 40 para 76 destinos. En ese per&iacute;odo, el crecimiento de los valores en d&oacute;lares exportados por las empresas apoyadas fue 156,3% superior al de las empresas no apoyadas. Empresas como&nbsp; Jimo Qu&iacute;mica, de la ciudad de Cachoeirinha, est&aacute;n apostando en la participaci&oacute;n en ferias y acciones de divulgaci&oacute;n promovidas por el proyecto para fortificar su presencia en pa&iacute;ses, especialmente los sudamericanos y establecer nuevos mercados para sus exportaciones. Recientemente, la empresa tuvo destacada presencia sectorial en el 43&ordm; Premio Exportaci&oacute;n RS por su performance el a&ntilde;o pasado.<\/p>\n<p>La participaci&oacute;n en el proyecto fortific&oacute; los negocios de Jimo en mercados como Uruguay, Paraguay, Angola y Guatemala. Principal destino en Am&eacute;rica Central,&nbsp; Guatemala mantiene negocios vigentes y crecientes con la empresa. Otros mercados de Am&eacute;rica del Sur, como Colombia y Per&uacute;, pasaron a ser explorados gracias al apoyo del Proyecto Orchestra Brasil. Los clientes en esos pa&iacute;ses fueron accionados con la participaci&oacute;n en las ferias M&amp;M Bogot&aacute; y Fenafor Per&uacute;. La expectativa de Jimo es cerrar el a&ntilde;o con una facturaci&oacute;n en d&oacute;lares en las exportaciones por lo menos 25% mayor que en 2014.<\/p>\n<p>&nbsp;<\/p>\n<p><strong>Nuevos mercados<\/strong><\/p>\n<p>De acuerdo con la gerente executiva del Proyecto Orchestra Brasil, Denise Valduga, adem&aacute;s de la fuerte presencia en mercados de las Am&eacute;ricas, otro ejemplo de la exitosa asociaci&oacute;n en&nbsp;ese proyecto es el crecimiento de 136% registrado en las exportaciones de las empresas para&nbsp; Turqu&iacute;a entre 2013 y 2014. &quot;Ese desempe&ntilde;o evidencia el excelente trabajo de ranking y priorizaci&oacute;n de mercados que fue elaborado por medio de la asociaci&oacute;n con&nbsp; Apex-Brasil&quot;, detalla.<\/p>\n<p>El Proyecto Sectorial Orchestra Brasil existe desde 2006 ey promueve la inserci&oacute;n de las industrias proveedoras de la cadena del mobiliario &nbsp;en el mercado internacional. Para ello, realiza estudios de mercado; misiones prospectivas; acciones individuales; Proyectos Comprador, Vendedor e Imagen y participaci&oacute;n en las principales ferias mundiales del sector. Actualmente, participan de la acci&oacute;n 74 industrias fabricantes de insumos, accesorios, materias primas, componentes y tecnolog&iacute;as para el sector del mobiliario.<\/p>\n","protected":false},"excerpt":{"rendered":"<p>Crecimiento de las empresas participantes en el mercado externo fue expresivamente superior al verificado en aquellas que no integran el proyecto en este primer semestre<\/p>\n","protected":false},"author":5,"featured_media":3500,"comment_status":"closed","ping_status":"open","sticky":false,"template":"","format":"standard","meta":{"footnotes":"","_links_to":"","_links_to_target":""},"categories":[11,22,2],"tags":[],"class_list":["post-1169","post","type-post","status-publish","format-standard","has-post-thumbnail","hentry","category-exportaciones","category-proyecto-orchestra-brasil","category-sindmoveis"],"yoast_head":"<!-- This site is optimized with the Yoast SEO plugin v27.0 - https:\/\/yoast.com\/product\/yoast-seo-wordpress\/ -->\n<title>Projeto Orchestra Brasil impulsiona exporta\u00e7\u00f5es das fornecedoras do setor moveleiro - Sindm\u00f3veis-RS<\/title>\n<meta name=\"robots\" content=\"index, follow, max-snippet:-1, max-image-preview:large, max-video-preview:-1\" \/>\n<link rel=\"canonical\" href=\"https:\/\/www.sindmoveis.com.br\/es\/projeto-orchestra-brasil-impulsiona-exportacoes-das-fornecedoras-do-setor-moveleiro\/\" \/>\n<meta property=\"og:locale\" content=\"es_ES\" \/>\n<meta property=\"og:type\" content=\"article\" \/>\n<meta property=\"og:title\" content=\"Projeto Orchestra Brasil impulsiona exporta\u00e7\u00f5es das fornecedoras do setor moveleiro - Sindm\u00f3veis-RS\" \/>\n<meta property=\"og:description\" content=\"Crecimiento de las empresas participantes en el mercado externo fue expresivamente superior al verificado en aquellas que no integran el proyecto en este primer semestre\" \/>\n<meta property=\"og:url\" content=\"https:\/\/www.sindmoveis.com.br\/es\/projeto-orchestra-brasil-impulsiona-exportacoes-das-fornecedoras-do-setor-moveleiro\/\" \/>\n<meta property=\"og:site_name\" content=\"Sindm\u00f3veis-RS\" \/>\n<meta property=\"article:published_time\" content=\"2015-07-28T03:00:00+00:00\" \/>\n<meta property=\"article:modified_time\" content=\"2021-05-26T13:30:06+00:00\" \/>\n<meta property=\"og:image\" content=\"https:\/\/www.sindmoveis.com.br\/es\/wp-content\/uploads\/2021\/05\/p1438109409.jpg\" \/>\n\t<meta property=\"og:image:width\" content=\"709\" \/>\n\t<meta property=\"og:image:height\" content=\"473\" \/>\n\t<meta property=\"og:image:type\" content=\"image\/jpeg\" \/>\n<meta name=\"author\" content=\"Imprensa Sindm\u00f3veis\" \/>\n<meta name=\"twitter:card\" content=\"summary_large_image\" \/>\n<meta name=\"twitter:label1\" content=\"Escrito por\" \/>\n\t<meta name=\"twitter:data1\" content=\"Imprensa Sindm\u00f3veis\" \/>\n\t<meta name=\"twitter:label2\" content=\"Tiempo de lectura\" \/>\n\t<meta name=\"twitter:data2\" content=\"3 minutos\" \/>\n<script type=\"application\/ld+json\" class=\"yoast-schema-graph\">{\"@context\":\"https:\/\/schema.org\",\"@graph\":[{\"@type\":\"Article\",\"@id\":\"https:\/\/www.sindmoveis.com.br\/es\/projeto-orchestra-brasil-impulsiona-exportacoes-das-fornecedoras-do-setor-moveleiro\/#article\",\"isPartOf\":{\"@id\":\"https:\/\/www.sindmoveis.com.br\/es\/projeto-orchestra-brasil-impulsiona-exportacoes-das-fornecedoras-do-setor-moveleiro\/\"},\"author\":{\"name\":\"Imprensa Sindm\u00f3veis\",\"@id\":\"https:\/\/www.sindmoveis.com.br\/es\/#\/schema\/person\/16d379542db1950a17fe188179340d57\"},\"headline\":\"Projeto Orchestra Brasil impulsiona exporta\u00e7\u00f5es das fornecedoras do setor moveleiro\",\"datePublished\":\"2015-07-28T03:00:00+00:00\",\"dateModified\":\"2021-05-26T13:30:06+00:00\",\"mainEntityOfPage\":{\"@id\":\"https:\/\/www.sindmoveis.com.br\/es\/projeto-orchestra-brasil-impulsiona-exportacoes-das-fornecedoras-do-setor-moveleiro\/\"},\"wordCount\":517,\"image\":{\"@id\":\"https:\/\/www.sindmoveis.com.br\/es\/projeto-orchestra-brasil-impulsiona-exportacoes-das-fornecedoras-do-setor-moveleiro\/#primaryimage\"},\"thumbnailUrl\":\"https:\/\/www.sindmoveis.com.br\/es\/wp-content\/uploads\/2021\/05\/p1438109409.jpg\",\"articleSection\":[\"Exportaciones\",\"Proyecto Orchestra Brasil\",\"Sindm\u00f3veis\"],\"inLanguage\":\"es\"},{\"@type\":\"WebPage\",\"@id\":\"https:\/\/www.sindmoveis.com.br\/es\/projeto-orchestra-brasil-impulsiona-exportacoes-das-fornecedoras-do-setor-moveleiro\/\",\"url\":\"https:\/\/www.sindmoveis.com.br\/es\/projeto-orchestra-brasil-impulsiona-exportacoes-das-fornecedoras-do-setor-moveleiro\/\",\"name\":\"Projeto Orchestra Brasil impulsiona exporta\u00e7\u00f5es das fornecedoras do setor moveleiro - Sindm\u00f3veis-RS\",\"isPartOf\":{\"@id\":\"https:\/\/www.sindmoveis.com.br\/es\/#website\"},\"primaryImageOfPage\":{\"@id\":\"https:\/\/www.sindmoveis.com.br\/es\/projeto-orchestra-brasil-impulsiona-exportacoes-das-fornecedoras-do-setor-moveleiro\/#primaryimage\"},\"image\":{\"@id\":\"https:\/\/www.sindmoveis.com.br\/es\/projeto-orchestra-brasil-impulsiona-exportacoes-das-fornecedoras-do-setor-moveleiro\/#primaryimage\"},\"thumbnailUrl\":\"https:\/\/www.sindmoveis.com.br\/es\/wp-content\/uploads\/2021\/05\/p1438109409.jpg\",\"datePublished\":\"2015-07-28T03:00:00+00:00\",\"dateModified\":\"2021-05-26T13:30:06+00:00\",\"author\":{\"@id\":\"https:\/\/www.sindmoveis.com.br\/es\/#\/schema\/person\/16d379542db1950a17fe188179340d57\"},\"inLanguage\":\"es\",\"potentialAction\":[{\"@type\":\"ReadAction\",\"target\":[\"https:\/\/www.sindmoveis.com.br\/es\/projeto-orchestra-brasil-impulsiona-exportacoes-das-fornecedoras-do-setor-moveleiro\/\"]}]},{\"@type\":\"ImageObject\",\"inLanguage\":\"es\",\"@id\":\"https:\/\/www.sindmoveis.com.br\/es\/projeto-orchestra-brasil-impulsiona-exportacoes-das-fornecedoras-do-setor-moveleiro\/#primaryimage\",\"url\":\"https:\/\/www.sindmoveis.com.br\/es\/wp-content\/uploads\/2021\/05\/p1438109409.jpg\",\"contentUrl\":\"https:\/\/www.sindmoveis.com.br\/es\/wp-content\/uploads\/2021\/05\/p1438109409.jpg\",\"width\":709,\"height\":473,\"caption\":\"A pesar del momento de retracci\u00f3n en la industria\"},{\"@type\":\"WebSite\",\"@id\":\"https:\/\/www.sindmoveis.com.br\/es\/#website\",\"url\":\"https:\/\/www.sindmoveis.com.br\/es\/\",\"name\":\"Sindm\u00f3veis-RS\",\"description\":\"\",\"potentialAction\":[{\"@type\":\"SearchAction\",\"target\":{\"@type\":\"EntryPoint\",\"urlTemplate\":\"https:\/\/www.sindmoveis.com.br\/es\/?s={search_term_string}\"},\"query-input\":{\"@type\":\"PropertyValueSpecification\",\"valueRequired\":true,\"valueName\":\"search_term_string\"}}],\"inLanguage\":\"es\"},{\"@type\":\"Person\",\"@id\":\"https:\/\/www.sindmoveis.com.br\/es\/#\/schema\/person\/16d379542db1950a17fe188179340d57\",\"name\":\"Imprensa Sindm\u00f3veis\",\"image\":{\"@type\":\"ImageObject\",\"inLanguage\":\"es\",\"@id\":\"https:\/\/www.sindmoveis.com.br\/es\/#\/schema\/person\/image\/\",\"url\":\"https:\/\/secure.gravatar.com\/avatar\/4973e2e2c2a0cb5db30b0c7b770041b8e33d048a16b695a1f99c042449d4bfaf?s=96&d=mm&r=g\",\"contentUrl\":\"https:\/\/secure.gravatar.com\/avatar\/4973e2e2c2a0cb5db30b0c7b770041b8e33d048a16b695a1f99c042449d4bfaf?s=96&d=mm&r=g\",\"caption\":\"Imprensa Sindm\u00f3veis\"},\"url\":\"https:\/\/www.sindmoveis.com.br\/es\/author\/ana\/\"}]}<\/script>\n<!-- \/ Yoast SEO plugin. -->","yoast_head_json":{"title":"Projeto Orchestra Brasil impulsiona exporta\u00e7\u00f5es das fornecedoras do setor moveleiro - Sindm\u00f3veis-RS","robots":{"index":"index","follow":"follow","max-snippet":"max-snippet:-1","max-image-preview":"max-image-preview:large","max-video-preview":"max-video-preview:-1"},"canonical":"https:\/\/www.sindmoveis.com.br\/es\/projeto-orchestra-brasil-impulsiona-exportacoes-das-fornecedoras-do-setor-moveleiro\/","og_locale":"es_ES","og_type":"article","og_title":"Projeto Orchestra Brasil impulsiona exporta\u00e7\u00f5es das fornecedoras do setor moveleiro - Sindm\u00f3veis-RS","og_description":"Crecimiento de las empresas participantes en el mercado externo fue expresivamente superior al verificado en aquellas que no integran el proyecto en este primer semestre","og_url":"https:\/\/www.sindmoveis.com.br\/es\/projeto-orchestra-brasil-impulsiona-exportacoes-das-fornecedoras-do-setor-moveleiro\/","og_site_name":"Sindm\u00f3veis-RS","article_published_time":"2015-07-28T03:00:00+00:00","article_modified_time":"2021-05-26T13:30:06+00:00","og_image":[{"width":709,"height":473,"url":"https:\/\/www.sindmoveis.com.br\/es\/wp-content\/uploads\/2021\/05\/p1438109409.jpg","type":"image\/jpeg"}],"author":"Imprensa Sindm\u00f3veis","twitter_card":"summary_large_image","twitter_misc":{"Escrito por":"Imprensa Sindm\u00f3veis","Tiempo de lectura":"3 minutos"},"schema":{"@context":"https:\/\/schema.org","@graph":[{"@type":"Article","@id":"https:\/\/www.sindmoveis.com.br\/es\/projeto-orchestra-brasil-impulsiona-exportacoes-das-fornecedoras-do-setor-moveleiro\/#article","isPartOf":{"@id":"https:\/\/www.sindmoveis.com.br\/es\/projeto-orchestra-brasil-impulsiona-exportacoes-das-fornecedoras-do-setor-moveleiro\/"},"author":{"name":"Imprensa Sindm\u00f3veis","@id":"https:\/\/www.sindmoveis.com.br\/es\/#\/schema\/person\/16d379542db1950a17fe188179340d57"},"headline":"Projeto Orchestra Brasil impulsiona exporta\u00e7\u00f5es das fornecedoras do setor moveleiro","datePublished":"2015-07-28T03:00:00+00:00","dateModified":"2021-05-26T13:30:06+00:00","mainEntityOfPage":{"@id":"https:\/\/www.sindmoveis.com.br\/es\/projeto-orchestra-brasil-impulsiona-exportacoes-das-fornecedoras-do-setor-moveleiro\/"},"wordCount":517,"image":{"@id":"https:\/\/www.sindmoveis.com.br\/es\/projeto-orchestra-brasil-impulsiona-exportacoes-das-fornecedoras-do-setor-moveleiro\/#primaryimage"},"thumbnailUrl":"https:\/\/www.sindmoveis.com.br\/es\/wp-content\/uploads\/2021\/05\/p1438109409.jpg","articleSection":["Exportaciones","Proyecto Orchestra Brasil","Sindm\u00f3veis"],"inLanguage":"es"},{"@type":"WebPage","@id":"https:\/\/www.sindmoveis.com.br\/es\/projeto-orchestra-brasil-impulsiona-exportacoes-das-fornecedoras-do-setor-moveleiro\/","url":"https:\/\/www.sindmoveis.com.br\/es\/projeto-orchestra-brasil-impulsiona-exportacoes-das-fornecedoras-do-setor-moveleiro\/","name":"Projeto Orchestra Brasil impulsiona exporta\u00e7\u00f5es das fornecedoras do setor moveleiro - Sindm\u00f3veis-RS","isPartOf":{"@id":"https:\/\/www.sindmoveis.com.br\/es\/#website"},"primaryImageOfPage":{"@id":"https:\/\/www.sindmoveis.com.br\/es\/projeto-orchestra-brasil-impulsiona-exportacoes-das-fornecedoras-do-setor-moveleiro\/#primaryimage"},"image":{"@id":"https:\/\/www.sindmoveis.com.br\/es\/projeto-orchestra-brasil-impulsiona-exportacoes-das-fornecedoras-do-setor-moveleiro\/#primaryimage"},"thumbnailUrl":"https:\/\/www.sindmoveis.com.br\/es\/wp-content\/uploads\/2021\/05\/p1438109409.jpg","datePublished":"2015-07-28T03:00:00+00:00","dateModified":"2021-05-26T13:30:06+00:00","author":{"@id":"https:\/\/www.sindmoveis.com.br\/es\/#\/schema\/person\/16d379542db1950a17fe188179340d57"},"inLanguage":"es","potentialAction":[{"@type":"ReadAction","target":["https:\/\/www.sindmoveis.com.br\/es\/projeto-orchestra-brasil-impulsiona-exportacoes-das-fornecedoras-do-setor-moveleiro\/"]}]},{"@type":"ImageObject","inLanguage":"es","@id":"https:\/\/www.sindmoveis.com.br\/es\/projeto-orchestra-brasil-impulsiona-exportacoes-das-fornecedoras-do-setor-moveleiro\/#primaryimage","url":"https:\/\/www.sindmoveis.com.br\/es\/wp-content\/uploads\/2021\/05\/p1438109409.jpg","contentUrl":"https:\/\/www.sindmoveis.com.br\/es\/wp-content\/uploads\/2021\/05\/p1438109409.jpg","width":709,"height":473,"caption":"A pesar del momento de retracci\u00f3n en la industria"},{"@type":"WebSite","@id":"https:\/\/www.sindmoveis.com.br\/es\/#website","url":"https:\/\/www.sindmoveis.com.br\/es\/","name":"Sindm\u00f3veis-RS","description":"","potentialAction":[{"@type":"SearchAction","target":{"@type":"EntryPoint","urlTemplate":"https:\/\/www.sindmoveis.com.br\/es\/?s={search_term_string}"},"query-input":{"@type":"PropertyValueSpecification","valueRequired":true,"valueName":"search_term_string"}}],"inLanguage":"es"},{"@type":"Person","@id":"https:\/\/www.sindmoveis.com.br\/es\/#\/schema\/person\/16d379542db1950a17fe188179340d57","name":"Imprensa Sindm\u00f3veis","image":{"@type":"ImageObject","inLanguage":"es","@id":"https:\/\/www.sindmoveis.com.br\/es\/#\/schema\/person\/image\/","url":"https:\/\/secure.gravatar.com\/avatar\/4973e2e2c2a0cb5db30b0c7b770041b8e33d048a16b695a1f99c042449d4bfaf?s=96&d=mm&r=g","contentUrl":"https:\/\/secure.gravatar.com\/avatar\/4973e2e2c2a0cb5db30b0c7b770041b8e33d048a16b695a1f99c042449d4bfaf?s=96&d=mm&r=g","caption":"Imprensa Sindm\u00f3veis"},"url":"https:\/\/www.sindmoveis.com.br\/es\/author\/ana\/"}]}},"_links":{"self":[{"href":"https:\/\/www.sindmoveis.com.br\/es\/wp-json\/wp\/v2\/posts\/1169","targetHints":{"allow":["GET"]}}],"collection":[{"href":"https:\/\/www.sindmoveis.com.br\/es\/wp-json\/wp\/v2\/posts"}],"about":[{"href":"https:\/\/www.sindmoveis.com.br\/es\/wp-json\/wp\/v2\/types\/post"}],"author":[{"embeddable":true,"href":"https:\/\/www.sindmoveis.com.br\/es\/wp-json\/wp\/v2\/users\/5"}],"replies":[{"embeddable":true,"href":"https:\/\/www.sindmoveis.com.br\/es\/wp-json\/wp\/v2\/comments?post=1169"}],"version-history":[{"count":2,"href":"https:\/\/www.sindmoveis.com.br\/es\/wp-json\/wp\/v2\/posts\/1169\/revisions"}],"predecessor-version":[{"id":3499,"href":"https:\/\/www.sindmoveis.com.br\/es\/wp-json\/wp\/v2\/posts\/1169\/revisions\/3499"}],"wp:featuredmedia":[{"embeddable":true,"href":"https:\/\/www.sindmoveis.com.br\/es\/wp-json\/wp\/v2\/media\/3500"}],"wp:attachment":[{"href":"https:\/\/www.sindmoveis.com.br\/es\/wp-json\/wp\/v2\/media?parent=1169"}],"wp:term":[{"taxonomy":"category","embeddable":true,"href":"https:\/\/www.sindmoveis.com.br\/es\/wp-json\/wp\/v2\/categories?post=1169"},{"taxonomy":"post_tag","embeddable":true,"href":"https:\/\/www.sindmoveis.com.br\/es\/wp-json\/wp\/v2\/tags?post=1169"}],"curies":[{"name":"wp","href":"https:\/\/api.w.org\/{rel}","templated":true}]}}