{"id":1159,"date":"2015-06-23T00:00:00","date_gmt":"2015-06-23T03:00:00","guid":{"rendered":"http:\/\/sindmoveis.com.br\/imprensa\/noticias\/premio-salao-design-tera-mostra-no-jockey-club-sao-paulo\/"},"modified":"2021-05-26T10:27:47","modified_gmt":"2021-05-26T13:27:47","slug":"premio-salao-design-tera-mostra-no-jockey-club-sao-paulo","status":"publish","type":"post","link":"https:\/\/www.sindmoveis.com.br\/es\/premio-salao-design-tera-mostra-no-jockey-club-sao-paulo\/","title":{"rendered":"Premio Sal\u00e3o Design tendr\u00e1 muestra en el Jockey Club S\u00e3o Paulo"},"content":{"rendered":"<p>La muestra de los contemplados y otros seleccionados del Premio Sal&atilde;o Design 2015 ya tiene fecha y local definidos: ser&aacute; de 12 a 16 de agosto, en el Jockey Club S&atilde;o Paulo, acompa&ntilde;ando la programaci&oacute;n de DW! S&atilde;o Paulo Design Weekend. Con patrocinio de la empresa Berneck, el premio es promovido desde 1988 por el Sindicato de Industrias del Mobiliario de Bento Gon&ccedil;alves &ndash; (Sindm&oacute;veis).<\/p>\n<p>Durante el evento, tambi&eacute;n ocurrir&aacute; la&nbsp;ceremonia de premiaci&oacute;n y lanzamiento de Casa Brasil 2016, que pasa a ser realizada anualmente en la capital paulista a partir del pr&oacute;ximo a&ntilde;o. En el per&iacute;odo que se realiza DW!, la ciudad de S&atilde;o Paulo recibe cientos de eventos volcados a la cultura del dise&ntilde;o, como cursos, conferencias, muestras, instalaciones, experiencias, circuitos y ferias. El Jockey Club S&atilde;o Paulo est&aacute; ubicado en la Avenida Lineu de Paula Machado, 1263, Barrio Cidade Jardim<\/p>\n","protected":false},"excerpt":{"rendered":"<p>Exposici\u00f3n de los premiados y otros seleccionados ser\u00e1 durante la programaci\u00f3n de DW! S\u00e3o Paulo Design Weekend 2015<\/p>\n","protected":false},"author":5,"featured_media":3490,"comment_status":"closed","ping_status":"open","sticky":false,"template":"","format":"standard","meta":{"footnotes":"","_links_to":"","_links_to_target":""},"categories":[21,2],"tags":[],"class_list":["post-1159","post","type-post","status-publish","format-standard","has-post-thumbnail","hentry","category-premio-salao-design","category-sindmoveis"],"yoast_head":"<!-- This site is optimized with the Yoast SEO plugin v27.0 - https:\/\/yoast.com\/product\/yoast-seo-wordpress\/ -->\n<title>Premio Sal\u00e3o Design tendr\u00e1 muestra en el Jockey Club S\u00e3o Paulo - Sindm\u00f3veis-RS<\/title>\n<meta name=\"robots\" content=\"index, follow, max-snippet:-1, max-image-preview:large, max-video-preview:-1\" \/>\n<link rel=\"canonical\" href=\"https:\/\/www.sindmoveis.com.br\/es\/premio-salao-design-tera-mostra-no-jockey-club-sao-paulo\/\" \/>\n<meta property=\"og:locale\" content=\"es_ES\" \/>\n<meta property=\"og:type\" content=\"article\" \/>\n<meta property=\"og:title\" content=\"Premio Sal\u00e3o Design tendr\u00e1 muestra en el Jockey Club S\u00e3o Paulo - Sindm\u00f3veis-RS\" \/>\n<meta property=\"og:description\" content=\"Exposici\u00f3n de los premiados y otros seleccionados ser\u00e1 durante la programaci\u00f3n de DW! S\u00e3o Paulo Design Weekend 2015\" \/>\n<meta property=\"og:url\" content=\"https:\/\/www.sindmoveis.com.br\/es\/premio-salao-design-tera-mostra-no-jockey-club-sao-paulo\/\" \/>\n<meta property=\"og:site_name\" content=\"Sindm\u00f3veis-RS\" \/>\n<meta property=\"article:published_time\" content=\"2015-06-23T03:00:00+00:00\" \/>\n<meta property=\"article:modified_time\" content=\"2021-05-26T13:27:47+00:00\" \/>\n<meta property=\"og:image\" content=\"https:\/\/www.sindmoveis.com.br\/es\/wp-content\/uploads\/2021\/05\/p1435083475.jpg\" \/>\n\t<meta property=\"og:image:width\" content=\"1181\" \/>\n\t<meta property=\"og:image:height\" content=\"591\" \/>\n\t<meta property=\"og:image:type\" content=\"image\/jpeg\" \/>\n<meta name=\"author\" content=\"Imprensa Sindm\u00f3veis\" \/>\n<meta name=\"twitter:card\" content=\"summary_large_image\" \/>\n<meta name=\"twitter:label1\" content=\"Escrito por\" \/>\n\t<meta name=\"twitter:data1\" content=\"Imprensa Sindm\u00f3veis\" \/>\n\t<meta name=\"twitter:label2\" content=\"Tiempo de lectura\" \/>\n\t<meta name=\"twitter:data2\" content=\"1 minuto\" \/>\n<script type=\"application\/ld+json\" class=\"yoast-schema-graph\">{\"@context\":\"https:\/\/schema.org\",\"@graph\":[{\"@type\":\"Article\",\"@id\":\"https:\/\/www.sindmoveis.com.br\/es\/premio-salao-design-tera-mostra-no-jockey-club-sao-paulo\/#article\",\"isPartOf\":{\"@id\":\"https:\/\/www.sindmoveis.com.br\/es\/premio-salao-design-tera-mostra-no-jockey-club-sao-paulo\/\"},\"author\":{\"name\":\"Imprensa Sindm\u00f3veis\",\"@id\":\"https:\/\/www.sindmoveis.com.br\/es\/#\/schema\/person\/16d379542db1950a17fe188179340d57\"},\"headline\":\"Premio Sal\u00e3o Design tendr\u00e1 muestra en el Jockey Club S\u00e3o Paulo\",\"datePublished\":\"2015-06-23T03:00:00+00:00\",\"dateModified\":\"2021-05-26T13:27:47+00:00\",\"mainEntityOfPage\":{\"@id\":\"https:\/\/www.sindmoveis.com.br\/es\/premio-salao-design-tera-mostra-no-jockey-club-sao-paulo\/\"},\"wordCount\":185,\"image\":{\"@id\":\"https:\/\/www.sindmoveis.com.br\/es\/premio-salao-design-tera-mostra-no-jockey-club-sao-paulo\/#primaryimage\"},\"thumbnailUrl\":\"https:\/\/www.sindmoveis.com.br\/es\/wp-content\/uploads\/2021\/05\/p1435083475.jpg\",\"articleSection\":[\"Premio Sal\u00e3o Design\",\"Sindm\u00f3veis\"],\"inLanguage\":\"es\"},{\"@type\":\"WebPage\",\"@id\":\"https:\/\/www.sindmoveis.com.br\/es\/premio-salao-design-tera-mostra-no-jockey-club-sao-paulo\/\",\"url\":\"https:\/\/www.sindmoveis.com.br\/es\/premio-salao-design-tera-mostra-no-jockey-club-sao-paulo\/\",\"name\":\"Premio Sal\u00e3o Design tendr\u00e1 muestra en el Jockey Club S\u00e3o Paulo - Sindm\u00f3veis-RS\",\"isPartOf\":{\"@id\":\"https:\/\/www.sindmoveis.com.br\/es\/#website\"},\"primaryImageOfPage\":{\"@id\":\"https:\/\/www.sindmoveis.com.br\/es\/premio-salao-design-tera-mostra-no-jockey-club-sao-paulo\/#primaryimage\"},\"image\":{\"@id\":\"https:\/\/www.sindmoveis.com.br\/es\/premio-salao-design-tera-mostra-no-jockey-club-sao-paulo\/#primaryimage\"},\"thumbnailUrl\":\"https:\/\/www.sindmoveis.com.br\/es\/wp-content\/uploads\/2021\/05\/p1435083475.jpg\",\"datePublished\":\"2015-06-23T03:00:00+00:00\",\"dateModified\":\"2021-05-26T13:27:47+00:00\",\"author\":{\"@id\":\"https:\/\/www.sindmoveis.com.br\/es\/#\/schema\/person\/16d379542db1950a17fe188179340d57\"},\"inLanguage\":\"es\",\"potentialAction\":[{\"@type\":\"ReadAction\",\"target\":[\"https:\/\/www.sindmoveis.com.br\/es\/premio-salao-design-tera-mostra-no-jockey-club-sao-paulo\/\"]}]},{\"@type\":\"ImageObject\",\"inLanguage\":\"es\",\"@id\":\"https:\/\/www.sindmoveis.com.br\/es\/premio-salao-design-tera-mostra-no-jockey-club-sao-paulo\/#primaryimage\",\"url\":\"https:\/\/www.sindmoveis.com.br\/es\/wp-content\/uploads\/2021\/05\/p1435083475.jpg\",\"contentUrl\":\"https:\/\/www.sindmoveis.com.br\/es\/wp-content\/uploads\/2021\/05\/p1435083475.jpg\",\"width\":1181,\"height\":591,\"caption\":\"Producto premiado en la modalidad Industria\"},{\"@type\":\"WebSite\",\"@id\":\"https:\/\/www.sindmoveis.com.br\/es\/#website\",\"url\":\"https:\/\/www.sindmoveis.com.br\/es\/\",\"name\":\"Sindm\u00f3veis-RS\",\"description\":\"\",\"potentialAction\":[{\"@type\":\"SearchAction\",\"target\":{\"@type\":\"EntryPoint\",\"urlTemplate\":\"https:\/\/www.sindmoveis.com.br\/es\/?s={search_term_string}\"},\"query-input\":{\"@type\":\"PropertyValueSpecification\",\"valueRequired\":true,\"valueName\":\"search_term_string\"}}],\"inLanguage\":\"es\"},{\"@type\":\"Person\",\"@id\":\"https:\/\/www.sindmoveis.com.br\/es\/#\/schema\/person\/16d379542db1950a17fe188179340d57\",\"name\":\"Imprensa Sindm\u00f3veis\",\"image\":{\"@type\":\"ImageObject\",\"inLanguage\":\"es\",\"@id\":\"https:\/\/www.sindmoveis.com.br\/es\/#\/schema\/person\/image\/\",\"url\":\"https:\/\/secure.gravatar.com\/avatar\/4973e2e2c2a0cb5db30b0c7b770041b8e33d048a16b695a1f99c042449d4bfaf?s=96&d=mm&r=g\",\"contentUrl\":\"https:\/\/secure.gravatar.com\/avatar\/4973e2e2c2a0cb5db30b0c7b770041b8e33d048a16b695a1f99c042449d4bfaf?s=96&d=mm&r=g\",\"caption\":\"Imprensa Sindm\u00f3veis\"},\"url\":\"https:\/\/www.sindmoveis.com.br\/es\/author\/ana\/\"}]}<\/script>\n<!-- \/ Yoast SEO plugin. -->","yoast_head_json":{"title":"Premio Sal\u00e3o Design tendr\u00e1 muestra en el Jockey Club S\u00e3o Paulo - Sindm\u00f3veis-RS","robots":{"index":"index","follow":"follow","max-snippet":"max-snippet:-1","max-image-preview":"max-image-preview:large","max-video-preview":"max-video-preview:-1"},"canonical":"https:\/\/www.sindmoveis.com.br\/es\/premio-salao-design-tera-mostra-no-jockey-club-sao-paulo\/","og_locale":"es_ES","og_type":"article","og_title":"Premio Sal\u00e3o Design tendr\u00e1 muestra en el Jockey Club S\u00e3o Paulo - Sindm\u00f3veis-RS","og_description":"Exposici\u00f3n de los premiados y otros seleccionados ser\u00e1 durante la programaci\u00f3n de DW! S\u00e3o Paulo Design Weekend 2015","og_url":"https:\/\/www.sindmoveis.com.br\/es\/premio-salao-design-tera-mostra-no-jockey-club-sao-paulo\/","og_site_name":"Sindm\u00f3veis-RS","article_published_time":"2015-06-23T03:00:00+00:00","article_modified_time":"2021-05-26T13:27:47+00:00","og_image":[{"width":1181,"height":591,"url":"https:\/\/www.sindmoveis.com.br\/es\/wp-content\/uploads\/2021\/05\/p1435083475.jpg","type":"image\/jpeg"}],"author":"Imprensa Sindm\u00f3veis","twitter_card":"summary_large_image","twitter_misc":{"Escrito por":"Imprensa Sindm\u00f3veis","Tiempo de lectura":"1 minuto"},"schema":{"@context":"https:\/\/schema.org","@graph":[{"@type":"Article","@id":"https:\/\/www.sindmoveis.com.br\/es\/premio-salao-design-tera-mostra-no-jockey-club-sao-paulo\/#article","isPartOf":{"@id":"https:\/\/www.sindmoveis.com.br\/es\/premio-salao-design-tera-mostra-no-jockey-club-sao-paulo\/"},"author":{"name":"Imprensa Sindm\u00f3veis","@id":"https:\/\/www.sindmoveis.com.br\/es\/#\/schema\/person\/16d379542db1950a17fe188179340d57"},"headline":"Premio Sal\u00e3o Design tendr\u00e1 muestra en el Jockey Club S\u00e3o Paulo","datePublished":"2015-06-23T03:00:00+00:00","dateModified":"2021-05-26T13:27:47+00:00","mainEntityOfPage":{"@id":"https:\/\/www.sindmoveis.com.br\/es\/premio-salao-design-tera-mostra-no-jockey-club-sao-paulo\/"},"wordCount":185,"image":{"@id":"https:\/\/www.sindmoveis.com.br\/es\/premio-salao-design-tera-mostra-no-jockey-club-sao-paulo\/#primaryimage"},"thumbnailUrl":"https:\/\/www.sindmoveis.com.br\/es\/wp-content\/uploads\/2021\/05\/p1435083475.jpg","articleSection":["Premio Sal\u00e3o Design","Sindm\u00f3veis"],"inLanguage":"es"},{"@type":"WebPage","@id":"https:\/\/www.sindmoveis.com.br\/es\/premio-salao-design-tera-mostra-no-jockey-club-sao-paulo\/","url":"https:\/\/www.sindmoveis.com.br\/es\/premio-salao-design-tera-mostra-no-jockey-club-sao-paulo\/","name":"Premio Sal\u00e3o Design tendr\u00e1 muestra en el Jockey Club S\u00e3o Paulo - Sindm\u00f3veis-RS","isPartOf":{"@id":"https:\/\/www.sindmoveis.com.br\/es\/#website"},"primaryImageOfPage":{"@id":"https:\/\/www.sindmoveis.com.br\/es\/premio-salao-design-tera-mostra-no-jockey-club-sao-paulo\/#primaryimage"},"image":{"@id":"https:\/\/www.sindmoveis.com.br\/es\/premio-salao-design-tera-mostra-no-jockey-club-sao-paulo\/#primaryimage"},"thumbnailUrl":"https:\/\/www.sindmoveis.com.br\/es\/wp-content\/uploads\/2021\/05\/p1435083475.jpg","datePublished":"2015-06-23T03:00:00+00:00","dateModified":"2021-05-26T13:27:47+00:00","author":{"@id":"https:\/\/www.sindmoveis.com.br\/es\/#\/schema\/person\/16d379542db1950a17fe188179340d57"},"inLanguage":"es","potentialAction":[{"@type":"ReadAction","target":["https:\/\/www.sindmoveis.com.br\/es\/premio-salao-design-tera-mostra-no-jockey-club-sao-paulo\/"]}]},{"@type":"ImageObject","inLanguage":"es","@id":"https:\/\/www.sindmoveis.com.br\/es\/premio-salao-design-tera-mostra-no-jockey-club-sao-paulo\/#primaryimage","url":"https:\/\/www.sindmoveis.com.br\/es\/wp-content\/uploads\/2021\/05\/p1435083475.jpg","contentUrl":"https:\/\/www.sindmoveis.com.br\/es\/wp-content\/uploads\/2021\/05\/p1435083475.jpg","width":1181,"height":591,"caption":"Producto premiado en la modalidad Industria"},{"@type":"WebSite","@id":"https:\/\/www.sindmoveis.com.br\/es\/#website","url":"https:\/\/www.sindmoveis.com.br\/es\/","name":"Sindm\u00f3veis-RS","description":"","potentialAction":[{"@type":"SearchAction","target":{"@type":"EntryPoint","urlTemplate":"https:\/\/www.sindmoveis.com.br\/es\/?s={search_term_string}"},"query-input":{"@type":"PropertyValueSpecification","valueRequired":true,"valueName":"search_term_string"}}],"inLanguage":"es"},{"@type":"Person","@id":"https:\/\/www.sindmoveis.com.br\/es\/#\/schema\/person\/16d379542db1950a17fe188179340d57","name":"Imprensa Sindm\u00f3veis","image":{"@type":"ImageObject","inLanguage":"es","@id":"https:\/\/www.sindmoveis.com.br\/es\/#\/schema\/person\/image\/","url":"https:\/\/secure.gravatar.com\/avatar\/4973e2e2c2a0cb5db30b0c7b770041b8e33d048a16b695a1f99c042449d4bfaf?s=96&d=mm&r=g","contentUrl":"https:\/\/secure.gravatar.com\/avatar\/4973e2e2c2a0cb5db30b0c7b770041b8e33d048a16b695a1f99c042449d4bfaf?s=96&d=mm&r=g","caption":"Imprensa Sindm\u00f3veis"},"url":"https:\/\/www.sindmoveis.com.br\/es\/author\/ana\/"}]}},"_links":{"self":[{"href":"https:\/\/www.sindmoveis.com.br\/es\/wp-json\/wp\/v2\/posts\/1159","targetHints":{"allow":["GET"]}}],"collection":[{"href":"https:\/\/www.sindmoveis.com.br\/es\/wp-json\/wp\/v2\/posts"}],"about":[{"href":"https:\/\/www.sindmoveis.com.br\/es\/wp-json\/wp\/v2\/types\/post"}],"author":[{"embeddable":true,"href":"https:\/\/www.sindmoveis.com.br\/es\/wp-json\/wp\/v2\/users\/5"}],"replies":[{"embeddable":true,"href":"https:\/\/www.sindmoveis.com.br\/es\/wp-json\/wp\/v2\/comments?post=1159"}],"version-history":[{"count":2,"href":"https:\/\/www.sindmoveis.com.br\/es\/wp-json\/wp\/v2\/posts\/1159\/revisions"}],"predecessor-version":[{"id":3489,"href":"https:\/\/www.sindmoveis.com.br\/es\/wp-json\/wp\/v2\/posts\/1159\/revisions\/3489"}],"wp:featuredmedia":[{"embeddable":true,"href":"https:\/\/www.sindmoveis.com.br\/es\/wp-json\/wp\/v2\/media\/3490"}],"wp:attachment":[{"href":"https:\/\/www.sindmoveis.com.br\/es\/wp-json\/wp\/v2\/media?parent=1159"}],"wp:term":[{"taxonomy":"category","embeddable":true,"href":"https:\/\/www.sindmoveis.com.br\/es\/wp-json\/wp\/v2\/categories?post=1159"},{"taxonomy":"post_tag","embeddable":true,"href":"https:\/\/www.sindmoveis.com.br\/es\/wp-json\/wp\/v2\/tags?post=1159"}],"curies":[{"name":"wp","href":"https:\/\/api.w.org\/{rel}","templated":true}]}}