{"id":1154,"date":"2015-05-26T00:00:00","date_gmt":"2015-05-26T03:00:00","guid":{"rendered":"http:\/\/sindmoveis.com.br\/imprensa\/noticias\/projeto-orchestra-brasil-leva-experiencia-brasileira-de-design-a-colombia\/"},"modified":"2021-05-26T10:28:37","modified_gmt":"2021-05-26T13:28:37","slug":"projeto-orchestra-brasil-leva-experiencia-brasileira-de-design-a-colombia","status":"publish","type":"post","link":"https:\/\/www.sindmoveis.com.br\/es\/projeto-orchestra-brasil-leva-experiencia-brasileira-de-design-a-colombia\/","title":{"rendered":"Proyecto Orchestra Brasil lleva experiencia brasile\u00f1a de dise\u00f1o a Colombia"},"content":{"rendered":"<p>El Proyecto Orchestra Brasil de promoci&oacute;n de las exportaciones, una asociaci&oacute;n entre Apex-Brasil y Sindm&oacute;veis Bento Gon&ccedil;alves, lleva a Colombia el dise&ntilde;ador y jurado del Sal&atilde;o Design Leonardo Lattavo, para un ciclo de conferencias el d&iacute;a 28, en Bogot&aacute;, y el d&iacute;a 29, en Medell&iacute;n. Lattavo hablar&aacute; sobre las referencias del dise&ntilde;o&nbsp; brasile&ntilde;o, en una acci&oacute;n que refuerza la estrategia del proyecto de posicionamiento del dise&ntilde;o brasile&ntilde;o en el exterior. Desde 2012, el Proyecto Orchestra Brasil viene conduciendo acciones de promoci&oacute;n del dise&ntilde;o brasile&ntilde;o en &nbsp;Colombia, preparando el mercado para la inserci&oacute;n comercial de los muebles autorales brasile&ntilde;os.<\/p>\n<p>La tem&aacute;tica de las conferencias, realizadas en la Universidad Jorge Tadeo Lozano y en la feria Home Design, ser&aacute; la historia del mobiliario brasile&ntilde;o y sus ra&iacute;ces. Como parte de la acci&oacute;n, el dise&ntilde;ador tambi&eacute;n cumplir&aacute; una agenda con periodistas y formadores de opini&oacute;n colombianos.&nbsp; Home Design integra la <em>Design Week<\/em> de Colombia, siendo la principal feria del segmento en el pa&iacute;s, realizada en Medell&iacute;n, de 29 a 31 de mayo.<\/p>\n<p>Arquiteto y Urbanista carioca, con m&aacute;ster en Arquitectura en la <em>Bartlett School of Architecture<\/em> de Londres, Leonardo Lattavo es profesor de Arquitectura en la Pontificia Universidad Cat&oacute;lica (PUC) de Rio de Janeiro y socio fundador de la empresa Lattoog, con sede en esa misma ciudad, especializada en dise&ntilde;o y arquitectura. Fue jurado del Sal&atilde;o Design &ndash; el mayor premio del g&eacute;nero en Am&eacute;rica Latina &ndash; en los a&ntilde;os de 2011, 2013 y 2015.<\/p>\n<p>El Proyecto Sectorial Orchestra Brasil promueve la inserci&oacute;n de las industrias proveedoras de la cadena del mobiliario y la entrada sostenible del dise&ntilde;o brasile&ntilde;o en el mercado internacional. Para ello, son promovidos estudios de mercado; misiones prospectivas; acciones individuales; Proyectos Comprador, Vendedor e Imagen y participaci&oacute;n en las principales ferias mundiales del sector. Actualmente, participan de la acci&oacute;n 74 industrias y 50 estudios de dise&ntilde;o. Para estos &uacute;ltimos, el proyecto promueve estrategias de posicionamiento en el mercado externo con &eacute;nfasis en los Estados Unidos.&nbsp;<\/p>\n","protected":false},"excerpt":{"rendered":"<p>Ciclo de conferencias con el dise\u00f1ador Leonardo Lattavo, de Lattoog Design, integra estrategia de posicionamiento en el mercado externo<\/p>\n","protected":false},"author":5,"featured_media":3486,"comment_status":"closed","ping_status":"open","sticky":false,"template":"","format":"standard","meta":{"footnotes":"","_links_to":"","_links_to_target":""},"categories":[22,2],"tags":[],"class_list":["post-1154","post","type-post","status-publish","format-standard","has-post-thumbnail","hentry","category-proyecto-orchestra-brasil","category-sindmoveis"],"yoast_head":"<!-- This site is optimized with the Yoast SEO plugin v27.0 - https:\/\/yoast.com\/product\/yoast-seo-wordpress\/ -->\n<title>Proyecto Orchestra Brasil lleva experiencia brasile\u00f1a de dise\u00f1o a Colombia - Sindm\u00f3veis-RS<\/title>\n<meta name=\"robots\" content=\"index, follow, max-snippet:-1, max-image-preview:large, max-video-preview:-1\" \/>\n<link rel=\"canonical\" href=\"https:\/\/www.sindmoveis.com.br\/es\/projeto-orchestra-brasil-leva-experiencia-brasileira-de-design-a-colombia\/\" \/>\n<meta property=\"og:locale\" content=\"es_ES\" \/>\n<meta property=\"og:type\" content=\"article\" \/>\n<meta property=\"og:title\" content=\"Proyecto Orchestra Brasil lleva experiencia brasile\u00f1a de dise\u00f1o a Colombia - Sindm\u00f3veis-RS\" \/>\n<meta property=\"og:description\" content=\"Ciclo de conferencias con el dise\u00f1ador Leonardo Lattavo, de Lattoog Design, integra estrategia de posicionamiento en el mercado externo\" \/>\n<meta property=\"og:url\" content=\"https:\/\/www.sindmoveis.com.br\/es\/projeto-orchestra-brasil-leva-experiencia-brasileira-de-design-a-colombia\/\" \/>\n<meta property=\"og:site_name\" content=\"Sindm\u00f3veis-RS\" \/>\n<meta property=\"article:published_time\" content=\"2015-05-26T03:00:00+00:00\" \/>\n<meta property=\"article:modified_time\" content=\"2021-05-26T13:28:37+00:00\" \/>\n<meta property=\"og:image\" content=\"https:\/\/www.sindmoveis.com.br\/es\/wp-content\/uploads\/2021\/05\/p1432644454.jpg\" \/>\n\t<meta property=\"og:image:width\" content=\"945\" \/>\n\t<meta property=\"og:image:height\" content=\"715\" \/>\n\t<meta property=\"og:image:type\" content=\"image\/jpeg\" \/>\n<meta name=\"author\" content=\"Imprensa Sindm\u00f3veis\" \/>\n<meta name=\"twitter:card\" content=\"summary_large_image\" \/>\n<meta name=\"twitter:label1\" content=\"Escrito por\" \/>\n\t<meta name=\"twitter:data1\" content=\"Imprensa Sindm\u00f3veis\" \/>\n\t<meta name=\"twitter:label2\" content=\"Tiempo de lectura\" \/>\n\t<meta name=\"twitter:data2\" content=\"2 minutos\" \/>\n<script type=\"application\/ld+json\" class=\"yoast-schema-graph\">{\"@context\":\"https:\/\/schema.org\",\"@graph\":[{\"@type\":\"Article\",\"@id\":\"https:\/\/www.sindmoveis.com.br\/es\/projeto-orchestra-brasil-leva-experiencia-brasileira-de-design-a-colombia\/#article\",\"isPartOf\":{\"@id\":\"https:\/\/www.sindmoveis.com.br\/es\/projeto-orchestra-brasil-leva-experiencia-brasileira-de-design-a-colombia\/\"},\"author\":{\"name\":\"Imprensa Sindm\u00f3veis\",\"@id\":\"https:\/\/www.sindmoveis.com.br\/es\/#\/schema\/person\/16d379542db1950a17fe188179340d57\"},\"headline\":\"Proyecto Orchestra Brasil lleva experiencia brasile\u00f1a de dise\u00f1o a Colombia\",\"datePublished\":\"2015-05-26T03:00:00+00:00\",\"dateModified\":\"2021-05-26T13:28:37+00:00\",\"mainEntityOfPage\":{\"@id\":\"https:\/\/www.sindmoveis.com.br\/es\/projeto-orchestra-brasil-leva-experiencia-brasileira-de-design-a-colombia\/\"},\"wordCount\":420,\"image\":{\"@id\":\"https:\/\/www.sindmoveis.com.br\/es\/projeto-orchestra-brasil-leva-experiencia-brasileira-de-design-a-colombia\/#primaryimage\"},\"thumbnailUrl\":\"https:\/\/www.sindmoveis.com.br\/es\/wp-content\/uploads\/2021\/05\/p1432644454.jpg\",\"articleSection\":[\"Proyecto Orchestra Brasil\",\"Sindm\u00f3veis\"],\"inLanguage\":\"es\"},{\"@type\":\"WebPage\",\"@id\":\"https:\/\/www.sindmoveis.com.br\/es\/projeto-orchestra-brasil-leva-experiencia-brasileira-de-design-a-colombia\/\",\"url\":\"https:\/\/www.sindmoveis.com.br\/es\/projeto-orchestra-brasil-leva-experiencia-brasileira-de-design-a-colombia\/\",\"name\":\"Proyecto Orchestra Brasil lleva experiencia brasile\u00f1a de dise\u00f1o a Colombia - Sindm\u00f3veis-RS\",\"isPartOf\":{\"@id\":\"https:\/\/www.sindmoveis.com.br\/es\/#website\"},\"primaryImageOfPage\":{\"@id\":\"https:\/\/www.sindmoveis.com.br\/es\/projeto-orchestra-brasil-leva-experiencia-brasileira-de-design-a-colombia\/#primaryimage\"},\"image\":{\"@id\":\"https:\/\/www.sindmoveis.com.br\/es\/projeto-orchestra-brasil-leva-experiencia-brasileira-de-design-a-colombia\/#primaryimage\"},\"thumbnailUrl\":\"https:\/\/www.sindmoveis.com.br\/es\/wp-content\/uploads\/2021\/05\/p1432644454.jpg\",\"datePublished\":\"2015-05-26T03:00:00+00:00\",\"dateModified\":\"2021-05-26T13:28:37+00:00\",\"author\":{\"@id\":\"https:\/\/www.sindmoveis.com.br\/es\/#\/schema\/person\/16d379542db1950a17fe188179340d57\"},\"inLanguage\":\"es\",\"potentialAction\":[{\"@type\":\"ReadAction\",\"target\":[\"https:\/\/www.sindmoveis.com.br\/es\/projeto-orchestra-brasil-leva-experiencia-brasileira-de-design-a-colombia\/\"]}]},{\"@type\":\"ImageObject\",\"inLanguage\":\"es\",\"@id\":\"https:\/\/www.sindmoveis.com.br\/es\/projeto-orchestra-brasil-leva-experiencia-brasileira-de-design-a-colombia\/#primaryimage\",\"url\":\"https:\/\/www.sindmoveis.com.br\/es\/wp-content\/uploads\/2021\/05\/p1432644454.jpg\",\"contentUrl\":\"https:\/\/www.sindmoveis.com.br\/es\/wp-content\/uploads\/2021\/05\/p1432644454.jpg\",\"width\":945,\"height\":715,\"caption\":\"Leonardo Lattavo\"},{\"@type\":\"WebSite\",\"@id\":\"https:\/\/www.sindmoveis.com.br\/es\/#website\",\"url\":\"https:\/\/www.sindmoveis.com.br\/es\/\",\"name\":\"Sindm\u00f3veis-RS\",\"description\":\"\",\"potentialAction\":[{\"@type\":\"SearchAction\",\"target\":{\"@type\":\"EntryPoint\",\"urlTemplate\":\"https:\/\/www.sindmoveis.com.br\/es\/?s={search_term_string}\"},\"query-input\":{\"@type\":\"PropertyValueSpecification\",\"valueRequired\":true,\"valueName\":\"search_term_string\"}}],\"inLanguage\":\"es\"},{\"@type\":\"Person\",\"@id\":\"https:\/\/www.sindmoveis.com.br\/es\/#\/schema\/person\/16d379542db1950a17fe188179340d57\",\"name\":\"Imprensa Sindm\u00f3veis\",\"image\":{\"@type\":\"ImageObject\",\"inLanguage\":\"es\",\"@id\":\"https:\/\/www.sindmoveis.com.br\/es\/#\/schema\/person\/image\/\",\"url\":\"https:\/\/secure.gravatar.com\/avatar\/4973e2e2c2a0cb5db30b0c7b770041b8e33d048a16b695a1f99c042449d4bfaf?s=96&d=mm&r=g\",\"contentUrl\":\"https:\/\/secure.gravatar.com\/avatar\/4973e2e2c2a0cb5db30b0c7b770041b8e33d048a16b695a1f99c042449d4bfaf?s=96&d=mm&r=g\",\"caption\":\"Imprensa Sindm\u00f3veis\"},\"url\":\"https:\/\/www.sindmoveis.com.br\/es\/author\/ana\/\"}]}<\/script>\n<!-- \/ Yoast SEO plugin. -->","yoast_head_json":{"title":"Proyecto Orchestra Brasil lleva experiencia brasile\u00f1a de dise\u00f1o a Colombia - Sindm\u00f3veis-RS","robots":{"index":"index","follow":"follow","max-snippet":"max-snippet:-1","max-image-preview":"max-image-preview:large","max-video-preview":"max-video-preview:-1"},"canonical":"https:\/\/www.sindmoveis.com.br\/es\/projeto-orchestra-brasil-leva-experiencia-brasileira-de-design-a-colombia\/","og_locale":"es_ES","og_type":"article","og_title":"Proyecto Orchestra Brasil lleva experiencia brasile\u00f1a de dise\u00f1o a Colombia - Sindm\u00f3veis-RS","og_description":"Ciclo de conferencias con el dise\u00f1ador Leonardo Lattavo, de Lattoog Design, integra estrategia de posicionamiento en el mercado externo","og_url":"https:\/\/www.sindmoveis.com.br\/es\/projeto-orchestra-brasil-leva-experiencia-brasileira-de-design-a-colombia\/","og_site_name":"Sindm\u00f3veis-RS","article_published_time":"2015-05-26T03:00:00+00:00","article_modified_time":"2021-05-26T13:28:37+00:00","og_image":[{"width":945,"height":715,"url":"https:\/\/www.sindmoveis.com.br\/es\/wp-content\/uploads\/2021\/05\/p1432644454.jpg","type":"image\/jpeg"}],"author":"Imprensa Sindm\u00f3veis","twitter_card":"summary_large_image","twitter_misc":{"Escrito por":"Imprensa Sindm\u00f3veis","Tiempo de lectura":"2 minutos"},"schema":{"@context":"https:\/\/schema.org","@graph":[{"@type":"Article","@id":"https:\/\/www.sindmoveis.com.br\/es\/projeto-orchestra-brasil-leva-experiencia-brasileira-de-design-a-colombia\/#article","isPartOf":{"@id":"https:\/\/www.sindmoveis.com.br\/es\/projeto-orchestra-brasil-leva-experiencia-brasileira-de-design-a-colombia\/"},"author":{"name":"Imprensa Sindm\u00f3veis","@id":"https:\/\/www.sindmoveis.com.br\/es\/#\/schema\/person\/16d379542db1950a17fe188179340d57"},"headline":"Proyecto Orchestra Brasil lleva experiencia brasile\u00f1a de dise\u00f1o a Colombia","datePublished":"2015-05-26T03:00:00+00:00","dateModified":"2021-05-26T13:28:37+00:00","mainEntityOfPage":{"@id":"https:\/\/www.sindmoveis.com.br\/es\/projeto-orchestra-brasil-leva-experiencia-brasileira-de-design-a-colombia\/"},"wordCount":420,"image":{"@id":"https:\/\/www.sindmoveis.com.br\/es\/projeto-orchestra-brasil-leva-experiencia-brasileira-de-design-a-colombia\/#primaryimage"},"thumbnailUrl":"https:\/\/www.sindmoveis.com.br\/es\/wp-content\/uploads\/2021\/05\/p1432644454.jpg","articleSection":["Proyecto Orchestra Brasil","Sindm\u00f3veis"],"inLanguage":"es"},{"@type":"WebPage","@id":"https:\/\/www.sindmoveis.com.br\/es\/projeto-orchestra-brasil-leva-experiencia-brasileira-de-design-a-colombia\/","url":"https:\/\/www.sindmoveis.com.br\/es\/projeto-orchestra-brasil-leva-experiencia-brasileira-de-design-a-colombia\/","name":"Proyecto Orchestra Brasil lleva experiencia brasile\u00f1a de dise\u00f1o a Colombia - Sindm\u00f3veis-RS","isPartOf":{"@id":"https:\/\/www.sindmoveis.com.br\/es\/#website"},"primaryImageOfPage":{"@id":"https:\/\/www.sindmoveis.com.br\/es\/projeto-orchestra-brasil-leva-experiencia-brasileira-de-design-a-colombia\/#primaryimage"},"image":{"@id":"https:\/\/www.sindmoveis.com.br\/es\/projeto-orchestra-brasil-leva-experiencia-brasileira-de-design-a-colombia\/#primaryimage"},"thumbnailUrl":"https:\/\/www.sindmoveis.com.br\/es\/wp-content\/uploads\/2021\/05\/p1432644454.jpg","datePublished":"2015-05-26T03:00:00+00:00","dateModified":"2021-05-26T13:28:37+00:00","author":{"@id":"https:\/\/www.sindmoveis.com.br\/es\/#\/schema\/person\/16d379542db1950a17fe188179340d57"},"inLanguage":"es","potentialAction":[{"@type":"ReadAction","target":["https:\/\/www.sindmoveis.com.br\/es\/projeto-orchestra-brasil-leva-experiencia-brasileira-de-design-a-colombia\/"]}]},{"@type":"ImageObject","inLanguage":"es","@id":"https:\/\/www.sindmoveis.com.br\/es\/projeto-orchestra-brasil-leva-experiencia-brasileira-de-design-a-colombia\/#primaryimage","url":"https:\/\/www.sindmoveis.com.br\/es\/wp-content\/uploads\/2021\/05\/p1432644454.jpg","contentUrl":"https:\/\/www.sindmoveis.com.br\/es\/wp-content\/uploads\/2021\/05\/p1432644454.jpg","width":945,"height":715,"caption":"Leonardo Lattavo"},{"@type":"WebSite","@id":"https:\/\/www.sindmoveis.com.br\/es\/#website","url":"https:\/\/www.sindmoveis.com.br\/es\/","name":"Sindm\u00f3veis-RS","description":"","potentialAction":[{"@type":"SearchAction","target":{"@type":"EntryPoint","urlTemplate":"https:\/\/www.sindmoveis.com.br\/es\/?s={search_term_string}"},"query-input":{"@type":"PropertyValueSpecification","valueRequired":true,"valueName":"search_term_string"}}],"inLanguage":"es"},{"@type":"Person","@id":"https:\/\/www.sindmoveis.com.br\/es\/#\/schema\/person\/16d379542db1950a17fe188179340d57","name":"Imprensa Sindm\u00f3veis","image":{"@type":"ImageObject","inLanguage":"es","@id":"https:\/\/www.sindmoveis.com.br\/es\/#\/schema\/person\/image\/","url":"https:\/\/secure.gravatar.com\/avatar\/4973e2e2c2a0cb5db30b0c7b770041b8e33d048a16b695a1f99c042449d4bfaf?s=96&d=mm&r=g","contentUrl":"https:\/\/secure.gravatar.com\/avatar\/4973e2e2c2a0cb5db30b0c7b770041b8e33d048a16b695a1f99c042449d4bfaf?s=96&d=mm&r=g","caption":"Imprensa Sindm\u00f3veis"},"url":"https:\/\/www.sindmoveis.com.br\/es\/author\/ana\/"}]}},"_links":{"self":[{"href":"https:\/\/www.sindmoveis.com.br\/es\/wp-json\/wp\/v2\/posts\/1154","targetHints":{"allow":["GET"]}}],"collection":[{"href":"https:\/\/www.sindmoveis.com.br\/es\/wp-json\/wp\/v2\/posts"}],"about":[{"href":"https:\/\/www.sindmoveis.com.br\/es\/wp-json\/wp\/v2\/types\/post"}],"author":[{"embeddable":true,"href":"https:\/\/www.sindmoveis.com.br\/es\/wp-json\/wp\/v2\/users\/5"}],"replies":[{"embeddable":true,"href":"https:\/\/www.sindmoveis.com.br\/es\/wp-json\/wp\/v2\/comments?post=1154"}],"version-history":[{"count":2,"href":"https:\/\/www.sindmoveis.com.br\/es\/wp-json\/wp\/v2\/posts\/1154\/revisions"}],"predecessor-version":[{"id":3485,"href":"https:\/\/www.sindmoveis.com.br\/es\/wp-json\/wp\/v2\/posts\/1154\/revisions\/3485"}],"wp:featuredmedia":[{"embeddable":true,"href":"https:\/\/www.sindmoveis.com.br\/es\/wp-json\/wp\/v2\/media\/3486"}],"wp:attachment":[{"href":"https:\/\/www.sindmoveis.com.br\/es\/wp-json\/wp\/v2\/media?parent=1154"}],"wp:term":[{"taxonomy":"category","embeddable":true,"href":"https:\/\/www.sindmoveis.com.br\/es\/wp-json\/wp\/v2\/categories?post=1154"},{"taxonomy":"post_tag","embeddable":true,"href":"https:\/\/www.sindmoveis.com.br\/es\/wp-json\/wp\/v2\/tags?post=1154"}],"curies":[{"name":"wp","href":"https:\/\/api.w.org\/{rel}","templated":true}]}}