{"id":1151,"date":"2015-05-11T00:00:00","date_gmt":"2015-05-11T03:00:00","guid":{"rendered":"http:\/\/sindmoveis.com.br\/imprensa\/noticias\/designers-brasileiros-palestram-em-nova-york\/"},"modified":"2021-05-26T10:24:27","modified_gmt":"2021-05-26T13:24:27","slug":"designers-brasileiros-palestram-em-nova-york","status":"publish","type":"post","link":"https:\/\/www.sindmoveis.com.br\/es\/designers-brasileiros-palestram-em-nova-york\/","title":{"rendered":"Dise\u00f1adores brasile\u00f1os se manifiestan en Nova York"},"content":{"rendered":"<p>La cultura brasile&ntilde;a tiene reconocimiento internacional y es influenciada por el rico pasado del pa&iacute;s en la m&uacute;sica y en la danza. Con las leyendarias obras del arquitecto Oscar Niemeyer y el &eacute;xito mundial de las sandalias de goma &ldquo;<em>Havaianas<\/em>&rdquo;, por ejemplo, Brasil ha dejado su marca en el mundo, principalmente en el escenario internacional del dise&ntilde;o. Durante la International <em>Contemporary Furniture Fair (ICFF<\/em>), el Proyecto Orchestra Brasil de promoci&oacute;n de las exportaciones &ndash; una asociaci&oacute;n entre la Agencia Brasile&ntilde;a de Promoci&oacute;n de Exportaciones e Inversiones (Apex-Brasil) y el Sindicato de las Empresas del Mobiliario de Bento Gon&ccedil;alves (Sindm&oacute;veis) &ndash; lleva a Nueva York la <em>expertise <\/em>del dise&ntilde;o brasile&ntilde;o con nombres de gran prestigio: Irm&atilde;os Fharer y Guto Indio da Costa.<\/p>\n<p>ICFF Talks es el panel de discusi&oacute;n de la feria de dise&ntilde;o, donde l&iacute;deres de la industria internacionalmente reconocidos comparten sus conocimientos sobre temas que van desde la innovaci&oacute;n en materiales hasta nuevos abordajes de dise&ntilde;o respecto al color y estilo para uso en ambiente residencial, de hospitalidad, empresarial y en el comercio minorista de lujo. El panel de tendencias brasile&ntilde;as ser&aacute;&nbsp; moderado por Carlos Junqueira, de Espasso, y Lauro Andrade Filho, fundador de DW! S&atilde;o Paulo Design Weekend y asociado con Sindm&oacute;veis en la realizaci&oacute;n de Casa Brasil S&atilde;o Paulo.<\/p>\n<p>La feria ser&aacute; realizada en Nueva York, en <em>The Jacob Javitz Center<\/em>, de 16 a 19 de mayo. El panel de tendencias brasile&ntilde;as ocurre el pr&oacute;ximo lunes, 18 de mayo a las 11 a.m.<\/p>\n<img decoding=\"async\" alt=\"\" src=\"https:\/\/www.sindmoveis.com.br\/es\/wp-content\/uploads\/2021\/05\/jack-e-sergio-fahrer-ok.jpg\" style=\"height:200px; width:300px\" \/>\n<p><strong>Fahrer Design<\/strong><\/p>\n<p>Un d&uacute;o din&aacute;mico, Sergio y Jack Fahrer nacieron para ser dise&ntilde;adores. Sergio Fahrer inici&oacute; su carrera como m&uacute;sico y estudi&oacute; en Los &Aacute;ngeles en el MIT (<em>Musicians Institute of<\/em> <em>Technology<\/em>). R&aacute;pidamente descubri&oacute; su sensibilidad art&iacute;stica y sus dise&ntilde;os de marca fueron inspirados por la t&eacute;cnica de la construcci&oacute;n de instrumentos musicales. Sergio es considerado uno de los nombres m&aacute;s expresivos del dise&ntilde;o contempor&aacute;neo brasile&ntilde;o. Su hermano Jack Fahrer, tambi&eacute;n m&uacute;sico, estudio dise&ntilde;o de moda en Brasil antes de juntarse a Sergio para crear y desarrollar mobiliario. El ojo expresivo de Jack para colores y estampas complementa las aclamadas piezas de los Irm&atilde;os Fharer.<\/p>\n<p>Desde el comienzo del desarrollo de t&eacute;cnicas de dise&ntilde;o exclusivo, pasando por la tensi&oacute;n entre los aspectos materiales y de dise&ntilde;o en lo que se refiere a Brasil, los Irm&atilde;os Fharer hablar&aacute;n sobre sus carreras ilustres y el escenario de la evoluci&oacute;n del dise&ntilde;o brasile&ntilde;o. Ellos tambi&eacute;n discutir&aacute;n proyectos para espacios p&uacute;blicos, incluyendo proyectos notables como Comedores SESC, Hoteles Unique y Fasano; Parklets y Jard&iacute;n Pop up; bien como exposiciones en museos, incluyendo el MoMa, Museo Le Corbusier, la Feria de Mil&aacute;n, Oca, Bienal del Dise&ntilde;o y Maison &amp; Objet.<\/p>\n<img decoding=\"async\" alt=\"\" src=\"https:\/\/www.sindmoveis.com.br\/es\/wp-content\/uploads\/2021\/05\/guto-indio-da-costa-ok.jpg\" style=\"height:200px; width:300px\" \/>\n<p><strong>Guto <\/strong><strong>Indio Da Costa<\/strong><\/p>\n<p>Innovaci&oacute;n y pasi&oacute;n son la fuerza motriz en cada proyecto que Guto Indio da Costa desarrolla. En la facultad, estudi&oacute; dise&ntilde;o de producto y se gradu&oacute; en el <em>Art Center College of Design<\/em>, en Suiza, en 1993. Actualmente es el director de dise&ntilde;o de Indio da Costa A.U.D.T., una consultor&iacute;a premiada internacionalmente con sede en R&iacute;o de Janeiro, que trabaja con arquitectura, planificaci&oacute;n urbana, proyectos de transporte y dise&ntilde;o, junto con un grupo estrat&eacute;gico-creativo multidisciplinar de dise&ntilde;adores, arquitectos y urbanistas, apoyada por una variedad de especialistas. Guto Indio da Costa mostrar&aacute; su talento en el dise&ntilde;o en ICFF y hablar&aacute; sobre temas como el escenario de cambios &nbsp;en el dise&ntilde;o brasile&ntilde;o, proyectos industriales de alta escala, entre los cuales se incluye el denominado &ldquo;Del mundo para Brasil y de Brasil para el mundo&rdquo; y sus piezas premiadas en el Sal&atilde;o Design, Idea Brasil y Museo de la Casa Brasile&ntilde;a.<\/p>\n<p><strong>Moderadores do Painel &#8211; Lauro Andrade e Carlos Junqueira <\/strong><\/p>\n<p>Lauro Andrade es un veterano en el mundo del dise&ntilde;o. Director ejecutivo de Expo Revestir, principal exposici&oacute;n de arquitectura en Brasil y fundador de DW! S&atilde;o Paulo Design Weekend. Tambi&eacute;n est&aacute; asociado con Sindm&oacute;veis Bento Gon&ccedil;alves en la realizaci&oacute;n de Casa Brasil en S&atilde;o Paulo.<\/p>\n<p>Ya Carlos Junqueira es due&ntilde;o de Espasso, empresa de muebles de renombre mundial especializada en piezas brasile&ntilde;as modernas y contempor&aacute;neas. Espasso fue una de las primeras empresas a dedicar un showroom exclusivo para dise&ntilde;adores brasile&ntilde;os, en las ciudades de Nueva York y Los Angeles.<\/p>\n<p><strong>Sobre ICFF&reg;<\/strong><\/p>\n<p>ICFF&reg; es la principal vitrina del dise&ntilde;o global de Am&eacute;rica del Norte de muebles para interiores, sillas, alfombras y pisos, iluminaci&oacute;n, muebles para exteriores, materiales, revestimientos de pared, accesorios, textiles, cocina, ba&ntilde;o y fabricantes, atrayendo m&aacute;s de 700 expositores y un total de 32 mil profesionales del sector de todo el mundo. La 27&ordf; edici&oacute;n anual de ICFF ocurrir&aacute; de 16 a 19 de mayo de 2015, en el <em>Jacob K. Javits Convention Center<\/em>, en Nueva York.<\/p>\n<p><strong>Sobre o Projeto Orchestra Brasil<\/strong><\/p>\n<p>El Proyecto Sectorial Orchestra Brasil promueve la inserci&oacute;n de las industrias proveedoras de la cadena del mobiliario y la entrada sostenible del dise&ntilde;o brasile&ntilde;o en el mercado internacional. Para ello, son promovidos estudios de mercado; misiones prospectivas; acciones individuales; Proyectos Comprador, Vendedor e Imagen y participaci&oacute;n en las principales ferias mundiales del sector. Actualmente, participan de la acci&oacute;n 76 industrias y 48 estudios de dise&ntilde;o. Para estos &uacute;ltimos, el proyecto promueve estrategias de posicionamiento en el mercado externo con &eacute;nfasis en los Estados Unidos.<\/p>\n","protected":false},"excerpt":{"rendered":"<p>Irm\u00e3os Fahrer y Guto Indio da Costa debaten los conceptos y tendencias del dise\u00f1o brasile\u00f1o innovador, en panel promovido por Apex-Brasil y Sindm\u00f3veis<\/p>\n","protected":false},"author":5,"featured_media":3484,"comment_status":"closed","ping_status":"open","sticky":false,"template":"","format":"standard","meta":{"footnotes":"","_links_to":"","_links_to_target":""},"categories":[2],"tags":[],"class_list":["post-1151","post","type-post","status-publish","format-standard","has-post-thumbnail","hentry","category-sindmoveis"],"yoast_head":"<!-- This site is optimized with the Yoast SEO plugin v27.0 - https:\/\/yoast.com\/product\/yoast-seo-wordpress\/ -->\n<title>Dise\u00f1adores brasile\u00f1os se manifiestan en Nova York - Sindm\u00f3veis-RS<\/title>\n<meta name=\"robots\" content=\"index, follow, max-snippet:-1, max-image-preview:large, max-video-preview:-1\" \/>\n<link rel=\"canonical\" href=\"https:\/\/www.sindmoveis.com.br\/es\/designers-brasileiros-palestram-em-nova-york\/\" \/>\n<meta property=\"og:locale\" content=\"es_ES\" \/>\n<meta property=\"og:type\" content=\"article\" \/>\n<meta property=\"og:title\" content=\"Dise\u00f1adores brasile\u00f1os se manifiestan en Nova York - Sindm\u00f3veis-RS\" \/>\n<meta property=\"og:description\" content=\"Irm\u00e3os Fahrer y Guto Indio da Costa debaten los conceptos y tendencias del dise\u00f1o brasile\u00f1o innovador, en panel promovido por Apex-Brasil y Sindm\u00f3veis\" \/>\n<meta property=\"og:url\" content=\"https:\/\/www.sindmoveis.com.br\/es\/designers-brasileiros-palestram-em-nova-york\/\" \/>\n<meta property=\"og:site_name\" content=\"Sindm\u00f3veis-RS\" \/>\n<meta property=\"article:published_time\" content=\"2015-05-11T03:00:00+00:00\" \/>\n<meta property=\"article:modified_time\" content=\"2021-05-26T13:24:27+00:00\" \/>\n<meta property=\"og:image\" content=\"https:\/\/www.sindmoveis.com.br\/es\/wp-content\/uploads\/2021\/05\/p1431453012.jpg\" \/>\n\t<meta property=\"og:image:width\" content=\"609\" \/>\n\t<meta property=\"og:image:height\" content=\"306\" \/>\n\t<meta property=\"og:image:type\" content=\"image\/jpeg\" \/>\n<meta name=\"author\" content=\"Imprensa Sindm\u00f3veis\" \/>\n<meta name=\"twitter:card\" content=\"summary_large_image\" \/>\n<meta name=\"twitter:label1\" content=\"Escrito por\" \/>\n\t<meta name=\"twitter:data1\" content=\"Imprensa Sindm\u00f3veis\" \/>\n\t<meta name=\"twitter:label2\" content=\"Tiempo de lectura\" \/>\n\t<meta name=\"twitter:data2\" content=\"5 minutos\" \/>\n<script type=\"application\/ld+json\" class=\"yoast-schema-graph\">{\"@context\":\"https:\/\/schema.org\",\"@graph\":[{\"@type\":\"Article\",\"@id\":\"https:\/\/www.sindmoveis.com.br\/es\/designers-brasileiros-palestram-em-nova-york\/#article\",\"isPartOf\":{\"@id\":\"https:\/\/www.sindmoveis.com.br\/es\/designers-brasileiros-palestram-em-nova-york\/\"},\"author\":{\"name\":\"Imprensa Sindm\u00f3veis\",\"@id\":\"https:\/\/www.sindmoveis.com.br\/es\/#\/schema\/person\/16d379542db1950a17fe188179340d57\"},\"headline\":\"Dise\u00f1adores brasile\u00f1os se manifiestan en Nova York\",\"datePublished\":\"2015-05-11T03:00:00+00:00\",\"dateModified\":\"2021-05-26T13:24:27+00:00\",\"mainEntityOfPage\":{\"@id\":\"https:\/\/www.sindmoveis.com.br\/es\/designers-brasileiros-palestram-em-nova-york\/\"},\"wordCount\":1078,\"image\":{\"@id\":\"https:\/\/www.sindmoveis.com.br\/es\/designers-brasileiros-palestram-em-nova-york\/#primaryimage\"},\"thumbnailUrl\":\"https:\/\/www.sindmoveis.com.br\/es\/wp-content\/uploads\/2021\/05\/p1431453012.jpg\",\"articleSection\":[\"Sindm\u00f3veis\"],\"inLanguage\":\"es\"},{\"@type\":\"WebPage\",\"@id\":\"https:\/\/www.sindmoveis.com.br\/es\/designers-brasileiros-palestram-em-nova-york\/\",\"url\":\"https:\/\/www.sindmoveis.com.br\/es\/designers-brasileiros-palestram-em-nova-york\/\",\"name\":\"Dise\u00f1adores brasile\u00f1os se manifiestan en Nova York - Sindm\u00f3veis-RS\",\"isPartOf\":{\"@id\":\"https:\/\/www.sindmoveis.com.br\/es\/#website\"},\"primaryImageOfPage\":{\"@id\":\"https:\/\/www.sindmoveis.com.br\/es\/designers-brasileiros-palestram-em-nova-york\/#primaryimage\"},\"image\":{\"@id\":\"https:\/\/www.sindmoveis.com.br\/es\/designers-brasileiros-palestram-em-nova-york\/#primaryimage\"},\"thumbnailUrl\":\"https:\/\/www.sindmoveis.com.br\/es\/wp-content\/uploads\/2021\/05\/p1431453012.jpg\",\"datePublished\":\"2015-05-11T03:00:00+00:00\",\"dateModified\":\"2021-05-26T13:24:27+00:00\",\"author\":{\"@id\":\"https:\/\/www.sindmoveis.com.br\/es\/#\/schema\/person\/16d379542db1950a17fe188179340d57\"},\"inLanguage\":\"es\",\"potentialAction\":[{\"@type\":\"ReadAction\",\"target\":[\"https:\/\/www.sindmoveis.com.br\/es\/designers-brasileiros-palestram-em-nova-york\/\"]}]},{\"@type\":\"ImageObject\",\"inLanguage\":\"es\",\"@id\":\"https:\/\/www.sindmoveis.com.br\/es\/designers-brasileiros-palestram-em-nova-york\/#primaryimage\",\"url\":\"https:\/\/www.sindmoveis.com.br\/es\/wp-content\/uploads\/2021\/05\/p1431453012.jpg\",\"contentUrl\":\"https:\/\/www.sindmoveis.com.br\/es\/wp-content\/uploads\/2021\/05\/p1431453012.jpg\",\"width\":609,\"height\":306},{\"@type\":\"WebSite\",\"@id\":\"https:\/\/www.sindmoveis.com.br\/es\/#website\",\"url\":\"https:\/\/www.sindmoveis.com.br\/es\/\",\"name\":\"Sindm\u00f3veis-RS\",\"description\":\"\",\"potentialAction\":[{\"@type\":\"SearchAction\",\"target\":{\"@type\":\"EntryPoint\",\"urlTemplate\":\"https:\/\/www.sindmoveis.com.br\/es\/?s={search_term_string}\"},\"query-input\":{\"@type\":\"PropertyValueSpecification\",\"valueRequired\":true,\"valueName\":\"search_term_string\"}}],\"inLanguage\":\"es\"},{\"@type\":\"Person\",\"@id\":\"https:\/\/www.sindmoveis.com.br\/es\/#\/schema\/person\/16d379542db1950a17fe188179340d57\",\"name\":\"Imprensa Sindm\u00f3veis\",\"image\":{\"@type\":\"ImageObject\",\"inLanguage\":\"es\",\"@id\":\"https:\/\/www.sindmoveis.com.br\/es\/#\/schema\/person\/image\/\",\"url\":\"https:\/\/secure.gravatar.com\/avatar\/4973e2e2c2a0cb5db30b0c7b770041b8e33d048a16b695a1f99c042449d4bfaf?s=96&d=mm&r=g\",\"contentUrl\":\"https:\/\/secure.gravatar.com\/avatar\/4973e2e2c2a0cb5db30b0c7b770041b8e33d048a16b695a1f99c042449d4bfaf?s=96&d=mm&r=g\",\"caption\":\"Imprensa Sindm\u00f3veis\"},\"url\":\"https:\/\/www.sindmoveis.com.br\/es\/author\/ana\/\"}]}<\/script>\n<!-- \/ Yoast SEO plugin. -->","yoast_head_json":{"title":"Dise\u00f1adores brasile\u00f1os se manifiestan en Nova York - Sindm\u00f3veis-RS","robots":{"index":"index","follow":"follow","max-snippet":"max-snippet:-1","max-image-preview":"max-image-preview:large","max-video-preview":"max-video-preview:-1"},"canonical":"https:\/\/www.sindmoveis.com.br\/es\/designers-brasileiros-palestram-em-nova-york\/","og_locale":"es_ES","og_type":"article","og_title":"Dise\u00f1adores brasile\u00f1os se manifiestan en Nova York - Sindm\u00f3veis-RS","og_description":"Irm\u00e3os Fahrer y Guto Indio da Costa debaten los conceptos y tendencias del dise\u00f1o brasile\u00f1o innovador, en panel promovido por Apex-Brasil y Sindm\u00f3veis","og_url":"https:\/\/www.sindmoveis.com.br\/es\/designers-brasileiros-palestram-em-nova-york\/","og_site_name":"Sindm\u00f3veis-RS","article_published_time":"2015-05-11T03:00:00+00:00","article_modified_time":"2021-05-26T13:24:27+00:00","og_image":[{"width":609,"height":306,"url":"https:\/\/www.sindmoveis.com.br\/es\/wp-content\/uploads\/2021\/05\/p1431453012.jpg","type":"image\/jpeg"}],"author":"Imprensa Sindm\u00f3veis","twitter_card":"summary_large_image","twitter_misc":{"Escrito por":"Imprensa Sindm\u00f3veis","Tiempo de lectura":"5 minutos"},"schema":{"@context":"https:\/\/schema.org","@graph":[{"@type":"Article","@id":"https:\/\/www.sindmoveis.com.br\/es\/designers-brasileiros-palestram-em-nova-york\/#article","isPartOf":{"@id":"https:\/\/www.sindmoveis.com.br\/es\/designers-brasileiros-palestram-em-nova-york\/"},"author":{"name":"Imprensa Sindm\u00f3veis","@id":"https:\/\/www.sindmoveis.com.br\/es\/#\/schema\/person\/16d379542db1950a17fe188179340d57"},"headline":"Dise\u00f1adores brasile\u00f1os se manifiestan en Nova York","datePublished":"2015-05-11T03:00:00+00:00","dateModified":"2021-05-26T13:24:27+00:00","mainEntityOfPage":{"@id":"https:\/\/www.sindmoveis.com.br\/es\/designers-brasileiros-palestram-em-nova-york\/"},"wordCount":1078,"image":{"@id":"https:\/\/www.sindmoveis.com.br\/es\/designers-brasileiros-palestram-em-nova-york\/#primaryimage"},"thumbnailUrl":"https:\/\/www.sindmoveis.com.br\/es\/wp-content\/uploads\/2021\/05\/p1431453012.jpg","articleSection":["Sindm\u00f3veis"],"inLanguage":"es"},{"@type":"WebPage","@id":"https:\/\/www.sindmoveis.com.br\/es\/designers-brasileiros-palestram-em-nova-york\/","url":"https:\/\/www.sindmoveis.com.br\/es\/designers-brasileiros-palestram-em-nova-york\/","name":"Dise\u00f1adores brasile\u00f1os se manifiestan en Nova York - Sindm\u00f3veis-RS","isPartOf":{"@id":"https:\/\/www.sindmoveis.com.br\/es\/#website"},"primaryImageOfPage":{"@id":"https:\/\/www.sindmoveis.com.br\/es\/designers-brasileiros-palestram-em-nova-york\/#primaryimage"},"image":{"@id":"https:\/\/www.sindmoveis.com.br\/es\/designers-brasileiros-palestram-em-nova-york\/#primaryimage"},"thumbnailUrl":"https:\/\/www.sindmoveis.com.br\/es\/wp-content\/uploads\/2021\/05\/p1431453012.jpg","datePublished":"2015-05-11T03:00:00+00:00","dateModified":"2021-05-26T13:24:27+00:00","author":{"@id":"https:\/\/www.sindmoveis.com.br\/es\/#\/schema\/person\/16d379542db1950a17fe188179340d57"},"inLanguage":"es","potentialAction":[{"@type":"ReadAction","target":["https:\/\/www.sindmoveis.com.br\/es\/designers-brasileiros-palestram-em-nova-york\/"]}]},{"@type":"ImageObject","inLanguage":"es","@id":"https:\/\/www.sindmoveis.com.br\/es\/designers-brasileiros-palestram-em-nova-york\/#primaryimage","url":"https:\/\/www.sindmoveis.com.br\/es\/wp-content\/uploads\/2021\/05\/p1431453012.jpg","contentUrl":"https:\/\/www.sindmoveis.com.br\/es\/wp-content\/uploads\/2021\/05\/p1431453012.jpg","width":609,"height":306},{"@type":"WebSite","@id":"https:\/\/www.sindmoveis.com.br\/es\/#website","url":"https:\/\/www.sindmoveis.com.br\/es\/","name":"Sindm\u00f3veis-RS","description":"","potentialAction":[{"@type":"SearchAction","target":{"@type":"EntryPoint","urlTemplate":"https:\/\/www.sindmoveis.com.br\/es\/?s={search_term_string}"},"query-input":{"@type":"PropertyValueSpecification","valueRequired":true,"valueName":"search_term_string"}}],"inLanguage":"es"},{"@type":"Person","@id":"https:\/\/www.sindmoveis.com.br\/es\/#\/schema\/person\/16d379542db1950a17fe188179340d57","name":"Imprensa Sindm\u00f3veis","image":{"@type":"ImageObject","inLanguage":"es","@id":"https:\/\/www.sindmoveis.com.br\/es\/#\/schema\/person\/image\/","url":"https:\/\/secure.gravatar.com\/avatar\/4973e2e2c2a0cb5db30b0c7b770041b8e33d048a16b695a1f99c042449d4bfaf?s=96&d=mm&r=g","contentUrl":"https:\/\/secure.gravatar.com\/avatar\/4973e2e2c2a0cb5db30b0c7b770041b8e33d048a16b695a1f99c042449d4bfaf?s=96&d=mm&r=g","caption":"Imprensa Sindm\u00f3veis"},"url":"https:\/\/www.sindmoveis.com.br\/es\/author\/ana\/"}]}},"_links":{"self":[{"href":"https:\/\/www.sindmoveis.com.br\/es\/wp-json\/wp\/v2\/posts\/1151","targetHints":{"allow":["GET"]}}],"collection":[{"href":"https:\/\/www.sindmoveis.com.br\/es\/wp-json\/wp\/v2\/posts"}],"about":[{"href":"https:\/\/www.sindmoveis.com.br\/es\/wp-json\/wp\/v2\/types\/post"}],"author":[{"embeddable":true,"href":"https:\/\/www.sindmoveis.com.br\/es\/wp-json\/wp\/v2\/users\/5"}],"replies":[{"embeddable":true,"href":"https:\/\/www.sindmoveis.com.br\/es\/wp-json\/wp\/v2\/comments?post=1151"}],"version-history":[{"count":3,"href":"https:\/\/www.sindmoveis.com.br\/es\/wp-json\/wp\/v2\/posts\/1151\/revisions"}],"predecessor-version":[{"id":3786,"href":"https:\/\/www.sindmoveis.com.br\/es\/wp-json\/wp\/v2\/posts\/1151\/revisions\/3786"}],"wp:featuredmedia":[{"embeddable":true,"href":"https:\/\/www.sindmoveis.com.br\/es\/wp-json\/wp\/v2\/media\/3484"}],"wp:attachment":[{"href":"https:\/\/www.sindmoveis.com.br\/es\/wp-json\/wp\/v2\/media?parent=1151"}],"wp:term":[{"taxonomy":"category","embeddable":true,"href":"https:\/\/www.sindmoveis.com.br\/es\/wp-json\/wp\/v2\/categories?post=1151"},{"taxonomy":"post_tag","embeddable":true,"href":"https:\/\/www.sindmoveis.com.br\/es\/wp-json\/wp\/v2\/tags?post=1151"}],"curies":[{"name":"wp","href":"https:\/\/api.w.org\/{rel}","templated":true}]}}