{"id":1149,"date":"2015-04-29T00:00:00","date_gmt":"2015-04-29T03:00:00","guid":{"rendered":"http:\/\/sindmoveis.com.br\/imprensa\/noticias\/empresas-do-projeto-orchestra-brasil-apresentam-lancamentos-em-feira-alema\/"},"modified":"2021-05-26T10:28:37","modified_gmt":"2021-05-26T13:28:37","slug":"empresas-do-projeto-orchestra-brasil-apresentam-lancamentos-em-feira-alema","status":"publish","type":"post","link":"https:\/\/www.sindmoveis.com.br\/es\/empresas-do-projeto-orchestra-brasil-apresentam-lancamentos-em-feira-alema\/","title":{"rendered":"EMPRESAS DEL PROYECTO ORCHESTRA BRASIL PRESENTAN LANZAMIENTOS EN FERIA ALEMANA"},"content":{"rendered":"<p>Cuatro empresas del Proyecto Orchestra Brasil de promoci&oacute;n de las exportaciones &ndash; una asociaci&oacute;n entre el Sindicato de las Industrias del Mobiliario de Bento Gon&ccedil;alves (Sindm&oacute;veis) y Agencia Brasile&ntilde;a de Promoci&oacute;n de Exportaciones e Inversiones (Apex-Brasil) &ndash; estar&aacute;n presentes en Interzum, de 05 a 08 de mayo, en Colonia, Alemania. El evento es uno de los mayores del mundo para los proveedores de la cadena de muebles y acabados para interiores. Las industrias confirmadas son Adami, Araupel, Brasmacol y CPI Pap&eacute;is.<\/p>\n<p>Interzum genera un impulso para las innovaciones del sector del mobiliario mundial. En la &uacute;ltima edici&oacute;n, cont&oacute; con 1.500 expositores&nbsp; de 60 pa&iacute;ses. La ubicaci&oacute;n central y de f&aacute;cil acceso del centro de exposiciones Koelnmesse ampl&iacute;a todav&iacute;a m&aacute;s el alcance de la feria. Aunque Alemania no figure entre los mercados-objetivo del Proyecto Orchestra Brasil, la participaci&oacute;n aumenta el acceso del proyecto a clientes de todo el mundo. M&aacute;s de 65% de los visitantes y expositores son extranjeros, lo que hace del evento el m&aacute;s internacionalizado del sector.<\/p>\n<p>La participaci&oacute;n en Interzum es estrat&eacute;gica para el Proyecto Orchestra Brasil, que ha estado presente en el evento desde 2009. Cada a&ntilde;o la feria se ha mostrado esencial, reforzando su relevancia en el calendario de eventos anuales, tanto por el alcance como por la calidad de los contactos realizados.<\/p>\n<p>El Proyecto Sectorial Orchestra Brasil promueve la inserci&oacute;n de las industrias proveedoras de la cadena del mobiliario y la entrada sustentable del dise&ntilde;o brasile&ntilde;o en el mercado internacional. Para ello, son promovidos estudios de mercado; misiones prospectivas; acciones individuales; Proyectos Comprador, Vendedor e Imagen y participaci&oacute;n en las principales ferias mundiales del sector. Actualmente, participan de la acci&oacute;n 73 industrias y 50 estudios de dise&ntilde;o.<\/p>\n","protected":false},"excerpt":{"rendered":"<p>La participaci\u00f3n en Interzum es estrat\u00e9gica para el Proyecto Orchestra Brasil, que ha estado presente en el evento desde 2009.<\/p>\n","protected":false},"author":5,"featured_media":3478,"comment_status":"closed","ping_status":"open","sticky":false,"template":"","format":"standard","meta":{"footnotes":"","_links_to":"","_links_to_target":""},"categories":[22,2],"tags":[],"class_list":["post-1149","post","type-post","status-publish","format-standard","has-post-thumbnail","hentry","category-proyecto-orchestra-brasil","category-sindmoveis"],"yoast_head":"<!-- This site is optimized with the Yoast SEO plugin v27.0 - https:\/\/yoast.com\/product\/yoast-seo-wordpress\/ -->\n<title>EMPRESAS DEL PROYECTO ORCHESTRA BRASIL PRESENTAN LANZAMIENTOS EN FERIA ALEMANA - Sindm\u00f3veis-RS<\/title>\n<meta name=\"robots\" content=\"index, follow, max-snippet:-1, max-image-preview:large, max-video-preview:-1\" \/>\n<link rel=\"canonical\" href=\"https:\/\/www.sindmoveis.com.br\/es\/empresas-do-projeto-orchestra-brasil-apresentam-lancamentos-em-feira-alema\/\" \/>\n<meta property=\"og:locale\" content=\"es_ES\" \/>\n<meta property=\"og:type\" content=\"article\" \/>\n<meta property=\"og:title\" content=\"EMPRESAS DEL PROYECTO ORCHESTRA BRASIL PRESENTAN LANZAMIENTOS EN FERIA ALEMANA - Sindm\u00f3veis-RS\" \/>\n<meta property=\"og:description\" content=\"La participaci\u00f3n en Interzum es estrat\u00e9gica para el Proyecto Orchestra Brasil, que ha estado presente en el evento desde 2009.\" \/>\n<meta property=\"og:url\" content=\"https:\/\/www.sindmoveis.com.br\/es\/empresas-do-projeto-orchestra-brasil-apresentam-lancamentos-em-feira-alema\/\" \/>\n<meta property=\"og:site_name\" content=\"Sindm\u00f3veis-RS\" \/>\n<meta property=\"article:published_time\" content=\"2015-04-29T03:00:00+00:00\" \/>\n<meta property=\"article:modified_time\" content=\"2021-05-26T13:28:37+00:00\" \/>\n<meta property=\"og:image\" content=\"https:\/\/www.sindmoveis.com.br\/es\/wp-content\/uploads\/2021\/05\/p1430328624.jpg\" \/>\n\t<meta property=\"og:image:width\" content=\"886\" \/>\n\t<meta property=\"og:image:height\" content=\"604\" \/>\n\t<meta property=\"og:image:type\" content=\"image\/jpeg\" \/>\n<meta name=\"author\" content=\"Imprensa Sindm\u00f3veis\" \/>\n<meta name=\"twitter:card\" content=\"summary_large_image\" \/>\n<meta name=\"twitter:label1\" content=\"Escrito por\" \/>\n\t<meta name=\"twitter:data1\" content=\"Imprensa Sindm\u00f3veis\" \/>\n\t<meta name=\"twitter:label2\" content=\"Tiempo de lectura\" \/>\n\t<meta name=\"twitter:data2\" content=\"2 minutos\" \/>\n<script type=\"application\/ld+json\" class=\"yoast-schema-graph\">{\"@context\":\"https:\/\/schema.org\",\"@graph\":[{\"@type\":\"Article\",\"@id\":\"https:\/\/www.sindmoveis.com.br\/es\/empresas-do-projeto-orchestra-brasil-apresentam-lancamentos-em-feira-alema\/#article\",\"isPartOf\":{\"@id\":\"https:\/\/www.sindmoveis.com.br\/es\/empresas-do-projeto-orchestra-brasil-apresentam-lancamentos-em-feira-alema\/\"},\"author\":{\"name\":\"Imprensa Sindm\u00f3veis\",\"@id\":\"https:\/\/www.sindmoveis.com.br\/es\/#\/schema\/person\/16d379542db1950a17fe188179340d57\"},\"headline\":\"EMPRESAS DEL PROYECTO ORCHESTRA BRASIL PRESENTAN LANZAMIENTOS EN FERIA ALEMANA\",\"datePublished\":\"2015-04-29T03:00:00+00:00\",\"dateModified\":\"2021-05-26T13:28:37+00:00\",\"mainEntityOfPage\":{\"@id\":\"https:\/\/www.sindmoveis.com.br\/es\/empresas-do-projeto-orchestra-brasil-apresentam-lancamentos-em-feira-alema\/\"},\"wordCount\":341,\"image\":{\"@id\":\"https:\/\/www.sindmoveis.com.br\/es\/empresas-do-projeto-orchestra-brasil-apresentam-lancamentos-em-feira-alema\/#primaryimage\"},\"thumbnailUrl\":\"https:\/\/www.sindmoveis.com.br\/es\/wp-content\/uploads\/2021\/05\/p1430328624.jpg\",\"articleSection\":[\"Proyecto Orchestra Brasil\",\"Sindm\u00f3veis\"],\"inLanguage\":\"es\"},{\"@type\":\"WebPage\",\"@id\":\"https:\/\/www.sindmoveis.com.br\/es\/empresas-do-projeto-orchestra-brasil-apresentam-lancamentos-em-feira-alema\/\",\"url\":\"https:\/\/www.sindmoveis.com.br\/es\/empresas-do-projeto-orchestra-brasil-apresentam-lancamentos-em-feira-alema\/\",\"name\":\"EMPRESAS DEL PROYECTO ORCHESTRA BRASIL PRESENTAN LANZAMIENTOS EN FERIA ALEMANA - Sindm\u00f3veis-RS\",\"isPartOf\":{\"@id\":\"https:\/\/www.sindmoveis.com.br\/es\/#website\"},\"primaryImageOfPage\":{\"@id\":\"https:\/\/www.sindmoveis.com.br\/es\/empresas-do-projeto-orchestra-brasil-apresentam-lancamentos-em-feira-alema\/#primaryimage\"},\"image\":{\"@id\":\"https:\/\/www.sindmoveis.com.br\/es\/empresas-do-projeto-orchestra-brasil-apresentam-lancamentos-em-feira-alema\/#primaryimage\"},\"thumbnailUrl\":\"https:\/\/www.sindmoveis.com.br\/es\/wp-content\/uploads\/2021\/05\/p1430328624.jpg\",\"datePublished\":\"2015-04-29T03:00:00+00:00\",\"dateModified\":\"2021-05-26T13:28:37+00:00\",\"author\":{\"@id\":\"https:\/\/www.sindmoveis.com.br\/es\/#\/schema\/person\/16d379542db1950a17fe188179340d57\"},\"inLanguage\":\"es\",\"potentialAction\":[{\"@type\":\"ReadAction\",\"target\":[\"https:\/\/www.sindmoveis.com.br\/es\/empresas-do-projeto-orchestra-brasil-apresentam-lancamentos-em-feira-alema\/\"]}]},{\"@type\":\"ImageObject\",\"inLanguage\":\"es\",\"@id\":\"https:\/\/www.sindmoveis.com.br\/es\/empresas-do-projeto-orchestra-brasil-apresentam-lancamentos-em-feira-alema\/#primaryimage\",\"url\":\"https:\/\/www.sindmoveis.com.br\/es\/wp-content\/uploads\/2021\/05\/p1430328624.jpg\",\"contentUrl\":\"https:\/\/www.sindmoveis.com.br\/es\/wp-content\/uploads\/2021\/05\/p1430328624.jpg\",\"width\":886,\"height\":604,\"caption\":\"M\u00e1s de 65% de los visitantes y expositores son extranjeros Photograph: Koelnmesse\"},{\"@type\":\"WebSite\",\"@id\":\"https:\/\/www.sindmoveis.com.br\/es\/#website\",\"url\":\"https:\/\/www.sindmoveis.com.br\/es\/\",\"name\":\"Sindm\u00f3veis-RS\",\"description\":\"\",\"potentialAction\":[{\"@type\":\"SearchAction\",\"target\":{\"@type\":\"EntryPoint\",\"urlTemplate\":\"https:\/\/www.sindmoveis.com.br\/es\/?s={search_term_string}\"},\"query-input\":{\"@type\":\"PropertyValueSpecification\",\"valueRequired\":true,\"valueName\":\"search_term_string\"}}],\"inLanguage\":\"es\"},{\"@type\":\"Person\",\"@id\":\"https:\/\/www.sindmoveis.com.br\/es\/#\/schema\/person\/16d379542db1950a17fe188179340d57\",\"name\":\"Imprensa Sindm\u00f3veis\",\"image\":{\"@type\":\"ImageObject\",\"inLanguage\":\"es\",\"@id\":\"https:\/\/www.sindmoveis.com.br\/es\/#\/schema\/person\/image\/\",\"url\":\"https:\/\/secure.gravatar.com\/avatar\/4973e2e2c2a0cb5db30b0c7b770041b8e33d048a16b695a1f99c042449d4bfaf?s=96&d=mm&r=g\",\"contentUrl\":\"https:\/\/secure.gravatar.com\/avatar\/4973e2e2c2a0cb5db30b0c7b770041b8e33d048a16b695a1f99c042449d4bfaf?s=96&d=mm&r=g\",\"caption\":\"Imprensa Sindm\u00f3veis\"},\"url\":\"https:\/\/www.sindmoveis.com.br\/es\/author\/ana\/\"}]}<\/script>\n<!-- \/ Yoast SEO plugin. -->","yoast_head_json":{"title":"EMPRESAS DEL PROYECTO ORCHESTRA BRASIL PRESENTAN LANZAMIENTOS EN FERIA ALEMANA - Sindm\u00f3veis-RS","robots":{"index":"index","follow":"follow","max-snippet":"max-snippet:-1","max-image-preview":"max-image-preview:large","max-video-preview":"max-video-preview:-1"},"canonical":"https:\/\/www.sindmoveis.com.br\/es\/empresas-do-projeto-orchestra-brasil-apresentam-lancamentos-em-feira-alema\/","og_locale":"es_ES","og_type":"article","og_title":"EMPRESAS DEL PROYECTO ORCHESTRA BRASIL PRESENTAN LANZAMIENTOS EN FERIA ALEMANA - Sindm\u00f3veis-RS","og_description":"La participaci\u00f3n en Interzum es estrat\u00e9gica para el Proyecto Orchestra Brasil, que ha estado presente en el evento desde 2009.","og_url":"https:\/\/www.sindmoveis.com.br\/es\/empresas-do-projeto-orchestra-brasil-apresentam-lancamentos-em-feira-alema\/","og_site_name":"Sindm\u00f3veis-RS","article_published_time":"2015-04-29T03:00:00+00:00","article_modified_time":"2021-05-26T13:28:37+00:00","og_image":[{"width":886,"height":604,"url":"https:\/\/www.sindmoveis.com.br\/es\/wp-content\/uploads\/2021\/05\/p1430328624.jpg","type":"image\/jpeg"}],"author":"Imprensa Sindm\u00f3veis","twitter_card":"summary_large_image","twitter_misc":{"Escrito por":"Imprensa Sindm\u00f3veis","Tiempo de lectura":"2 minutos"},"schema":{"@context":"https:\/\/schema.org","@graph":[{"@type":"Article","@id":"https:\/\/www.sindmoveis.com.br\/es\/empresas-do-projeto-orchestra-brasil-apresentam-lancamentos-em-feira-alema\/#article","isPartOf":{"@id":"https:\/\/www.sindmoveis.com.br\/es\/empresas-do-projeto-orchestra-brasil-apresentam-lancamentos-em-feira-alema\/"},"author":{"name":"Imprensa Sindm\u00f3veis","@id":"https:\/\/www.sindmoveis.com.br\/es\/#\/schema\/person\/16d379542db1950a17fe188179340d57"},"headline":"EMPRESAS DEL PROYECTO ORCHESTRA BRASIL PRESENTAN LANZAMIENTOS EN FERIA ALEMANA","datePublished":"2015-04-29T03:00:00+00:00","dateModified":"2021-05-26T13:28:37+00:00","mainEntityOfPage":{"@id":"https:\/\/www.sindmoveis.com.br\/es\/empresas-do-projeto-orchestra-brasil-apresentam-lancamentos-em-feira-alema\/"},"wordCount":341,"image":{"@id":"https:\/\/www.sindmoveis.com.br\/es\/empresas-do-projeto-orchestra-brasil-apresentam-lancamentos-em-feira-alema\/#primaryimage"},"thumbnailUrl":"https:\/\/www.sindmoveis.com.br\/es\/wp-content\/uploads\/2021\/05\/p1430328624.jpg","articleSection":["Proyecto Orchestra Brasil","Sindm\u00f3veis"],"inLanguage":"es"},{"@type":"WebPage","@id":"https:\/\/www.sindmoveis.com.br\/es\/empresas-do-projeto-orchestra-brasil-apresentam-lancamentos-em-feira-alema\/","url":"https:\/\/www.sindmoveis.com.br\/es\/empresas-do-projeto-orchestra-brasil-apresentam-lancamentos-em-feira-alema\/","name":"EMPRESAS DEL PROYECTO ORCHESTRA BRASIL PRESENTAN LANZAMIENTOS EN FERIA ALEMANA - Sindm\u00f3veis-RS","isPartOf":{"@id":"https:\/\/www.sindmoveis.com.br\/es\/#website"},"primaryImageOfPage":{"@id":"https:\/\/www.sindmoveis.com.br\/es\/empresas-do-projeto-orchestra-brasil-apresentam-lancamentos-em-feira-alema\/#primaryimage"},"image":{"@id":"https:\/\/www.sindmoveis.com.br\/es\/empresas-do-projeto-orchestra-brasil-apresentam-lancamentos-em-feira-alema\/#primaryimage"},"thumbnailUrl":"https:\/\/www.sindmoveis.com.br\/es\/wp-content\/uploads\/2021\/05\/p1430328624.jpg","datePublished":"2015-04-29T03:00:00+00:00","dateModified":"2021-05-26T13:28:37+00:00","author":{"@id":"https:\/\/www.sindmoveis.com.br\/es\/#\/schema\/person\/16d379542db1950a17fe188179340d57"},"inLanguage":"es","potentialAction":[{"@type":"ReadAction","target":["https:\/\/www.sindmoveis.com.br\/es\/empresas-do-projeto-orchestra-brasil-apresentam-lancamentos-em-feira-alema\/"]}]},{"@type":"ImageObject","inLanguage":"es","@id":"https:\/\/www.sindmoveis.com.br\/es\/empresas-do-projeto-orchestra-brasil-apresentam-lancamentos-em-feira-alema\/#primaryimage","url":"https:\/\/www.sindmoveis.com.br\/es\/wp-content\/uploads\/2021\/05\/p1430328624.jpg","contentUrl":"https:\/\/www.sindmoveis.com.br\/es\/wp-content\/uploads\/2021\/05\/p1430328624.jpg","width":886,"height":604,"caption":"M\u00e1s de 65% de los visitantes y expositores son extranjeros Photograph: Koelnmesse"},{"@type":"WebSite","@id":"https:\/\/www.sindmoveis.com.br\/es\/#website","url":"https:\/\/www.sindmoveis.com.br\/es\/","name":"Sindm\u00f3veis-RS","description":"","potentialAction":[{"@type":"SearchAction","target":{"@type":"EntryPoint","urlTemplate":"https:\/\/www.sindmoveis.com.br\/es\/?s={search_term_string}"},"query-input":{"@type":"PropertyValueSpecification","valueRequired":true,"valueName":"search_term_string"}}],"inLanguage":"es"},{"@type":"Person","@id":"https:\/\/www.sindmoveis.com.br\/es\/#\/schema\/person\/16d379542db1950a17fe188179340d57","name":"Imprensa Sindm\u00f3veis","image":{"@type":"ImageObject","inLanguage":"es","@id":"https:\/\/www.sindmoveis.com.br\/es\/#\/schema\/person\/image\/","url":"https:\/\/secure.gravatar.com\/avatar\/4973e2e2c2a0cb5db30b0c7b770041b8e33d048a16b695a1f99c042449d4bfaf?s=96&d=mm&r=g","contentUrl":"https:\/\/secure.gravatar.com\/avatar\/4973e2e2c2a0cb5db30b0c7b770041b8e33d048a16b695a1f99c042449d4bfaf?s=96&d=mm&r=g","caption":"Imprensa Sindm\u00f3veis"},"url":"https:\/\/www.sindmoveis.com.br\/es\/author\/ana\/"}]}},"_links":{"self":[{"href":"https:\/\/www.sindmoveis.com.br\/es\/wp-json\/wp\/v2\/posts\/1149","targetHints":{"allow":["GET"]}}],"collection":[{"href":"https:\/\/www.sindmoveis.com.br\/es\/wp-json\/wp\/v2\/posts"}],"about":[{"href":"https:\/\/www.sindmoveis.com.br\/es\/wp-json\/wp\/v2\/types\/post"}],"author":[{"embeddable":true,"href":"https:\/\/www.sindmoveis.com.br\/es\/wp-json\/wp\/v2\/users\/5"}],"replies":[{"embeddable":true,"href":"https:\/\/www.sindmoveis.com.br\/es\/wp-json\/wp\/v2\/comments?post=1149"}],"version-history":[{"count":2,"href":"https:\/\/www.sindmoveis.com.br\/es\/wp-json\/wp\/v2\/posts\/1149\/revisions"}],"predecessor-version":[{"id":3477,"href":"https:\/\/www.sindmoveis.com.br\/es\/wp-json\/wp\/v2\/posts\/1149\/revisions\/3477"}],"wp:featuredmedia":[{"embeddable":true,"href":"https:\/\/www.sindmoveis.com.br\/es\/wp-json\/wp\/v2\/media\/3478"}],"wp:attachment":[{"href":"https:\/\/www.sindmoveis.com.br\/es\/wp-json\/wp\/v2\/media?parent=1149"}],"wp:term":[{"taxonomy":"category","embeddable":true,"href":"https:\/\/www.sindmoveis.com.br\/es\/wp-json\/wp\/v2\/categories?post=1149"},{"taxonomy":"post_tag","embeddable":true,"href":"https:\/\/www.sindmoveis.com.br\/es\/wp-json\/wp\/v2\/tags?post=1149"}],"curies":[{"name":"wp","href":"https:\/\/api.w.org\/{rel}","templated":true}]}}