{"id":1147,"date":"2015-04-13T00:00:00","date_gmt":"2015-04-13T03:00:00","guid":{"rendered":"http:\/\/sindmoveis.com.br\/imprensa\/noticias\/sindmoveis-tem-agenda-em-milao\/"},"modified":"2021-05-26T10:24:27","modified_gmt":"2021-05-26T13:24:27","slug":"sindmoveis-tem-agenda-em-milao","status":"publish","type":"post","link":"https:\/\/www.sindmoveis.com.br\/es\/sindmoveis-tem-agenda-em-milao\/","title":{"rendered":"Sindm\u00f3veis tiene agenda en Mil\u00e1n"},"content":{"rendered":"<p>El dise&ntilde;o brasile&ntilde;o tendr&aacute; presencia fuerte en el Sal&oacute;n Internacional del Mueble de Mil&aacute;n, de 14 a 19 de abril &ndash; al final, Brasil es la tercera mayor delegaci&oacute;n que visita la ciudad italiana en el per&iacute;odo. Al todo, 11 estudios participantes del proyecto Orchestra Brasil tendr&aacute;n productos expuestos en ISaloni y en las muestras del Fuorisaloni: Bernardo Senna, Bold Design, Bruno Jahara, estudiobola, Fahrer Design, Jader Almeida, Quadrante Design, Roque Frizzo, Ronald Scliar Sasson, Tez&ecirc; y Zanini de Zanine.<\/p>\n<p>Adem&aacute;s de la participaci&oacute;n de dise&ntilde;adores del proyecto en ISaloni y en las muestras paralelas del Fuorisaloni, Sindm&oacute;veis Bento Gon&ccedil;alves conducir&aacute; una misi&oacute;n prospectiva en b&uacute;squeda de asociaciones para los profesionales que integran el proyecto. Orchestra Brasil es una iniciativa de la Agencia Brasile&ntilde;a de Promoci&oacute;n de Exportaciones e Inversiones (Apex-Brasil) y del Sindicato de las Industrias del Mobiliario de Bento Gon&ccedil;alves (Sindm&oacute;veis), que promueve e intensifica la internacionalizaci&oacute;n de proveedores de la industria del mobiliario &ndash; incluyendo el servicio de dise&ntilde;o.<\/p>\n<p>En Mil&aacute;n, la agenda de negocios de Sindm&oacute;veis incluye encuentros con propietarios de tiendas e industrias fabricantes de muebles demandantes de servicio de dise&ntilde;o. Actualmente, la estrategia del Proyecto Orchestra Brasil para la exportaci&oacute;n del dise&ntilde;o est&aacute; focalizada en el mercado de Estados Unidos. En los &uacute;ltimos seis meses, el proyecto ha venido invirtiendo en estudios sobre ese mercado y en el desarrollo de una colecci&oacute;n de productos destinada al consumidor norteamericano y al comercio minorista de Nueva York.<\/p>\n<p><strong>Eventos que concentran piezas firmadas por brasile&ntilde;os<\/strong><\/p>\n<p><strong>Brazil S\/A<\/strong><\/p>\n<p>&nbsp;BRAZIL S\/A es un espacio de exposici&oacute;n e interacci&oacute;n&nbsp; entre empresas y profesionales brasile&ntilde;os de los sectores de innovaci&oacute;n y dise&ntilde;o,&nbsp; adem&aacute;s de arquitectura, decoraci&oacute;n y artesan&iacute;a. En 2015, la 6&ordf; edici&oacute;n de la muestra espera 120 mil visitantes en la Universit&agrave; Degli Studi di Milano. &nbsp;<\/p>\n<p><strong>MADE | Mercado, Arte, Dise&ntilde;o<\/strong>&nbsp;<\/p>\n<p>Talentos brasile&ntilde;os rigorosamente seleccionados por el curador Waldick Jatob&aacute; y por el tambi&eacute;n curador Bruno Sim&otilde;es, dise&ntilde;ador y arquitecto. Son aproximadamente 30 dise&ntilde;adores brasile&ntilde;os que ir&aacute;n a exponer piezas &uacute;nicas o de edici&oacute;n limitada, autorales e in&eacute;ditas al p&uacute;blico visitante. La muestra incluye, a&uacute;n m&aacute;s, una colecci&oacute;n de 10 bancos ind&iacute;genas del inicio del siglo pasado; una instalaci&oacute;n firmada por los hermanos Fernando y Humberto Campana y un pabell&oacute;n de arquitectura temporal firmado por el arquitecto Marcio Kogan. MADE estar&aacute; en el Palazzo Litta &ndash; Corso Magenta, 24.<\/p>\n<p><strong>Rio+Design<\/strong><\/p>\n<p>Tecnolog&iacute;a y sostenibilidad son los hilos conductores de la s&eacute;ptima edici&oacute;n de la muestra Rio+Design, que reunir&aacute; 75 piezas y proyectos de 40 estudios de dise&ntilde;o en la Zona Tortona, en medio a una escenograf&iacute;a envolvente firmada por Guto Indio da Costa. Son creaciones de j&oacute;venes talentos y profesionales consagrados, que nacen de la pasi&oacute;n por los descubrimientos en un&nbsp; ambiente estimulante. El p&uacute;blico podr&aacute; conocer el proceso creativo que gener&oacute; cada pieza, por medio de monitores que exhibir&aacute;n videos que cuentan detalles y curiosidades sobre los proyectos, adem&aacute;s de mostrar el perfil de los creadores. Rio+Design estar&aacute; en Opificio 31, Via Tortona.<\/p>\n","protected":false},"excerpt":{"rendered":"<p>Adem\u00e1s de la participaci\u00f3n en ISaloni y Fuorisaloni, comitiva tendr\u00e1 misi\u00f3n prospectiva en b\u00fasqueda de asociaciones para los dise\u00f1adores del Proyecto Orchestra Brasil<\/p>\n","protected":false},"author":5,"featured_media":3476,"comment_status":"closed","ping_status":"open","sticky":false,"template":"","format":"standard","meta":{"footnotes":"","_links_to":"","_links_to_target":""},"categories":[2],"tags":[],"class_list":["post-1147","post","type-post","status-publish","format-standard","has-post-thumbnail","hentry","category-sindmoveis"],"yoast_head":"<!-- This site is optimized with the Yoast SEO plugin v27.0 - https:\/\/yoast.com\/product\/yoast-seo-wordpress\/ -->\n<title>Sindm\u00f3veis tiene agenda en Mil\u00e1n - Sindm\u00f3veis-RS<\/title>\n<meta name=\"robots\" content=\"index, follow, max-snippet:-1, max-image-preview:large, max-video-preview:-1\" \/>\n<link rel=\"canonical\" href=\"https:\/\/www.sindmoveis.com.br\/es\/sindmoveis-tem-agenda-em-milao\/\" \/>\n<meta property=\"og:locale\" content=\"es_ES\" \/>\n<meta property=\"og:type\" content=\"article\" \/>\n<meta property=\"og:title\" content=\"Sindm\u00f3veis tiene agenda en Mil\u00e1n - Sindm\u00f3veis-RS\" \/>\n<meta property=\"og:description\" content=\"Adem\u00e1s de la participaci\u00f3n en ISaloni y Fuorisaloni, comitiva tendr\u00e1 misi\u00f3n prospectiva en b\u00fasqueda de asociaciones para los dise\u00f1adores del Proyecto Orchestra Brasil\" \/>\n<meta property=\"og:url\" content=\"https:\/\/www.sindmoveis.com.br\/es\/sindmoveis-tem-agenda-em-milao\/\" \/>\n<meta property=\"og:site_name\" content=\"Sindm\u00f3veis-RS\" \/>\n<meta property=\"article:published_time\" content=\"2015-04-13T03:00:00+00:00\" \/>\n<meta property=\"article:modified_time\" content=\"2021-05-26T13:24:27+00:00\" \/>\n<meta property=\"og:image\" content=\"https:\/\/www.sindmoveis.com.br\/es\/wp-content\/uploads\/2021\/05\/p1428947116.jpg\" \/>\n\t<meta property=\"og:image:width\" content=\"640\" \/>\n\t<meta property=\"og:image:height\" content=\"427\" \/>\n\t<meta property=\"og:image:type\" content=\"image\/jpeg\" \/>\n<meta name=\"author\" content=\"Imprensa Sindm\u00f3veis\" \/>\n<meta name=\"twitter:card\" content=\"summary_large_image\" \/>\n<meta name=\"twitter:label1\" content=\"Escrito por\" \/>\n\t<meta name=\"twitter:data1\" content=\"Imprensa Sindm\u00f3veis\" \/>\n\t<meta name=\"twitter:label2\" content=\"Tiempo de lectura\" \/>\n\t<meta name=\"twitter:data2\" content=\"3 minutos\" \/>\n<script type=\"application\/ld+json\" class=\"yoast-schema-graph\">{\"@context\":\"https:\/\/schema.org\",\"@graph\":[{\"@type\":\"Article\",\"@id\":\"https:\/\/www.sindmoveis.com.br\/es\/sindmoveis-tem-agenda-em-milao\/#article\",\"isPartOf\":{\"@id\":\"https:\/\/www.sindmoveis.com.br\/es\/sindmoveis-tem-agenda-em-milao\/\"},\"author\":{\"name\":\"Imprensa Sindm\u00f3veis\",\"@id\":\"https:\/\/www.sindmoveis.com.br\/es\/#\/schema\/person\/16d379542db1950a17fe188179340d57\"},\"headline\":\"Sindm\u00f3veis tiene agenda en Mil\u00e1n\",\"datePublished\":\"2015-04-13T03:00:00+00:00\",\"dateModified\":\"2021-05-26T13:24:27+00:00\",\"mainEntityOfPage\":{\"@id\":\"https:\/\/www.sindmoveis.com.br\/es\/sindmoveis-tem-agenda-em-milao\/\"},\"wordCount\":638,\"image\":{\"@id\":\"https:\/\/www.sindmoveis.com.br\/es\/sindmoveis-tem-agenda-em-milao\/#primaryimage\"},\"thumbnailUrl\":\"https:\/\/www.sindmoveis.com.br\/es\/wp-content\/uploads\/2021\/05\/p1428947116.jpg\",\"articleSection\":[\"Sindm\u00f3veis\"],\"inLanguage\":\"es\"},{\"@type\":\"WebPage\",\"@id\":\"https:\/\/www.sindmoveis.com.br\/es\/sindmoveis-tem-agenda-em-milao\/\",\"url\":\"https:\/\/www.sindmoveis.com.br\/es\/sindmoveis-tem-agenda-em-milao\/\",\"name\":\"Sindm\u00f3veis tiene agenda en Mil\u00e1n - Sindm\u00f3veis-RS\",\"isPartOf\":{\"@id\":\"https:\/\/www.sindmoveis.com.br\/es\/#website\"},\"primaryImageOfPage\":{\"@id\":\"https:\/\/www.sindmoveis.com.br\/es\/sindmoveis-tem-agenda-em-milao\/#primaryimage\"},\"image\":{\"@id\":\"https:\/\/www.sindmoveis.com.br\/es\/sindmoveis-tem-agenda-em-milao\/#primaryimage\"},\"thumbnailUrl\":\"https:\/\/www.sindmoveis.com.br\/es\/wp-content\/uploads\/2021\/05\/p1428947116.jpg\",\"datePublished\":\"2015-04-13T03:00:00+00:00\",\"dateModified\":\"2021-05-26T13:24:27+00:00\",\"author\":{\"@id\":\"https:\/\/www.sindmoveis.com.br\/es\/#\/schema\/person\/16d379542db1950a17fe188179340d57\"},\"inLanguage\":\"es\",\"potentialAction\":[{\"@type\":\"ReadAction\",\"target\":[\"https:\/\/www.sindmoveis.com.br\/es\/sindmoveis-tem-agenda-em-milao\/\"]}]},{\"@type\":\"ImageObject\",\"inLanguage\":\"es\",\"@id\":\"https:\/\/www.sindmoveis.com.br\/es\/sindmoveis-tem-agenda-em-milao\/#primaryimage\",\"url\":\"https:\/\/www.sindmoveis.com.br\/es\/wp-content\/uploads\/2021\/05\/p1428947116.jpg\",\"contentUrl\":\"https:\/\/www.sindmoveis.com.br\/es\/wp-content\/uploads\/2021\/05\/p1428947116.jpg\",\"width\":640,\"height\":427,\"caption\":\"Poltrona Face\"},{\"@type\":\"WebSite\",\"@id\":\"https:\/\/www.sindmoveis.com.br\/es\/#website\",\"url\":\"https:\/\/www.sindmoveis.com.br\/es\/\",\"name\":\"Sindm\u00f3veis-RS\",\"description\":\"\",\"potentialAction\":[{\"@type\":\"SearchAction\",\"target\":{\"@type\":\"EntryPoint\",\"urlTemplate\":\"https:\/\/www.sindmoveis.com.br\/es\/?s={search_term_string}\"},\"query-input\":{\"@type\":\"PropertyValueSpecification\",\"valueRequired\":true,\"valueName\":\"search_term_string\"}}],\"inLanguage\":\"es\"},{\"@type\":\"Person\",\"@id\":\"https:\/\/www.sindmoveis.com.br\/es\/#\/schema\/person\/16d379542db1950a17fe188179340d57\",\"name\":\"Imprensa Sindm\u00f3veis\",\"image\":{\"@type\":\"ImageObject\",\"inLanguage\":\"es\",\"@id\":\"https:\/\/www.sindmoveis.com.br\/es\/#\/schema\/person\/image\/\",\"url\":\"https:\/\/secure.gravatar.com\/avatar\/4973e2e2c2a0cb5db30b0c7b770041b8e33d048a16b695a1f99c042449d4bfaf?s=96&d=mm&r=g\",\"contentUrl\":\"https:\/\/secure.gravatar.com\/avatar\/4973e2e2c2a0cb5db30b0c7b770041b8e33d048a16b695a1f99c042449d4bfaf?s=96&d=mm&r=g\",\"caption\":\"Imprensa Sindm\u00f3veis\"},\"url\":\"https:\/\/www.sindmoveis.com.br\/es\/author\/ana\/\"}]}<\/script>\n<!-- \/ Yoast SEO plugin. -->","yoast_head_json":{"title":"Sindm\u00f3veis tiene agenda en Mil\u00e1n - Sindm\u00f3veis-RS","robots":{"index":"index","follow":"follow","max-snippet":"max-snippet:-1","max-image-preview":"max-image-preview:large","max-video-preview":"max-video-preview:-1"},"canonical":"https:\/\/www.sindmoveis.com.br\/es\/sindmoveis-tem-agenda-em-milao\/","og_locale":"es_ES","og_type":"article","og_title":"Sindm\u00f3veis tiene agenda en Mil\u00e1n - Sindm\u00f3veis-RS","og_description":"Adem\u00e1s de la participaci\u00f3n en ISaloni y Fuorisaloni, comitiva tendr\u00e1 misi\u00f3n prospectiva en b\u00fasqueda de asociaciones para los dise\u00f1adores del Proyecto Orchestra Brasil","og_url":"https:\/\/www.sindmoveis.com.br\/es\/sindmoveis-tem-agenda-em-milao\/","og_site_name":"Sindm\u00f3veis-RS","article_published_time":"2015-04-13T03:00:00+00:00","article_modified_time":"2021-05-26T13:24:27+00:00","og_image":[{"width":640,"height":427,"url":"https:\/\/www.sindmoveis.com.br\/es\/wp-content\/uploads\/2021\/05\/p1428947116.jpg","type":"image\/jpeg"}],"author":"Imprensa Sindm\u00f3veis","twitter_card":"summary_large_image","twitter_misc":{"Escrito por":"Imprensa Sindm\u00f3veis","Tiempo de lectura":"3 minutos"},"schema":{"@context":"https:\/\/schema.org","@graph":[{"@type":"Article","@id":"https:\/\/www.sindmoveis.com.br\/es\/sindmoveis-tem-agenda-em-milao\/#article","isPartOf":{"@id":"https:\/\/www.sindmoveis.com.br\/es\/sindmoveis-tem-agenda-em-milao\/"},"author":{"name":"Imprensa Sindm\u00f3veis","@id":"https:\/\/www.sindmoveis.com.br\/es\/#\/schema\/person\/16d379542db1950a17fe188179340d57"},"headline":"Sindm\u00f3veis tiene agenda en Mil\u00e1n","datePublished":"2015-04-13T03:00:00+00:00","dateModified":"2021-05-26T13:24:27+00:00","mainEntityOfPage":{"@id":"https:\/\/www.sindmoveis.com.br\/es\/sindmoveis-tem-agenda-em-milao\/"},"wordCount":638,"image":{"@id":"https:\/\/www.sindmoveis.com.br\/es\/sindmoveis-tem-agenda-em-milao\/#primaryimage"},"thumbnailUrl":"https:\/\/www.sindmoveis.com.br\/es\/wp-content\/uploads\/2021\/05\/p1428947116.jpg","articleSection":["Sindm\u00f3veis"],"inLanguage":"es"},{"@type":"WebPage","@id":"https:\/\/www.sindmoveis.com.br\/es\/sindmoveis-tem-agenda-em-milao\/","url":"https:\/\/www.sindmoveis.com.br\/es\/sindmoveis-tem-agenda-em-milao\/","name":"Sindm\u00f3veis tiene agenda en Mil\u00e1n - Sindm\u00f3veis-RS","isPartOf":{"@id":"https:\/\/www.sindmoveis.com.br\/es\/#website"},"primaryImageOfPage":{"@id":"https:\/\/www.sindmoveis.com.br\/es\/sindmoveis-tem-agenda-em-milao\/#primaryimage"},"image":{"@id":"https:\/\/www.sindmoveis.com.br\/es\/sindmoveis-tem-agenda-em-milao\/#primaryimage"},"thumbnailUrl":"https:\/\/www.sindmoveis.com.br\/es\/wp-content\/uploads\/2021\/05\/p1428947116.jpg","datePublished":"2015-04-13T03:00:00+00:00","dateModified":"2021-05-26T13:24:27+00:00","author":{"@id":"https:\/\/www.sindmoveis.com.br\/es\/#\/schema\/person\/16d379542db1950a17fe188179340d57"},"inLanguage":"es","potentialAction":[{"@type":"ReadAction","target":["https:\/\/www.sindmoveis.com.br\/es\/sindmoveis-tem-agenda-em-milao\/"]}]},{"@type":"ImageObject","inLanguage":"es","@id":"https:\/\/www.sindmoveis.com.br\/es\/sindmoveis-tem-agenda-em-milao\/#primaryimage","url":"https:\/\/www.sindmoveis.com.br\/es\/wp-content\/uploads\/2021\/05\/p1428947116.jpg","contentUrl":"https:\/\/www.sindmoveis.com.br\/es\/wp-content\/uploads\/2021\/05\/p1428947116.jpg","width":640,"height":427,"caption":"Poltrona Face"},{"@type":"WebSite","@id":"https:\/\/www.sindmoveis.com.br\/es\/#website","url":"https:\/\/www.sindmoveis.com.br\/es\/","name":"Sindm\u00f3veis-RS","description":"","potentialAction":[{"@type":"SearchAction","target":{"@type":"EntryPoint","urlTemplate":"https:\/\/www.sindmoveis.com.br\/es\/?s={search_term_string}"},"query-input":{"@type":"PropertyValueSpecification","valueRequired":true,"valueName":"search_term_string"}}],"inLanguage":"es"},{"@type":"Person","@id":"https:\/\/www.sindmoveis.com.br\/es\/#\/schema\/person\/16d379542db1950a17fe188179340d57","name":"Imprensa Sindm\u00f3veis","image":{"@type":"ImageObject","inLanguage":"es","@id":"https:\/\/www.sindmoveis.com.br\/es\/#\/schema\/person\/image\/","url":"https:\/\/secure.gravatar.com\/avatar\/4973e2e2c2a0cb5db30b0c7b770041b8e33d048a16b695a1f99c042449d4bfaf?s=96&d=mm&r=g","contentUrl":"https:\/\/secure.gravatar.com\/avatar\/4973e2e2c2a0cb5db30b0c7b770041b8e33d048a16b695a1f99c042449d4bfaf?s=96&d=mm&r=g","caption":"Imprensa Sindm\u00f3veis"},"url":"https:\/\/www.sindmoveis.com.br\/es\/author\/ana\/"}]}},"_links":{"self":[{"href":"https:\/\/www.sindmoveis.com.br\/es\/wp-json\/wp\/v2\/posts\/1147","targetHints":{"allow":["GET"]}}],"collection":[{"href":"https:\/\/www.sindmoveis.com.br\/es\/wp-json\/wp\/v2\/posts"}],"about":[{"href":"https:\/\/www.sindmoveis.com.br\/es\/wp-json\/wp\/v2\/types\/post"}],"author":[{"embeddable":true,"href":"https:\/\/www.sindmoveis.com.br\/es\/wp-json\/wp\/v2\/users\/5"}],"replies":[{"embeddable":true,"href":"https:\/\/www.sindmoveis.com.br\/es\/wp-json\/wp\/v2\/comments?post=1147"}],"version-history":[{"count":2,"href":"https:\/\/www.sindmoveis.com.br\/es\/wp-json\/wp\/v2\/posts\/1147\/revisions"}],"predecessor-version":[{"id":3475,"href":"https:\/\/www.sindmoveis.com.br\/es\/wp-json\/wp\/v2\/posts\/1147\/revisions\/3475"}],"wp:featuredmedia":[{"embeddable":true,"href":"https:\/\/www.sindmoveis.com.br\/es\/wp-json\/wp\/v2\/media\/3476"}],"wp:attachment":[{"href":"https:\/\/www.sindmoveis.com.br\/es\/wp-json\/wp\/v2\/media?parent=1147"}],"wp:term":[{"taxonomy":"category","embeddable":true,"href":"https:\/\/www.sindmoveis.com.br\/es\/wp-json\/wp\/v2\/categories?post=1147"},{"taxonomy":"post_tag","embeddable":true,"href":"https:\/\/www.sindmoveis.com.br\/es\/wp-json\/wp\/v2\/tags?post=1147"}],"curies":[{"name":"wp","href":"https:\/\/api.w.org\/{rel}","templated":true}]}}