{"id":1143,"date":"2015-03-13T00:00:00","date_gmt":"2015-03-13T03:00:00","guid":{"rendered":"http:\/\/sindmoveis.com.br\/imprensa\/noticias\/sindmoveis-faz-parceria-com-investidores-para-fortalecer-a-marca-casa-brasil\/"},"modified":"2021-05-26T10:24:27","modified_gmt":"2021-05-26T13:24:27","slug":"sindmoveis-faz-parceria-com-investidores-para-fortalecer-a-marca-casa-brasil","status":"publish","type":"post","link":"https:\/\/www.sindmoveis.com.br\/es\/sindmoveis-faz-parceria-com-investidores-para-fortalecer-a-marca-casa-brasil\/","title":{"rendered":"SINDM\u00d3VEIS se asocia  con inversionistas para fortalecer la marca CASA BRASIL"},"content":{"rendered":"<p>El Sindicato de las Industrias del Mobiliario de Bento Gon&ccedil;alves &ndash; SINDM&Oacute;VEIS, se une a INFORMA CLUB, uno de los principales organizadores de ferias, conferencias y entrenamientos del mundo, y a SUMMIT PROMO, idealizadora de DW! &ndash; S&Atilde;O PAULO DESIGN WEEKEND, para llevar a S&atilde;o Paulo CASA BRASIL. M&aacute;s que ampliar&nbsp; potencial de negocios de una de las principales ferias de Am&eacute;rica Latina, la asociaci&oacute;n demuestra el fortalecimiento de la marca frente al mercado internacional e internacional.<\/p>\n<p>&nbsp;&ldquo;CASA BRASIL, fue creada y desarrollada en Bento Gon&ccedil;alves por la fuerza del polo mobiliario de la regi&oacute;n. Con la calidad percibida en todas las ediciones, identificamos la necesidad de ampliar esa marca en Brasil y en el exterior. Buscamos, entonces, caminos viables y positivos para el sector, lo que llev&oacute; a esta asociaci&oacute;n con grandes inversionistas&rdquo;, apunta el presidente de SINDM&Oacute;VEIS, Henrique Tecchio.<\/p>\n<p>Iniciativa de la entidad desde 2007, CASA BRASIL tuvo cuatro ediciones en &nbsp;&nbsp;el Parque de Eventos de Bento Gon&ccedil;alves, reuniendo grandes nombres de los segmentos de muebles, iluminaci&oacute;n, decoraci&oacute;n y complementos de alto nivel. A partir de 2016, CASA BRASIL S&Atilde;O PAULO ser&aacute; el evento ancla de DW! y de una gran feria de productos y soluciones para arquitectura y decoraci&oacute;n, que ser&aacute; promovida anualmente por INFORMA GROUP y SUMMIT PROMO, en S&Atilde;O PAULO EXPO EXHIBITION &amp; CONVENTION CENTER.<\/p>\n<p>SP EXPO est&aacute; siendo construida donde antiguamente estaba localizado el Centro de Eventos Inmigrantes. Con inversiones en orden de R$ 300 millones realizadas por el grupo franc&eacute;s GL EVENTS se transformar&aacute;, a partir de Marzo de 2016, en uno de los mayores (90.000 m&sup2;) y seguramente el mejor lugar para ferias en Am&eacute;rica Latina. Adem&aacute;s de la infraestructura interna, la regi&oacute;n recibir&aacute; grandes inversiones de integraci&oacute;n log&iacute;stica y m&uacute;ltiples modalidades, para facilitar el acceso y movilizaci&oacute;n de expositores y visitantes.<\/p>\n<p>&nbsp;&ldquo;Estamos muy entusiasmados con esta alianza estrat&eacute;gica, pues creemos que la sinergia entre BTS INFORMA, SINDM&Oacute;VEIS de Bento Gon&ccedil;alves y SUMMIT crear&aacute;n un evento &uacute;nico, de mucha repercusi&oacute;n y visibilidad, generando negocios para visitantes y expositores y posicionando CASA BRASIL en lugar destacado en el circuito mundial de eventos del sector&rdquo;, afirma Marco Basso, presidente de BTS INFORMA.<\/p>\n<p>As&iacute; como en las otras ediciones, el nuevo formato seguir&aacute; las tendencias y se&ntilde;ales del mercado nacional e internacional. El Sal&atilde;o Design permanecer&aacute; como un evento conjunto de CASA BRASIL S&Atilde;O PAULO, de DW! y de la nueva feria de arquitectura y decoraci&oacute;n. En una composici&oacute;n de ideas e inspiraciones, CASA BRASIL 2016, tendr&aacute; representatividad y significado tambi&eacute;n mayores para el sector, una vez que estar&aacute; en el eje de los principales eventos brasile&ntilde;os volcados a la decoraci&oacute;n, dise&ntilde;o y negocios. &nbsp;<\/p>\n<p>&nbsp;&ldquo;El segmento ha pasado por significativas transformaciones en los &uacute;ltimos a&ntilde;os, causadas sobre todo, por los cambios de comportamiento de los consumidores, por la valoraci&oacute;n del dise&ntilde;o y por el aumento de la competencia global. En este escenario, los m&aacute;s de 200 mil profesionales de arquitectura y dise&ntilde;o de interiores en actividad en Brasil se transformar&aacute;n en los principales &ldquo;traductores&rdquo; de las innovaciones y tendencias. La relaci&oacute;n pr&oacute;xima con estos grupos se ha convertido en estrategia esencial para fabricantes, en especial proveedores de materiales de alto valor agregado, que buscan diferenciarse de los competidores por la calidad y el dise&ntilde;o. En este sentido, SINDM&Oacute;VEIS, BTS INFORMA y SUMMIT PROMO reunieron sus conocimientos y experiencias nacionales e internacionales en el lanzamiento de CASA BRASIL S&Atilde;O PAULO 2016&rdquo;, asegura el CEO de SUMMIT PROMO, Lauro Andrade Filho.&nbsp;<\/p>\n<p>Sobre&nbsp; INFORMA GROUP<\/p>\n<p>INFORMA GROUP es uno de los mayores promotores mundiales de informaci&oacute;n especializada en servicios para las comunidades acad&eacute;mica y cient&iacute;fica, profesional y empresarial. El grupo tiene su&nbsp; sede en Londres y cerca de 150 oficinas en m&aacute;s de 40 pa&iacute;ses. Las acciones de Informa est&aacute;n listadas en la Bolsa de Valores de Londres, incluy&eacute;ndose en el &iacute;ndice de las 250 mayores compa&ntilde;&iacute;as. Anualmente organiza m&aacute;s de 8 mil eventos, siendo 250 ferias de negocios, y publica alrededor de 80 mil libros y m&aacute;s de 2.000 revistas y publicaciones acad&eacute;micas. En el portafolio mundial de Informa existen ferias importantes en el segmento de dise&ntilde;o y decoraci&oacute;n, como Design Juction (UK), Surfaces, AIA (EEUU), Interior Design Show (Canad&aacute;). En Brasil desde 1995, Informa act&uacute;a tambi&eacute;n en varios segmentos de mercado, siendo la segunda mayor promotora y organizadora de ferias de negocios del pa&iacute;s, detentora de un portafolio diversificado, compuesto por casi 30 ferias, como FORM&Oacute;BILE, ABF FRANCHISING EXPO, AGRISHOW y FISPAL TECNOLOG&Iacute;A, entre otras.<\/p>\n<p>Sobre SUMMIT PROMO<\/p>\n<p>SUMMIT PROMO es una empresa de promoci&oacute;n y organizaci&oacute;n de eventos de negocios, creada y dirigida por Lauro Andrade, especializada en Arquitectura, Decoraci&oacute;n, Dise&ntilde;o y Construcci&oacute;n. La empresa es propietaria, idealizadora y realizadora del festival urbano DW! S&Atilde;O PAULO DESIGN WEEKEND, que tendr&aacute; su cuarta edici&oacute;n en 2015. Lauro Andrade es el responsable por la direcci&oacute;n general de las diez &uacute;ltimas ediciones de la feria EXPO REVESTIR y del FORO INTERNACIONAL DE ARQUITECTURA Y CONSTRUCCI&Oacute;N. Conocidos coma la Fashion Week de la Arquitectura y Construcci&oacute;n, constituyen el mayor evento de soluciones en acabados de Am&eacute;rica Latina, con 40 mil m&sup2; de exposici&oacute;n y 61 mil profesionales visitantes procedentes de 50 pa&iacute;ses, siendo casi 40 mil arquitectos y dise&ntilde;adores de interiores. SUMMIT tiene gran experiencia internacional en eventos fuera de Brasil, con participaci&oacute;n en m&aacute;s de 50 eventos internacionales de arquitectura, decoraci&oacute;n, dise&ntilde;o y construcci&oacute;n.<\/p>\n","protected":false},"excerpt":{"rendered":"<p>Feria con sede en Bento Gon\u00e7alves hace cuatro ediciones ser\u00e1 ancla de grandes eventos en la ciudad de S\u00e3o Paulo a partir de 2016<\/p>\n","protected":false},"author":5,"featured_media":3474,"comment_status":"closed","ping_status":"open","sticky":false,"template":"","format":"standard","meta":{"footnotes":"","_links_to":"","_links_to_target":""},"categories":[2],"tags":[],"class_list":["post-1143","post","type-post","status-publish","format-standard","has-post-thumbnail","hentry","category-sindmoveis"],"yoast_head":"<!-- This site is optimized with the Yoast SEO plugin v27.0 - https:\/\/yoast.com\/product\/yoast-seo-wordpress\/ -->\n<title>SINDM\u00d3VEIS se asocia con inversionistas para fortalecer la marca CASA BRASIL - Sindm\u00f3veis-RS<\/title>\n<meta name=\"robots\" content=\"index, follow, max-snippet:-1, max-image-preview:large, max-video-preview:-1\" \/>\n<link rel=\"canonical\" href=\"https:\/\/www.sindmoveis.com.br\/es\/sindmoveis-faz-parceria-com-investidores-para-fortalecer-a-marca-casa-brasil\/\" \/>\n<meta property=\"og:locale\" content=\"es_ES\" \/>\n<meta property=\"og:type\" content=\"article\" \/>\n<meta property=\"og:title\" content=\"SINDM\u00d3VEIS se asocia con inversionistas para fortalecer la marca CASA BRASIL - Sindm\u00f3veis-RS\" \/>\n<meta property=\"og:description\" content=\"Feria con sede en Bento Gon\u00e7alves hace cuatro ediciones ser\u00e1 ancla de grandes eventos en la ciudad de S\u00e3o Paulo a partir de 2016\" \/>\n<meta property=\"og:url\" content=\"https:\/\/www.sindmoveis.com.br\/es\/sindmoveis-faz-parceria-com-investidores-para-fortalecer-a-marca-casa-brasil\/\" \/>\n<meta property=\"og:site_name\" content=\"Sindm\u00f3veis-RS\" \/>\n<meta property=\"article:published_time\" content=\"2015-03-13T03:00:00+00:00\" \/>\n<meta property=\"article:modified_time\" content=\"2021-05-26T13:24:27+00:00\" \/>\n<meta property=\"og:image\" content=\"https:\/\/www.sindmoveis.com.br\/es\/wp-content\/uploads\/2021\/05\/p1426243958.jpg\" \/>\n\t<meta property=\"og:image:width\" content=\"1048\" \/>\n\t<meta property=\"og:image:height\" content=\"700\" \/>\n\t<meta property=\"og:image:type\" content=\"image\/jpeg\" \/>\n<meta name=\"author\" content=\"Imprensa Sindm\u00f3veis\" \/>\n<meta name=\"twitter:card\" content=\"summary_large_image\" \/>\n<meta name=\"twitter:label1\" content=\"Escrito por\" \/>\n\t<meta name=\"twitter:data1\" content=\"Imprensa Sindm\u00f3veis\" \/>\n\t<meta name=\"twitter:label2\" content=\"Tiempo de lectura\" \/>\n\t<meta name=\"twitter:data2\" content=\"5 minutos\" \/>\n<script type=\"application\/ld+json\" class=\"yoast-schema-graph\">{\"@context\":\"https:\/\/schema.org\",\"@graph\":[{\"@type\":\"Article\",\"@id\":\"https:\/\/www.sindmoveis.com.br\/es\/sindmoveis-faz-parceria-com-investidores-para-fortalecer-a-marca-casa-brasil\/#article\",\"isPartOf\":{\"@id\":\"https:\/\/www.sindmoveis.com.br\/es\/sindmoveis-faz-parceria-com-investidores-para-fortalecer-a-marca-casa-brasil\/\"},\"author\":{\"name\":\"Imprensa Sindm\u00f3veis\",\"@id\":\"https:\/\/www.sindmoveis.com.br\/es\/#\/schema\/person\/16d379542db1950a17fe188179340d57\"},\"headline\":\"SINDM\u00d3VEIS se asocia con inversionistas para fortalecer la marca CASA BRASIL\",\"datePublished\":\"2015-03-13T03:00:00+00:00\",\"dateModified\":\"2021-05-26T13:24:27+00:00\",\"mainEntityOfPage\":{\"@id\":\"https:\/\/www.sindmoveis.com.br\/es\/sindmoveis-faz-parceria-com-investidores-para-fortalecer-a-marca-casa-brasil\/\"},\"wordCount\":1087,\"image\":{\"@id\":\"https:\/\/www.sindmoveis.com.br\/es\/sindmoveis-faz-parceria-com-investidores-para-fortalecer-a-marca-casa-brasil\/#primaryimage\"},\"thumbnailUrl\":\"https:\/\/www.sindmoveis.com.br\/es\/wp-content\/uploads\/2021\/05\/p1426243958.jpg\",\"articleSection\":[\"Sindm\u00f3veis\"],\"inLanguage\":\"es\"},{\"@type\":\"WebPage\",\"@id\":\"https:\/\/www.sindmoveis.com.br\/es\/sindmoveis-faz-parceria-com-investidores-para-fortalecer-a-marca-casa-brasil\/\",\"url\":\"https:\/\/www.sindmoveis.com.br\/es\/sindmoveis-faz-parceria-com-investidores-para-fortalecer-a-marca-casa-brasil\/\",\"name\":\"SINDM\u00d3VEIS se asocia con inversionistas para fortalecer la marca CASA BRASIL - Sindm\u00f3veis-RS\",\"isPartOf\":{\"@id\":\"https:\/\/www.sindmoveis.com.br\/es\/#website\"},\"primaryImageOfPage\":{\"@id\":\"https:\/\/www.sindmoveis.com.br\/es\/sindmoveis-faz-parceria-com-investidores-para-fortalecer-a-marca-casa-brasil\/#primaryimage\"},\"image\":{\"@id\":\"https:\/\/www.sindmoveis.com.br\/es\/sindmoveis-faz-parceria-com-investidores-para-fortalecer-a-marca-casa-brasil\/#primaryimage\"},\"thumbnailUrl\":\"https:\/\/www.sindmoveis.com.br\/es\/wp-content\/uploads\/2021\/05\/p1426243958.jpg\",\"datePublished\":\"2015-03-13T03:00:00+00:00\",\"dateModified\":\"2021-05-26T13:24:27+00:00\",\"author\":{\"@id\":\"https:\/\/www.sindmoveis.com.br\/es\/#\/schema\/person\/16d379542db1950a17fe188179340d57\"},\"inLanguage\":\"es\",\"potentialAction\":[{\"@type\":\"ReadAction\",\"target\":[\"https:\/\/www.sindmoveis.com.br\/es\/sindmoveis-faz-parceria-com-investidores-para-fortalecer-a-marca-casa-brasil\/\"]}]},{\"@type\":\"ImageObject\",\"inLanguage\":\"es\",\"@id\":\"https:\/\/www.sindmoveis.com.br\/es\/sindmoveis-faz-parceria-com-investidores-para-fortalecer-a-marca-casa-brasil\/#primaryimage\",\"url\":\"https:\/\/www.sindmoveis.com.br\/es\/wp-content\/uploads\/2021\/05\/p1426243958.jpg\",\"contentUrl\":\"https:\/\/www.sindmoveis.com.br\/es\/wp-content\/uploads\/2021\/05\/p1426243958.jpg\",\"width\":1048,\"height\":700,\"caption\":\"Presentaci\u00f3n de Casa Brasil S\u00e3o Paulo fue en el \u00faltimo Jueves\"},{\"@type\":\"WebSite\",\"@id\":\"https:\/\/www.sindmoveis.com.br\/es\/#website\",\"url\":\"https:\/\/www.sindmoveis.com.br\/es\/\",\"name\":\"Sindm\u00f3veis-RS\",\"description\":\"\",\"potentialAction\":[{\"@type\":\"SearchAction\",\"target\":{\"@type\":\"EntryPoint\",\"urlTemplate\":\"https:\/\/www.sindmoveis.com.br\/es\/?s={search_term_string}\"},\"query-input\":{\"@type\":\"PropertyValueSpecification\",\"valueRequired\":true,\"valueName\":\"search_term_string\"}}],\"inLanguage\":\"es\"},{\"@type\":\"Person\",\"@id\":\"https:\/\/www.sindmoveis.com.br\/es\/#\/schema\/person\/16d379542db1950a17fe188179340d57\",\"name\":\"Imprensa Sindm\u00f3veis\",\"image\":{\"@type\":\"ImageObject\",\"inLanguage\":\"es\",\"@id\":\"https:\/\/www.sindmoveis.com.br\/es\/#\/schema\/person\/image\/\",\"url\":\"https:\/\/secure.gravatar.com\/avatar\/4973e2e2c2a0cb5db30b0c7b770041b8e33d048a16b695a1f99c042449d4bfaf?s=96&d=mm&r=g\",\"contentUrl\":\"https:\/\/secure.gravatar.com\/avatar\/4973e2e2c2a0cb5db30b0c7b770041b8e33d048a16b695a1f99c042449d4bfaf?s=96&d=mm&r=g\",\"caption\":\"Imprensa Sindm\u00f3veis\"},\"url\":\"https:\/\/www.sindmoveis.com.br\/es\/author\/ana\/\"}]}<\/script>\n<!-- \/ Yoast SEO plugin. -->","yoast_head_json":{"title":"SINDM\u00d3VEIS se asocia con inversionistas para fortalecer la marca CASA BRASIL - Sindm\u00f3veis-RS","robots":{"index":"index","follow":"follow","max-snippet":"max-snippet:-1","max-image-preview":"max-image-preview:large","max-video-preview":"max-video-preview:-1"},"canonical":"https:\/\/www.sindmoveis.com.br\/es\/sindmoveis-faz-parceria-com-investidores-para-fortalecer-a-marca-casa-brasil\/","og_locale":"es_ES","og_type":"article","og_title":"SINDM\u00d3VEIS se asocia con inversionistas para fortalecer la marca CASA BRASIL - Sindm\u00f3veis-RS","og_description":"Feria con sede en Bento Gon\u00e7alves hace cuatro ediciones ser\u00e1 ancla de grandes eventos en la ciudad de S\u00e3o Paulo a partir de 2016","og_url":"https:\/\/www.sindmoveis.com.br\/es\/sindmoveis-faz-parceria-com-investidores-para-fortalecer-a-marca-casa-brasil\/","og_site_name":"Sindm\u00f3veis-RS","article_published_time":"2015-03-13T03:00:00+00:00","article_modified_time":"2021-05-26T13:24:27+00:00","og_image":[{"width":1048,"height":700,"url":"https:\/\/www.sindmoveis.com.br\/es\/wp-content\/uploads\/2021\/05\/p1426243958.jpg","type":"image\/jpeg"}],"author":"Imprensa Sindm\u00f3veis","twitter_card":"summary_large_image","twitter_misc":{"Escrito por":"Imprensa Sindm\u00f3veis","Tiempo de lectura":"5 minutos"},"schema":{"@context":"https:\/\/schema.org","@graph":[{"@type":"Article","@id":"https:\/\/www.sindmoveis.com.br\/es\/sindmoveis-faz-parceria-com-investidores-para-fortalecer-a-marca-casa-brasil\/#article","isPartOf":{"@id":"https:\/\/www.sindmoveis.com.br\/es\/sindmoveis-faz-parceria-com-investidores-para-fortalecer-a-marca-casa-brasil\/"},"author":{"name":"Imprensa Sindm\u00f3veis","@id":"https:\/\/www.sindmoveis.com.br\/es\/#\/schema\/person\/16d379542db1950a17fe188179340d57"},"headline":"SINDM\u00d3VEIS se asocia con inversionistas para fortalecer la marca CASA BRASIL","datePublished":"2015-03-13T03:00:00+00:00","dateModified":"2021-05-26T13:24:27+00:00","mainEntityOfPage":{"@id":"https:\/\/www.sindmoveis.com.br\/es\/sindmoveis-faz-parceria-com-investidores-para-fortalecer-a-marca-casa-brasil\/"},"wordCount":1087,"image":{"@id":"https:\/\/www.sindmoveis.com.br\/es\/sindmoveis-faz-parceria-com-investidores-para-fortalecer-a-marca-casa-brasil\/#primaryimage"},"thumbnailUrl":"https:\/\/www.sindmoveis.com.br\/es\/wp-content\/uploads\/2021\/05\/p1426243958.jpg","articleSection":["Sindm\u00f3veis"],"inLanguage":"es"},{"@type":"WebPage","@id":"https:\/\/www.sindmoveis.com.br\/es\/sindmoveis-faz-parceria-com-investidores-para-fortalecer-a-marca-casa-brasil\/","url":"https:\/\/www.sindmoveis.com.br\/es\/sindmoveis-faz-parceria-com-investidores-para-fortalecer-a-marca-casa-brasil\/","name":"SINDM\u00d3VEIS se asocia con inversionistas para fortalecer la marca CASA BRASIL - Sindm\u00f3veis-RS","isPartOf":{"@id":"https:\/\/www.sindmoveis.com.br\/es\/#website"},"primaryImageOfPage":{"@id":"https:\/\/www.sindmoveis.com.br\/es\/sindmoveis-faz-parceria-com-investidores-para-fortalecer-a-marca-casa-brasil\/#primaryimage"},"image":{"@id":"https:\/\/www.sindmoveis.com.br\/es\/sindmoveis-faz-parceria-com-investidores-para-fortalecer-a-marca-casa-brasil\/#primaryimage"},"thumbnailUrl":"https:\/\/www.sindmoveis.com.br\/es\/wp-content\/uploads\/2021\/05\/p1426243958.jpg","datePublished":"2015-03-13T03:00:00+00:00","dateModified":"2021-05-26T13:24:27+00:00","author":{"@id":"https:\/\/www.sindmoveis.com.br\/es\/#\/schema\/person\/16d379542db1950a17fe188179340d57"},"inLanguage":"es","potentialAction":[{"@type":"ReadAction","target":["https:\/\/www.sindmoveis.com.br\/es\/sindmoveis-faz-parceria-com-investidores-para-fortalecer-a-marca-casa-brasil\/"]}]},{"@type":"ImageObject","inLanguage":"es","@id":"https:\/\/www.sindmoveis.com.br\/es\/sindmoveis-faz-parceria-com-investidores-para-fortalecer-a-marca-casa-brasil\/#primaryimage","url":"https:\/\/www.sindmoveis.com.br\/es\/wp-content\/uploads\/2021\/05\/p1426243958.jpg","contentUrl":"https:\/\/www.sindmoveis.com.br\/es\/wp-content\/uploads\/2021\/05\/p1426243958.jpg","width":1048,"height":700,"caption":"Presentaci\u00f3n de Casa Brasil S\u00e3o Paulo fue en el \u00faltimo Jueves"},{"@type":"WebSite","@id":"https:\/\/www.sindmoveis.com.br\/es\/#website","url":"https:\/\/www.sindmoveis.com.br\/es\/","name":"Sindm\u00f3veis-RS","description":"","potentialAction":[{"@type":"SearchAction","target":{"@type":"EntryPoint","urlTemplate":"https:\/\/www.sindmoveis.com.br\/es\/?s={search_term_string}"},"query-input":{"@type":"PropertyValueSpecification","valueRequired":true,"valueName":"search_term_string"}}],"inLanguage":"es"},{"@type":"Person","@id":"https:\/\/www.sindmoveis.com.br\/es\/#\/schema\/person\/16d379542db1950a17fe188179340d57","name":"Imprensa Sindm\u00f3veis","image":{"@type":"ImageObject","inLanguage":"es","@id":"https:\/\/www.sindmoveis.com.br\/es\/#\/schema\/person\/image\/","url":"https:\/\/secure.gravatar.com\/avatar\/4973e2e2c2a0cb5db30b0c7b770041b8e33d048a16b695a1f99c042449d4bfaf?s=96&d=mm&r=g","contentUrl":"https:\/\/secure.gravatar.com\/avatar\/4973e2e2c2a0cb5db30b0c7b770041b8e33d048a16b695a1f99c042449d4bfaf?s=96&d=mm&r=g","caption":"Imprensa Sindm\u00f3veis"},"url":"https:\/\/www.sindmoveis.com.br\/es\/author\/ana\/"}]}},"_links":{"self":[{"href":"https:\/\/www.sindmoveis.com.br\/es\/wp-json\/wp\/v2\/posts\/1143","targetHints":{"allow":["GET"]}}],"collection":[{"href":"https:\/\/www.sindmoveis.com.br\/es\/wp-json\/wp\/v2\/posts"}],"about":[{"href":"https:\/\/www.sindmoveis.com.br\/es\/wp-json\/wp\/v2\/types\/post"}],"author":[{"embeddable":true,"href":"https:\/\/www.sindmoveis.com.br\/es\/wp-json\/wp\/v2\/users\/5"}],"replies":[{"embeddable":true,"href":"https:\/\/www.sindmoveis.com.br\/es\/wp-json\/wp\/v2\/comments?post=1143"}],"version-history":[{"count":2,"href":"https:\/\/www.sindmoveis.com.br\/es\/wp-json\/wp\/v2\/posts\/1143\/revisions"}],"predecessor-version":[{"id":3473,"href":"https:\/\/www.sindmoveis.com.br\/es\/wp-json\/wp\/v2\/posts\/1143\/revisions\/3473"}],"wp:featuredmedia":[{"embeddable":true,"href":"https:\/\/www.sindmoveis.com.br\/es\/wp-json\/wp\/v2\/media\/3474"}],"wp:attachment":[{"href":"https:\/\/www.sindmoveis.com.br\/es\/wp-json\/wp\/v2\/media?parent=1143"}],"wp:term":[{"taxonomy":"category","embeddable":true,"href":"https:\/\/www.sindmoveis.com.br\/es\/wp-json\/wp\/v2\/categories?post=1143"},{"taxonomy":"post_tag","embeddable":true,"href":"https:\/\/www.sindmoveis.com.br\/es\/wp-json\/wp\/v2\/tags?post=1143"}],"curies":[{"name":"wp","href":"https:\/\/api.w.org\/{rel}","templated":true}]}}