{"id":1140,"date":"2015-02-13T00:00:00","date_gmt":"2015-02-13T02:00:00","guid":{"rendered":"http:\/\/sindmoveis.com.br\/imprensa\/noticias\/movelsul-brasil-inicia-agenda-de-divulgacao-internacional\/"},"modified":"2021-05-26T10:31:43","modified_gmt":"2021-05-26T13:31:43","slug":"movelsul-brasil-inicia-agenda-de-divulgacao-internacional","status":"publish","type":"post","link":"https:\/\/www.sindmoveis.com.br\/es\/movelsul-brasil-inicia-agenda-de-divulgacao-internacional\/","title":{"rendered":"Movelsul Brasil inicia agenda de divulgaci\u00f3n internacional"},"content":{"rendered":"<p><strong>Participaci&oacute;n en Expomueble Guadalajara con stand propio tiene como objetivo atraer visitantes<\/strong><\/p>\n<p>A un a&ntilde;o de su 20&ordf; edici&oacute;n, Movelsul Brasil 2016 inicia la agenda de divulgaciones internacionales con el objetivo de captar la visita de importadores. La primera participaci&oacute;n ser&aacute; en la Feria Expomueble Guadalajara, de 18 a 21 de febrero, donde Movelsul tendr&aacute; un stand institucional.<br \/>\nExpomueble Guadalajara est&aacute; en su 34&ordf; edici&oacute;n y es considerada la feria m&aacute;s importante de M&eacute;xico para el sector del mobiliario. Son m&aacute;s de 500 expositores y un p&uacute;blico de 12 mil profesionales visitantes en un espacio de 52 mil metros cuadrados de exposici&oacute;n &ndash; pr&aacute;cticamente el mismo metraje de Movelsul, que cuenta con 54 mil metros cuadrados.<br \/>\nM&eacute;xico, por vez, representa la segunda mayor econom&iacute;a de Am&eacute;rica Latina, estando solamente detr&aacute;s de Brasil. Las importaciones de muebles llegaron a U$ 2.800 millones el a&ntilde;o pasado, crecimiento de 6,1% &nbsp;con relaci&oacute;n a 2013.<br \/>\nMovelsul es la mayor feria de negocios del sector del mobiliario de Am&eacute;rica Latina, promovida desde 1997 por el Sindicato de las Industrias del Mobiliario de Bento Gon&ccedil;alves &ndash; Sindm&oacute;veis. La pr&oacute;xima edici&oacute;n ser&aacute; realizada de 14 a 18 de marzo de 2016, en el Parque de Eventos de Bento Gon&ccedil;alves. Hasta el momento, la feria ya ha comercializado 79% de su &aacute;rea total de exposici&oacute;n&nbsp;<\/p>\n","protected":false},"excerpt":{"rendered":"<p>A un a\u00f1o de su 20\u00aa edici\u00f3n, Movelsul Brasil 2016 inicia la agenda de divulgaciones internacionales con el objetivo de captar la visita de importadores. La primera participaci\u00f3n ser\u00e1 en la Feria Expomueble Guadalajara, de 18 a 21 de febrero, donde Movelsul tendr\u00e1 un stand institucional.<\/p>\n","protected":false},"author":5,"featured_media":3472,"comment_status":"closed","ping_status":"open","sticky":false,"template":"","format":"standard","meta":{"footnotes":"","_links_to":"","_links_to_target":""},"categories":[23,2],"tags":[],"class_list":["post-1140","post","type-post","status-publish","format-standard","has-post-thumbnail","hentry","category-movelsul","category-sindmoveis"],"yoast_head":"<!-- This site is optimized with the Yoast SEO plugin v27.0 - https:\/\/yoast.com\/product\/yoast-seo-wordpress\/ -->\n<title>Movelsul Brasil inicia agenda de divulgaci\u00f3n internacional - Sindm\u00f3veis-RS<\/title>\n<meta name=\"robots\" content=\"index, follow, max-snippet:-1, max-image-preview:large, max-video-preview:-1\" \/>\n<link rel=\"canonical\" href=\"https:\/\/www.sindmoveis.com.br\/es\/movelsul-brasil-inicia-agenda-de-divulgacao-internacional\/\" \/>\n<meta property=\"og:locale\" content=\"es_ES\" \/>\n<meta property=\"og:type\" content=\"article\" \/>\n<meta property=\"og:title\" content=\"Movelsul Brasil inicia agenda de divulgaci\u00f3n internacional - Sindm\u00f3veis-RS\" \/>\n<meta property=\"og:description\" content=\"A un a\u00f1o de su 20\u00aa edici\u00f3n, Movelsul Brasil 2016 inicia la agenda de divulgaciones internacionales con el objetivo de captar la visita de importadores. La primera participaci\u00f3n ser\u00e1 en la Feria Expomueble Guadalajara, de 18 a 21 de febrero, donde Movelsul tendr\u00e1 un stand institucional.\" \/>\n<meta property=\"og:url\" content=\"https:\/\/www.sindmoveis.com.br\/es\/movelsul-brasil-inicia-agenda-de-divulgacao-internacional\/\" \/>\n<meta property=\"og:site_name\" content=\"Sindm\u00f3veis-RS\" \/>\n<meta property=\"article:published_time\" content=\"2015-02-13T02:00:00+00:00\" \/>\n<meta property=\"article:modified_time\" content=\"2021-05-26T13:31:43+00:00\" \/>\n<meta property=\"og:image\" content=\"https:\/\/www.sindmoveis.com.br\/es\/wp-content\/uploads\/2021\/05\/p1423829309.jpg\" \/>\n\t<meta property=\"og:image:width\" content=\"1000\" \/>\n\t<meta property=\"og:image:height\" content=\"1180\" \/>\n\t<meta property=\"og:image:type\" content=\"image\/jpeg\" \/>\n<meta name=\"author\" content=\"Imprensa Sindm\u00f3veis\" \/>\n<meta name=\"twitter:card\" content=\"summary_large_image\" \/>\n<meta name=\"twitter:label1\" content=\"Escrito por\" \/>\n\t<meta name=\"twitter:data1\" content=\"Imprensa Sindm\u00f3veis\" \/>\n\t<meta name=\"twitter:label2\" content=\"Tiempo de lectura\" \/>\n\t<meta name=\"twitter:data2\" content=\"1 minuto\" \/>\n<script type=\"application\/ld+json\" class=\"yoast-schema-graph\">{\"@context\":\"https:\/\/schema.org\",\"@graph\":[{\"@type\":\"Article\",\"@id\":\"https:\/\/www.sindmoveis.com.br\/es\/movelsul-brasil-inicia-agenda-de-divulgacao-internacional\/#article\",\"isPartOf\":{\"@id\":\"https:\/\/www.sindmoveis.com.br\/es\/movelsul-brasil-inicia-agenda-de-divulgacao-internacional\/\"},\"author\":{\"name\":\"Imprensa Sindm\u00f3veis\",\"@id\":\"https:\/\/www.sindmoveis.com.br\/es\/#\/schema\/person\/16d379542db1950a17fe188179340d57\"},\"headline\":\"Movelsul Brasil inicia agenda de divulgaci\u00f3n internacional\",\"datePublished\":\"2015-02-13T02:00:00+00:00\",\"dateModified\":\"2021-05-26T13:31:43+00:00\",\"mainEntityOfPage\":{\"@id\":\"https:\/\/www.sindmoveis.com.br\/es\/movelsul-brasil-inicia-agenda-de-divulgacao-internacional\/\"},\"wordCount\":265,\"image\":{\"@id\":\"https:\/\/www.sindmoveis.com.br\/es\/movelsul-brasil-inicia-agenda-de-divulgacao-internacional\/#primaryimage\"},\"thumbnailUrl\":\"https:\/\/www.sindmoveis.com.br\/es\/wp-content\/uploads\/2021\/05\/p1423829309.jpg\",\"articleSection\":[\"Movelsul\",\"Sindm\u00f3veis\"],\"inLanguage\":\"es\"},{\"@type\":\"WebPage\",\"@id\":\"https:\/\/www.sindmoveis.com.br\/es\/movelsul-brasil-inicia-agenda-de-divulgacao-internacional\/\",\"url\":\"https:\/\/www.sindmoveis.com.br\/es\/movelsul-brasil-inicia-agenda-de-divulgacao-internacional\/\",\"name\":\"Movelsul Brasil inicia agenda de divulgaci\u00f3n internacional - Sindm\u00f3veis-RS\",\"isPartOf\":{\"@id\":\"https:\/\/www.sindmoveis.com.br\/es\/#website\"},\"primaryImageOfPage\":{\"@id\":\"https:\/\/www.sindmoveis.com.br\/es\/movelsul-brasil-inicia-agenda-de-divulgacao-internacional\/#primaryimage\"},\"image\":{\"@id\":\"https:\/\/www.sindmoveis.com.br\/es\/movelsul-brasil-inicia-agenda-de-divulgacao-internacional\/#primaryimage\"},\"thumbnailUrl\":\"https:\/\/www.sindmoveis.com.br\/es\/wp-content\/uploads\/2021\/05\/p1423829309.jpg\",\"datePublished\":\"2015-02-13T02:00:00+00:00\",\"dateModified\":\"2021-05-26T13:31:43+00:00\",\"author\":{\"@id\":\"https:\/\/www.sindmoveis.com.br\/es\/#\/schema\/person\/16d379542db1950a17fe188179340d57\"},\"inLanguage\":\"es\",\"potentialAction\":[{\"@type\":\"ReadAction\",\"target\":[\"https:\/\/www.sindmoveis.com.br\/es\/movelsul-brasil-inicia-agenda-de-divulgacao-internacional\/\"]}]},{\"@type\":\"ImageObject\",\"inLanguage\":\"es\",\"@id\":\"https:\/\/www.sindmoveis.com.br\/es\/movelsul-brasil-inicia-agenda-de-divulgacao-internacional\/#primaryimage\",\"url\":\"https:\/\/www.sindmoveis.com.br\/es\/wp-content\/uploads\/2021\/05\/p1423829309.jpg\",\"contentUrl\":\"https:\/\/www.sindmoveis.com.br\/es\/wp-content\/uploads\/2021\/05\/p1423829309.jpg\",\"width\":1000,\"height\":1180,\"caption\":\"Henrique Tecchio\"},{\"@type\":\"WebSite\",\"@id\":\"https:\/\/www.sindmoveis.com.br\/es\/#website\",\"url\":\"https:\/\/www.sindmoveis.com.br\/es\/\",\"name\":\"Sindm\u00f3veis-RS\",\"description\":\"\",\"potentialAction\":[{\"@type\":\"SearchAction\",\"target\":{\"@type\":\"EntryPoint\",\"urlTemplate\":\"https:\/\/www.sindmoveis.com.br\/es\/?s={search_term_string}\"},\"query-input\":{\"@type\":\"PropertyValueSpecification\",\"valueRequired\":true,\"valueName\":\"search_term_string\"}}],\"inLanguage\":\"es\"},{\"@type\":\"Person\",\"@id\":\"https:\/\/www.sindmoveis.com.br\/es\/#\/schema\/person\/16d379542db1950a17fe188179340d57\",\"name\":\"Imprensa Sindm\u00f3veis\",\"image\":{\"@type\":\"ImageObject\",\"inLanguage\":\"es\",\"@id\":\"https:\/\/www.sindmoveis.com.br\/es\/#\/schema\/person\/image\/\",\"url\":\"https:\/\/secure.gravatar.com\/avatar\/4973e2e2c2a0cb5db30b0c7b770041b8e33d048a16b695a1f99c042449d4bfaf?s=96&d=mm&r=g\",\"contentUrl\":\"https:\/\/secure.gravatar.com\/avatar\/4973e2e2c2a0cb5db30b0c7b770041b8e33d048a16b695a1f99c042449d4bfaf?s=96&d=mm&r=g\",\"caption\":\"Imprensa Sindm\u00f3veis\"},\"url\":\"https:\/\/www.sindmoveis.com.br\/es\/author\/ana\/\"}]}<\/script>\n<!-- \/ Yoast SEO plugin. -->","yoast_head_json":{"title":"Movelsul Brasil inicia agenda de divulgaci\u00f3n internacional - Sindm\u00f3veis-RS","robots":{"index":"index","follow":"follow","max-snippet":"max-snippet:-1","max-image-preview":"max-image-preview:large","max-video-preview":"max-video-preview:-1"},"canonical":"https:\/\/www.sindmoveis.com.br\/es\/movelsul-brasil-inicia-agenda-de-divulgacao-internacional\/","og_locale":"es_ES","og_type":"article","og_title":"Movelsul Brasil inicia agenda de divulgaci\u00f3n internacional - Sindm\u00f3veis-RS","og_description":"A un a\u00f1o de su 20\u00aa edici\u00f3n, Movelsul Brasil 2016 inicia la agenda de divulgaciones internacionales con el objetivo de captar la visita de importadores. La primera participaci\u00f3n ser\u00e1 en la Feria Expomueble Guadalajara, de 18 a 21 de febrero, donde Movelsul tendr\u00e1 un stand institucional.","og_url":"https:\/\/www.sindmoveis.com.br\/es\/movelsul-brasil-inicia-agenda-de-divulgacao-internacional\/","og_site_name":"Sindm\u00f3veis-RS","article_published_time":"2015-02-13T02:00:00+00:00","article_modified_time":"2021-05-26T13:31:43+00:00","og_image":[{"width":1000,"height":1180,"url":"https:\/\/www.sindmoveis.com.br\/es\/wp-content\/uploads\/2021\/05\/p1423829309.jpg","type":"image\/jpeg"}],"author":"Imprensa Sindm\u00f3veis","twitter_card":"summary_large_image","twitter_misc":{"Escrito por":"Imprensa Sindm\u00f3veis","Tiempo de lectura":"1 minuto"},"schema":{"@context":"https:\/\/schema.org","@graph":[{"@type":"Article","@id":"https:\/\/www.sindmoveis.com.br\/es\/movelsul-brasil-inicia-agenda-de-divulgacao-internacional\/#article","isPartOf":{"@id":"https:\/\/www.sindmoveis.com.br\/es\/movelsul-brasil-inicia-agenda-de-divulgacao-internacional\/"},"author":{"name":"Imprensa Sindm\u00f3veis","@id":"https:\/\/www.sindmoveis.com.br\/es\/#\/schema\/person\/16d379542db1950a17fe188179340d57"},"headline":"Movelsul Brasil inicia agenda de divulgaci\u00f3n internacional","datePublished":"2015-02-13T02:00:00+00:00","dateModified":"2021-05-26T13:31:43+00:00","mainEntityOfPage":{"@id":"https:\/\/www.sindmoveis.com.br\/es\/movelsul-brasil-inicia-agenda-de-divulgacao-internacional\/"},"wordCount":265,"image":{"@id":"https:\/\/www.sindmoveis.com.br\/es\/movelsul-brasil-inicia-agenda-de-divulgacao-internacional\/#primaryimage"},"thumbnailUrl":"https:\/\/www.sindmoveis.com.br\/es\/wp-content\/uploads\/2021\/05\/p1423829309.jpg","articleSection":["Movelsul","Sindm\u00f3veis"],"inLanguage":"es"},{"@type":"WebPage","@id":"https:\/\/www.sindmoveis.com.br\/es\/movelsul-brasil-inicia-agenda-de-divulgacao-internacional\/","url":"https:\/\/www.sindmoveis.com.br\/es\/movelsul-brasil-inicia-agenda-de-divulgacao-internacional\/","name":"Movelsul Brasil inicia agenda de divulgaci\u00f3n internacional - Sindm\u00f3veis-RS","isPartOf":{"@id":"https:\/\/www.sindmoveis.com.br\/es\/#website"},"primaryImageOfPage":{"@id":"https:\/\/www.sindmoveis.com.br\/es\/movelsul-brasil-inicia-agenda-de-divulgacao-internacional\/#primaryimage"},"image":{"@id":"https:\/\/www.sindmoveis.com.br\/es\/movelsul-brasil-inicia-agenda-de-divulgacao-internacional\/#primaryimage"},"thumbnailUrl":"https:\/\/www.sindmoveis.com.br\/es\/wp-content\/uploads\/2021\/05\/p1423829309.jpg","datePublished":"2015-02-13T02:00:00+00:00","dateModified":"2021-05-26T13:31:43+00:00","author":{"@id":"https:\/\/www.sindmoveis.com.br\/es\/#\/schema\/person\/16d379542db1950a17fe188179340d57"},"inLanguage":"es","potentialAction":[{"@type":"ReadAction","target":["https:\/\/www.sindmoveis.com.br\/es\/movelsul-brasil-inicia-agenda-de-divulgacao-internacional\/"]}]},{"@type":"ImageObject","inLanguage":"es","@id":"https:\/\/www.sindmoveis.com.br\/es\/movelsul-brasil-inicia-agenda-de-divulgacao-internacional\/#primaryimage","url":"https:\/\/www.sindmoveis.com.br\/es\/wp-content\/uploads\/2021\/05\/p1423829309.jpg","contentUrl":"https:\/\/www.sindmoveis.com.br\/es\/wp-content\/uploads\/2021\/05\/p1423829309.jpg","width":1000,"height":1180,"caption":"Henrique Tecchio"},{"@type":"WebSite","@id":"https:\/\/www.sindmoveis.com.br\/es\/#website","url":"https:\/\/www.sindmoveis.com.br\/es\/","name":"Sindm\u00f3veis-RS","description":"","potentialAction":[{"@type":"SearchAction","target":{"@type":"EntryPoint","urlTemplate":"https:\/\/www.sindmoveis.com.br\/es\/?s={search_term_string}"},"query-input":{"@type":"PropertyValueSpecification","valueRequired":true,"valueName":"search_term_string"}}],"inLanguage":"es"},{"@type":"Person","@id":"https:\/\/www.sindmoveis.com.br\/es\/#\/schema\/person\/16d379542db1950a17fe188179340d57","name":"Imprensa Sindm\u00f3veis","image":{"@type":"ImageObject","inLanguage":"es","@id":"https:\/\/www.sindmoveis.com.br\/es\/#\/schema\/person\/image\/","url":"https:\/\/secure.gravatar.com\/avatar\/4973e2e2c2a0cb5db30b0c7b770041b8e33d048a16b695a1f99c042449d4bfaf?s=96&d=mm&r=g","contentUrl":"https:\/\/secure.gravatar.com\/avatar\/4973e2e2c2a0cb5db30b0c7b770041b8e33d048a16b695a1f99c042449d4bfaf?s=96&d=mm&r=g","caption":"Imprensa Sindm\u00f3veis"},"url":"https:\/\/www.sindmoveis.com.br\/es\/author\/ana\/"}]}},"_links":{"self":[{"href":"https:\/\/www.sindmoveis.com.br\/es\/wp-json\/wp\/v2\/posts\/1140","targetHints":{"allow":["GET"]}}],"collection":[{"href":"https:\/\/www.sindmoveis.com.br\/es\/wp-json\/wp\/v2\/posts"}],"about":[{"href":"https:\/\/www.sindmoveis.com.br\/es\/wp-json\/wp\/v2\/types\/post"}],"author":[{"embeddable":true,"href":"https:\/\/www.sindmoveis.com.br\/es\/wp-json\/wp\/v2\/users\/5"}],"replies":[{"embeddable":true,"href":"https:\/\/www.sindmoveis.com.br\/es\/wp-json\/wp\/v2\/comments?post=1140"}],"version-history":[{"count":2,"href":"https:\/\/www.sindmoveis.com.br\/es\/wp-json\/wp\/v2\/posts\/1140\/revisions"}],"predecessor-version":[{"id":3471,"href":"https:\/\/www.sindmoveis.com.br\/es\/wp-json\/wp\/v2\/posts\/1140\/revisions\/3471"}],"wp:featuredmedia":[{"embeddable":true,"href":"https:\/\/www.sindmoveis.com.br\/es\/wp-json\/wp\/v2\/media\/3472"}],"wp:attachment":[{"href":"https:\/\/www.sindmoveis.com.br\/es\/wp-json\/wp\/v2\/media?parent=1140"}],"wp:term":[{"taxonomy":"category","embeddable":true,"href":"https:\/\/www.sindmoveis.com.br\/es\/wp-json\/wp\/v2\/categories?post=1140"},{"taxonomy":"post_tag","embeddable":true,"href":"https:\/\/www.sindmoveis.com.br\/es\/wp-json\/wp\/v2\/tags?post=1140"}],"curies":[{"name":"wp","href":"https:\/\/api.w.org\/{rel}","templated":true}]}}