{"id":1139,"date":"2015-02-10T00:00:00","date_gmt":"2015-02-10T02:00:00","guid":{"rendered":"http:\/\/sindmoveis.com.br\/imprensa\/noticias\/projeto-orchestra-brasil-tera-19-acoes-em-2015\/"},"modified":"2021-05-26T10:28:37","modified_gmt":"2021-05-26T13:28:37","slug":"projeto-orchestra-brasil-tera-19-acoes-em-2015","status":"publish","type":"post","link":"https:\/\/www.sindmoveis.com.br\/es\/projeto-orchestra-brasil-tera-19-acoes-em-2015\/","title":{"rendered":"Proyecto Orchestra Brasil tendr\u00e1 19 acciones en 2015"},"content":{"rendered":"<p><em>Asociaci&oacute;n entre Apex-Brasil y Sindm&oacute;veis se destina a la promoci&oacute;n de las exportaciones de proveedores de la industria del mobiliario y servicio de dise&ntilde;o.<\/em><\/p>\n<p>&nbsp;<\/p>\n<p>Est&aacute; definido el calendario de acciones para 2015 del Proyecto Sectorial Orchestra Brasil &ndash; una asociaci&oacute;n entre el Sindicato de las Industrias del Mobiliario de Bento Gon&ccedil;alves &ndash; Sindm&oacute;veis- &nbsp;y la Agencia Brasile&ntilde;a de Promoci&oacute;n de Exportaciones e Inversiones (Apex-Brasil), destinada a la inserci&oacute;n de las industrias proveedoras del sector del mobiliario&nbsp; en el mercado internacional. Ser&aacute;n ferias, proyectos comprador y misiones prospectivas en &Aacute;frica del Sur, Alemania, Argentina, Bolivia, Brasil, Chile, Colombia, Estados Unidos, Italia, Guatemala, M&eacute;xico y Turqu&iacute;a &ndash; en un total de 19 acciones.<\/p>\n<p>La primera participaci&oacute;n ocurri&oacute; en enero, cuando el proyecto llev&oacute; cuatro empresas a la feria KBIS en &nbsp;Las Vegas. En marzo, o Orchestra Brasil ser&aacute; uno de los apoyos del Proyecto Comprador de Fimma Brasil &ndash; Feria Internacional de M&aacute;quinas, Materias primas y Accesorios para la Industria del Mobiliario, que ocurre de 16 a 20 de marzo, en Bento Gon&ccedil;alves. La acci&oacute;n reunir&aacute; 20 importadores en rondas de negocios con m&aacute;s de 70 industrias expositoras de la feria.<\/p>\n<p>Este a&ntilde;o, el Proyecto Orchestra Brasil presenta un gran cambio en su formato, con la segmentaci&oacute;n de las industrias participantes por capacidad exportadora, lo que posibilita la destinaci&oacute;n de los recursos y la adecuaci&oacute;n de las acciones a la realidad de cada empresa. Para permanecer participando del proyecto, las empresas pasaron por una evaluaci&oacute;n de su capacidad exportadora y fueron divididas en cuatro niveles, de acuerdo con la actuaci&oacute;n en el mercado externo: no exportadoras, exportadoras iniciantes, exportadoras continuas e internacionalizadas. La categor&iacute;a est&aacute; vinculada a la disposici&oacute;n y madurez para exportar, no habiendo relaci&oacute;n con el tama&ntilde;o de la empresa, n&uacute;mero de empleados y volumen de exportaciones.<\/p>\n<p>El presidente de Sindm&oacute;veis, Henrique Tecchio, explica que la segmentaci&oacute;n proporciona la planificaci&oacute;n de acciones diferenciadas para las integrantes de cada nivel. &ldquo;Las empresas no exportadoras tendr&aacute;n acceso a iniciativas volcadas a la comprensi&oacute;n del mercado externo. Aquellas en la fase inicial de exportaciones recibir&aacute;n apoyo para diversificar sus mercados; las empresas con exportaciones continuas tendr&aacute;n focalizaci&oacute;n en el aumento de la competitividad y, por fin, la planificaci&oacute;n&nbsp; para empresas internacionalizadas tendr&aacute; como objetivo aumentar su participaci&oacute;n con relaci&oacute;n a los principales competidores globales&rdquo;, puntualiza el presidente.<\/p>\n<p>Conforme el &nbsp;gestor del Proyecto Orchestra Brasil junto a Apex-Brasil, Emanuel Figueira, el modelo de segmentaci&oacute;n basado en aspectos clasificatorios comerciales, &nbsp;gerenciales &nbsp;y operacionales atesta un refinamiento&nbsp;de la estrategia del proyecto. &ldquo;Con las diversas acciones programadas para 2015, pretendemos alcanzar resultados de negocios concretos teniendo en vista las competencias existentes en cada una de las empresas&nbsp;de su base. Se trata de optimizar la utilizaci&oacute;n de los recursos disponibles y potenciar los resultados de la asociaci&oacute;n&rdquo;, explica.<\/p>\n<p>Actualmente, el proyecto cuenta con la participaci&oacute;n de 73 industrias y 50 estudios de dise&ntilde;o. Los mercados prioritarios para 2014 y 2015 son &Aacute;frica del Sur, Guatemala, M&eacute;xico, Estados Unidos, Argentina, Colombia, Per&uacute;, Turqu&iacute;a, Bolivia (secundario) y Chile (secundario).<\/p>\n<p><strong>Acciones con participaci&oacute;n del proyecto en 2015<\/strong><\/p>\n<p>Feria KBIS &#8211; Kitchen &amp; Bathroom 2015<\/p>\n<p>20 a 22 de Enero<\/p>\n<p>Las Vegas, Estados Unidos<\/p>\n<p>&nbsp;<\/p>\n<p>Proyecto Comprador Fimma 2015<\/p>\n<p>16 a 20 de Marzo<\/p>\n<p>Bento Gon&ccedil;alves, RS<\/p>\n<p>&nbsp;<\/p>\n<p>Misi&oacute;n Prospectiva Mil&aacute;n 2015<\/p>\n<p>14 a 19 de Abril<\/p>\n<p>Mil&aacute;n, Italia<\/p>\n<p>&nbsp;<\/p>\n<p>Feria Promueble Centroam&eacute;rica 2015<\/p>\n<p>16 a 18 de Abril<\/p>\n<p>Guatemala, Guatemala<\/p>\n<p>&nbsp;<\/p>\n<p>Feria Interzum 2015<\/p>\n<p>05 a 08 de Mayo<\/p>\n<p>Colonia, Alemania<\/p>\n<p>&nbsp;<\/p>\n<p>Misi&oacute;n Prospectiva ICFF 2015<\/p>\n<p>16 a 19 de Mayo<\/p>\n<p>Nueva York, Estados Unidos<\/p>\n<p>Prospecci&oacute;n Feria Neocon Chicago 2015<\/p>\n<p>15 a 17 de Junio<\/p>\n<p>Chicago, Estados Unidos<\/p>\n<p>&nbsp;<\/p>\n<p>Feria Fitecma 2015<\/p>\n<p>23 a 27 de Junio de 2015<\/p>\n<p>Buenos Aires, Argentina<\/p>\n<p>&nbsp;<\/p>\n<p>Proyecto Vendedor Colombia 2015<\/p>\n<p>14 a 17 de Julio<\/p>\n<p>Bogot&aacute;, Colombia<\/p>\n<p>&nbsp;<\/p>\n<p>Misi&oacute;n Prospectiva Chile 2015<\/p>\n<p>27 a 31 de Julio<\/p>\n<p>Santiago, Chile<\/p>\n<p>&nbsp;<\/p>\n<p>Modelo Stands Individuales Feria AWFS 2015<\/p>\n<p>22 a 25 de Julio<\/p>\n<p>Las Vegas, Estados Unidos<\/p>\n<p>&nbsp;<\/p>\n<p>Feria Gift Fair NY Now 2015<\/p>\n<p>15 a 19 de Agosto<\/p>\n<p>Nueva York, Estados Unidos<\/p>\n<p>&nbsp;<\/p>\n<p>Modelo Stands Individuales Feria Tecnomueble 2015<\/p>\n<p>19 a 22 de Agosto<\/p>\n<p>Guadalajara, M&eacute;xico<\/p>\n<p>&nbsp;<\/p>\n<p>Misi&oacute;n Prospectiva &#8211; Investigaci&oacute;n Mercado M&eacute;xico 2015<\/p>\n<p>6 a 9 de Septiembre<\/p>\n<p>Guadalajara, M&eacute;xico<\/p>\n<p>&nbsp;<\/p>\n<p>Feira Expo Nacional Ferretera 2015<\/p>\n<p>10 a 12 de Septiembre<\/p>\n<p>Guadalajara, M&eacute;xico<\/p>\n<p>&nbsp;<\/p>\n<p>Feria Expocruz 2015<\/p>\n<p>18 a 28 de Septiembre<\/p>\n<p>Santa Cruz de la Sierra, Bolivia<\/p>\n<p>&nbsp;<\/p>\n<p>Feria Intermob 2015<\/p>\n<p>10 a 14 de Octubre<\/p>\n<p>Estambul, Turqu&iacute;a<\/p>\n<p>&nbsp;<\/p>\n<p>&nbsp;<\/p>\n<p>Proyecto Comprador Orchestra Brasil Experience 2015<\/p>\n<p>9 a 15 de Noviembre<\/p>\n<p>S&atilde;o Paulo<\/p>\n<p>&nbsp;<\/p>\n<p>Misi&oacute;n Prospectiva &Aacute;frica del Sur 2015<\/p>\n<p>Fecha a definir<\/p>\n<p>Johannesburgo, &Aacute;frica del Sur<\/p>\n","protected":false},"excerpt":{"rendered":"<p>Est\u00e1 definido el calendario de acciones para 2015 del Proyecto Sectorial Orchestra Brasil \u2013 una asociaci\u00f3n entre el Sindicato de las Industrias del Mobiliario de Bento Gon\u00e7alves \u2013 Sindm\u00f3veis-  y la Agencia Brasile\u00f1a de Promoci\u00f3n de Exportaciones e Inversiones (Apex-Brasil), destinada a la inserci\u00f3n de las industrias proveedoras del sector del mobiliario  en el mercado internacional. Ser\u00e1n ferias, proyectos comprador y misiones prospectivas en \u00c1frica del Sur, Alemania, Argentina, Bolivia, Brasil, Chile, Colombia, Estados Unidos, Italia, Guatemala, M\u00e9xico y Turqu\u00eda \u2013 en un total de 19 acciones.<\/p>\n","protected":false},"author":5,"featured_media":3470,"comment_status":"closed","ping_status":"open","sticky":false,"template":"","format":"standard","meta":{"footnotes":"","_links_to":"","_links_to_target":""},"categories":[22,2],"tags":[],"class_list":["post-1139","post","type-post","status-publish","format-standard","has-post-thumbnail","hentry","category-proyecto-orchestra-brasil","category-sindmoveis"],"yoast_head":"<!-- This site is optimized with the Yoast SEO plugin v27.0 - https:\/\/yoast.com\/product\/yoast-seo-wordpress\/ -->\n<title>Proyecto Orchestra Brasil tendr\u00e1 19 acciones en 2015 - Sindm\u00f3veis-RS<\/title>\n<meta name=\"robots\" content=\"index, follow, max-snippet:-1, max-image-preview:large, max-video-preview:-1\" \/>\n<link rel=\"canonical\" href=\"https:\/\/www.sindmoveis.com.br\/es\/projeto-orchestra-brasil-tera-19-acoes-em-2015\/\" \/>\n<meta property=\"og:locale\" content=\"es_ES\" \/>\n<meta property=\"og:type\" content=\"article\" \/>\n<meta property=\"og:title\" content=\"Proyecto Orchestra Brasil tendr\u00e1 19 acciones en 2015 - Sindm\u00f3veis-RS\" \/>\n<meta property=\"og:description\" content=\"Est\u00e1 definido el calendario de acciones para 2015 del Proyecto Sectorial Orchestra Brasil \u2013 una asociaci\u00f3n entre el Sindicato de las Industrias del Mobiliario de Bento Gon\u00e7alves \u2013 Sindm\u00f3veis- y la Agencia Brasile\u00f1a de Promoci\u00f3n de Exportaciones e Inversiones (Apex-Brasil), destinada a la inserci\u00f3n de las industrias proveedoras del sector del mobiliario en el mercado internacional. Ser\u00e1n ferias, proyectos comprador y misiones prospectivas en \u00c1frica del Sur, Alemania, Argentina, Bolivia, Brasil, Chile, Colombia, Estados Unidos, Italia, Guatemala, M\u00e9xico y Turqu\u00eda \u2013 en un total de 19 acciones.\" \/>\n<meta property=\"og:url\" content=\"https:\/\/www.sindmoveis.com.br\/es\/projeto-orchestra-brasil-tera-19-acoes-em-2015\/\" \/>\n<meta property=\"og:site_name\" content=\"Sindm\u00f3veis-RS\" \/>\n<meta property=\"article:published_time\" content=\"2015-02-10T02:00:00+00:00\" \/>\n<meta property=\"article:modified_time\" content=\"2021-05-26T13:28:37+00:00\" \/>\n<meta property=\"og:image\" content=\"https:\/\/www.sindmoveis.com.br\/es\/wp-content\/uploads\/2021\/05\/p1423567018.jpg\" \/>\n\t<meta property=\"og:image:width\" content=\"1200\" \/>\n\t<meta property=\"og:image:height\" content=\"800\" \/>\n\t<meta property=\"og:image:type\" content=\"image\/jpeg\" \/>\n<meta name=\"author\" content=\"Imprensa Sindm\u00f3veis\" \/>\n<meta name=\"twitter:card\" content=\"summary_large_image\" \/>\n<meta name=\"twitter:label1\" content=\"Escrito por\" \/>\n\t<meta name=\"twitter:data1\" content=\"Imprensa Sindm\u00f3veis\" \/>\n\t<meta name=\"twitter:label2\" content=\"Tiempo de lectura\" \/>\n\t<meta name=\"twitter:data2\" content=\"4 minutos\" \/>\n<script type=\"application\/ld+json\" class=\"yoast-schema-graph\">{\"@context\":\"https:\/\/schema.org\",\"@graph\":[{\"@type\":\"Article\",\"@id\":\"https:\/\/www.sindmoveis.com.br\/es\/projeto-orchestra-brasil-tera-19-acoes-em-2015\/#article\",\"isPartOf\":{\"@id\":\"https:\/\/www.sindmoveis.com.br\/es\/projeto-orchestra-brasil-tera-19-acoes-em-2015\/\"},\"author\":{\"name\":\"Imprensa Sindm\u00f3veis\",\"@id\":\"https:\/\/www.sindmoveis.com.br\/es\/#\/schema\/person\/16d379542db1950a17fe188179340d57\"},\"headline\":\"Proyecto Orchestra Brasil tendr\u00e1 19 acciones en 2015\",\"datePublished\":\"2015-02-10T02:00:00+00:00\",\"dateModified\":\"2021-05-26T13:28:37+00:00\",\"mainEntityOfPage\":{\"@id\":\"https:\/\/www.sindmoveis.com.br\/es\/projeto-orchestra-brasil-tera-19-acoes-em-2015\/\"},\"wordCount\":861,\"image\":{\"@id\":\"https:\/\/www.sindmoveis.com.br\/es\/projeto-orchestra-brasil-tera-19-acoes-em-2015\/#primaryimage\"},\"thumbnailUrl\":\"https:\/\/www.sindmoveis.com.br\/es\/wp-content\/uploads\/2021\/05\/p1423567018.jpg\",\"articleSection\":[\"Proyecto Orchestra Brasil\",\"Sindm\u00f3veis\"],\"inLanguage\":\"es\"},{\"@type\":\"WebPage\",\"@id\":\"https:\/\/www.sindmoveis.com.br\/es\/projeto-orchestra-brasil-tera-19-acoes-em-2015\/\",\"url\":\"https:\/\/www.sindmoveis.com.br\/es\/projeto-orchestra-brasil-tera-19-acoes-em-2015\/\",\"name\":\"Proyecto Orchestra Brasil tendr\u00e1 19 acciones en 2015 - Sindm\u00f3veis-RS\",\"isPartOf\":{\"@id\":\"https:\/\/www.sindmoveis.com.br\/es\/#website\"},\"primaryImageOfPage\":{\"@id\":\"https:\/\/www.sindmoveis.com.br\/es\/projeto-orchestra-brasil-tera-19-acoes-em-2015\/#primaryimage\"},\"image\":{\"@id\":\"https:\/\/www.sindmoveis.com.br\/es\/projeto-orchestra-brasil-tera-19-acoes-em-2015\/#primaryimage\"},\"thumbnailUrl\":\"https:\/\/www.sindmoveis.com.br\/es\/wp-content\/uploads\/2021\/05\/p1423567018.jpg\",\"datePublished\":\"2015-02-10T02:00:00+00:00\",\"dateModified\":\"2021-05-26T13:28:37+00:00\",\"author\":{\"@id\":\"https:\/\/www.sindmoveis.com.br\/es\/#\/schema\/person\/16d379542db1950a17fe188179340d57\"},\"inLanguage\":\"es\",\"potentialAction\":[{\"@type\":\"ReadAction\",\"target\":[\"https:\/\/www.sindmoveis.com.br\/es\/projeto-orchestra-brasil-tera-19-acoes-em-2015\/\"]}]},{\"@type\":\"ImageObject\",\"inLanguage\":\"es\",\"@id\":\"https:\/\/www.sindmoveis.com.br\/es\/projeto-orchestra-brasil-tera-19-acoes-em-2015\/#primaryimage\",\"url\":\"https:\/\/www.sindmoveis.com.br\/es\/wp-content\/uploads\/2021\/05\/p1423567018.jpg\",\"contentUrl\":\"https:\/\/www.sindmoveis.com.br\/es\/wp-content\/uploads\/2021\/05\/p1423567018.jpg\",\"width\":1200,\"height\":800,\"caption\":\"Asociaci\u00f3n entre Sindm\u00f3veis y Apex-Brasil para inserci\u00f3n de proveedores del sector del mobiliario en el mercado internacional existe desde 2006 Fotos: Ana Carolina Azevedo\"},{\"@type\":\"WebSite\",\"@id\":\"https:\/\/www.sindmoveis.com.br\/es\/#website\",\"url\":\"https:\/\/www.sindmoveis.com.br\/es\/\",\"name\":\"Sindm\u00f3veis-RS\",\"description\":\"\",\"potentialAction\":[{\"@type\":\"SearchAction\",\"target\":{\"@type\":\"EntryPoint\",\"urlTemplate\":\"https:\/\/www.sindmoveis.com.br\/es\/?s={search_term_string}\"},\"query-input\":{\"@type\":\"PropertyValueSpecification\",\"valueRequired\":true,\"valueName\":\"search_term_string\"}}],\"inLanguage\":\"es\"},{\"@type\":\"Person\",\"@id\":\"https:\/\/www.sindmoveis.com.br\/es\/#\/schema\/person\/16d379542db1950a17fe188179340d57\",\"name\":\"Imprensa Sindm\u00f3veis\",\"image\":{\"@type\":\"ImageObject\",\"inLanguage\":\"es\",\"@id\":\"https:\/\/www.sindmoveis.com.br\/es\/#\/schema\/person\/image\/\",\"url\":\"https:\/\/secure.gravatar.com\/avatar\/4973e2e2c2a0cb5db30b0c7b770041b8e33d048a16b695a1f99c042449d4bfaf?s=96&d=mm&r=g\",\"contentUrl\":\"https:\/\/secure.gravatar.com\/avatar\/4973e2e2c2a0cb5db30b0c7b770041b8e33d048a16b695a1f99c042449d4bfaf?s=96&d=mm&r=g\",\"caption\":\"Imprensa Sindm\u00f3veis\"},\"url\":\"https:\/\/www.sindmoveis.com.br\/es\/author\/ana\/\"}]}<\/script>\n<!-- \/ Yoast SEO plugin. -->","yoast_head_json":{"title":"Proyecto Orchestra Brasil tendr\u00e1 19 acciones en 2015 - Sindm\u00f3veis-RS","robots":{"index":"index","follow":"follow","max-snippet":"max-snippet:-1","max-image-preview":"max-image-preview:large","max-video-preview":"max-video-preview:-1"},"canonical":"https:\/\/www.sindmoveis.com.br\/es\/projeto-orchestra-brasil-tera-19-acoes-em-2015\/","og_locale":"es_ES","og_type":"article","og_title":"Proyecto Orchestra Brasil tendr\u00e1 19 acciones en 2015 - Sindm\u00f3veis-RS","og_description":"Est\u00e1 definido el calendario de acciones para 2015 del Proyecto Sectorial Orchestra Brasil \u2013 una asociaci\u00f3n entre el Sindicato de las Industrias del Mobiliario de Bento Gon\u00e7alves \u2013 Sindm\u00f3veis- y la Agencia Brasile\u00f1a de Promoci\u00f3n de Exportaciones e Inversiones (Apex-Brasil), destinada a la inserci\u00f3n de las industrias proveedoras del sector del mobiliario en el mercado internacional. Ser\u00e1n ferias, proyectos comprador y misiones prospectivas en \u00c1frica del Sur, Alemania, Argentina, Bolivia, Brasil, Chile, Colombia, Estados Unidos, Italia, Guatemala, M\u00e9xico y Turqu\u00eda \u2013 en un total de 19 acciones.","og_url":"https:\/\/www.sindmoveis.com.br\/es\/projeto-orchestra-brasil-tera-19-acoes-em-2015\/","og_site_name":"Sindm\u00f3veis-RS","article_published_time":"2015-02-10T02:00:00+00:00","article_modified_time":"2021-05-26T13:28:37+00:00","og_image":[{"width":1200,"height":800,"url":"https:\/\/www.sindmoveis.com.br\/es\/wp-content\/uploads\/2021\/05\/p1423567018.jpg","type":"image\/jpeg"}],"author":"Imprensa Sindm\u00f3veis","twitter_card":"summary_large_image","twitter_misc":{"Escrito por":"Imprensa Sindm\u00f3veis","Tiempo de lectura":"4 minutos"},"schema":{"@context":"https:\/\/schema.org","@graph":[{"@type":"Article","@id":"https:\/\/www.sindmoveis.com.br\/es\/projeto-orchestra-brasil-tera-19-acoes-em-2015\/#article","isPartOf":{"@id":"https:\/\/www.sindmoveis.com.br\/es\/projeto-orchestra-brasil-tera-19-acoes-em-2015\/"},"author":{"name":"Imprensa Sindm\u00f3veis","@id":"https:\/\/www.sindmoveis.com.br\/es\/#\/schema\/person\/16d379542db1950a17fe188179340d57"},"headline":"Proyecto Orchestra Brasil tendr\u00e1 19 acciones en 2015","datePublished":"2015-02-10T02:00:00+00:00","dateModified":"2021-05-26T13:28:37+00:00","mainEntityOfPage":{"@id":"https:\/\/www.sindmoveis.com.br\/es\/projeto-orchestra-brasil-tera-19-acoes-em-2015\/"},"wordCount":861,"image":{"@id":"https:\/\/www.sindmoveis.com.br\/es\/projeto-orchestra-brasil-tera-19-acoes-em-2015\/#primaryimage"},"thumbnailUrl":"https:\/\/www.sindmoveis.com.br\/es\/wp-content\/uploads\/2021\/05\/p1423567018.jpg","articleSection":["Proyecto Orchestra Brasil","Sindm\u00f3veis"],"inLanguage":"es"},{"@type":"WebPage","@id":"https:\/\/www.sindmoveis.com.br\/es\/projeto-orchestra-brasil-tera-19-acoes-em-2015\/","url":"https:\/\/www.sindmoveis.com.br\/es\/projeto-orchestra-brasil-tera-19-acoes-em-2015\/","name":"Proyecto Orchestra Brasil tendr\u00e1 19 acciones en 2015 - Sindm\u00f3veis-RS","isPartOf":{"@id":"https:\/\/www.sindmoveis.com.br\/es\/#website"},"primaryImageOfPage":{"@id":"https:\/\/www.sindmoveis.com.br\/es\/projeto-orchestra-brasil-tera-19-acoes-em-2015\/#primaryimage"},"image":{"@id":"https:\/\/www.sindmoveis.com.br\/es\/projeto-orchestra-brasil-tera-19-acoes-em-2015\/#primaryimage"},"thumbnailUrl":"https:\/\/www.sindmoveis.com.br\/es\/wp-content\/uploads\/2021\/05\/p1423567018.jpg","datePublished":"2015-02-10T02:00:00+00:00","dateModified":"2021-05-26T13:28:37+00:00","author":{"@id":"https:\/\/www.sindmoveis.com.br\/es\/#\/schema\/person\/16d379542db1950a17fe188179340d57"},"inLanguage":"es","potentialAction":[{"@type":"ReadAction","target":["https:\/\/www.sindmoveis.com.br\/es\/projeto-orchestra-brasil-tera-19-acoes-em-2015\/"]}]},{"@type":"ImageObject","inLanguage":"es","@id":"https:\/\/www.sindmoveis.com.br\/es\/projeto-orchestra-brasil-tera-19-acoes-em-2015\/#primaryimage","url":"https:\/\/www.sindmoveis.com.br\/es\/wp-content\/uploads\/2021\/05\/p1423567018.jpg","contentUrl":"https:\/\/www.sindmoveis.com.br\/es\/wp-content\/uploads\/2021\/05\/p1423567018.jpg","width":1200,"height":800,"caption":"Asociaci\u00f3n entre Sindm\u00f3veis y Apex-Brasil para inserci\u00f3n de proveedores del sector del mobiliario en el mercado internacional existe desde 2006 Fotos: Ana Carolina Azevedo"},{"@type":"WebSite","@id":"https:\/\/www.sindmoveis.com.br\/es\/#website","url":"https:\/\/www.sindmoveis.com.br\/es\/","name":"Sindm\u00f3veis-RS","description":"","potentialAction":[{"@type":"SearchAction","target":{"@type":"EntryPoint","urlTemplate":"https:\/\/www.sindmoveis.com.br\/es\/?s={search_term_string}"},"query-input":{"@type":"PropertyValueSpecification","valueRequired":true,"valueName":"search_term_string"}}],"inLanguage":"es"},{"@type":"Person","@id":"https:\/\/www.sindmoveis.com.br\/es\/#\/schema\/person\/16d379542db1950a17fe188179340d57","name":"Imprensa Sindm\u00f3veis","image":{"@type":"ImageObject","inLanguage":"es","@id":"https:\/\/www.sindmoveis.com.br\/es\/#\/schema\/person\/image\/","url":"https:\/\/secure.gravatar.com\/avatar\/4973e2e2c2a0cb5db30b0c7b770041b8e33d048a16b695a1f99c042449d4bfaf?s=96&d=mm&r=g","contentUrl":"https:\/\/secure.gravatar.com\/avatar\/4973e2e2c2a0cb5db30b0c7b770041b8e33d048a16b695a1f99c042449d4bfaf?s=96&d=mm&r=g","caption":"Imprensa Sindm\u00f3veis"},"url":"https:\/\/www.sindmoveis.com.br\/es\/author\/ana\/"}]}},"_links":{"self":[{"href":"https:\/\/www.sindmoveis.com.br\/es\/wp-json\/wp\/v2\/posts\/1139","targetHints":{"allow":["GET"]}}],"collection":[{"href":"https:\/\/www.sindmoveis.com.br\/es\/wp-json\/wp\/v2\/posts"}],"about":[{"href":"https:\/\/www.sindmoveis.com.br\/es\/wp-json\/wp\/v2\/types\/post"}],"author":[{"embeddable":true,"href":"https:\/\/www.sindmoveis.com.br\/es\/wp-json\/wp\/v2\/users\/5"}],"replies":[{"embeddable":true,"href":"https:\/\/www.sindmoveis.com.br\/es\/wp-json\/wp\/v2\/comments?post=1139"}],"version-history":[{"count":2,"href":"https:\/\/www.sindmoveis.com.br\/es\/wp-json\/wp\/v2\/posts\/1139\/revisions"}],"predecessor-version":[{"id":3469,"href":"https:\/\/www.sindmoveis.com.br\/es\/wp-json\/wp\/v2\/posts\/1139\/revisions\/3469"}],"wp:featuredmedia":[{"embeddable":true,"href":"https:\/\/www.sindmoveis.com.br\/es\/wp-json\/wp\/v2\/media\/3470"}],"wp:attachment":[{"href":"https:\/\/www.sindmoveis.com.br\/es\/wp-json\/wp\/v2\/media?parent=1139"}],"wp:term":[{"taxonomy":"category","embeddable":true,"href":"https:\/\/www.sindmoveis.com.br\/es\/wp-json\/wp\/v2\/categories?post=1139"},{"taxonomy":"post_tag","embeddable":true,"href":"https:\/\/www.sindmoveis.com.br\/es\/wp-json\/wp\/v2\/tags?post=1139"}],"curies":[{"name":"wp","href":"https:\/\/api.w.org\/{rel}","templated":true}]}}