{"id":1138,"date":"2015-02-05T00:00:00","date_gmt":"2015-02-05T02:00:00","guid":{"rendered":"http:\/\/sindmoveis.com.br\/imprensa\/noticias\/faturamento-do-polo-moveleiro-teve-queda-de-94-em-2014\/"},"modified":"2021-05-26T11:01:19","modified_gmt":"2021-05-26T14:01:19","slug":"faturamento-do-polo-moveleiro-teve-queda-de-94-em-2014","status":"publish","type":"post","link":"https:\/\/www.sindmoveis.com.br\/es\/faturamento-do-polo-moveleiro-teve-queda-de-94-em-2014\/","title":{"rendered":"Facturaci\u00f3n del polo mobiliario tuvo ca\u00edda de 9,4% en 2014"},"content":{"rendered":"<p>En 2014 la facturaci&oacute;n real de la industria del mobiliario del polo de Bento Gon&ccedil;alves cay&oacute; 9,4% con relaci&oacute;n a 2013. El valor registrado fue de R$ 2.540 millones. En el estado de R&iacute;o Grande do Sul, la ca&iacute;da fue de 6,1% en esa comparaci&oacute;n en el semestre. &nbsp;El valor contabilizado fue de RS 7.500 millones. Bento Gon&ccedil;alves represent&oacute;, as&iacute;, 33,8% de la facturaci&oacute;n del estado en ese per&iacute;odo.<\/p>\n<p>El desempe&ntilde;o negativo sucedi&oacute; en un amplio escenario de desaceleraci&oacute;n econ&oacute;mica y aumento de incertezas, resultando en la disminuci&oacute;n de la producci&oacute;n y empleo en la industria. Como referencia, de acuerdo con datos del IBGE (Instituto Brasile&ntilde;o de &nbsp;Geograf&iacute;a y Estad&iacute;stica), en Brasil la producci&oacute;n de la industria de transformaci&oacute;n cay&oacute; 4,3% en 2014, mientras en la actividad de fabricaci&oacute;n de muebles la retracci&oacute;n fue todav&iacute;a m&aacute;s severa, o sea, de 7,4%.<\/p>\n<p>Ya los indicadores industriales de la Confederaci&oacute;n Nacional de la Industria &ndash; CNI, mostraron contracci&oacute;n en los &iacute;ndices de empleo y utilizaci&oacute;n de la capacidad de la industria del mobiliario, y, adem&aacute;s de ello, reducci&oacute;n en la demanda esperada. En el sector de la construcci&oacute;n, todos los &iacute;ndices de expectativa de los empresarios mostraron amplia desaceleraci&oacute;n y ca&iacute;da acentuada en las expectativas en la actividad de la construcci&oacute;n y nuevos emprendimientos para los pr&oacute;ximos meses.<\/p>\n<p>&nbsp;<\/p>\n<p><em>Balance desfavorable<\/em><\/p>\n<p>&nbsp;<\/p>\n<p>La divulgaci&oacute;n de la facturaci&oacute;n en el polo de Bento Gon&ccedil;alves em 2014 completa la secuencia de datos preocupantes para el sector. Tanto las exportaciones como el nivel de empleo tuvieron una actuaci&oacute;n bastante inferior a lo esperado para el a&ntilde;o. De acuerdo con datos del Ministerio de Desarrollo, Industria y Comercio (MCDI), las exportaciones tuvieron ca&iacute;da de 13,4% con relaci&oacute;n a 2013. Esa es la mayor retracci&oacute;n desde el a&ntilde;o de 2009, pico de la &uacute;ltima crisis internacional, cuando el valor hab&iacute;a disminuido en un 35%. El desempe&ntilde;o negativo ocurri&oacute; en 33 de los 57 pa&iacute;ses que recibieron los muebles del polo, si comparados a los a&ntilde;os 2013 y 2014. La ca&iacute;da de Brasil en ese mismo tipo de comparaci&oacute;n fue de 2,7% y R&iacute;o Grande do Sul, por otro lado, tuvo saldo positivo de 2,4%.<\/p>\n<p>De la misma forma, la reducci&oacute;n en los puestos de trabajo presenta el peor &iacute;ndice para el polo desde 2007, cuando esos datos empezaron a ser divulgados por el Ministerio del Trabajo y Empleo (MTE). De acuerdo con datos del Registro General de Empleados y Desempleados &ndash; CAGED, el a&ntilde;o pasado se public&oacute; un saldo negativo de 667 empleos en la industria del mueble de Bento Gon&ccedil;alves. Ello representa una ca&iacute;da de 7,4% en el nivel de empleo si comparado al inicio del a&ntilde;o pasado. Solamente en diciembre, el saldo fue negativo en 205 v&iacute;nculos.<\/p>\n<p>El polo mobiliario es formado por los municipios de Bento Gon&ccedil;alves, Monte Belo do Sul y Santa Tereza en un total de aproximadamente 300 empresas.<\/p>\n","protected":false},"excerpt":{"rendered":"<p>En 2014 la facturaci\u00f3n real de la industria del mobiliario del polo de Bento Gon\u00e7alves cay\u00f3 9,4% con relaci\u00f3n a 2013. El valor registrado fue de R$ 2.540 millones. En el estado de R\u00edo Grande do Sul, la ca\u00edda fue de 6,1% en esa comparaci\u00f3n en el semestre.  El valor contabilizado fue de RS 7.500 millones. Bento Gon\u00e7alves represent\u00f3, as\u00ed, 33,8% de la facturaci\u00f3n del estado en ese per\u00edodo.<\/p>\n","protected":false},"author":5,"featured_media":3467,"comment_status":"closed","ping_status":"open","sticky":false,"template":"","format":"standard","meta":{"footnotes":"","_links_to":"","_links_to_target":""},"categories":[12,2],"tags":[],"class_list":["post-1138","post","type-post","status-publish","format-standard","has-post-thumbnail","hentry","category-datos","category-sindmoveis"],"yoast_head":"<!-- This site is optimized with the Yoast SEO plugin v27.0 - https:\/\/yoast.com\/product\/yoast-seo-wordpress\/ -->\n<title>Facturaci\u00f3n del polo mobiliario tuvo ca\u00edda de 9,4% en 2014 - Sindm\u00f3veis-RS<\/title>\n<meta name=\"robots\" content=\"index, follow, max-snippet:-1, max-image-preview:large, max-video-preview:-1\" \/>\n<link rel=\"canonical\" href=\"https:\/\/www.sindmoveis.com.br\/es\/faturamento-do-polo-moveleiro-teve-queda-de-94-em-2014\/\" \/>\n<meta property=\"og:locale\" content=\"es_ES\" \/>\n<meta property=\"og:type\" content=\"article\" \/>\n<meta property=\"og:title\" content=\"Facturaci\u00f3n del polo mobiliario tuvo ca\u00edda de 9,4% en 2014 - Sindm\u00f3veis-RS\" \/>\n<meta property=\"og:description\" content=\"En 2014 la facturaci\u00f3n real de la industria del mobiliario del polo de Bento Gon\u00e7alves cay\u00f3 9,4% con relaci\u00f3n a 2013. El valor registrado fue de R$ 2.540 millones. En el estado de R\u00edo Grande do Sul, la ca\u00edda fue de 6,1% en esa comparaci\u00f3n en el semestre. El valor contabilizado fue de RS 7.500 millones. Bento Gon\u00e7alves represent\u00f3, as\u00ed, 33,8% de la facturaci\u00f3n del estado en ese per\u00edodo.\" \/>\n<meta property=\"og:url\" content=\"https:\/\/www.sindmoveis.com.br\/es\/faturamento-do-polo-moveleiro-teve-queda-de-94-em-2014\/\" \/>\n<meta property=\"og:site_name\" content=\"Sindm\u00f3veis-RS\" \/>\n<meta property=\"article:published_time\" content=\"2015-02-05T02:00:00+00:00\" \/>\n<meta property=\"article:modified_time\" content=\"2021-05-26T14:01:19+00:00\" \/>\n<meta property=\"og:image\" content=\"https:\/\/www.sindmoveis.com.br\/es\/wp-content\/uploads\/2021\/05\/p1423135795.jpg\" \/>\n\t<meta property=\"og:image:width\" content=\"1181\" \/>\n\t<meta property=\"og:image:height\" content=\"788\" \/>\n\t<meta property=\"og:image:type\" content=\"image\/jpeg\" \/>\n<meta name=\"author\" content=\"Imprensa Sindm\u00f3veis\" \/>\n<meta name=\"twitter:card\" content=\"summary_large_image\" \/>\n<meta name=\"twitter:label1\" content=\"Escrito por\" \/>\n\t<meta name=\"twitter:data1\" content=\"Imprensa Sindm\u00f3veis\" \/>\n\t<meta name=\"twitter:label2\" content=\"Tiempo de lectura\" \/>\n\t<meta name=\"twitter:data2\" content=\"3 minutos\" \/>\n<script type=\"application\/ld+json\" class=\"yoast-schema-graph\">{\"@context\":\"https:\/\/schema.org\",\"@graph\":[{\"@type\":\"Article\",\"@id\":\"https:\/\/www.sindmoveis.com.br\/es\/faturamento-do-polo-moveleiro-teve-queda-de-94-em-2014\/#article\",\"isPartOf\":{\"@id\":\"https:\/\/www.sindmoveis.com.br\/es\/faturamento-do-polo-moveleiro-teve-queda-de-94-em-2014\/\"},\"author\":{\"name\":\"Imprensa Sindm\u00f3veis\",\"@id\":\"https:\/\/www.sindmoveis.com.br\/es\/#\/schema\/person\/16d379542db1950a17fe188179340d57\"},\"headline\":\"Facturaci\u00f3n del polo mobiliario tuvo ca\u00edda de 9,4% en 2014\",\"datePublished\":\"2015-02-05T02:00:00+00:00\",\"dateModified\":\"2021-05-26T14:01:19+00:00\",\"mainEntityOfPage\":{\"@id\":\"https:\/\/www.sindmoveis.com.br\/es\/faturamento-do-polo-moveleiro-teve-queda-de-94-em-2014\/\"},\"wordCount\":586,\"image\":{\"@id\":\"https:\/\/www.sindmoveis.com.br\/es\/faturamento-do-polo-moveleiro-teve-queda-de-94-em-2014\/#primaryimage\"},\"thumbnailUrl\":\"https:\/\/www.sindmoveis.com.br\/es\/wp-content\/uploads\/2021\/05\/p1423135795.jpg\",\"articleSection\":[\"Datos\",\"Sindm\u00f3veis\"],\"inLanguage\":\"es\"},{\"@type\":\"WebPage\",\"@id\":\"https:\/\/www.sindmoveis.com.br\/es\/faturamento-do-polo-moveleiro-teve-queda-de-94-em-2014\/\",\"url\":\"https:\/\/www.sindmoveis.com.br\/es\/faturamento-do-polo-moveleiro-teve-queda-de-94-em-2014\/\",\"name\":\"Facturaci\u00f3n del polo mobiliario tuvo ca\u00edda de 9,4% en 2014 - Sindm\u00f3veis-RS\",\"isPartOf\":{\"@id\":\"https:\/\/www.sindmoveis.com.br\/es\/#website\"},\"primaryImageOfPage\":{\"@id\":\"https:\/\/www.sindmoveis.com.br\/es\/faturamento-do-polo-moveleiro-teve-queda-de-94-em-2014\/#primaryimage\"},\"image\":{\"@id\":\"https:\/\/www.sindmoveis.com.br\/es\/faturamento-do-polo-moveleiro-teve-queda-de-94-em-2014\/#primaryimage\"},\"thumbnailUrl\":\"https:\/\/www.sindmoveis.com.br\/es\/wp-content\/uploads\/2021\/05\/p1423135795.jpg\",\"datePublished\":\"2015-02-05T02:00:00+00:00\",\"dateModified\":\"2021-05-26T14:01:19+00:00\",\"author\":{\"@id\":\"https:\/\/www.sindmoveis.com.br\/es\/#\/schema\/person\/16d379542db1950a17fe188179340d57\"},\"inLanguage\":\"es\",\"potentialAction\":[{\"@type\":\"ReadAction\",\"target\":[\"https:\/\/www.sindmoveis.com.br\/es\/faturamento-do-polo-moveleiro-teve-queda-de-94-em-2014\/\"]}]},{\"@type\":\"ImageObject\",\"inLanguage\":\"es\",\"@id\":\"https:\/\/www.sindmoveis.com.br\/es\/faturamento-do-polo-moveleiro-teve-queda-de-94-em-2014\/#primaryimage\",\"url\":\"https:\/\/www.sindmoveis.com.br\/es\/wp-content\/uploads\/2021\/05\/p1423135795.jpg\",\"contentUrl\":\"https:\/\/www.sindmoveis.com.br\/es\/wp-content\/uploads\/2021\/05\/p1423135795.jpg\",\"width\":1181,\"height\":788,\"caption\":\"Foto: Jeferson Soldi\/Sindm\u00f3veisFoto: Jeferson Soldi\/Sindm\u00f3veis\"},{\"@type\":\"WebSite\",\"@id\":\"https:\/\/www.sindmoveis.com.br\/es\/#website\",\"url\":\"https:\/\/www.sindmoveis.com.br\/es\/\",\"name\":\"Sindm\u00f3veis-RS\",\"description\":\"\",\"potentialAction\":[{\"@type\":\"SearchAction\",\"target\":{\"@type\":\"EntryPoint\",\"urlTemplate\":\"https:\/\/www.sindmoveis.com.br\/es\/?s={search_term_string}\"},\"query-input\":{\"@type\":\"PropertyValueSpecification\",\"valueRequired\":true,\"valueName\":\"search_term_string\"}}],\"inLanguage\":\"es\"},{\"@type\":\"Person\",\"@id\":\"https:\/\/www.sindmoveis.com.br\/es\/#\/schema\/person\/16d379542db1950a17fe188179340d57\",\"name\":\"Imprensa Sindm\u00f3veis\",\"image\":{\"@type\":\"ImageObject\",\"inLanguage\":\"es\",\"@id\":\"https:\/\/www.sindmoveis.com.br\/es\/#\/schema\/person\/image\/\",\"url\":\"https:\/\/secure.gravatar.com\/avatar\/4973e2e2c2a0cb5db30b0c7b770041b8e33d048a16b695a1f99c042449d4bfaf?s=96&d=mm&r=g\",\"contentUrl\":\"https:\/\/secure.gravatar.com\/avatar\/4973e2e2c2a0cb5db30b0c7b770041b8e33d048a16b695a1f99c042449d4bfaf?s=96&d=mm&r=g\",\"caption\":\"Imprensa Sindm\u00f3veis\"},\"url\":\"https:\/\/www.sindmoveis.com.br\/es\/author\/ana\/\"}]}<\/script>\n<!-- \/ Yoast SEO plugin. -->","yoast_head_json":{"title":"Facturaci\u00f3n del polo mobiliario tuvo ca\u00edda de 9,4% en 2014 - Sindm\u00f3veis-RS","robots":{"index":"index","follow":"follow","max-snippet":"max-snippet:-1","max-image-preview":"max-image-preview:large","max-video-preview":"max-video-preview:-1"},"canonical":"https:\/\/www.sindmoveis.com.br\/es\/faturamento-do-polo-moveleiro-teve-queda-de-94-em-2014\/","og_locale":"es_ES","og_type":"article","og_title":"Facturaci\u00f3n del polo mobiliario tuvo ca\u00edda de 9,4% en 2014 - Sindm\u00f3veis-RS","og_description":"En 2014 la facturaci\u00f3n real de la industria del mobiliario del polo de Bento Gon\u00e7alves cay\u00f3 9,4% con relaci\u00f3n a 2013. El valor registrado fue de R$ 2.540 millones. En el estado de R\u00edo Grande do Sul, la ca\u00edda fue de 6,1% en esa comparaci\u00f3n en el semestre. El valor contabilizado fue de RS 7.500 millones. Bento Gon\u00e7alves represent\u00f3, as\u00ed, 33,8% de la facturaci\u00f3n del estado en ese per\u00edodo.","og_url":"https:\/\/www.sindmoveis.com.br\/es\/faturamento-do-polo-moveleiro-teve-queda-de-94-em-2014\/","og_site_name":"Sindm\u00f3veis-RS","article_published_time":"2015-02-05T02:00:00+00:00","article_modified_time":"2021-05-26T14:01:19+00:00","og_image":[{"width":1181,"height":788,"url":"https:\/\/www.sindmoveis.com.br\/es\/wp-content\/uploads\/2021\/05\/p1423135795.jpg","type":"image\/jpeg"}],"author":"Imprensa Sindm\u00f3veis","twitter_card":"summary_large_image","twitter_misc":{"Escrito por":"Imprensa Sindm\u00f3veis","Tiempo de lectura":"3 minutos"},"schema":{"@context":"https:\/\/schema.org","@graph":[{"@type":"Article","@id":"https:\/\/www.sindmoveis.com.br\/es\/faturamento-do-polo-moveleiro-teve-queda-de-94-em-2014\/#article","isPartOf":{"@id":"https:\/\/www.sindmoveis.com.br\/es\/faturamento-do-polo-moveleiro-teve-queda-de-94-em-2014\/"},"author":{"name":"Imprensa Sindm\u00f3veis","@id":"https:\/\/www.sindmoveis.com.br\/es\/#\/schema\/person\/16d379542db1950a17fe188179340d57"},"headline":"Facturaci\u00f3n del polo mobiliario tuvo ca\u00edda de 9,4% en 2014","datePublished":"2015-02-05T02:00:00+00:00","dateModified":"2021-05-26T14:01:19+00:00","mainEntityOfPage":{"@id":"https:\/\/www.sindmoveis.com.br\/es\/faturamento-do-polo-moveleiro-teve-queda-de-94-em-2014\/"},"wordCount":586,"image":{"@id":"https:\/\/www.sindmoveis.com.br\/es\/faturamento-do-polo-moveleiro-teve-queda-de-94-em-2014\/#primaryimage"},"thumbnailUrl":"https:\/\/www.sindmoveis.com.br\/es\/wp-content\/uploads\/2021\/05\/p1423135795.jpg","articleSection":["Datos","Sindm\u00f3veis"],"inLanguage":"es"},{"@type":"WebPage","@id":"https:\/\/www.sindmoveis.com.br\/es\/faturamento-do-polo-moveleiro-teve-queda-de-94-em-2014\/","url":"https:\/\/www.sindmoveis.com.br\/es\/faturamento-do-polo-moveleiro-teve-queda-de-94-em-2014\/","name":"Facturaci\u00f3n del polo mobiliario tuvo ca\u00edda de 9,4% en 2014 - Sindm\u00f3veis-RS","isPartOf":{"@id":"https:\/\/www.sindmoveis.com.br\/es\/#website"},"primaryImageOfPage":{"@id":"https:\/\/www.sindmoveis.com.br\/es\/faturamento-do-polo-moveleiro-teve-queda-de-94-em-2014\/#primaryimage"},"image":{"@id":"https:\/\/www.sindmoveis.com.br\/es\/faturamento-do-polo-moveleiro-teve-queda-de-94-em-2014\/#primaryimage"},"thumbnailUrl":"https:\/\/www.sindmoveis.com.br\/es\/wp-content\/uploads\/2021\/05\/p1423135795.jpg","datePublished":"2015-02-05T02:00:00+00:00","dateModified":"2021-05-26T14:01:19+00:00","author":{"@id":"https:\/\/www.sindmoveis.com.br\/es\/#\/schema\/person\/16d379542db1950a17fe188179340d57"},"inLanguage":"es","potentialAction":[{"@type":"ReadAction","target":["https:\/\/www.sindmoveis.com.br\/es\/faturamento-do-polo-moveleiro-teve-queda-de-94-em-2014\/"]}]},{"@type":"ImageObject","inLanguage":"es","@id":"https:\/\/www.sindmoveis.com.br\/es\/faturamento-do-polo-moveleiro-teve-queda-de-94-em-2014\/#primaryimage","url":"https:\/\/www.sindmoveis.com.br\/es\/wp-content\/uploads\/2021\/05\/p1423135795.jpg","contentUrl":"https:\/\/www.sindmoveis.com.br\/es\/wp-content\/uploads\/2021\/05\/p1423135795.jpg","width":1181,"height":788,"caption":"Foto: Jeferson Soldi\/Sindm\u00f3veisFoto: Jeferson Soldi\/Sindm\u00f3veis"},{"@type":"WebSite","@id":"https:\/\/www.sindmoveis.com.br\/es\/#website","url":"https:\/\/www.sindmoveis.com.br\/es\/","name":"Sindm\u00f3veis-RS","description":"","potentialAction":[{"@type":"SearchAction","target":{"@type":"EntryPoint","urlTemplate":"https:\/\/www.sindmoveis.com.br\/es\/?s={search_term_string}"},"query-input":{"@type":"PropertyValueSpecification","valueRequired":true,"valueName":"search_term_string"}}],"inLanguage":"es"},{"@type":"Person","@id":"https:\/\/www.sindmoveis.com.br\/es\/#\/schema\/person\/16d379542db1950a17fe188179340d57","name":"Imprensa Sindm\u00f3veis","image":{"@type":"ImageObject","inLanguage":"es","@id":"https:\/\/www.sindmoveis.com.br\/es\/#\/schema\/person\/image\/","url":"https:\/\/secure.gravatar.com\/avatar\/4973e2e2c2a0cb5db30b0c7b770041b8e33d048a16b695a1f99c042449d4bfaf?s=96&d=mm&r=g","contentUrl":"https:\/\/secure.gravatar.com\/avatar\/4973e2e2c2a0cb5db30b0c7b770041b8e33d048a16b695a1f99c042449d4bfaf?s=96&d=mm&r=g","caption":"Imprensa Sindm\u00f3veis"},"url":"https:\/\/www.sindmoveis.com.br\/es\/author\/ana\/"}]}},"_links":{"self":[{"href":"https:\/\/www.sindmoveis.com.br\/es\/wp-json\/wp\/v2\/posts\/1138","targetHints":{"allow":["GET"]}}],"collection":[{"href":"https:\/\/www.sindmoveis.com.br\/es\/wp-json\/wp\/v2\/posts"}],"about":[{"href":"https:\/\/www.sindmoveis.com.br\/es\/wp-json\/wp\/v2\/types\/post"}],"author":[{"embeddable":true,"href":"https:\/\/www.sindmoveis.com.br\/es\/wp-json\/wp\/v2\/users\/5"}],"replies":[{"embeddable":true,"href":"https:\/\/www.sindmoveis.com.br\/es\/wp-json\/wp\/v2\/comments?post=1138"}],"version-history":[{"count":2,"href":"https:\/\/www.sindmoveis.com.br\/es\/wp-json\/wp\/v2\/posts\/1138\/revisions"}],"predecessor-version":[{"id":3466,"href":"https:\/\/www.sindmoveis.com.br\/es\/wp-json\/wp\/v2\/posts\/1138\/revisions\/3466"}],"wp:featuredmedia":[{"embeddable":true,"href":"https:\/\/www.sindmoveis.com.br\/es\/wp-json\/wp\/v2\/media\/3467"}],"wp:attachment":[{"href":"https:\/\/www.sindmoveis.com.br\/es\/wp-json\/wp\/v2\/media?parent=1138"}],"wp:term":[{"taxonomy":"category","embeddable":true,"href":"https:\/\/www.sindmoveis.com.br\/es\/wp-json\/wp\/v2\/categories?post=1138"},{"taxonomy":"post_tag","embeddable":true,"href":"https:\/\/www.sindmoveis.com.br\/es\/wp-json\/wp\/v2\/tags?post=1138"}],"curies":[{"name":"wp","href":"https:\/\/api.w.org\/{rel}","templated":true}]}}