{"id":1135,"date":"2015-01-26T00:00:00","date_gmt":"2015-01-26T02:00:00","guid":{"rendered":"http:\/\/sindmoveis.com.br\/imprensa\/noticias\/exportacoes-caem-134-no-polo-moveleiro-de-bento-goncalves\/"},"modified":"2021-05-26T11:01:19","modified_gmt":"2021-05-26T14:01:19","slug":"exportacoes-caem-134-no-polo-moveleiro-de-bento-goncalves","status":"publish","type":"post","link":"https:\/\/www.sindmoveis.com.br\/es\/exportacoes-caem-134-no-polo-moveleiro-de-bento-goncalves\/","title":{"rendered":"Exportaciones caen 13,4% en el polo mobiliario de Bento Gon\u00e7alves"},"content":{"rendered":"<p>El balance de las exportaciones del &uacute;ltimo a&ntilde;o, divulgado por el Ministerio de Desarrollo, Industria y Comercio Exterior (MDCI), comprobaron las expectativas de p&eacute;rdida que el Sindicato de las Industrias del Mobiliario de Bento Gon&ccedil;alves &ndash; Sindm&oacute;veis, proyectaba para el polo mobiliario de Bento Gon&ccedil;alves. Los 48,8 millones de d&oacute;lares exportados por la industria de muebles en 2014 representan ca&iacute;da de 13,4% con relaci&oacute;n al a&ntilde;o anterior.<\/p>\n<p>Esa es la mayor retracci&oacute;n de las exportaciones desde el a&ntilde;o de 2009, pico de la &uacute;ltima crisis internacional, cuando el valor hab&iacute;a llegado a 35%. El desempe&ntilde;o negativo ocurri&oacute; en 33 de los 57 pa&iacute;ses que recibieron los muebles del polo, cuando se compara con los a&ntilde;os de 2013 y 2014. La ca&iacute;da en Brasil en ese mismo tipo de comparaci&oacute;n fue de 2,7% y R&iacute;o Grande do Sul, por otro lado, tuvo saldo positivo de 2,4%.<\/p>\n<p>De forma general, la ca&iacute;da sucedi&oacute; en virtud de la p&eacute;rdida de competitividad de la industria brasile&ntilde;a, ocurrida principalmente por los altos costos de producci&oacute;n. El polo tambi&eacute;n sufri&oacute; los efectos de la alta carga tributaria y del exceso de burocracia, sumados a los problemas de infraestructura. Adem&aacute;s de ello, seg&uacute;n el presidente de Sindm&oacute;veis, Henrique Tecchio, parte de la diferencia de desempa&ntilde;o entre el estado, el pa&iacute;s y el polo puede ser explicada por el hecho de Bento Gon&ccedil;alves no tener actuaci&oacute;n expresiva en dos de los principales mercados para Brasil y R&iacute;o Grande do Sul en 2014: Estados Unidos y Reino Unido.<\/p>\n<p>En orden de importancia para las exportaciones de Bento Gon&ccedil;alves, los mercados que m&aacute;s contribuyeron para esa ca&iacute;da expresiva fueron Colombia (-14,7%), Per&uacute; (-25,8%), Chile (-22,5%), Cuba (-35,6%), Argentina (-58,7%) y Venezuela (-51,8%). Por el lado positivo, vale destacar el aumento de los muebles exportados para pa&iacute;ses africanos como Angola, Argelia y Zambia, en Am&eacute;rica Latina para Panam&aacute; y M&eacute;xico y, en Oriente Medio para Arabia Saudita y Emiratos &Aacute;rabes Unidos.&nbsp; El polo es formado por los municipios de Bento Gon&ccedil;alves, Monte Belo do Sul y Santa Tereza.<\/p>\n","protected":false},"excerpt":{"rendered":"<p>El balance de las exportaciones del \u00faltimo a\u00f1o, divulgado por el Ministerio de Desarrollo, Industria y Comercio Exterior (MDCI), comprobaron las expectativas de p\u00e9rdida que el Sindicato de las Industrias del Mobiliario de Bento Gon\u00e7alves \u2013 Sindm\u00f3veis, proyectaba para el polo mobiliario de Bento Gon\u00e7alves. Los 48,8 millones de d\u00f3lares exportados por la industria de muebles en 2014 representan ca\u00edda de 13,4% con relaci\u00f3n al a\u00f1o anterior.<\/p>\n","protected":false},"author":5,"featured_media":3464,"comment_status":"closed","ping_status":"open","sticky":false,"template":"","format":"standard","meta":{"footnotes":"","_links_to":"","_links_to_target":""},"categories":[12,11,2],"tags":[],"class_list":["post-1135","post","type-post","status-publish","format-standard","has-post-thumbnail","hentry","category-datos","category-exportaciones","category-sindmoveis"],"yoast_head":"<!-- This site is optimized with the Yoast SEO plugin v27.0 - https:\/\/yoast.com\/product\/yoast-seo-wordpress\/ -->\n<title>Exportaciones caen 13,4% en el polo mobiliario de Bento Gon\u00e7alves - Sindm\u00f3veis-RS<\/title>\n<meta name=\"robots\" content=\"index, follow, max-snippet:-1, max-image-preview:large, max-video-preview:-1\" \/>\n<link rel=\"canonical\" href=\"https:\/\/www.sindmoveis.com.br\/es\/exportacoes-caem-134-no-polo-moveleiro-de-bento-goncalves\/\" \/>\n<meta property=\"og:locale\" content=\"es_ES\" \/>\n<meta property=\"og:type\" content=\"article\" \/>\n<meta property=\"og:title\" content=\"Exportaciones caen 13,4% en el polo mobiliario de Bento Gon\u00e7alves - Sindm\u00f3veis-RS\" \/>\n<meta property=\"og:description\" content=\"El balance de las exportaciones del \u00faltimo a\u00f1o, divulgado por el Ministerio de Desarrollo, Industria y Comercio Exterior (MDCI), comprobaron las expectativas de p\u00e9rdida que el Sindicato de las Industrias del Mobiliario de Bento Gon\u00e7alves \u2013 Sindm\u00f3veis, proyectaba para el polo mobiliario de Bento Gon\u00e7alves. Los 48,8 millones de d\u00f3lares exportados por la industria de muebles en 2014 representan ca\u00edda de 13,4% con relaci\u00f3n al a\u00f1o anterior.\" \/>\n<meta property=\"og:url\" content=\"https:\/\/www.sindmoveis.com.br\/es\/exportacoes-caem-134-no-polo-moveleiro-de-bento-goncalves\/\" \/>\n<meta property=\"og:site_name\" content=\"Sindm\u00f3veis-RS\" \/>\n<meta property=\"article:published_time\" content=\"2015-01-26T02:00:00+00:00\" \/>\n<meta property=\"article:modified_time\" content=\"2021-05-26T14:01:19+00:00\" \/>\n<meta property=\"og:image\" content=\"https:\/\/www.sindmoveis.com.br\/es\/wp-content\/uploads\/2021\/05\/p1422295352.jpg\" \/>\n\t<meta property=\"og:image:width\" content=\"1000\" \/>\n\t<meta property=\"og:image:height\" content=\"667\" \/>\n\t<meta property=\"og:image:type\" content=\"image\/jpeg\" \/>\n<meta name=\"author\" content=\"Imprensa Sindm\u00f3veis\" \/>\n<meta name=\"twitter:card\" content=\"summary_large_image\" \/>\n<meta name=\"twitter:label1\" content=\"Escrito por\" \/>\n\t<meta name=\"twitter:data1\" content=\"Imprensa Sindm\u00f3veis\" \/>\n\t<meta name=\"twitter:label2\" content=\"Tiempo de lectura\" \/>\n\t<meta name=\"twitter:data2\" content=\"2 minutos\" \/>\n<script type=\"application\/ld+json\" class=\"yoast-schema-graph\">{\"@context\":\"https:\/\/schema.org\",\"@graph\":[{\"@type\":\"Article\",\"@id\":\"https:\/\/www.sindmoveis.com.br\/es\/exportacoes-caem-134-no-polo-moveleiro-de-bento-goncalves\/#article\",\"isPartOf\":{\"@id\":\"https:\/\/www.sindmoveis.com.br\/es\/exportacoes-caem-134-no-polo-moveleiro-de-bento-goncalves\/\"},\"author\":{\"name\":\"Imprensa Sindm\u00f3veis\",\"@id\":\"https:\/\/www.sindmoveis.com.br\/es\/#\/schema\/person\/16d379542db1950a17fe188179340d57\"},\"headline\":\"Exportaciones caen 13,4% en el polo mobiliario de Bento Gon\u00e7alves\",\"datePublished\":\"2015-01-26T02:00:00+00:00\",\"dateModified\":\"2021-05-26T14:01:19+00:00\",\"mainEntityOfPage\":{\"@id\":\"https:\/\/www.sindmoveis.com.br\/es\/exportacoes-caem-134-no-polo-moveleiro-de-bento-goncalves\/\"},\"wordCount\":420,\"image\":{\"@id\":\"https:\/\/www.sindmoveis.com.br\/es\/exportacoes-caem-134-no-polo-moveleiro-de-bento-goncalves\/#primaryimage\"},\"thumbnailUrl\":\"https:\/\/www.sindmoveis.com.br\/es\/wp-content\/uploads\/2021\/05\/p1422295352.jpg\",\"articleSection\":[\"Datos\",\"Exportaciones\",\"Sindm\u00f3veis\"],\"inLanguage\":\"es\"},{\"@type\":\"WebPage\",\"@id\":\"https:\/\/www.sindmoveis.com.br\/es\/exportacoes-caem-134-no-polo-moveleiro-de-bento-goncalves\/\",\"url\":\"https:\/\/www.sindmoveis.com.br\/es\/exportacoes-caem-134-no-polo-moveleiro-de-bento-goncalves\/\",\"name\":\"Exportaciones caen 13,4% en el polo mobiliario de Bento Gon\u00e7alves - Sindm\u00f3veis-RS\",\"isPartOf\":{\"@id\":\"https:\/\/www.sindmoveis.com.br\/es\/#website\"},\"primaryImageOfPage\":{\"@id\":\"https:\/\/www.sindmoveis.com.br\/es\/exportacoes-caem-134-no-polo-moveleiro-de-bento-goncalves\/#primaryimage\"},\"image\":{\"@id\":\"https:\/\/www.sindmoveis.com.br\/es\/exportacoes-caem-134-no-polo-moveleiro-de-bento-goncalves\/#primaryimage\"},\"thumbnailUrl\":\"https:\/\/www.sindmoveis.com.br\/es\/wp-content\/uploads\/2021\/05\/p1422295352.jpg\",\"datePublished\":\"2015-01-26T02:00:00+00:00\",\"dateModified\":\"2021-05-26T14:01:19+00:00\",\"author\":{\"@id\":\"https:\/\/www.sindmoveis.com.br\/es\/#\/schema\/person\/16d379542db1950a17fe188179340d57\"},\"inLanguage\":\"es\",\"potentialAction\":[{\"@type\":\"ReadAction\",\"target\":[\"https:\/\/www.sindmoveis.com.br\/es\/exportacoes-caem-134-no-polo-moveleiro-de-bento-goncalves\/\"]}]},{\"@type\":\"ImageObject\",\"inLanguage\":\"es\",\"@id\":\"https:\/\/www.sindmoveis.com.br\/es\/exportacoes-caem-134-no-polo-moveleiro-de-bento-goncalves\/#primaryimage\",\"url\":\"https:\/\/www.sindmoveis.com.br\/es\/wp-content\/uploads\/2021\/05\/p1422295352.jpg\",\"contentUrl\":\"https:\/\/www.sindmoveis.com.br\/es\/wp-content\/uploads\/2021\/05\/p1422295352.jpg\",\"width\":1000,\"height\":667,\"caption\":\"Foto: J\u00e9ferson Soldi \/ Sindm\u00f3veis\"},{\"@type\":\"WebSite\",\"@id\":\"https:\/\/www.sindmoveis.com.br\/es\/#website\",\"url\":\"https:\/\/www.sindmoveis.com.br\/es\/\",\"name\":\"Sindm\u00f3veis-RS\",\"description\":\"\",\"potentialAction\":[{\"@type\":\"SearchAction\",\"target\":{\"@type\":\"EntryPoint\",\"urlTemplate\":\"https:\/\/www.sindmoveis.com.br\/es\/?s={search_term_string}\"},\"query-input\":{\"@type\":\"PropertyValueSpecification\",\"valueRequired\":true,\"valueName\":\"search_term_string\"}}],\"inLanguage\":\"es\"},{\"@type\":\"Person\",\"@id\":\"https:\/\/www.sindmoveis.com.br\/es\/#\/schema\/person\/16d379542db1950a17fe188179340d57\",\"name\":\"Imprensa Sindm\u00f3veis\",\"image\":{\"@type\":\"ImageObject\",\"inLanguage\":\"es\",\"@id\":\"https:\/\/www.sindmoveis.com.br\/es\/#\/schema\/person\/image\/\",\"url\":\"https:\/\/secure.gravatar.com\/avatar\/4973e2e2c2a0cb5db30b0c7b770041b8e33d048a16b695a1f99c042449d4bfaf?s=96&d=mm&r=g\",\"contentUrl\":\"https:\/\/secure.gravatar.com\/avatar\/4973e2e2c2a0cb5db30b0c7b770041b8e33d048a16b695a1f99c042449d4bfaf?s=96&d=mm&r=g\",\"caption\":\"Imprensa Sindm\u00f3veis\"},\"url\":\"https:\/\/www.sindmoveis.com.br\/es\/author\/ana\/\"}]}<\/script>\n<!-- \/ Yoast SEO plugin. -->","yoast_head_json":{"title":"Exportaciones caen 13,4% en el polo mobiliario de Bento Gon\u00e7alves - Sindm\u00f3veis-RS","robots":{"index":"index","follow":"follow","max-snippet":"max-snippet:-1","max-image-preview":"max-image-preview:large","max-video-preview":"max-video-preview:-1"},"canonical":"https:\/\/www.sindmoveis.com.br\/es\/exportacoes-caem-134-no-polo-moveleiro-de-bento-goncalves\/","og_locale":"es_ES","og_type":"article","og_title":"Exportaciones caen 13,4% en el polo mobiliario de Bento Gon\u00e7alves - Sindm\u00f3veis-RS","og_description":"El balance de las exportaciones del \u00faltimo a\u00f1o, divulgado por el Ministerio de Desarrollo, Industria y Comercio Exterior (MDCI), comprobaron las expectativas de p\u00e9rdida que el Sindicato de las Industrias del Mobiliario de Bento Gon\u00e7alves \u2013 Sindm\u00f3veis, proyectaba para el polo mobiliario de Bento Gon\u00e7alves. Los 48,8 millones de d\u00f3lares exportados por la industria de muebles en 2014 representan ca\u00edda de 13,4% con relaci\u00f3n al a\u00f1o anterior.","og_url":"https:\/\/www.sindmoveis.com.br\/es\/exportacoes-caem-134-no-polo-moveleiro-de-bento-goncalves\/","og_site_name":"Sindm\u00f3veis-RS","article_published_time":"2015-01-26T02:00:00+00:00","article_modified_time":"2021-05-26T14:01:19+00:00","og_image":[{"width":1000,"height":667,"url":"https:\/\/www.sindmoveis.com.br\/es\/wp-content\/uploads\/2021\/05\/p1422295352.jpg","type":"image\/jpeg"}],"author":"Imprensa Sindm\u00f3veis","twitter_card":"summary_large_image","twitter_misc":{"Escrito por":"Imprensa Sindm\u00f3veis","Tiempo de lectura":"2 minutos"},"schema":{"@context":"https:\/\/schema.org","@graph":[{"@type":"Article","@id":"https:\/\/www.sindmoveis.com.br\/es\/exportacoes-caem-134-no-polo-moveleiro-de-bento-goncalves\/#article","isPartOf":{"@id":"https:\/\/www.sindmoveis.com.br\/es\/exportacoes-caem-134-no-polo-moveleiro-de-bento-goncalves\/"},"author":{"name":"Imprensa Sindm\u00f3veis","@id":"https:\/\/www.sindmoveis.com.br\/es\/#\/schema\/person\/16d379542db1950a17fe188179340d57"},"headline":"Exportaciones caen 13,4% en el polo mobiliario de Bento Gon\u00e7alves","datePublished":"2015-01-26T02:00:00+00:00","dateModified":"2021-05-26T14:01:19+00:00","mainEntityOfPage":{"@id":"https:\/\/www.sindmoveis.com.br\/es\/exportacoes-caem-134-no-polo-moveleiro-de-bento-goncalves\/"},"wordCount":420,"image":{"@id":"https:\/\/www.sindmoveis.com.br\/es\/exportacoes-caem-134-no-polo-moveleiro-de-bento-goncalves\/#primaryimage"},"thumbnailUrl":"https:\/\/www.sindmoveis.com.br\/es\/wp-content\/uploads\/2021\/05\/p1422295352.jpg","articleSection":["Datos","Exportaciones","Sindm\u00f3veis"],"inLanguage":"es"},{"@type":"WebPage","@id":"https:\/\/www.sindmoveis.com.br\/es\/exportacoes-caem-134-no-polo-moveleiro-de-bento-goncalves\/","url":"https:\/\/www.sindmoveis.com.br\/es\/exportacoes-caem-134-no-polo-moveleiro-de-bento-goncalves\/","name":"Exportaciones caen 13,4% en el polo mobiliario de Bento Gon\u00e7alves - Sindm\u00f3veis-RS","isPartOf":{"@id":"https:\/\/www.sindmoveis.com.br\/es\/#website"},"primaryImageOfPage":{"@id":"https:\/\/www.sindmoveis.com.br\/es\/exportacoes-caem-134-no-polo-moveleiro-de-bento-goncalves\/#primaryimage"},"image":{"@id":"https:\/\/www.sindmoveis.com.br\/es\/exportacoes-caem-134-no-polo-moveleiro-de-bento-goncalves\/#primaryimage"},"thumbnailUrl":"https:\/\/www.sindmoveis.com.br\/es\/wp-content\/uploads\/2021\/05\/p1422295352.jpg","datePublished":"2015-01-26T02:00:00+00:00","dateModified":"2021-05-26T14:01:19+00:00","author":{"@id":"https:\/\/www.sindmoveis.com.br\/es\/#\/schema\/person\/16d379542db1950a17fe188179340d57"},"inLanguage":"es","potentialAction":[{"@type":"ReadAction","target":["https:\/\/www.sindmoveis.com.br\/es\/exportacoes-caem-134-no-polo-moveleiro-de-bento-goncalves\/"]}]},{"@type":"ImageObject","inLanguage":"es","@id":"https:\/\/www.sindmoveis.com.br\/es\/exportacoes-caem-134-no-polo-moveleiro-de-bento-goncalves\/#primaryimage","url":"https:\/\/www.sindmoveis.com.br\/es\/wp-content\/uploads\/2021\/05\/p1422295352.jpg","contentUrl":"https:\/\/www.sindmoveis.com.br\/es\/wp-content\/uploads\/2021\/05\/p1422295352.jpg","width":1000,"height":667,"caption":"Foto: J\u00e9ferson Soldi \/ Sindm\u00f3veis"},{"@type":"WebSite","@id":"https:\/\/www.sindmoveis.com.br\/es\/#website","url":"https:\/\/www.sindmoveis.com.br\/es\/","name":"Sindm\u00f3veis-RS","description":"","potentialAction":[{"@type":"SearchAction","target":{"@type":"EntryPoint","urlTemplate":"https:\/\/www.sindmoveis.com.br\/es\/?s={search_term_string}"},"query-input":{"@type":"PropertyValueSpecification","valueRequired":true,"valueName":"search_term_string"}}],"inLanguage":"es"},{"@type":"Person","@id":"https:\/\/www.sindmoveis.com.br\/es\/#\/schema\/person\/16d379542db1950a17fe188179340d57","name":"Imprensa Sindm\u00f3veis","image":{"@type":"ImageObject","inLanguage":"es","@id":"https:\/\/www.sindmoveis.com.br\/es\/#\/schema\/person\/image\/","url":"https:\/\/secure.gravatar.com\/avatar\/4973e2e2c2a0cb5db30b0c7b770041b8e33d048a16b695a1f99c042449d4bfaf?s=96&d=mm&r=g","contentUrl":"https:\/\/secure.gravatar.com\/avatar\/4973e2e2c2a0cb5db30b0c7b770041b8e33d048a16b695a1f99c042449d4bfaf?s=96&d=mm&r=g","caption":"Imprensa Sindm\u00f3veis"},"url":"https:\/\/www.sindmoveis.com.br\/es\/author\/ana\/"}]}},"_links":{"self":[{"href":"https:\/\/www.sindmoveis.com.br\/es\/wp-json\/wp\/v2\/posts\/1135","targetHints":{"allow":["GET"]}}],"collection":[{"href":"https:\/\/www.sindmoveis.com.br\/es\/wp-json\/wp\/v2\/posts"}],"about":[{"href":"https:\/\/www.sindmoveis.com.br\/es\/wp-json\/wp\/v2\/types\/post"}],"author":[{"embeddable":true,"href":"https:\/\/www.sindmoveis.com.br\/es\/wp-json\/wp\/v2\/users\/5"}],"replies":[{"embeddable":true,"href":"https:\/\/www.sindmoveis.com.br\/es\/wp-json\/wp\/v2\/comments?post=1135"}],"version-history":[{"count":2,"href":"https:\/\/www.sindmoveis.com.br\/es\/wp-json\/wp\/v2\/posts\/1135\/revisions"}],"predecessor-version":[{"id":3463,"href":"https:\/\/www.sindmoveis.com.br\/es\/wp-json\/wp\/v2\/posts\/1135\/revisions\/3463"}],"wp:featuredmedia":[{"embeddable":true,"href":"https:\/\/www.sindmoveis.com.br\/es\/wp-json\/wp\/v2\/media\/3464"}],"wp:attachment":[{"href":"https:\/\/www.sindmoveis.com.br\/es\/wp-json\/wp\/v2\/media?parent=1135"}],"wp:term":[{"taxonomy":"category","embeddable":true,"href":"https:\/\/www.sindmoveis.com.br\/es\/wp-json\/wp\/v2\/categories?post=1135"},{"taxonomy":"post_tag","embeddable":true,"href":"https:\/\/www.sindmoveis.com.br\/es\/wp-json\/wp\/v2\/tags?post=1135"}],"curies":[{"name":"wp","href":"https:\/\/api.w.org\/{rel}","templated":true}]}}