{"id":1127,"date":"2014-11-14T00:00:00","date_gmt":"2014-11-14T02:00:00","guid":{"rendered":"http:\/\/sindmoveis.com.br\/imprensa\/noticias\/salao-design-2015-tem-830-inscricoes\/"},"modified":"2021-05-26T10:27:47","modified_gmt":"2021-05-26T13:27:47","slug":"salao-design-2015-tem-830-inscricoes","status":"publish","type":"post","link":"https:\/\/www.sindmoveis.com.br\/es\/salao-design-2015-tem-830-inscricoes\/","title":{"rendered":"Sal\u00e3o Design 2015 tiene 830 inscripciones"},"content":{"rendered":"<p>Proyectos de 15 pa&iacute;ses ser&aacute;n evaluados a partir del pr&oacute;ximo viernes por la comisi&oacute;n juzgadora<\/em><\/div>\n<div>\nA partir del viernes, d&iacute;a 14, la comisi&oacute;n juzgadora del Sal&atilde;o Design 2015 empieza a evaluar los 830 proyectos inscritos para la 19&ordf; edici&oacute;n del premio, realizado desde 1988 por el Sindicato de las Industrias del Mobiliario de Bento Gon&ccedil;alves &nbsp;(Sindm&oacute;veis). Fueron recibidas creaciones de estudiantes, profesionales e industrias en siete categor&iacute;as: Iluminaci&oacute;n; Muebles para dormitorio; Muebles para sala de estar y comedor; Muebles para cocina, &aacute;rea de servicio y ba&ntilde;o; Muebles para &aacute;rea externa; Muebles para oficina y home office y accesorios dom&eacute;sticos.<\/div>\n<div>Con una participaci&oacute;n extranjera cada vez m&aacute;s expresiva, el premio se consolida como referencia en la valoraci&oacute;n del dise&ntilde;o autoral, especialmente en Am&eacute;rica Latina. Para esta edici&oacute;n, han sido inscritos proyectos de 15 pa&iacute;ses, siendo la mayor participaci&oacute;n extranjera proveniente de Uruguay, Cuba, Argentina y Colombia. La directora del Sal&atilde;o Design, Cristiane Silveira, tambi&eacute;n festeja el aumento de los proyectos inscritos por la industria. &ldquo;Ese es el espacio ideal para explotar la creatividad, el esp&iacute;ritu emprendedor, la sostenibilidad y la innovaci&oacute;n tecnol&oacute;gica en la industria del mobiliario. La participaci&oacute;n de las industrias es motivo de conmemoraci&oacute;n, pues desde hace mucho tiempo estamos levantando la bandera de la diferenciaci&oacute;n por medio del dise&ntilde;o&rdquo;, destaca.<\/div>\n<div>El juicio del Sal&atilde;o Design es realizado en dos etapas. En la primera de ellas, de 14 a 28 de noviembre, los proyectos gr&aacute;ficos inscritos ser&aacute;n evaluados por cinco jurados: las arquitectas Ilse Lang e Isabela Vecci; los dise&ntilde;adores Ivens Fontoura y Leonardo Lattavo y la ejecutiva Glaucia Binda, que representar&aacute; la industria. La divulgaci&oacute;n de los seleccionados ser&aacute; el d&iacute;a 1&deg; de diciembre y, a partir de esta fecha, los concurrentes tienen hasta mayo de 2015 para enviar a Bento Gon&ccedil;alves los productos o prototipos en tama&ntilde;o natural<\/div>\n<div>En la edici&oacute;n de 2015, ser&aacute;n distribuidos R$ 205 mil en premiaciones y los vencedores tambi&eacute;n reciben el Sello Sal&atilde;o Design, que podr&aacute; ser utilizado en el producto como reconocimiento de su excelencia. Adem&aacute;s de ello, ser&aacute;n concedidos los ya tradicionales trofeos Profesor Orientador, para los docentes indicados en los proyectos de los estudiantes premiados, y Maderas Alternativas, que premia el mejor proyecto de la edici&oacute;n fabricado a partir de especies que el Servicio Forestal Brasile&ntilde;o considera como no muy utilizadas.&nbsp;<\/div>\n<div>Para m&aacute;s informaciones, acceda a <a href=\"http:\/\/www.salaodesign.com.br\" target=\"\" rel=\"noopener\">www.salaodesign.com.br<\/a>.<\/div>\n<div>&nbsp;<\/div>\n","protected":false},"excerpt":{"rendered":"<p>A partir del viernes, d\u00eda 14, la comisi\u00f3n juzgadora del Sal\u00e3o Design 2015 empieza a evaluar los 830 proyectos inscritos para la 19\u00aa edici\u00f3n del premio, realizado desde 1988 por el Sindicato de las Industrias del Mobiliario de Bento Gon\u00e7alves  (Sindm\u00f3veis). Fueron recibidas creaciones de estudiantes, profesionales e industrias en siete categor\u00edas: Iluminaci\u00f3n; Muebles para dormitorio; Muebles para sala de estar y comedor; Muebles para cocina, \u00e1rea de servicio y ba\u00f1o; Muebles para \u00e1rea externa; Muebles para oficina y home office y accesorios dom\u00e9sticos.<\/p>\n","protected":false},"author":5,"featured_media":3458,"comment_status":"closed","ping_status":"open","sticky":false,"template":"","format":"standard","meta":{"footnotes":"","_links_to":"","_links_to_target":""},"categories":[21,2],"tags":[],"class_list":["post-1127","post","type-post","status-publish","format-standard","has-post-thumbnail","hentry","category-premio-salao-design","category-sindmoveis"],"yoast_head":"<!-- This site is optimized with the Yoast SEO plugin v27.0 - https:\/\/yoast.com\/product\/yoast-seo-wordpress\/ -->\n<title>Sal\u00e3o Design 2015 tiene 830 inscripciones - Sindm\u00f3veis-RS<\/title>\n<meta name=\"robots\" content=\"index, follow, max-snippet:-1, max-image-preview:large, max-video-preview:-1\" \/>\n<link rel=\"canonical\" href=\"https:\/\/www.sindmoveis.com.br\/es\/salao-design-2015-tem-830-inscricoes\/\" \/>\n<meta property=\"og:locale\" content=\"es_ES\" \/>\n<meta property=\"og:type\" content=\"article\" \/>\n<meta property=\"og:title\" content=\"Sal\u00e3o Design 2015 tiene 830 inscripciones - Sindm\u00f3veis-RS\" \/>\n<meta property=\"og:description\" content=\"A partir del viernes, d\u00eda 14, la comisi\u00f3n juzgadora del Sal\u00e3o Design 2015 empieza a evaluar los 830 proyectos inscritos para la 19\u00aa edici\u00f3n del premio, realizado desde 1988 por el Sindicato de las Industrias del Mobiliario de Bento Gon\u00e7alves (Sindm\u00f3veis). Fueron recibidas creaciones de estudiantes, profesionales e industrias en siete categor\u00edas: Iluminaci\u00f3n; Muebles para dormitorio; Muebles para sala de estar y comedor; Muebles para cocina, \u00e1rea de servicio y ba\u00f1o; Muebles para \u00e1rea externa; Muebles para oficina y home office y accesorios dom\u00e9sticos.\" \/>\n<meta property=\"og:url\" content=\"https:\/\/www.sindmoveis.com.br\/es\/salao-design-2015-tem-830-inscricoes\/\" \/>\n<meta property=\"og:site_name\" content=\"Sindm\u00f3veis-RS\" \/>\n<meta property=\"article:published_time\" content=\"2014-11-14T02:00:00+00:00\" \/>\n<meta property=\"article:modified_time\" content=\"2021-05-26T13:27:47+00:00\" \/>\n<meta property=\"og:image\" content=\"https:\/\/www.sindmoveis.com.br\/es\/wp-content\/uploads\/2021\/05\/p1415981111.jpg\" \/>\n\t<meta property=\"og:image:width\" content=\"1200\" \/>\n\t<meta property=\"og:image:height\" content=\"800\" \/>\n\t<meta property=\"og:image:type\" content=\"image\/jpeg\" \/>\n<meta name=\"author\" content=\"Imprensa Sindm\u00f3veis\" \/>\n<meta name=\"twitter:card\" content=\"summary_large_image\" \/>\n<meta name=\"twitter:label1\" content=\"Escrito por\" \/>\n\t<meta name=\"twitter:data1\" content=\"Imprensa Sindm\u00f3veis\" \/>\n\t<meta name=\"twitter:label2\" content=\"Tiempo de lectura\" \/>\n\t<meta name=\"twitter:data2\" content=\"2 minutos\" \/>\n<script type=\"application\/ld+json\" class=\"yoast-schema-graph\">{\"@context\":\"https:\/\/schema.org\",\"@graph\":[{\"@type\":\"Article\",\"@id\":\"https:\/\/www.sindmoveis.com.br\/es\/salao-design-2015-tem-830-inscricoes\/#article\",\"isPartOf\":{\"@id\":\"https:\/\/www.sindmoveis.com.br\/es\/salao-design-2015-tem-830-inscricoes\/\"},\"author\":{\"name\":\"Imprensa Sindm\u00f3veis\",\"@id\":\"https:\/\/www.sindmoveis.com.br\/es\/#\/schema\/person\/16d379542db1950a17fe188179340d57\"},\"headline\":\"Sal\u00e3o Design 2015 tiene 830 inscripciones\",\"datePublished\":\"2014-11-14T02:00:00+00:00\",\"dateModified\":\"2021-05-26T13:27:47+00:00\",\"mainEntityOfPage\":{\"@id\":\"https:\/\/www.sindmoveis.com.br\/es\/salao-design-2015-tem-830-inscricoes\/\"},\"wordCount\":491,\"image\":{\"@id\":\"https:\/\/www.sindmoveis.com.br\/es\/salao-design-2015-tem-830-inscricoes\/#primaryimage\"},\"thumbnailUrl\":\"https:\/\/www.sindmoveis.com.br\/es\/wp-content\/uploads\/2021\/05\/p1415981111.jpg\",\"articleSection\":[\"Premio Sal\u00e3o Design\",\"Sindm\u00f3veis\"],\"inLanguage\":\"es\"},{\"@type\":\"WebPage\",\"@id\":\"https:\/\/www.sindmoveis.com.br\/es\/salao-design-2015-tem-830-inscricoes\/\",\"url\":\"https:\/\/www.sindmoveis.com.br\/es\/salao-design-2015-tem-830-inscricoes\/\",\"name\":\"Sal\u00e3o Design 2015 tiene 830 inscripciones - Sindm\u00f3veis-RS\",\"isPartOf\":{\"@id\":\"https:\/\/www.sindmoveis.com.br\/es\/#website\"},\"primaryImageOfPage\":{\"@id\":\"https:\/\/www.sindmoveis.com.br\/es\/salao-design-2015-tem-830-inscricoes\/#primaryimage\"},\"image\":{\"@id\":\"https:\/\/www.sindmoveis.com.br\/es\/salao-design-2015-tem-830-inscricoes\/#primaryimage\"},\"thumbnailUrl\":\"https:\/\/www.sindmoveis.com.br\/es\/wp-content\/uploads\/2021\/05\/p1415981111.jpg\",\"datePublished\":\"2014-11-14T02:00:00+00:00\",\"dateModified\":\"2021-05-26T13:27:47+00:00\",\"author\":{\"@id\":\"https:\/\/www.sindmoveis.com.br\/es\/#\/schema\/person\/16d379542db1950a17fe188179340d57\"},\"inLanguage\":\"es\",\"potentialAction\":[{\"@type\":\"ReadAction\",\"target\":[\"https:\/\/www.sindmoveis.com.br\/es\/salao-design-2015-tem-830-inscricoes\/\"]}]},{\"@type\":\"ImageObject\",\"inLanguage\":\"es\",\"@id\":\"https:\/\/www.sindmoveis.com.br\/es\/salao-design-2015-tem-830-inscricoes\/#primaryimage\",\"url\":\"https:\/\/www.sindmoveis.com.br\/es\/wp-content\/uploads\/2021\/05\/p1415981111.jpg\",\"contentUrl\":\"https:\/\/www.sindmoveis.com.br\/es\/wp-content\/uploads\/2021\/05\/p1415981111.jpg\",\"width\":1200,\"height\":800},{\"@type\":\"WebSite\",\"@id\":\"https:\/\/www.sindmoveis.com.br\/es\/#website\",\"url\":\"https:\/\/www.sindmoveis.com.br\/es\/\",\"name\":\"Sindm\u00f3veis-RS\",\"description\":\"\",\"potentialAction\":[{\"@type\":\"SearchAction\",\"target\":{\"@type\":\"EntryPoint\",\"urlTemplate\":\"https:\/\/www.sindmoveis.com.br\/es\/?s={search_term_string}\"},\"query-input\":{\"@type\":\"PropertyValueSpecification\",\"valueRequired\":true,\"valueName\":\"search_term_string\"}}],\"inLanguage\":\"es\"},{\"@type\":\"Person\",\"@id\":\"https:\/\/www.sindmoveis.com.br\/es\/#\/schema\/person\/16d379542db1950a17fe188179340d57\",\"name\":\"Imprensa Sindm\u00f3veis\",\"image\":{\"@type\":\"ImageObject\",\"inLanguage\":\"es\",\"@id\":\"https:\/\/www.sindmoveis.com.br\/es\/#\/schema\/person\/image\/\",\"url\":\"https:\/\/secure.gravatar.com\/avatar\/4973e2e2c2a0cb5db30b0c7b770041b8e33d048a16b695a1f99c042449d4bfaf?s=96&d=mm&r=g\",\"contentUrl\":\"https:\/\/secure.gravatar.com\/avatar\/4973e2e2c2a0cb5db30b0c7b770041b8e33d048a16b695a1f99c042449d4bfaf?s=96&d=mm&r=g\",\"caption\":\"Imprensa Sindm\u00f3veis\"},\"url\":\"https:\/\/www.sindmoveis.com.br\/es\/author\/ana\/\"}]}<\/script>\n<!-- \/ Yoast SEO plugin. -->","yoast_head_json":{"title":"Sal\u00e3o Design 2015 tiene 830 inscripciones - Sindm\u00f3veis-RS","robots":{"index":"index","follow":"follow","max-snippet":"max-snippet:-1","max-image-preview":"max-image-preview:large","max-video-preview":"max-video-preview:-1"},"canonical":"https:\/\/www.sindmoveis.com.br\/es\/salao-design-2015-tem-830-inscricoes\/","og_locale":"es_ES","og_type":"article","og_title":"Sal\u00e3o Design 2015 tiene 830 inscripciones - Sindm\u00f3veis-RS","og_description":"A partir del viernes, d\u00eda 14, la comisi\u00f3n juzgadora del Sal\u00e3o Design 2015 empieza a evaluar los 830 proyectos inscritos para la 19\u00aa edici\u00f3n del premio, realizado desde 1988 por el Sindicato de las Industrias del Mobiliario de Bento Gon\u00e7alves (Sindm\u00f3veis). Fueron recibidas creaciones de estudiantes, profesionales e industrias en siete categor\u00edas: Iluminaci\u00f3n; Muebles para dormitorio; Muebles para sala de estar y comedor; Muebles para cocina, \u00e1rea de servicio y ba\u00f1o; Muebles para \u00e1rea externa; Muebles para oficina y home office y accesorios dom\u00e9sticos.","og_url":"https:\/\/www.sindmoveis.com.br\/es\/salao-design-2015-tem-830-inscricoes\/","og_site_name":"Sindm\u00f3veis-RS","article_published_time":"2014-11-14T02:00:00+00:00","article_modified_time":"2021-05-26T13:27:47+00:00","og_image":[{"width":1200,"height":800,"url":"https:\/\/www.sindmoveis.com.br\/es\/wp-content\/uploads\/2021\/05\/p1415981111.jpg","type":"image\/jpeg"}],"author":"Imprensa Sindm\u00f3veis","twitter_card":"summary_large_image","twitter_misc":{"Escrito por":"Imprensa Sindm\u00f3veis","Tiempo de lectura":"2 minutos"},"schema":{"@context":"https:\/\/schema.org","@graph":[{"@type":"Article","@id":"https:\/\/www.sindmoveis.com.br\/es\/salao-design-2015-tem-830-inscricoes\/#article","isPartOf":{"@id":"https:\/\/www.sindmoveis.com.br\/es\/salao-design-2015-tem-830-inscricoes\/"},"author":{"name":"Imprensa Sindm\u00f3veis","@id":"https:\/\/www.sindmoveis.com.br\/es\/#\/schema\/person\/16d379542db1950a17fe188179340d57"},"headline":"Sal\u00e3o Design 2015 tiene 830 inscripciones","datePublished":"2014-11-14T02:00:00+00:00","dateModified":"2021-05-26T13:27:47+00:00","mainEntityOfPage":{"@id":"https:\/\/www.sindmoveis.com.br\/es\/salao-design-2015-tem-830-inscricoes\/"},"wordCount":491,"image":{"@id":"https:\/\/www.sindmoveis.com.br\/es\/salao-design-2015-tem-830-inscricoes\/#primaryimage"},"thumbnailUrl":"https:\/\/www.sindmoveis.com.br\/es\/wp-content\/uploads\/2021\/05\/p1415981111.jpg","articleSection":["Premio Sal\u00e3o Design","Sindm\u00f3veis"],"inLanguage":"es"},{"@type":"WebPage","@id":"https:\/\/www.sindmoveis.com.br\/es\/salao-design-2015-tem-830-inscricoes\/","url":"https:\/\/www.sindmoveis.com.br\/es\/salao-design-2015-tem-830-inscricoes\/","name":"Sal\u00e3o Design 2015 tiene 830 inscripciones - Sindm\u00f3veis-RS","isPartOf":{"@id":"https:\/\/www.sindmoveis.com.br\/es\/#website"},"primaryImageOfPage":{"@id":"https:\/\/www.sindmoveis.com.br\/es\/salao-design-2015-tem-830-inscricoes\/#primaryimage"},"image":{"@id":"https:\/\/www.sindmoveis.com.br\/es\/salao-design-2015-tem-830-inscricoes\/#primaryimage"},"thumbnailUrl":"https:\/\/www.sindmoveis.com.br\/es\/wp-content\/uploads\/2021\/05\/p1415981111.jpg","datePublished":"2014-11-14T02:00:00+00:00","dateModified":"2021-05-26T13:27:47+00:00","author":{"@id":"https:\/\/www.sindmoveis.com.br\/es\/#\/schema\/person\/16d379542db1950a17fe188179340d57"},"inLanguage":"es","potentialAction":[{"@type":"ReadAction","target":["https:\/\/www.sindmoveis.com.br\/es\/salao-design-2015-tem-830-inscricoes\/"]}]},{"@type":"ImageObject","inLanguage":"es","@id":"https:\/\/www.sindmoveis.com.br\/es\/salao-design-2015-tem-830-inscricoes\/#primaryimage","url":"https:\/\/www.sindmoveis.com.br\/es\/wp-content\/uploads\/2021\/05\/p1415981111.jpg","contentUrl":"https:\/\/www.sindmoveis.com.br\/es\/wp-content\/uploads\/2021\/05\/p1415981111.jpg","width":1200,"height":800},{"@type":"WebSite","@id":"https:\/\/www.sindmoveis.com.br\/es\/#website","url":"https:\/\/www.sindmoveis.com.br\/es\/","name":"Sindm\u00f3veis-RS","description":"","potentialAction":[{"@type":"SearchAction","target":{"@type":"EntryPoint","urlTemplate":"https:\/\/www.sindmoveis.com.br\/es\/?s={search_term_string}"},"query-input":{"@type":"PropertyValueSpecification","valueRequired":true,"valueName":"search_term_string"}}],"inLanguage":"es"},{"@type":"Person","@id":"https:\/\/www.sindmoveis.com.br\/es\/#\/schema\/person\/16d379542db1950a17fe188179340d57","name":"Imprensa Sindm\u00f3veis","image":{"@type":"ImageObject","inLanguage":"es","@id":"https:\/\/www.sindmoveis.com.br\/es\/#\/schema\/person\/image\/","url":"https:\/\/secure.gravatar.com\/avatar\/4973e2e2c2a0cb5db30b0c7b770041b8e33d048a16b695a1f99c042449d4bfaf?s=96&d=mm&r=g","contentUrl":"https:\/\/secure.gravatar.com\/avatar\/4973e2e2c2a0cb5db30b0c7b770041b8e33d048a16b695a1f99c042449d4bfaf?s=96&d=mm&r=g","caption":"Imprensa Sindm\u00f3veis"},"url":"https:\/\/www.sindmoveis.com.br\/es\/author\/ana\/"}]}},"_links":{"self":[{"href":"https:\/\/www.sindmoveis.com.br\/es\/wp-json\/wp\/v2\/posts\/1127","targetHints":{"allow":["GET"]}}],"collection":[{"href":"https:\/\/www.sindmoveis.com.br\/es\/wp-json\/wp\/v2\/posts"}],"about":[{"href":"https:\/\/www.sindmoveis.com.br\/es\/wp-json\/wp\/v2\/types\/post"}],"author":[{"embeddable":true,"href":"https:\/\/www.sindmoveis.com.br\/es\/wp-json\/wp\/v2\/users\/5"}],"replies":[{"embeddable":true,"href":"https:\/\/www.sindmoveis.com.br\/es\/wp-json\/wp\/v2\/comments?post=1127"}],"version-history":[{"count":2,"href":"https:\/\/www.sindmoveis.com.br\/es\/wp-json\/wp\/v2\/posts\/1127\/revisions"}],"predecessor-version":[{"id":3457,"href":"https:\/\/www.sindmoveis.com.br\/es\/wp-json\/wp\/v2\/posts\/1127\/revisions\/3457"}],"wp:featuredmedia":[{"embeddable":true,"href":"https:\/\/www.sindmoveis.com.br\/es\/wp-json\/wp\/v2\/media\/3458"}],"wp:attachment":[{"href":"https:\/\/www.sindmoveis.com.br\/es\/wp-json\/wp\/v2\/media?parent=1127"}],"wp:term":[{"taxonomy":"category","embeddable":true,"href":"https:\/\/www.sindmoveis.com.br\/es\/wp-json\/wp\/v2\/categories?post=1127"},{"taxonomy":"post_tag","embeddable":true,"href":"https:\/\/www.sindmoveis.com.br\/es\/wp-json\/wp\/v2\/tags?post=1127"}],"curies":[{"name":"wp","href":"https:\/\/api.w.org\/{rel}","templated":true}]}}