{"id":1126,"date":"2014-11-06T00:00:00","date_gmt":"2014-11-06T02:00:00","guid":{"rendered":"http:\/\/sindmoveis.com.br\/imprensa\/noticias\/inscricoes-para-o-salao-design-2015-encerram-dia-10\/"},"modified":"2021-05-26T10:27:47","modified_gmt":"2021-05-26T13:27:47","slug":"inscricoes-para-o-salao-design-2015-encerram-dia-10","status":"publish","type":"post","link":"https:\/\/www.sindmoveis.com.br\/es\/inscricoes-para-o-salao-design-2015-encerram-dia-10\/","title":{"rendered":"Inscripciones para  Sal\u00e3o Design 2015 finalizan d\u00eda 10"},"content":{"rendered":"<div><em>Directorio del premio orienta a los concurrentes a inscribir productos pautados por la originalidad e identidad<\/em><\/div>\n<div>&nbsp;<\/div>\n<div>El pr&oacute;ximo lunes, d&iacute;a 10 de noviembre, finalizan las inscripciones para el Sal&atilde;o Design 2015, el mayor premio del g&eacute;nero en Am&eacute;rica Latina. Realizado desde 1988 por el Sindicato de las Industrias del Mobiliario de Bento Gon&ccedil;alves &ndash; Sindm&oacute;veis, el Sal&atilde;o Design incentiva la creatividad, el esp&iacute;ritu emprendedor y la innovaci&oacute;n tecnol&oacute;gica de muebles y accesorios por medio del dise&ntilde;o. En esos 26 a&ntilde;os, m&aacute;s de 11.200 proyectos fueron inscritos en el premio, que es considerado el mayor del g&eacute;nero en am&eacute;rica Latina. Esta edici&oacute;n distribuir&aacute; R$ 205 mil en premiaciones en las modalidades Estudiante, Profesional e Industria.<\/div>\n<div>La directora del Sal&atilde;o Design, Cristiane Silveira, destaca el trabajo del premio y de la comisi&oacute;n juzgadora en el incentivo a la creaci&oacute;n de productos pautados por la originalidad e identidad. El reglamento prev&eacute; la eliminaci&oacute;n inmediata de proyectos identificados como copias. &ldquo;en la pr&aacute;ctica, es dif&iacute;cil discernir entre el dise&ntilde;o original, haya visto los cl&aacute;sicos consagrados, y el dise&ntilde;o de un nuevo objeto parecido, pero que presenta un nuevo detalle, sea de car&aacute;cter constructivo, sea de car&aacute;cter formal. De cualquier forma, nuestros jurados tienen el know how necesario para hacer ese tipo de diferenciaci&oacute;n&rdquo;, afirma la directora.<\/div>\n<div>Igualmente, el Sal&atilde;o Design procura orientar a los concurrentes para evitar que sus proyectos sean v&iacute;ctimas de copia. El dise&ntilde;ador y muse&oacute;grafo Ivens Fontoura, que fue jurado en 11 de las 19 ediciones del premio, recomienda dos acciones inmediatas. La primera, divulgar el dise&ntilde;o del objeto de la manera m&aacute;s amplia posible, de forma a registrar el time de la creaci&oacute;n, participando, inclusive, de la mayor cantidad de concursos, particularmente del Sal&atilde;o Design, y de publicaciones especializadas del g&eacute;nero. La segunda, providenciar el registro del proyecto y de la producci&oacute;n del mismo en el Instituto Nacional de Propiedad Intelectual &ndash; INPI y\/ o en las oficinas especializadas en marcas y patentes. &ldquo;Clareza, honestidad y transparencia, bien como buena suerte tambi&eacute;n ayudan&rdquo;, incentiva el jurado.<\/div>\n<div>La comisi&oacute;n juzgadora de esta edici&oacute;n est&aacute; integrada por cinco profesionales de la arquitectura y &nbsp;dise&ntilde;o, y el grupo tiene la experiencia a su favor. Cuatro jurados ya participaron de ediciones anteriores: las arquitectas Ilse Lang e Isabela Vecci y los dise&ntilde;adores Ivens Fontoura y Leonardo Lattavo. El nuevo nombra de la edici&oacute;n est&aacute; a cargo de la ejecutiva Glaucia Binda, que representar&aacute; la industria.<\/div>\n<div>La evaluaci&oacute;n de los proyectos inscritos ocurrir&aacute; en dos etapas, siendo la primera de 17 a 28 de noviembre. En esa fase, la comisi&oacute;n juzgadora eval&uacute;a los proyectos gr&aacute;ficos inscritos y selecciona los finalistas con base en criterios como el concepto del proyecto; forma y funci&oacute;n; ergonom&iacute;a; grado de innovaci&oacute;n y sostenibilidad ambiental. En la etapa siguiente, los finalistas env&iacute;an para Bento Gon&ccedil;alves sus productos o prototipos en escala natural para el juicio. Adem&aacute;s de la premiaci&oacute;n en dinero, los vencedores reciben el Sello Sal&atilde;o Design que podr&aacute; ser utilizado en el producto como forma de reconocimiento de excelencia en dise&ntilde;o.&nbsp;<\/div>\n<div>El equipo del premio recuerda que el d&iacute;a 10 de noviembre es el plazo final tambi&eacute;n de env&iacute;o, finalizaci&oacute;n y liberaci&oacute;n de los proyectos. Para inscripciones y reglamento, acceda a <a href=\"http:\/\/www.salaodesign.com.br\" target=\"\" rel=\"noopener\">www.salaodesign.com.br<\/a>.<\/div>\n<div>&nbsp;<\/div>\n","protected":false},"excerpt":{"rendered":"<p>El pr\u00f3ximo lunes, d\u00eda 10 de noviembre, finalizan las inscripciones para el Sal\u00e3o Design 2015, el mayor premio del g\u00e9nero en Am\u00e9rica Latina. Realizado desde 1988 por el Sindicato de las Industrias del Mobiliario de Bento Gon\u00e7alves \u2013 Sindm\u00f3veis, el Sal\u00e3o Design incentiva la creatividad, el esp\u00edritu emprendedor y la innovaci\u00f3n tecnol\u00f3gica de muebles y accesorios por medio del dise\u00f1o.<\/p>\n","protected":false},"author":5,"featured_media":3456,"comment_status":"closed","ping_status":"open","sticky":false,"template":"","format":"standard","meta":{"footnotes":"","_links_to":"","_links_to_target":""},"categories":[21,2],"tags":[],"class_list":["post-1126","post","type-post","status-publish","format-standard","has-post-thumbnail","hentry","category-premio-salao-design","category-sindmoveis"],"yoast_head":"<!-- This site is optimized with the Yoast SEO plugin v27.0 - https:\/\/yoast.com\/product\/yoast-seo-wordpress\/ -->\n<title>Inscripciones para Sal\u00e3o Design 2015 finalizan d\u00eda 10 - Sindm\u00f3veis-RS<\/title>\n<meta name=\"robots\" content=\"index, follow, max-snippet:-1, max-image-preview:large, max-video-preview:-1\" \/>\n<link rel=\"canonical\" href=\"https:\/\/www.sindmoveis.com.br\/es\/inscricoes-para-o-salao-design-2015-encerram-dia-10\/\" \/>\n<meta property=\"og:locale\" content=\"es_ES\" \/>\n<meta property=\"og:type\" content=\"article\" \/>\n<meta property=\"og:title\" content=\"Inscripciones para Sal\u00e3o Design 2015 finalizan d\u00eda 10 - Sindm\u00f3veis-RS\" \/>\n<meta property=\"og:description\" content=\"El pr\u00f3ximo lunes, d\u00eda 10 de noviembre, finalizan las inscripciones para el Sal\u00e3o Design 2015, el mayor premio del g\u00e9nero en Am\u00e9rica Latina. Realizado desde 1988 por el Sindicato de las Industrias del Mobiliario de Bento Gon\u00e7alves \u2013 Sindm\u00f3veis, el Sal\u00e3o Design incentiva la creatividad, el esp\u00edritu emprendedor y la innovaci\u00f3n tecnol\u00f3gica de muebles y accesorios por medio del dise\u00f1o.\" \/>\n<meta property=\"og:url\" content=\"https:\/\/www.sindmoveis.com.br\/es\/inscricoes-para-o-salao-design-2015-encerram-dia-10\/\" \/>\n<meta property=\"og:site_name\" content=\"Sindm\u00f3veis-RS\" \/>\n<meta property=\"article:published_time\" content=\"2014-11-06T02:00:00+00:00\" \/>\n<meta property=\"article:modified_time\" content=\"2021-05-26T13:27:47+00:00\" \/>\n<meta property=\"og:image\" content=\"https:\/\/www.sindmoveis.com.br\/es\/wp-content\/uploads\/2021\/05\/p1415280786.jpg\" \/>\n\t<meta property=\"og:image:width\" content=\"945\" \/>\n\t<meta property=\"og:image:height\" content=\"1417\" \/>\n\t<meta property=\"og:image:type\" content=\"image\/jpeg\" \/>\n<meta name=\"author\" content=\"Imprensa Sindm\u00f3veis\" \/>\n<meta name=\"twitter:card\" content=\"summary_large_image\" \/>\n<meta name=\"twitter:label1\" content=\"Escrito por\" \/>\n\t<meta name=\"twitter:data1\" content=\"Imprensa Sindm\u00f3veis\" \/>\n\t<meta name=\"twitter:label2\" content=\"Tiempo de lectura\" \/>\n\t<meta name=\"twitter:data2\" content=\"3 minutos\" \/>\n<script type=\"application\/ld+json\" class=\"yoast-schema-graph\">{\"@context\":\"https:\/\/schema.org\",\"@graph\":[{\"@type\":\"Article\",\"@id\":\"https:\/\/www.sindmoveis.com.br\/es\/inscricoes-para-o-salao-design-2015-encerram-dia-10\/#article\",\"isPartOf\":{\"@id\":\"https:\/\/www.sindmoveis.com.br\/es\/inscricoes-para-o-salao-design-2015-encerram-dia-10\/\"},\"author\":{\"name\":\"Imprensa Sindm\u00f3veis\",\"@id\":\"https:\/\/www.sindmoveis.com.br\/es\/#\/schema\/person\/16d379542db1950a17fe188179340d57\"},\"headline\":\"Inscripciones para Sal\u00e3o Design 2015 finalizan d\u00eda 10\",\"datePublished\":\"2014-11-06T02:00:00+00:00\",\"dateModified\":\"2021-05-26T13:27:47+00:00\",\"mainEntityOfPage\":{\"@id\":\"https:\/\/www.sindmoveis.com.br\/es\/inscricoes-para-o-salao-design-2015-encerram-dia-10\/\"},\"wordCount\":674,\"image\":{\"@id\":\"https:\/\/www.sindmoveis.com.br\/es\/inscricoes-para-o-salao-design-2015-encerram-dia-10\/#primaryimage\"},\"thumbnailUrl\":\"https:\/\/www.sindmoveis.com.br\/es\/wp-content\/uploads\/2021\/05\/p1415280786.jpg\",\"articleSection\":[\"Premio Sal\u00e3o Design\",\"Sindm\u00f3veis\"],\"inLanguage\":\"es\"},{\"@type\":\"WebPage\",\"@id\":\"https:\/\/www.sindmoveis.com.br\/es\/inscricoes-para-o-salao-design-2015-encerram-dia-10\/\",\"url\":\"https:\/\/www.sindmoveis.com.br\/es\/inscricoes-para-o-salao-design-2015-encerram-dia-10\/\",\"name\":\"Inscripciones para Sal\u00e3o Design 2015 finalizan d\u00eda 10 - Sindm\u00f3veis-RS\",\"isPartOf\":{\"@id\":\"https:\/\/www.sindmoveis.com.br\/es\/#website\"},\"primaryImageOfPage\":{\"@id\":\"https:\/\/www.sindmoveis.com.br\/es\/inscricoes-para-o-salao-design-2015-encerram-dia-10\/#primaryimage\"},\"image\":{\"@id\":\"https:\/\/www.sindmoveis.com.br\/es\/inscricoes-para-o-salao-design-2015-encerram-dia-10\/#primaryimage\"},\"thumbnailUrl\":\"https:\/\/www.sindmoveis.com.br\/es\/wp-content\/uploads\/2021\/05\/p1415280786.jpg\",\"datePublished\":\"2014-11-06T02:00:00+00:00\",\"dateModified\":\"2021-05-26T13:27:47+00:00\",\"author\":{\"@id\":\"https:\/\/www.sindmoveis.com.br\/es\/#\/schema\/person\/16d379542db1950a17fe188179340d57\"},\"inLanguage\":\"es\",\"potentialAction\":[{\"@type\":\"ReadAction\",\"target\":[\"https:\/\/www.sindmoveis.com.br\/es\/inscricoes-para-o-salao-design-2015-encerram-dia-10\/\"]}]},{\"@type\":\"ImageObject\",\"inLanguage\":\"es\",\"@id\":\"https:\/\/www.sindmoveis.com.br\/es\/inscricoes-para-o-salao-design-2015-encerram-dia-10\/#primaryimage\",\"url\":\"https:\/\/www.sindmoveis.com.br\/es\/wp-content\/uploads\/2021\/05\/p1415280786.jpg\",\"contentUrl\":\"https:\/\/www.sindmoveis.com.br\/es\/wp-content\/uploads\/2021\/05\/p1415280786.jpg\",\"width\":945,\"height\":1417,\"caption\":\"Cristiane Silveira\"},{\"@type\":\"WebSite\",\"@id\":\"https:\/\/www.sindmoveis.com.br\/es\/#website\",\"url\":\"https:\/\/www.sindmoveis.com.br\/es\/\",\"name\":\"Sindm\u00f3veis-RS\",\"description\":\"\",\"potentialAction\":[{\"@type\":\"SearchAction\",\"target\":{\"@type\":\"EntryPoint\",\"urlTemplate\":\"https:\/\/www.sindmoveis.com.br\/es\/?s={search_term_string}\"},\"query-input\":{\"@type\":\"PropertyValueSpecification\",\"valueRequired\":true,\"valueName\":\"search_term_string\"}}],\"inLanguage\":\"es\"},{\"@type\":\"Person\",\"@id\":\"https:\/\/www.sindmoveis.com.br\/es\/#\/schema\/person\/16d379542db1950a17fe188179340d57\",\"name\":\"Imprensa Sindm\u00f3veis\",\"image\":{\"@type\":\"ImageObject\",\"inLanguage\":\"es\",\"@id\":\"https:\/\/www.sindmoveis.com.br\/es\/#\/schema\/person\/image\/\",\"url\":\"https:\/\/secure.gravatar.com\/avatar\/4973e2e2c2a0cb5db30b0c7b770041b8e33d048a16b695a1f99c042449d4bfaf?s=96&d=mm&r=g\",\"contentUrl\":\"https:\/\/secure.gravatar.com\/avatar\/4973e2e2c2a0cb5db30b0c7b770041b8e33d048a16b695a1f99c042449d4bfaf?s=96&d=mm&r=g\",\"caption\":\"Imprensa Sindm\u00f3veis\"},\"url\":\"https:\/\/www.sindmoveis.com.br\/es\/author\/ana\/\"}]}<\/script>\n<!-- \/ Yoast SEO plugin. -->","yoast_head_json":{"title":"Inscripciones para Sal\u00e3o Design 2015 finalizan d\u00eda 10 - Sindm\u00f3veis-RS","robots":{"index":"index","follow":"follow","max-snippet":"max-snippet:-1","max-image-preview":"max-image-preview:large","max-video-preview":"max-video-preview:-1"},"canonical":"https:\/\/www.sindmoveis.com.br\/es\/inscricoes-para-o-salao-design-2015-encerram-dia-10\/","og_locale":"es_ES","og_type":"article","og_title":"Inscripciones para Sal\u00e3o Design 2015 finalizan d\u00eda 10 - Sindm\u00f3veis-RS","og_description":"El pr\u00f3ximo lunes, d\u00eda 10 de noviembre, finalizan las inscripciones para el Sal\u00e3o Design 2015, el mayor premio del g\u00e9nero en Am\u00e9rica Latina. Realizado desde 1988 por el Sindicato de las Industrias del Mobiliario de Bento Gon\u00e7alves \u2013 Sindm\u00f3veis, el Sal\u00e3o Design incentiva la creatividad, el esp\u00edritu emprendedor y la innovaci\u00f3n tecnol\u00f3gica de muebles y accesorios por medio del dise\u00f1o.","og_url":"https:\/\/www.sindmoveis.com.br\/es\/inscricoes-para-o-salao-design-2015-encerram-dia-10\/","og_site_name":"Sindm\u00f3veis-RS","article_published_time":"2014-11-06T02:00:00+00:00","article_modified_time":"2021-05-26T13:27:47+00:00","og_image":[{"width":945,"height":1417,"url":"https:\/\/www.sindmoveis.com.br\/es\/wp-content\/uploads\/2021\/05\/p1415280786.jpg","type":"image\/jpeg"}],"author":"Imprensa Sindm\u00f3veis","twitter_card":"summary_large_image","twitter_misc":{"Escrito por":"Imprensa Sindm\u00f3veis","Tiempo de lectura":"3 minutos"},"schema":{"@context":"https:\/\/schema.org","@graph":[{"@type":"Article","@id":"https:\/\/www.sindmoveis.com.br\/es\/inscricoes-para-o-salao-design-2015-encerram-dia-10\/#article","isPartOf":{"@id":"https:\/\/www.sindmoveis.com.br\/es\/inscricoes-para-o-salao-design-2015-encerram-dia-10\/"},"author":{"name":"Imprensa Sindm\u00f3veis","@id":"https:\/\/www.sindmoveis.com.br\/es\/#\/schema\/person\/16d379542db1950a17fe188179340d57"},"headline":"Inscripciones para Sal\u00e3o Design 2015 finalizan d\u00eda 10","datePublished":"2014-11-06T02:00:00+00:00","dateModified":"2021-05-26T13:27:47+00:00","mainEntityOfPage":{"@id":"https:\/\/www.sindmoveis.com.br\/es\/inscricoes-para-o-salao-design-2015-encerram-dia-10\/"},"wordCount":674,"image":{"@id":"https:\/\/www.sindmoveis.com.br\/es\/inscricoes-para-o-salao-design-2015-encerram-dia-10\/#primaryimage"},"thumbnailUrl":"https:\/\/www.sindmoveis.com.br\/es\/wp-content\/uploads\/2021\/05\/p1415280786.jpg","articleSection":["Premio Sal\u00e3o Design","Sindm\u00f3veis"],"inLanguage":"es"},{"@type":"WebPage","@id":"https:\/\/www.sindmoveis.com.br\/es\/inscricoes-para-o-salao-design-2015-encerram-dia-10\/","url":"https:\/\/www.sindmoveis.com.br\/es\/inscricoes-para-o-salao-design-2015-encerram-dia-10\/","name":"Inscripciones para Sal\u00e3o Design 2015 finalizan d\u00eda 10 - Sindm\u00f3veis-RS","isPartOf":{"@id":"https:\/\/www.sindmoveis.com.br\/es\/#website"},"primaryImageOfPage":{"@id":"https:\/\/www.sindmoveis.com.br\/es\/inscricoes-para-o-salao-design-2015-encerram-dia-10\/#primaryimage"},"image":{"@id":"https:\/\/www.sindmoveis.com.br\/es\/inscricoes-para-o-salao-design-2015-encerram-dia-10\/#primaryimage"},"thumbnailUrl":"https:\/\/www.sindmoveis.com.br\/es\/wp-content\/uploads\/2021\/05\/p1415280786.jpg","datePublished":"2014-11-06T02:00:00+00:00","dateModified":"2021-05-26T13:27:47+00:00","author":{"@id":"https:\/\/www.sindmoveis.com.br\/es\/#\/schema\/person\/16d379542db1950a17fe188179340d57"},"inLanguage":"es","potentialAction":[{"@type":"ReadAction","target":["https:\/\/www.sindmoveis.com.br\/es\/inscricoes-para-o-salao-design-2015-encerram-dia-10\/"]}]},{"@type":"ImageObject","inLanguage":"es","@id":"https:\/\/www.sindmoveis.com.br\/es\/inscricoes-para-o-salao-design-2015-encerram-dia-10\/#primaryimage","url":"https:\/\/www.sindmoveis.com.br\/es\/wp-content\/uploads\/2021\/05\/p1415280786.jpg","contentUrl":"https:\/\/www.sindmoveis.com.br\/es\/wp-content\/uploads\/2021\/05\/p1415280786.jpg","width":945,"height":1417,"caption":"Cristiane Silveira"},{"@type":"WebSite","@id":"https:\/\/www.sindmoveis.com.br\/es\/#website","url":"https:\/\/www.sindmoveis.com.br\/es\/","name":"Sindm\u00f3veis-RS","description":"","potentialAction":[{"@type":"SearchAction","target":{"@type":"EntryPoint","urlTemplate":"https:\/\/www.sindmoveis.com.br\/es\/?s={search_term_string}"},"query-input":{"@type":"PropertyValueSpecification","valueRequired":true,"valueName":"search_term_string"}}],"inLanguage":"es"},{"@type":"Person","@id":"https:\/\/www.sindmoveis.com.br\/es\/#\/schema\/person\/16d379542db1950a17fe188179340d57","name":"Imprensa Sindm\u00f3veis","image":{"@type":"ImageObject","inLanguage":"es","@id":"https:\/\/www.sindmoveis.com.br\/es\/#\/schema\/person\/image\/","url":"https:\/\/secure.gravatar.com\/avatar\/4973e2e2c2a0cb5db30b0c7b770041b8e33d048a16b695a1f99c042449d4bfaf?s=96&d=mm&r=g","contentUrl":"https:\/\/secure.gravatar.com\/avatar\/4973e2e2c2a0cb5db30b0c7b770041b8e33d048a16b695a1f99c042449d4bfaf?s=96&d=mm&r=g","caption":"Imprensa Sindm\u00f3veis"},"url":"https:\/\/www.sindmoveis.com.br\/es\/author\/ana\/"}]}},"_links":{"self":[{"href":"https:\/\/www.sindmoveis.com.br\/es\/wp-json\/wp\/v2\/posts\/1126","targetHints":{"allow":["GET"]}}],"collection":[{"href":"https:\/\/www.sindmoveis.com.br\/es\/wp-json\/wp\/v2\/posts"}],"about":[{"href":"https:\/\/www.sindmoveis.com.br\/es\/wp-json\/wp\/v2\/types\/post"}],"author":[{"embeddable":true,"href":"https:\/\/www.sindmoveis.com.br\/es\/wp-json\/wp\/v2\/users\/5"}],"replies":[{"embeddable":true,"href":"https:\/\/www.sindmoveis.com.br\/es\/wp-json\/wp\/v2\/comments?post=1126"}],"version-history":[{"count":2,"href":"https:\/\/www.sindmoveis.com.br\/es\/wp-json\/wp\/v2\/posts\/1126\/revisions"}],"predecessor-version":[{"id":3455,"href":"https:\/\/www.sindmoveis.com.br\/es\/wp-json\/wp\/v2\/posts\/1126\/revisions\/3455"}],"wp:featuredmedia":[{"embeddable":true,"href":"https:\/\/www.sindmoveis.com.br\/es\/wp-json\/wp\/v2\/media\/3456"}],"wp:attachment":[{"href":"https:\/\/www.sindmoveis.com.br\/es\/wp-json\/wp\/v2\/media?parent=1126"}],"wp:term":[{"taxonomy":"category","embeddable":true,"href":"https:\/\/www.sindmoveis.com.br\/es\/wp-json\/wp\/v2\/categories?post=1126"},{"taxonomy":"post_tag","embeddable":true,"href":"https:\/\/www.sindmoveis.com.br\/es\/wp-json\/wp\/v2\/tags?post=1126"}],"curies":[{"name":"wp","href":"https:\/\/api.w.org\/{rel}","templated":true}]}}