{"id":1124,"date":"2014-11-03T00:00:00","date_gmt":"2014-11-03T02:00:00","guid":{"rendered":"http:\/\/sindmoveis.com.br\/imprensa\/noticias\/inscricoes-para-o-salao-design-2015-encerram-se-em-10-dias\/"},"modified":"2021-05-26T10:27:47","modified_gmt":"2021-05-26T13:27:47","slug":"inscricoes-para-o-salao-design-2015-encerram-se-em-10-dias","status":"publish","type":"post","link":"https:\/\/www.sindmoveis.com.br\/es\/inscricoes-para-o-salao-design-2015-encerram-se-em-10-dias\/","title":{"rendered":"Inscripciones para  Sal\u00e3o Design 2015 finalizan en 10 d\u00edas"},"content":{"rendered":"<div><em>Comisi&oacute;n juzgadora est&aacute; formada por cinco profesionales, entre los cuales cuatro ya fueron jurados en a&ntilde;os anteriores<\/em><\/div>\n<div>&nbsp;<\/div>\n<div>Hasta el d&iacute;a 10 de noviembre est&aacute;n abiertas las inscripciones para el Sal&atilde;o Design 2015, el mayor premio del g&eacute;nero en Am&eacute;rica Latina, promovido desde 1988 por el sindicato de las Industrias del Mobiliario de Bento Gon&ccedil;alves &ndash; Sindm&oacute;veis. La comisi&oacute;n juzgadora que escoger&aacute; los mejores proyectos ya se prepara para el marat&oacute;n de evaluaciones que comienza en la segunda semana de noviembre. Cinco profesionales de la arquitectura y del dise&ntilde;o prestar&aacute;n sus conocimientos a servicio del premio, y el grupo tiene la experiencia a su favor. Cuatro jurados ya participaron de ediciones anteriores: las arquitectas Ilse Lang e Isabela Vecci y los dise&ntilde;adores Ivens Fontoura y Leonardo Lattavo. El nuevo nombre de la edici&oacute;n est&aacute; a cargo de la ejecutiva Glaucia Binda, que representar&aacute; la industria.<\/div>\n<div>Realizado desde 1988 por Sindm&oacute;veis Bento Gon&ccedil;alves, el Sal&atilde;o Design incentiva la creatividad, el esp&iacute;ritu emprendedor y la innovaci&oacute;n tecnol&oacute;gica de muebles y accesorios por medio del dise&ntilde;o. En esos 26 a&ntilde;os, m&aacute;s de 11.200 proyectos fueron inscritos en el premio, que es considerado el mayor del g&eacute;nero en Am&eacute;rica Latina. Esta edici&oacute;n distribuir&aacute; R$ 205 mil en premiaciones en las modalidades Estudiante, Profesional e Industria.<\/div>\n<div>La evaluaci&oacute;n de los proyectos inscritos ocurrir&aacute; en dos etapas, siendo la primera de 17 a 28 de noviembre. En esa fase, la comisi&oacute;n juzgadora eval&uacute;a los proyectos gr&aacute;ficos inscritos y selecciona los finalistas con base en criterios como el concepto del proyecto; forma y funci&oacute;n; ergonom&iacute;a; grado de innovaci&oacute;n y sostenibilidad ambiental. En la etapa siguiente, los finalistas env&iacute;an para Bento Gon&ccedil;alves sus productos o prototipos en escala natural para el juicio. Adem&aacute;s de la premiaci&oacute;n en dinero, los vencedores reciben el Sello Sal&atilde;o Design, que podr&aacute; ser utilizado en el producto como forma de reconocimiento de excelencia en dise&ntilde;o.&nbsp;<\/div>\n<div>&nbsp;<\/div>\n<div>M&aacute;s informaciones sobre la comisi&oacute;n juzgadora<\/div>\n<div>&nbsp;<\/div>\n<div><strong>Glaucia Binda<\/strong> (Paran&aacute;) &ndash; Administradora y dise&ntilde;adora, es postgraduada en Marketing Dise&ntilde;o de Muebles y Dise&ntilde;o Emocional. Act&uacute;a en el mercado del mobiliario desde hace m&aacute;s de 17 a&ntilde;os. Desde 2002, trabaja en la empresa Impress Decor Brasil, donde ocupa el cargo de Gerente de Dise&ntilde;o y Productos. Es conferencista en eventos nacionales e internacionales de dise&ntilde;o, donde habla sobre Macro tendencias, Dise&ntilde;o de Superficie y Dise&ntilde;o Emocional. Esta es su primera participaci&oacute;n como jurado del Sal&atilde;o Design.&nbsp;<\/div>\n<div>&nbsp;<\/div>\n<div><strong>Ilse Lang<\/strong> (Rio Grande do Sul) &ndash;Arquitecta y fundadora de Faro Design, de Porto Alegre. Ha participado de innumerables exposiciones nacionales e internacionales de dise&ntilde;o brasile&ntilde;o y tambi&eacute;n ya fue contemplada en los premios Sal&atilde;o Design Casa Brasil y Movelsul Brasil, If Design. Idea Brazil y premio Arc Design. Integr&oacute; la comisi&oacute;n juzgadora del Sal&atilde;o Design 2013 y 2014.&nbsp;<\/div>\n<div>&nbsp;<\/div>\n<div><strong>Isabela Vecci<\/strong> (Minas Gerais) &ndash; Arquitecta graduada por las Facultades Metodistas Izabela Hendrix. Act&uacute;a en el mercado de arquitectura en las &aacute;reas de arquitectura de interiores comercial, residencial y corporativa, y tambi&eacute;n en los campos de la museograf&iacute;a, escenograf&iacute;a y dise&ntilde;o. Entre sus principales proyectos est&aacute; el de museograf&iacute;a realizado para el Museo Casa Padre Toledo, en la ciudad de Tiradentes; dise&ntilde;o una colecci&oacute;n de muebles para la empresa L&iacute;der Interiores y &nbsp;el proyecto est&aacute;ndar para las tiendas del Club Atl&eacute;tico Mineiro. Hizo su estreno como jurado del Sal&atilde;o Design en la &uacute;ltima edici&oacute;n, en 2014.<\/div>\n<div>&nbsp;<\/div>\n<div><strong>Ivens Fontoura<\/strong> (Paran&aacute;) &ndash;Dise&ntilde;ador, muse&oacute;grafo y cr&iacute;tico de arte y dise&ntilde;o. Como profesor universitario, cre&oacute; y coordin&oacute; el primer curso de posgrado en dise&ntilde;o de Muebles de Brasil (UNOPAR, Londrina-Paran&aacute;). Presidi&oacute; la Asociaci&oacute;n Nacional de dise&ntilde;adores y la Asociaci&oacute;n Latinoamericana de dise&ntilde;o. Escribe sobre Dise&ntilde;o, es profesor de Teor&iacute;a del dise&ntilde;o y preside la Asociaci&oacute;n Brasile&ntilde;a de Cr&iacute;ticos de Dise&ntilde;o &ndash;ABCD. Es el profesional con mayor tiempo de participaci&oacute;n como jurado del Sal&atilde;o Design: 11 ediciones al todo.&nbsp;<\/div>\n<div>&nbsp;<\/div>\n<div><strong>Leonardo Lattavo<\/strong> (Rio de Janeiro) &ndash; Arquitecto y Urbanista carioca con maestr&iacute;a en Arquitectura en la Bartlett School of Architecture de Londres. Profesor de Arquitectura en la Pontificia Universidad Cat&oacute;lica (PUC) de R&iacute;o de Janeiro y socio fundador de la empresa Lattoog, con sede en R&iacute;o de Janeiro, especializada en dise&ntilde;o y arquitectura. Fue jurado del Sal&atilde;o Design en 2011 y 2013.<\/div>\n<div>&nbsp;<\/div>\n","protected":false},"excerpt":{"rendered":"<p>Hasta el d\u00eda 10 de noviembre est\u00e1n abiertas las inscripciones para el Sal\u00e3o Design 2015, el mayor premio del g\u00e9nero en Am\u00e9rica Latina, promovido desde 1988 por el sindicato de las Industrias del Mobiliario de Bento Gon\u00e7alves \u2013 Sindm\u00f3veis. La comisi\u00f3n juzgadora que escoger\u00e1 los mejores proyectos ya se prepara para el marat\u00f3n de evaluaciones que comienza en la segunda semana de noviembre.<\/p>\n","protected":false},"author":5,"featured_media":3451,"comment_status":"closed","ping_status":"open","sticky":false,"template":"","format":"standard","meta":{"footnotes":"","_links_to":"","_links_to_target":""},"categories":[21,2],"tags":[],"class_list":["post-1124","post","type-post","status-publish","format-standard","has-post-thumbnail","hentry","category-premio-salao-design","category-sindmoveis"],"yoast_head":"<!-- This site is optimized with the Yoast SEO plugin v27.0 - https:\/\/yoast.com\/product\/yoast-seo-wordpress\/ -->\n<title>Inscripciones para Sal\u00e3o Design 2015 finalizan en 10 d\u00edas - Sindm\u00f3veis-RS<\/title>\n<meta name=\"robots\" content=\"index, follow, max-snippet:-1, max-image-preview:large, max-video-preview:-1\" \/>\n<link rel=\"canonical\" href=\"https:\/\/www.sindmoveis.com.br\/es\/inscricoes-para-o-salao-design-2015-encerram-se-em-10-dias\/\" \/>\n<meta property=\"og:locale\" content=\"es_ES\" \/>\n<meta property=\"og:type\" content=\"article\" \/>\n<meta property=\"og:title\" content=\"Inscripciones para Sal\u00e3o Design 2015 finalizan en 10 d\u00edas - Sindm\u00f3veis-RS\" \/>\n<meta property=\"og:description\" content=\"Hasta el d\u00eda 10 de noviembre est\u00e1n abiertas las inscripciones para el Sal\u00e3o Design 2015, el mayor premio del g\u00e9nero en Am\u00e9rica Latina, promovido desde 1988 por el sindicato de las Industrias del Mobiliario de Bento Gon\u00e7alves \u2013 Sindm\u00f3veis. La comisi\u00f3n juzgadora que escoger\u00e1 los mejores proyectos ya se prepara para el marat\u00f3n de evaluaciones que comienza en la segunda semana de noviembre.\" \/>\n<meta property=\"og:url\" content=\"https:\/\/www.sindmoveis.com.br\/es\/inscricoes-para-o-salao-design-2015-encerram-se-em-10-dias\/\" \/>\n<meta property=\"og:site_name\" content=\"Sindm\u00f3veis-RS\" \/>\n<meta property=\"article:published_time\" content=\"2014-11-03T02:00:00+00:00\" \/>\n<meta property=\"article:modified_time\" content=\"2021-05-26T13:27:47+00:00\" \/>\n<meta property=\"og:image\" content=\"https:\/\/www.sindmoveis.com.br\/es\/wp-content\/uploads\/2021\/05\/p1415035095.jpg\" \/>\n\t<meta property=\"og:image:width\" content=\"620\" \/>\n\t<meta property=\"og:image:height\" content=\"339\" \/>\n\t<meta property=\"og:image:type\" content=\"image\/jpeg\" \/>\n<meta name=\"author\" content=\"Imprensa Sindm\u00f3veis\" \/>\n<meta name=\"twitter:card\" content=\"summary_large_image\" \/>\n<meta name=\"twitter:label1\" content=\"Escrito por\" \/>\n\t<meta name=\"twitter:data1\" content=\"Imprensa Sindm\u00f3veis\" \/>\n\t<meta name=\"twitter:label2\" content=\"Tiempo de lectura\" \/>\n\t<meta name=\"twitter:data2\" content=\"5 minutos\" \/>\n<script type=\"application\/ld+json\" class=\"yoast-schema-graph\">{\"@context\":\"https:\/\/schema.org\",\"@graph\":[{\"@type\":\"Article\",\"@id\":\"https:\/\/www.sindmoveis.com.br\/es\/inscricoes-para-o-salao-design-2015-encerram-se-em-10-dias\/#article\",\"isPartOf\":{\"@id\":\"https:\/\/www.sindmoveis.com.br\/es\/inscricoes-para-o-salao-design-2015-encerram-se-em-10-dias\/\"},\"author\":{\"name\":\"Imprensa Sindm\u00f3veis\",\"@id\":\"https:\/\/www.sindmoveis.com.br\/es\/#\/schema\/person\/16d379542db1950a17fe188179340d57\"},\"headline\":\"Inscripciones para Sal\u00e3o Design 2015 finalizan en 10 d\u00edas\",\"datePublished\":\"2014-11-03T02:00:00+00:00\",\"dateModified\":\"2021-05-26T13:27:47+00:00\",\"mainEntityOfPage\":{\"@id\":\"https:\/\/www.sindmoveis.com.br\/es\/inscricoes-para-o-salao-design-2015-encerram-se-em-10-dias\/\"},\"wordCount\":909,\"image\":{\"@id\":\"https:\/\/www.sindmoveis.com.br\/es\/inscricoes-para-o-salao-design-2015-encerram-se-em-10-dias\/#primaryimage\"},\"thumbnailUrl\":\"https:\/\/www.sindmoveis.com.br\/es\/wp-content\/uploads\/2021\/05\/p1415035095.jpg\",\"articleSection\":[\"Premio Sal\u00e3o Design\",\"Sindm\u00f3veis\"],\"inLanguage\":\"es\"},{\"@type\":\"WebPage\",\"@id\":\"https:\/\/www.sindmoveis.com.br\/es\/inscricoes-para-o-salao-design-2015-encerram-se-em-10-dias\/\",\"url\":\"https:\/\/www.sindmoveis.com.br\/es\/inscricoes-para-o-salao-design-2015-encerram-se-em-10-dias\/\",\"name\":\"Inscripciones para Sal\u00e3o Design 2015 finalizan en 10 d\u00edas - Sindm\u00f3veis-RS\",\"isPartOf\":{\"@id\":\"https:\/\/www.sindmoveis.com.br\/es\/#website\"},\"primaryImageOfPage\":{\"@id\":\"https:\/\/www.sindmoveis.com.br\/es\/inscricoes-para-o-salao-design-2015-encerram-se-em-10-dias\/#primaryimage\"},\"image\":{\"@id\":\"https:\/\/www.sindmoveis.com.br\/es\/inscricoes-para-o-salao-design-2015-encerram-se-em-10-dias\/#primaryimage\"},\"thumbnailUrl\":\"https:\/\/www.sindmoveis.com.br\/es\/wp-content\/uploads\/2021\/05\/p1415035095.jpg\",\"datePublished\":\"2014-11-03T02:00:00+00:00\",\"dateModified\":\"2021-05-26T13:27:47+00:00\",\"author\":{\"@id\":\"https:\/\/www.sindmoveis.com.br\/es\/#\/schema\/person\/16d379542db1950a17fe188179340d57\"},\"inLanguage\":\"es\",\"potentialAction\":[{\"@type\":\"ReadAction\",\"target\":[\"https:\/\/www.sindmoveis.com.br\/es\/inscricoes-para-o-salao-design-2015-encerram-se-em-10-dias\/\"]}]},{\"@type\":\"ImageObject\",\"inLanguage\":\"es\",\"@id\":\"https:\/\/www.sindmoveis.com.br\/es\/inscricoes-para-o-salao-design-2015-encerram-se-em-10-dias\/#primaryimage\",\"url\":\"https:\/\/www.sindmoveis.com.br\/es\/wp-content\/uploads\/2021\/05\/p1415035095.jpg\",\"contentUrl\":\"https:\/\/www.sindmoveis.com.br\/es\/wp-content\/uploads\/2021\/05\/p1415035095.jpg\",\"width\":620,\"height\":339,\"caption\":\"Foto: Evandro Soares\"},{\"@type\":\"WebSite\",\"@id\":\"https:\/\/www.sindmoveis.com.br\/es\/#website\",\"url\":\"https:\/\/www.sindmoveis.com.br\/es\/\",\"name\":\"Sindm\u00f3veis-RS\",\"description\":\"\",\"potentialAction\":[{\"@type\":\"SearchAction\",\"target\":{\"@type\":\"EntryPoint\",\"urlTemplate\":\"https:\/\/www.sindmoveis.com.br\/es\/?s={search_term_string}\"},\"query-input\":{\"@type\":\"PropertyValueSpecification\",\"valueRequired\":true,\"valueName\":\"search_term_string\"}}],\"inLanguage\":\"es\"},{\"@type\":\"Person\",\"@id\":\"https:\/\/www.sindmoveis.com.br\/es\/#\/schema\/person\/16d379542db1950a17fe188179340d57\",\"name\":\"Imprensa Sindm\u00f3veis\",\"image\":{\"@type\":\"ImageObject\",\"inLanguage\":\"es\",\"@id\":\"https:\/\/www.sindmoveis.com.br\/es\/#\/schema\/person\/image\/\",\"url\":\"https:\/\/secure.gravatar.com\/avatar\/4973e2e2c2a0cb5db30b0c7b770041b8e33d048a16b695a1f99c042449d4bfaf?s=96&d=mm&r=g\",\"contentUrl\":\"https:\/\/secure.gravatar.com\/avatar\/4973e2e2c2a0cb5db30b0c7b770041b8e33d048a16b695a1f99c042449d4bfaf?s=96&d=mm&r=g\",\"caption\":\"Imprensa Sindm\u00f3veis\"},\"url\":\"https:\/\/www.sindmoveis.com.br\/es\/author\/ana\/\"}]}<\/script>\n<!-- \/ Yoast SEO plugin. -->","yoast_head_json":{"title":"Inscripciones para Sal\u00e3o Design 2015 finalizan en 10 d\u00edas - Sindm\u00f3veis-RS","robots":{"index":"index","follow":"follow","max-snippet":"max-snippet:-1","max-image-preview":"max-image-preview:large","max-video-preview":"max-video-preview:-1"},"canonical":"https:\/\/www.sindmoveis.com.br\/es\/inscricoes-para-o-salao-design-2015-encerram-se-em-10-dias\/","og_locale":"es_ES","og_type":"article","og_title":"Inscripciones para Sal\u00e3o Design 2015 finalizan en 10 d\u00edas - Sindm\u00f3veis-RS","og_description":"Hasta el d\u00eda 10 de noviembre est\u00e1n abiertas las inscripciones para el Sal\u00e3o Design 2015, el mayor premio del g\u00e9nero en Am\u00e9rica Latina, promovido desde 1988 por el sindicato de las Industrias del Mobiliario de Bento Gon\u00e7alves \u2013 Sindm\u00f3veis. La comisi\u00f3n juzgadora que escoger\u00e1 los mejores proyectos ya se prepara para el marat\u00f3n de evaluaciones que comienza en la segunda semana de noviembre.","og_url":"https:\/\/www.sindmoveis.com.br\/es\/inscricoes-para-o-salao-design-2015-encerram-se-em-10-dias\/","og_site_name":"Sindm\u00f3veis-RS","article_published_time":"2014-11-03T02:00:00+00:00","article_modified_time":"2021-05-26T13:27:47+00:00","og_image":[{"width":620,"height":339,"url":"https:\/\/www.sindmoveis.com.br\/es\/wp-content\/uploads\/2021\/05\/p1415035095.jpg","type":"image\/jpeg"}],"author":"Imprensa Sindm\u00f3veis","twitter_card":"summary_large_image","twitter_misc":{"Escrito por":"Imprensa Sindm\u00f3veis","Tiempo de lectura":"5 minutos"},"schema":{"@context":"https:\/\/schema.org","@graph":[{"@type":"Article","@id":"https:\/\/www.sindmoveis.com.br\/es\/inscricoes-para-o-salao-design-2015-encerram-se-em-10-dias\/#article","isPartOf":{"@id":"https:\/\/www.sindmoveis.com.br\/es\/inscricoes-para-o-salao-design-2015-encerram-se-em-10-dias\/"},"author":{"name":"Imprensa Sindm\u00f3veis","@id":"https:\/\/www.sindmoveis.com.br\/es\/#\/schema\/person\/16d379542db1950a17fe188179340d57"},"headline":"Inscripciones para Sal\u00e3o Design 2015 finalizan en 10 d\u00edas","datePublished":"2014-11-03T02:00:00+00:00","dateModified":"2021-05-26T13:27:47+00:00","mainEntityOfPage":{"@id":"https:\/\/www.sindmoveis.com.br\/es\/inscricoes-para-o-salao-design-2015-encerram-se-em-10-dias\/"},"wordCount":909,"image":{"@id":"https:\/\/www.sindmoveis.com.br\/es\/inscricoes-para-o-salao-design-2015-encerram-se-em-10-dias\/#primaryimage"},"thumbnailUrl":"https:\/\/www.sindmoveis.com.br\/es\/wp-content\/uploads\/2021\/05\/p1415035095.jpg","articleSection":["Premio Sal\u00e3o Design","Sindm\u00f3veis"],"inLanguage":"es"},{"@type":"WebPage","@id":"https:\/\/www.sindmoveis.com.br\/es\/inscricoes-para-o-salao-design-2015-encerram-se-em-10-dias\/","url":"https:\/\/www.sindmoveis.com.br\/es\/inscricoes-para-o-salao-design-2015-encerram-se-em-10-dias\/","name":"Inscripciones para Sal\u00e3o Design 2015 finalizan en 10 d\u00edas - Sindm\u00f3veis-RS","isPartOf":{"@id":"https:\/\/www.sindmoveis.com.br\/es\/#website"},"primaryImageOfPage":{"@id":"https:\/\/www.sindmoveis.com.br\/es\/inscricoes-para-o-salao-design-2015-encerram-se-em-10-dias\/#primaryimage"},"image":{"@id":"https:\/\/www.sindmoveis.com.br\/es\/inscricoes-para-o-salao-design-2015-encerram-se-em-10-dias\/#primaryimage"},"thumbnailUrl":"https:\/\/www.sindmoveis.com.br\/es\/wp-content\/uploads\/2021\/05\/p1415035095.jpg","datePublished":"2014-11-03T02:00:00+00:00","dateModified":"2021-05-26T13:27:47+00:00","author":{"@id":"https:\/\/www.sindmoveis.com.br\/es\/#\/schema\/person\/16d379542db1950a17fe188179340d57"},"inLanguage":"es","potentialAction":[{"@type":"ReadAction","target":["https:\/\/www.sindmoveis.com.br\/es\/inscricoes-para-o-salao-design-2015-encerram-se-em-10-dias\/"]}]},{"@type":"ImageObject","inLanguage":"es","@id":"https:\/\/www.sindmoveis.com.br\/es\/inscricoes-para-o-salao-design-2015-encerram-se-em-10-dias\/#primaryimage","url":"https:\/\/www.sindmoveis.com.br\/es\/wp-content\/uploads\/2021\/05\/p1415035095.jpg","contentUrl":"https:\/\/www.sindmoveis.com.br\/es\/wp-content\/uploads\/2021\/05\/p1415035095.jpg","width":620,"height":339,"caption":"Foto: Evandro Soares"},{"@type":"WebSite","@id":"https:\/\/www.sindmoveis.com.br\/es\/#website","url":"https:\/\/www.sindmoveis.com.br\/es\/","name":"Sindm\u00f3veis-RS","description":"","potentialAction":[{"@type":"SearchAction","target":{"@type":"EntryPoint","urlTemplate":"https:\/\/www.sindmoveis.com.br\/es\/?s={search_term_string}"},"query-input":{"@type":"PropertyValueSpecification","valueRequired":true,"valueName":"search_term_string"}}],"inLanguage":"es"},{"@type":"Person","@id":"https:\/\/www.sindmoveis.com.br\/es\/#\/schema\/person\/16d379542db1950a17fe188179340d57","name":"Imprensa Sindm\u00f3veis","image":{"@type":"ImageObject","inLanguage":"es","@id":"https:\/\/www.sindmoveis.com.br\/es\/#\/schema\/person\/image\/","url":"https:\/\/secure.gravatar.com\/avatar\/4973e2e2c2a0cb5db30b0c7b770041b8e33d048a16b695a1f99c042449d4bfaf?s=96&d=mm&r=g","contentUrl":"https:\/\/secure.gravatar.com\/avatar\/4973e2e2c2a0cb5db30b0c7b770041b8e33d048a16b695a1f99c042449d4bfaf?s=96&d=mm&r=g","caption":"Imprensa Sindm\u00f3veis"},"url":"https:\/\/www.sindmoveis.com.br\/es\/author\/ana\/"}]}},"_links":{"self":[{"href":"https:\/\/www.sindmoveis.com.br\/es\/wp-json\/wp\/v2\/posts\/1124","targetHints":{"allow":["GET"]}}],"collection":[{"href":"https:\/\/www.sindmoveis.com.br\/es\/wp-json\/wp\/v2\/posts"}],"about":[{"href":"https:\/\/www.sindmoveis.com.br\/es\/wp-json\/wp\/v2\/types\/post"}],"author":[{"embeddable":true,"href":"https:\/\/www.sindmoveis.com.br\/es\/wp-json\/wp\/v2\/users\/5"}],"replies":[{"embeddable":true,"href":"https:\/\/www.sindmoveis.com.br\/es\/wp-json\/wp\/v2\/comments?post=1124"}],"version-history":[{"count":2,"href":"https:\/\/www.sindmoveis.com.br\/es\/wp-json\/wp\/v2\/posts\/1124\/revisions"}],"predecessor-version":[{"id":3450,"href":"https:\/\/www.sindmoveis.com.br\/es\/wp-json\/wp\/v2\/posts\/1124\/revisions\/3450"}],"wp:featuredmedia":[{"embeddable":true,"href":"https:\/\/www.sindmoveis.com.br\/es\/wp-json\/wp\/v2\/media\/3451"}],"wp:attachment":[{"href":"https:\/\/www.sindmoveis.com.br\/es\/wp-json\/wp\/v2\/media?parent=1124"}],"wp:term":[{"taxonomy":"category","embeddable":true,"href":"https:\/\/www.sindmoveis.com.br\/es\/wp-json\/wp\/v2\/categories?post=1124"},{"taxonomy":"post_tag","embeddable":true,"href":"https:\/\/www.sindmoveis.com.br\/es\/wp-json\/wp\/v2\/tags?post=1124"}],"curies":[{"name":"wp","href":"https:\/\/api.w.org\/{rel}","templated":true}]}}