{"id":1123,"date":"2014-10-31T00:00:00","date_gmt":"2014-10-31T02:00:00","guid":{"rendered":"http:\/\/sindmoveis.com.br\/imprensa\/noticias\/setor-moveleiro-elenca-cinco-proposicoes-prioritarias-para-o-novo-governo\/"},"modified":"2021-05-26T10:24:27","modified_gmt":"2021-05-26T13:24:27","slug":"setor-moveleiro-elenca-cinco-proposicoes-prioritarias-para-o-novo-governo","status":"publish","type":"post","link":"https:\/\/www.sindmoveis.com.br\/es\/setor-moveleiro-elenca-cinco-proposicoes-prioritarias-para-o-novo-governo\/","title":{"rendered":"Sector del mobiliario presenta cinco proposiciones prioritarias para el nuevo gobierno"},"content":{"rendered":"<div>Crecimiento econ&oacute;mico, aumento del empleo y pol&iacute;ticas de vivienda y de inclusi&oacute;n social &ndash; con la consiguiente elevaci&oacute;n de la renta &ndash; impulsaron al sector del mobiliario en la &uacute;ltima d&eacute;cada, por lo menos hasta 2012. Sin embargo, la desaceleraci&oacute;n de la econom&iacute;a brasile&ntilde;a hizo que la fabricaci&oacute;n de muebles creciera apenas 1,8% en 2013, mientras la industria de transformaci&oacute;n lleg&oacute; a 2,8% en el mismo a&ntilde;o. &ldquo;Adem&aacute;s de ello, la industria fabricante de muebles nacional sufri&oacute; una ca&iacute;da de 8,9% entre enero y agosto de 2014&rdquo;, apunta el presidente del Sindicato de las Industrias del Mobiliario de Bento Gon&ccedil;alves (Sindm&oacute;veis), Henrique Tecchio.<\/div>\n<div>Para garantizar que el sector siga avanzando, Sindm&oacute;veis propone cinco pol&iacute;ticas esenciales en la pauta del nuevo gobierno: simplificaci&oacute;n y reducci&oacute;n de la carga tributaria; mayor integraci&oacute;n de Brasil a las cadenas globales de valor y al comercio internacional; inversi&oacute;n en infraestructura; incentivos a la innovaci&oacute;n y pol&iacute;tica industrial de largo plazo; consolidaci&oacute;n y perfeccionamiento de los programas sociales y pol&iacute;ticas de vivienda.&nbsp;<\/div>\n<div>En los pr&oacute;ximos cuatro a&ntilde;os, Sindm&oacute;veis continuar&aacute; actuando en la articulaci&oacute;n de la defensa de los intereses del sector del mobiliario junto al gobierno estadual y federal.<\/div>\n<div>&nbsp;<\/div>\n","protected":false},"excerpt":{"rendered":"<p>Crecimiento econ\u00f3mico, aumento del empleo y pol\u00edticas de vivienda y de inclusi\u00f3n social \u2013 con la consiguiente elevaci\u00f3n de la renta \u2013 impulsaron al sector del mobiliario en la \u00faltima d\u00e9cada, por lo menos hasta 2012.<\/p>\n","protected":false},"author":5,"featured_media":3449,"comment_status":"closed","ping_status":"open","sticky":false,"template":"","format":"standard","meta":{"footnotes":"","_links_to":"","_links_to_target":""},"categories":[2],"tags":[],"class_list":["post-1123","post","type-post","status-publish","format-standard","has-post-thumbnail","hentry","category-sindmoveis"],"yoast_head":"<!-- This site is optimized with the Yoast SEO plugin v27.0 - https:\/\/yoast.com\/product\/yoast-seo-wordpress\/ -->\n<title>Sector del mobiliario presenta cinco proposiciones prioritarias para el nuevo gobierno - Sindm\u00f3veis-RS<\/title>\n<meta name=\"robots\" content=\"index, follow, max-snippet:-1, max-image-preview:large, max-video-preview:-1\" \/>\n<link rel=\"canonical\" href=\"https:\/\/www.sindmoveis.com.br\/es\/setor-moveleiro-elenca-cinco-proposicoes-prioritarias-para-o-novo-governo\/\" \/>\n<meta property=\"og:locale\" content=\"es_ES\" \/>\n<meta property=\"og:type\" content=\"article\" \/>\n<meta property=\"og:title\" content=\"Sector del mobiliario presenta cinco proposiciones prioritarias para el nuevo gobierno - Sindm\u00f3veis-RS\" \/>\n<meta property=\"og:description\" content=\"Crecimiento econ\u00f3mico, aumento del empleo y pol\u00edticas de vivienda y de inclusi\u00f3n social \u2013 con la consiguiente elevaci\u00f3n de la renta \u2013 impulsaron al sector del mobiliario en la \u00faltima d\u00e9cada, por lo menos hasta 2012.\" \/>\n<meta property=\"og:url\" content=\"https:\/\/www.sindmoveis.com.br\/es\/setor-moveleiro-elenca-cinco-proposicoes-prioritarias-para-o-novo-governo\/\" \/>\n<meta property=\"og:site_name\" content=\"Sindm\u00f3veis-RS\" \/>\n<meta property=\"article:published_time\" content=\"2014-10-31T02:00:00+00:00\" \/>\n<meta property=\"article:modified_time\" content=\"2021-05-26T13:24:27+00:00\" \/>\n<meta property=\"og:image\" content=\"https:\/\/www.sindmoveis.com.br\/es\/wp-content\/uploads\/2021\/05\/p1414761785.jpg\" \/>\n\t<meta property=\"og:image:width\" content=\"1000\" \/>\n\t<meta property=\"og:image:height\" content=\"1500\" \/>\n\t<meta property=\"og:image:type\" content=\"image\/jpeg\" \/>\n<meta name=\"author\" content=\"Imprensa Sindm\u00f3veis\" \/>\n<meta name=\"twitter:card\" content=\"summary_large_image\" \/>\n<meta name=\"twitter:label1\" content=\"Escrito por\" \/>\n\t<meta name=\"twitter:data1\" content=\"Imprensa Sindm\u00f3veis\" \/>\n\t<meta name=\"twitter:label2\" content=\"Tiempo de lectura\" \/>\n\t<meta name=\"twitter:data2\" content=\"1 minuto\" \/>\n<script type=\"application\/ld+json\" class=\"yoast-schema-graph\">{\"@context\":\"https:\/\/schema.org\",\"@graph\":[{\"@type\":\"Article\",\"@id\":\"https:\/\/www.sindmoveis.com.br\/es\/setor-moveleiro-elenca-cinco-proposicoes-prioritarias-para-o-novo-governo\/#article\",\"isPartOf\":{\"@id\":\"https:\/\/www.sindmoveis.com.br\/es\/setor-moveleiro-elenca-cinco-proposicoes-prioritarias-para-o-novo-governo\/\"},\"author\":{\"name\":\"Imprensa Sindm\u00f3veis\",\"@id\":\"https:\/\/www.sindmoveis.com.br\/es\/#\/schema\/person\/16d379542db1950a17fe188179340d57\"},\"headline\":\"Sector del mobiliario presenta cinco proposiciones prioritarias para el nuevo gobierno\",\"datePublished\":\"2014-10-31T02:00:00+00:00\",\"dateModified\":\"2021-05-26T13:24:27+00:00\",\"mainEntityOfPage\":{\"@id\":\"https:\/\/www.sindmoveis.com.br\/es\/setor-moveleiro-elenca-cinco-proposicoes-prioritarias-para-o-novo-governo\/\"},\"wordCount\":264,\"image\":{\"@id\":\"https:\/\/www.sindmoveis.com.br\/es\/setor-moveleiro-elenca-cinco-proposicoes-prioritarias-para-o-novo-governo\/#primaryimage\"},\"thumbnailUrl\":\"https:\/\/www.sindmoveis.com.br\/es\/wp-content\/uploads\/2021\/05\/p1414761785.jpg\",\"articleSection\":[\"Sindm\u00f3veis\"],\"inLanguage\":\"es\"},{\"@type\":\"WebPage\",\"@id\":\"https:\/\/www.sindmoveis.com.br\/es\/setor-moveleiro-elenca-cinco-proposicoes-prioritarias-para-o-novo-governo\/\",\"url\":\"https:\/\/www.sindmoveis.com.br\/es\/setor-moveleiro-elenca-cinco-proposicoes-prioritarias-para-o-novo-governo\/\",\"name\":\"Sector del mobiliario presenta cinco proposiciones prioritarias para el nuevo gobierno - Sindm\u00f3veis-RS\",\"isPartOf\":{\"@id\":\"https:\/\/www.sindmoveis.com.br\/es\/#website\"},\"primaryImageOfPage\":{\"@id\":\"https:\/\/www.sindmoveis.com.br\/es\/setor-moveleiro-elenca-cinco-proposicoes-prioritarias-para-o-novo-governo\/#primaryimage\"},\"image\":{\"@id\":\"https:\/\/www.sindmoveis.com.br\/es\/setor-moveleiro-elenca-cinco-proposicoes-prioritarias-para-o-novo-governo\/#primaryimage\"},\"thumbnailUrl\":\"https:\/\/www.sindmoveis.com.br\/es\/wp-content\/uploads\/2021\/05\/p1414761785.jpg\",\"datePublished\":\"2014-10-31T02:00:00+00:00\",\"dateModified\":\"2021-05-26T13:24:27+00:00\",\"author\":{\"@id\":\"https:\/\/www.sindmoveis.com.br\/es\/#\/schema\/person\/16d379542db1950a17fe188179340d57\"},\"inLanguage\":\"es\",\"potentialAction\":[{\"@type\":\"ReadAction\",\"target\":[\"https:\/\/www.sindmoveis.com.br\/es\/setor-moveleiro-elenca-cinco-proposicoes-prioritarias-para-o-novo-governo\/\"]}]},{\"@type\":\"ImageObject\",\"inLanguage\":\"es\",\"@id\":\"https:\/\/www.sindmoveis.com.br\/es\/setor-moveleiro-elenca-cinco-proposicoes-prioritarias-para-o-novo-governo\/#primaryimage\",\"url\":\"https:\/\/www.sindmoveis.com.br\/es\/wp-content\/uploads\/2021\/05\/p1414761785.jpg\",\"contentUrl\":\"https:\/\/www.sindmoveis.com.br\/es\/wp-content\/uploads\/2021\/05\/p1414761785.jpg\",\"width\":1000,\"height\":1500,\"caption\":\"Henrique Tecchio\"},{\"@type\":\"WebSite\",\"@id\":\"https:\/\/www.sindmoveis.com.br\/es\/#website\",\"url\":\"https:\/\/www.sindmoveis.com.br\/es\/\",\"name\":\"Sindm\u00f3veis-RS\",\"description\":\"\",\"potentialAction\":[{\"@type\":\"SearchAction\",\"target\":{\"@type\":\"EntryPoint\",\"urlTemplate\":\"https:\/\/www.sindmoveis.com.br\/es\/?s={search_term_string}\"},\"query-input\":{\"@type\":\"PropertyValueSpecification\",\"valueRequired\":true,\"valueName\":\"search_term_string\"}}],\"inLanguage\":\"es\"},{\"@type\":\"Person\",\"@id\":\"https:\/\/www.sindmoveis.com.br\/es\/#\/schema\/person\/16d379542db1950a17fe188179340d57\",\"name\":\"Imprensa Sindm\u00f3veis\",\"image\":{\"@type\":\"ImageObject\",\"inLanguage\":\"es\",\"@id\":\"https:\/\/www.sindmoveis.com.br\/es\/#\/schema\/person\/image\/\",\"url\":\"https:\/\/secure.gravatar.com\/avatar\/4973e2e2c2a0cb5db30b0c7b770041b8e33d048a16b695a1f99c042449d4bfaf?s=96&d=mm&r=g\",\"contentUrl\":\"https:\/\/secure.gravatar.com\/avatar\/4973e2e2c2a0cb5db30b0c7b770041b8e33d048a16b695a1f99c042449d4bfaf?s=96&d=mm&r=g\",\"caption\":\"Imprensa Sindm\u00f3veis\"},\"url\":\"https:\/\/www.sindmoveis.com.br\/es\/author\/ana\/\"}]}<\/script>\n<!-- \/ Yoast SEO plugin. -->","yoast_head_json":{"title":"Sector del mobiliario presenta cinco proposiciones prioritarias para el nuevo gobierno - Sindm\u00f3veis-RS","robots":{"index":"index","follow":"follow","max-snippet":"max-snippet:-1","max-image-preview":"max-image-preview:large","max-video-preview":"max-video-preview:-1"},"canonical":"https:\/\/www.sindmoveis.com.br\/es\/setor-moveleiro-elenca-cinco-proposicoes-prioritarias-para-o-novo-governo\/","og_locale":"es_ES","og_type":"article","og_title":"Sector del mobiliario presenta cinco proposiciones prioritarias para el nuevo gobierno - Sindm\u00f3veis-RS","og_description":"Crecimiento econ\u00f3mico, aumento del empleo y pol\u00edticas de vivienda y de inclusi\u00f3n social \u2013 con la consiguiente elevaci\u00f3n de la renta \u2013 impulsaron al sector del mobiliario en la \u00faltima d\u00e9cada, por lo menos hasta 2012.","og_url":"https:\/\/www.sindmoveis.com.br\/es\/setor-moveleiro-elenca-cinco-proposicoes-prioritarias-para-o-novo-governo\/","og_site_name":"Sindm\u00f3veis-RS","article_published_time":"2014-10-31T02:00:00+00:00","article_modified_time":"2021-05-26T13:24:27+00:00","og_image":[{"width":1000,"height":1500,"url":"https:\/\/www.sindmoveis.com.br\/es\/wp-content\/uploads\/2021\/05\/p1414761785.jpg","type":"image\/jpeg"}],"author":"Imprensa Sindm\u00f3veis","twitter_card":"summary_large_image","twitter_misc":{"Escrito por":"Imprensa Sindm\u00f3veis","Tiempo de lectura":"1 minuto"},"schema":{"@context":"https:\/\/schema.org","@graph":[{"@type":"Article","@id":"https:\/\/www.sindmoveis.com.br\/es\/setor-moveleiro-elenca-cinco-proposicoes-prioritarias-para-o-novo-governo\/#article","isPartOf":{"@id":"https:\/\/www.sindmoveis.com.br\/es\/setor-moveleiro-elenca-cinco-proposicoes-prioritarias-para-o-novo-governo\/"},"author":{"name":"Imprensa Sindm\u00f3veis","@id":"https:\/\/www.sindmoveis.com.br\/es\/#\/schema\/person\/16d379542db1950a17fe188179340d57"},"headline":"Sector del mobiliario presenta cinco proposiciones prioritarias para el nuevo gobierno","datePublished":"2014-10-31T02:00:00+00:00","dateModified":"2021-05-26T13:24:27+00:00","mainEntityOfPage":{"@id":"https:\/\/www.sindmoveis.com.br\/es\/setor-moveleiro-elenca-cinco-proposicoes-prioritarias-para-o-novo-governo\/"},"wordCount":264,"image":{"@id":"https:\/\/www.sindmoveis.com.br\/es\/setor-moveleiro-elenca-cinco-proposicoes-prioritarias-para-o-novo-governo\/#primaryimage"},"thumbnailUrl":"https:\/\/www.sindmoveis.com.br\/es\/wp-content\/uploads\/2021\/05\/p1414761785.jpg","articleSection":["Sindm\u00f3veis"],"inLanguage":"es"},{"@type":"WebPage","@id":"https:\/\/www.sindmoveis.com.br\/es\/setor-moveleiro-elenca-cinco-proposicoes-prioritarias-para-o-novo-governo\/","url":"https:\/\/www.sindmoveis.com.br\/es\/setor-moveleiro-elenca-cinco-proposicoes-prioritarias-para-o-novo-governo\/","name":"Sector del mobiliario presenta cinco proposiciones prioritarias para el nuevo gobierno - Sindm\u00f3veis-RS","isPartOf":{"@id":"https:\/\/www.sindmoveis.com.br\/es\/#website"},"primaryImageOfPage":{"@id":"https:\/\/www.sindmoveis.com.br\/es\/setor-moveleiro-elenca-cinco-proposicoes-prioritarias-para-o-novo-governo\/#primaryimage"},"image":{"@id":"https:\/\/www.sindmoveis.com.br\/es\/setor-moveleiro-elenca-cinco-proposicoes-prioritarias-para-o-novo-governo\/#primaryimage"},"thumbnailUrl":"https:\/\/www.sindmoveis.com.br\/es\/wp-content\/uploads\/2021\/05\/p1414761785.jpg","datePublished":"2014-10-31T02:00:00+00:00","dateModified":"2021-05-26T13:24:27+00:00","author":{"@id":"https:\/\/www.sindmoveis.com.br\/es\/#\/schema\/person\/16d379542db1950a17fe188179340d57"},"inLanguage":"es","potentialAction":[{"@type":"ReadAction","target":["https:\/\/www.sindmoveis.com.br\/es\/setor-moveleiro-elenca-cinco-proposicoes-prioritarias-para-o-novo-governo\/"]}]},{"@type":"ImageObject","inLanguage":"es","@id":"https:\/\/www.sindmoveis.com.br\/es\/setor-moveleiro-elenca-cinco-proposicoes-prioritarias-para-o-novo-governo\/#primaryimage","url":"https:\/\/www.sindmoveis.com.br\/es\/wp-content\/uploads\/2021\/05\/p1414761785.jpg","contentUrl":"https:\/\/www.sindmoveis.com.br\/es\/wp-content\/uploads\/2021\/05\/p1414761785.jpg","width":1000,"height":1500,"caption":"Henrique Tecchio"},{"@type":"WebSite","@id":"https:\/\/www.sindmoveis.com.br\/es\/#website","url":"https:\/\/www.sindmoveis.com.br\/es\/","name":"Sindm\u00f3veis-RS","description":"","potentialAction":[{"@type":"SearchAction","target":{"@type":"EntryPoint","urlTemplate":"https:\/\/www.sindmoveis.com.br\/es\/?s={search_term_string}"},"query-input":{"@type":"PropertyValueSpecification","valueRequired":true,"valueName":"search_term_string"}}],"inLanguage":"es"},{"@type":"Person","@id":"https:\/\/www.sindmoveis.com.br\/es\/#\/schema\/person\/16d379542db1950a17fe188179340d57","name":"Imprensa Sindm\u00f3veis","image":{"@type":"ImageObject","inLanguage":"es","@id":"https:\/\/www.sindmoveis.com.br\/es\/#\/schema\/person\/image\/","url":"https:\/\/secure.gravatar.com\/avatar\/4973e2e2c2a0cb5db30b0c7b770041b8e33d048a16b695a1f99c042449d4bfaf?s=96&d=mm&r=g","contentUrl":"https:\/\/secure.gravatar.com\/avatar\/4973e2e2c2a0cb5db30b0c7b770041b8e33d048a16b695a1f99c042449d4bfaf?s=96&d=mm&r=g","caption":"Imprensa Sindm\u00f3veis"},"url":"https:\/\/www.sindmoveis.com.br\/es\/author\/ana\/"}]}},"_links":{"self":[{"href":"https:\/\/www.sindmoveis.com.br\/es\/wp-json\/wp\/v2\/posts\/1123","targetHints":{"allow":["GET"]}}],"collection":[{"href":"https:\/\/www.sindmoveis.com.br\/es\/wp-json\/wp\/v2\/posts"}],"about":[{"href":"https:\/\/www.sindmoveis.com.br\/es\/wp-json\/wp\/v2\/types\/post"}],"author":[{"embeddable":true,"href":"https:\/\/www.sindmoveis.com.br\/es\/wp-json\/wp\/v2\/users\/5"}],"replies":[{"embeddable":true,"href":"https:\/\/www.sindmoveis.com.br\/es\/wp-json\/wp\/v2\/comments?post=1123"}],"version-history":[{"count":2,"href":"https:\/\/www.sindmoveis.com.br\/es\/wp-json\/wp\/v2\/posts\/1123\/revisions"}],"predecessor-version":[{"id":3448,"href":"https:\/\/www.sindmoveis.com.br\/es\/wp-json\/wp\/v2\/posts\/1123\/revisions\/3448"}],"wp:featuredmedia":[{"embeddable":true,"href":"https:\/\/www.sindmoveis.com.br\/es\/wp-json\/wp\/v2\/media\/3449"}],"wp:attachment":[{"href":"https:\/\/www.sindmoveis.com.br\/es\/wp-json\/wp\/v2\/media?parent=1123"}],"wp:term":[{"taxonomy":"category","embeddable":true,"href":"https:\/\/www.sindmoveis.com.br\/es\/wp-json\/wp\/v2\/categories?post=1123"},{"taxonomy":"post_tag","embeddable":true,"href":"https:\/\/www.sindmoveis.com.br\/es\/wp-json\/wp\/v2\/tags?post=1123"}],"curies":[{"name":"wp","href":"https:\/\/api.w.org\/{rel}","templated":true}]}}