{"id":1120,"date":"2014-10-07T00:00:00","date_gmt":"2014-10-07T03:00:00","guid":{"rendered":"http:\/\/sindmoveis.com.br\/imprensa\/noticias\/sindmoveis-promove-palestra-sobre-varejo-online\/"},"modified":"2021-05-26T10:24:28","modified_gmt":"2021-05-26T13:24:28","slug":"sindmoveis-promove-palestra-sobre-varejo-online","status":"publish","type":"post","link":"https:\/\/www.sindmoveis.com.br\/es\/sindmoveis-promove-palestra-sobre-varejo-online\/","title":{"rendered":"Sindm\u00f3veis promueve conferencia sobre ventas al por menor online"},"content":{"rendered":"<div><em>Directora del Instituto E-Commerce Brasil abordar&aacute; la realidad de las ventas por la web en Brasil y los desaf&iacute;os del sector del mobiliario en ese segmento<\/em><\/div>\n<div>&nbsp;<\/div>\n<div>&iquest;C&oacute;mo una categor&iacute;a que comenz&oacute; a ser comercializada en la web hace apenas tres a&ntilde;os ya figura entre las 10 m&aacute;s vendidas en Internet? Para hablar sobre las oportunidades y desaf&iacute;os del sector del mobiliario en las ventas al por menor online, Sindm&oacute;veis trae a Bento Gon&ccedil;alves la directora de E-Commerce Brasil, Vivianne Vilela. La conferencia &ldquo;Ventas al por menor online: qu&eacute; ocurre y &nbsp;qu&eacute; nos espera?&rdquo; ser&aacute; el d&iacute;a 13 de octubre, a las 18 horas en el Sal&oacute;n de Eventos del Centro de Industria y Comercio &ndash;CIC, de Bento Gon&ccedil;alves.<\/div>\n<div>Con un abordaje que puntualiza el comportamiento del consumidor y las mejores pr&aacute;cticas de empresas fabricantes de muebles en la web, la ejecutiva explicar&aacute; el desempe&ntilde;o del comercio electr&oacute;nico y las expectativas para la facturaci&oacute;n del a&ntilde;o. Brasil responde por m&aacute;s de 60% de las ventas al por menor online de Am&eacute;rica Latina, atrayendo al consumidor por el trinomio comodidad, precio y plazo. En el primer semestre de 2014, el comercio electr&oacute;nico brasile&ntilde;o factur&oacute; R$ 16.060 millones, con crecimiento nominal de 26% con relaci&oacute;n al mismo per&iacute;odo de 2013.&nbsp;<\/div>\n<div>Respecto al sector del mobiliario, la tasa de conversi&oacute;n media en las ventas por internet es de 2,53%. De forma general, el ticket de la categor&iacute;a est&aacute; pr&oacute;ximo de R$ 450,00, bastante superior del ticket medio del e-commerce en Brasil, que es de 346,00. Los segmentos de mobiliario que m&aacute;s venden online actualmente son muebles de sala, muebles para ba&ntilde;o, muebles de cocina, muebles de cuarto, muebles infantiles, muebles para jard&iacute;n y complementos.<\/div>\n<div>&nbsp;<\/div>\n<div>M&aacute;s sobre &nbsp;conferencista<\/div>\n<div>&nbsp;<\/div>\n<div>Directora Ejecutiva del Grupo iMaster\/ E-Commerce Brasil, Vivianne Vilela es administradora formada por el Unicentro Newton Paiva, con MBA en Gesti&oacute;n de Proyectos por UPIS y especializaciones en gesti&oacute;n de negocios, marketing, atenci&oacute;n y relaci&oacute;n con clientes por la Fundaci&oacute;n Getulio Vargas. Fue analista t&eacute;cnica por siete a&ntilde;os de SEBRAE nacional, actuando en proyectos digitales y formaci&oacute;n de red, buscando la ampliaci&oacute;n del acceso al contenido y conocimiento sobre planificaci&oacute;n y gesti&oacute;n de peque&ntilde;os negocios. Cre&oacute;, en 2008, el blog Beco sem Sa&iacute;da (Callej&oacute;n sin Salida), clasificado por dos a&ntilde;os consecutivos como segundo mejor blog para nuevos emprendedores en Brasil, conforme el Premio Top Blog. Es coautora del libro Internet: el encuentro de 2 mundos.<\/div>\n<div>&nbsp;<\/div>\n<div><strong>Servicio<\/strong><\/div>\n<div>Qu&eacute;: Conferencia &ldquo;Ventas al por menor online: &nbsp;qu&eacute; ocurre y qu&eacute; nos espera&rdquo;<\/div>\n<div>Cu&aacute;ndo: 13 de octubre, &nbsp;las 18h<\/div>\n<div>D&oacute;nde: Sal&oacute;n de Eventos del CIC\/BG<\/div>\n<div>Entradas limitadas a R$ 50,00<\/div>\n<div>Informaciones y entradas: 2012 6800 o por el e-mail fernandarocha@sindmoveis.com.br.&nbsp;<\/div>\n","protected":false},"excerpt":{"rendered":"<p>\u00bfC\u00f3mo una categor\u00eda que comenz\u00f3 a ser comercializada en la web hace apenas tres a\u00f1os ya figura entre las 10 m\u00e1s vendidas en Internet? Para hablar sobre las oportunidades y desaf\u00edos del sector del mobiliario en las ventas al por menor online, Sindm\u00f3veis trae a Bento Gon\u00e7alves la directora de E-Commerce Brasil, Vivianne Vilela. La conferencia \u201cVentas al por menor online: qu\u00e9 ocurre y  qu\u00e9 nos espera?\u201d ser\u00e1 el d\u00eda 13 de octubre, a las 18 horas en el Sal\u00f3n de Eventos del Centro de Industria y Comercio \u2013CIC, de Bento Gon\u00e7alves.<\/p>\n","protected":false},"author":5,"featured_media":3445,"comment_status":"closed","ping_status":"open","sticky":false,"template":"","format":"standard","meta":{"footnotes":"","_links_to":"","_links_to_target":""},"categories":[2],"tags":[],"class_list":["post-1120","post","type-post","status-publish","format-standard","has-post-thumbnail","hentry","category-sindmoveis"],"yoast_head":"<!-- This site is optimized with the Yoast SEO plugin v27.0 - https:\/\/yoast.com\/product\/yoast-seo-wordpress\/ -->\n<title>Sindm\u00f3veis promueve conferencia sobre ventas al por menor online - Sindm\u00f3veis-RS<\/title>\n<meta name=\"robots\" content=\"index, follow, max-snippet:-1, max-image-preview:large, max-video-preview:-1\" \/>\n<link rel=\"canonical\" href=\"https:\/\/www.sindmoveis.com.br\/es\/sindmoveis-promove-palestra-sobre-varejo-online\/\" \/>\n<meta property=\"og:locale\" content=\"es_ES\" \/>\n<meta property=\"og:type\" content=\"article\" \/>\n<meta property=\"og:title\" content=\"Sindm\u00f3veis promueve conferencia sobre ventas al por menor online - Sindm\u00f3veis-RS\" \/>\n<meta property=\"og:description\" content=\"\u00bfC\u00f3mo una categor\u00eda que comenz\u00f3 a ser comercializada en la web hace apenas tres a\u00f1os ya figura entre las 10 m\u00e1s vendidas en Internet? Para hablar sobre las oportunidades y desaf\u00edos del sector del mobiliario en las ventas al por menor online, Sindm\u00f3veis trae a Bento Gon\u00e7alves la directora de E-Commerce Brasil, Vivianne Vilela. La conferencia \u201cVentas al por menor online: qu\u00e9 ocurre y qu\u00e9 nos espera?\u201d ser\u00e1 el d\u00eda 13 de octubre, a las 18 horas en el Sal\u00f3n de Eventos del Centro de Industria y Comercio \u2013CIC, de Bento Gon\u00e7alves.\" \/>\n<meta property=\"og:url\" content=\"https:\/\/www.sindmoveis.com.br\/es\/sindmoveis-promove-palestra-sobre-varejo-online\/\" \/>\n<meta property=\"og:site_name\" content=\"Sindm\u00f3veis-RS\" \/>\n<meta property=\"article:published_time\" content=\"2014-10-07T03:00:00+00:00\" \/>\n<meta property=\"article:modified_time\" content=\"2021-05-26T13:24:28+00:00\" \/>\n<meta property=\"og:image\" content=\"https:\/\/www.sindmoveis.com.br\/es\/wp-content\/uploads\/2021\/05\/p1412713414.jpg\" \/>\n\t<meta property=\"og:image:width\" content=\"1500\" \/>\n\t<meta property=\"og:image:height\" content=\"1500\" \/>\n\t<meta property=\"og:image:type\" content=\"image\/jpeg\" \/>\n<meta name=\"author\" content=\"Imprensa Sindm\u00f3veis\" \/>\n<meta name=\"twitter:card\" content=\"summary_large_image\" \/>\n<meta name=\"twitter:label1\" content=\"Escrito por\" \/>\n\t<meta name=\"twitter:data1\" content=\"Imprensa Sindm\u00f3veis\" \/>\n\t<meta name=\"twitter:label2\" content=\"Tiempo de lectura\" \/>\n\t<meta name=\"twitter:data2\" content=\"3 minutos\" \/>\n<script type=\"application\/ld+json\" class=\"yoast-schema-graph\">{\"@context\":\"https:\/\/schema.org\",\"@graph\":[{\"@type\":\"Article\",\"@id\":\"https:\/\/www.sindmoveis.com.br\/es\/sindmoveis-promove-palestra-sobre-varejo-online\/#article\",\"isPartOf\":{\"@id\":\"https:\/\/www.sindmoveis.com.br\/es\/sindmoveis-promove-palestra-sobre-varejo-online\/\"},\"author\":{\"name\":\"Imprensa Sindm\u00f3veis\",\"@id\":\"https:\/\/www.sindmoveis.com.br\/es\/#\/schema\/person\/16d379542db1950a17fe188179340d57\"},\"headline\":\"Sindm\u00f3veis promueve conferencia sobre ventas al por menor online\",\"datePublished\":\"2014-10-07T03:00:00+00:00\",\"dateModified\":\"2021-05-26T13:24:28+00:00\",\"mainEntityOfPage\":{\"@id\":\"https:\/\/www.sindmoveis.com.br\/es\/sindmoveis-promove-palestra-sobre-varejo-online\/\"},\"wordCount\":558,\"image\":{\"@id\":\"https:\/\/www.sindmoveis.com.br\/es\/sindmoveis-promove-palestra-sobre-varejo-online\/#primaryimage\"},\"thumbnailUrl\":\"https:\/\/www.sindmoveis.com.br\/es\/wp-content\/uploads\/2021\/05\/p1412713414.jpg\",\"articleSection\":[\"Sindm\u00f3veis\"],\"inLanguage\":\"es\"},{\"@type\":\"WebPage\",\"@id\":\"https:\/\/www.sindmoveis.com.br\/es\/sindmoveis-promove-palestra-sobre-varejo-online\/\",\"url\":\"https:\/\/www.sindmoveis.com.br\/es\/sindmoveis-promove-palestra-sobre-varejo-online\/\",\"name\":\"Sindm\u00f3veis promueve conferencia sobre ventas al por menor online - Sindm\u00f3veis-RS\",\"isPartOf\":{\"@id\":\"https:\/\/www.sindmoveis.com.br\/es\/#website\"},\"primaryImageOfPage\":{\"@id\":\"https:\/\/www.sindmoveis.com.br\/es\/sindmoveis-promove-palestra-sobre-varejo-online\/#primaryimage\"},\"image\":{\"@id\":\"https:\/\/www.sindmoveis.com.br\/es\/sindmoveis-promove-palestra-sobre-varejo-online\/#primaryimage\"},\"thumbnailUrl\":\"https:\/\/www.sindmoveis.com.br\/es\/wp-content\/uploads\/2021\/05\/p1412713414.jpg\",\"datePublished\":\"2014-10-07T03:00:00+00:00\",\"dateModified\":\"2021-05-26T13:24:28+00:00\",\"author\":{\"@id\":\"https:\/\/www.sindmoveis.com.br\/es\/#\/schema\/person\/16d379542db1950a17fe188179340d57\"},\"inLanguage\":\"es\",\"potentialAction\":[{\"@type\":\"ReadAction\",\"target\":[\"https:\/\/www.sindmoveis.com.br\/es\/sindmoveis-promove-palestra-sobre-varejo-online\/\"]}]},{\"@type\":\"ImageObject\",\"inLanguage\":\"es\",\"@id\":\"https:\/\/www.sindmoveis.com.br\/es\/sindmoveis-promove-palestra-sobre-varejo-online\/#primaryimage\",\"url\":\"https:\/\/www.sindmoveis.com.br\/es\/wp-content\/uploads\/2021\/05\/p1412713414.jpg\",\"contentUrl\":\"https:\/\/www.sindmoveis.com.br\/es\/wp-content\/uploads\/2021\/05\/p1412713414.jpg\",\"width\":1500,\"height\":1500},{\"@type\":\"WebSite\",\"@id\":\"https:\/\/www.sindmoveis.com.br\/es\/#website\",\"url\":\"https:\/\/www.sindmoveis.com.br\/es\/\",\"name\":\"Sindm\u00f3veis-RS\",\"description\":\"\",\"potentialAction\":[{\"@type\":\"SearchAction\",\"target\":{\"@type\":\"EntryPoint\",\"urlTemplate\":\"https:\/\/www.sindmoveis.com.br\/es\/?s={search_term_string}\"},\"query-input\":{\"@type\":\"PropertyValueSpecification\",\"valueRequired\":true,\"valueName\":\"search_term_string\"}}],\"inLanguage\":\"es\"},{\"@type\":\"Person\",\"@id\":\"https:\/\/www.sindmoveis.com.br\/es\/#\/schema\/person\/16d379542db1950a17fe188179340d57\",\"name\":\"Imprensa Sindm\u00f3veis\",\"image\":{\"@type\":\"ImageObject\",\"inLanguage\":\"es\",\"@id\":\"https:\/\/www.sindmoveis.com.br\/es\/#\/schema\/person\/image\/\",\"url\":\"https:\/\/secure.gravatar.com\/avatar\/4973e2e2c2a0cb5db30b0c7b770041b8e33d048a16b695a1f99c042449d4bfaf?s=96&d=mm&r=g\",\"contentUrl\":\"https:\/\/secure.gravatar.com\/avatar\/4973e2e2c2a0cb5db30b0c7b770041b8e33d048a16b695a1f99c042449d4bfaf?s=96&d=mm&r=g\",\"caption\":\"Imprensa Sindm\u00f3veis\"},\"url\":\"https:\/\/www.sindmoveis.com.br\/es\/author\/ana\/\"}]}<\/script>\n<!-- \/ Yoast SEO plugin. -->","yoast_head_json":{"title":"Sindm\u00f3veis promueve conferencia sobre ventas al por menor online - Sindm\u00f3veis-RS","robots":{"index":"index","follow":"follow","max-snippet":"max-snippet:-1","max-image-preview":"max-image-preview:large","max-video-preview":"max-video-preview:-1"},"canonical":"https:\/\/www.sindmoveis.com.br\/es\/sindmoveis-promove-palestra-sobre-varejo-online\/","og_locale":"es_ES","og_type":"article","og_title":"Sindm\u00f3veis promueve conferencia sobre ventas al por menor online - Sindm\u00f3veis-RS","og_description":"\u00bfC\u00f3mo una categor\u00eda que comenz\u00f3 a ser comercializada en la web hace apenas tres a\u00f1os ya figura entre las 10 m\u00e1s vendidas en Internet? Para hablar sobre las oportunidades y desaf\u00edos del sector del mobiliario en las ventas al por menor online, Sindm\u00f3veis trae a Bento Gon\u00e7alves la directora de E-Commerce Brasil, Vivianne Vilela. La conferencia \u201cVentas al por menor online: qu\u00e9 ocurre y qu\u00e9 nos espera?\u201d ser\u00e1 el d\u00eda 13 de octubre, a las 18 horas en el Sal\u00f3n de Eventos del Centro de Industria y Comercio \u2013CIC, de Bento Gon\u00e7alves.","og_url":"https:\/\/www.sindmoveis.com.br\/es\/sindmoveis-promove-palestra-sobre-varejo-online\/","og_site_name":"Sindm\u00f3veis-RS","article_published_time":"2014-10-07T03:00:00+00:00","article_modified_time":"2021-05-26T13:24:28+00:00","og_image":[{"width":1500,"height":1500,"url":"https:\/\/www.sindmoveis.com.br\/es\/wp-content\/uploads\/2021\/05\/p1412713414.jpg","type":"image\/jpeg"}],"author":"Imprensa Sindm\u00f3veis","twitter_card":"summary_large_image","twitter_misc":{"Escrito por":"Imprensa Sindm\u00f3veis","Tiempo de lectura":"3 minutos"},"schema":{"@context":"https:\/\/schema.org","@graph":[{"@type":"Article","@id":"https:\/\/www.sindmoveis.com.br\/es\/sindmoveis-promove-palestra-sobre-varejo-online\/#article","isPartOf":{"@id":"https:\/\/www.sindmoveis.com.br\/es\/sindmoveis-promove-palestra-sobre-varejo-online\/"},"author":{"name":"Imprensa Sindm\u00f3veis","@id":"https:\/\/www.sindmoveis.com.br\/es\/#\/schema\/person\/16d379542db1950a17fe188179340d57"},"headline":"Sindm\u00f3veis promueve conferencia sobre ventas al por menor online","datePublished":"2014-10-07T03:00:00+00:00","dateModified":"2021-05-26T13:24:28+00:00","mainEntityOfPage":{"@id":"https:\/\/www.sindmoveis.com.br\/es\/sindmoveis-promove-palestra-sobre-varejo-online\/"},"wordCount":558,"image":{"@id":"https:\/\/www.sindmoveis.com.br\/es\/sindmoveis-promove-palestra-sobre-varejo-online\/#primaryimage"},"thumbnailUrl":"https:\/\/www.sindmoveis.com.br\/es\/wp-content\/uploads\/2021\/05\/p1412713414.jpg","articleSection":["Sindm\u00f3veis"],"inLanguage":"es"},{"@type":"WebPage","@id":"https:\/\/www.sindmoveis.com.br\/es\/sindmoveis-promove-palestra-sobre-varejo-online\/","url":"https:\/\/www.sindmoveis.com.br\/es\/sindmoveis-promove-palestra-sobre-varejo-online\/","name":"Sindm\u00f3veis promueve conferencia sobre ventas al por menor online - Sindm\u00f3veis-RS","isPartOf":{"@id":"https:\/\/www.sindmoveis.com.br\/es\/#website"},"primaryImageOfPage":{"@id":"https:\/\/www.sindmoveis.com.br\/es\/sindmoveis-promove-palestra-sobre-varejo-online\/#primaryimage"},"image":{"@id":"https:\/\/www.sindmoveis.com.br\/es\/sindmoveis-promove-palestra-sobre-varejo-online\/#primaryimage"},"thumbnailUrl":"https:\/\/www.sindmoveis.com.br\/es\/wp-content\/uploads\/2021\/05\/p1412713414.jpg","datePublished":"2014-10-07T03:00:00+00:00","dateModified":"2021-05-26T13:24:28+00:00","author":{"@id":"https:\/\/www.sindmoveis.com.br\/es\/#\/schema\/person\/16d379542db1950a17fe188179340d57"},"inLanguage":"es","potentialAction":[{"@type":"ReadAction","target":["https:\/\/www.sindmoveis.com.br\/es\/sindmoveis-promove-palestra-sobre-varejo-online\/"]}]},{"@type":"ImageObject","inLanguage":"es","@id":"https:\/\/www.sindmoveis.com.br\/es\/sindmoveis-promove-palestra-sobre-varejo-online\/#primaryimage","url":"https:\/\/www.sindmoveis.com.br\/es\/wp-content\/uploads\/2021\/05\/p1412713414.jpg","contentUrl":"https:\/\/www.sindmoveis.com.br\/es\/wp-content\/uploads\/2021\/05\/p1412713414.jpg","width":1500,"height":1500},{"@type":"WebSite","@id":"https:\/\/www.sindmoveis.com.br\/es\/#website","url":"https:\/\/www.sindmoveis.com.br\/es\/","name":"Sindm\u00f3veis-RS","description":"","potentialAction":[{"@type":"SearchAction","target":{"@type":"EntryPoint","urlTemplate":"https:\/\/www.sindmoveis.com.br\/es\/?s={search_term_string}"},"query-input":{"@type":"PropertyValueSpecification","valueRequired":true,"valueName":"search_term_string"}}],"inLanguage":"es"},{"@type":"Person","@id":"https:\/\/www.sindmoveis.com.br\/es\/#\/schema\/person\/16d379542db1950a17fe188179340d57","name":"Imprensa Sindm\u00f3veis","image":{"@type":"ImageObject","inLanguage":"es","@id":"https:\/\/www.sindmoveis.com.br\/es\/#\/schema\/person\/image\/","url":"https:\/\/secure.gravatar.com\/avatar\/4973e2e2c2a0cb5db30b0c7b770041b8e33d048a16b695a1f99c042449d4bfaf?s=96&d=mm&r=g","contentUrl":"https:\/\/secure.gravatar.com\/avatar\/4973e2e2c2a0cb5db30b0c7b770041b8e33d048a16b695a1f99c042449d4bfaf?s=96&d=mm&r=g","caption":"Imprensa Sindm\u00f3veis"},"url":"https:\/\/www.sindmoveis.com.br\/es\/author\/ana\/"}]}},"_links":{"self":[{"href":"https:\/\/www.sindmoveis.com.br\/es\/wp-json\/wp\/v2\/posts\/1120","targetHints":{"allow":["GET"]}}],"collection":[{"href":"https:\/\/www.sindmoveis.com.br\/es\/wp-json\/wp\/v2\/posts"}],"about":[{"href":"https:\/\/www.sindmoveis.com.br\/es\/wp-json\/wp\/v2\/types\/post"}],"author":[{"embeddable":true,"href":"https:\/\/www.sindmoveis.com.br\/es\/wp-json\/wp\/v2\/users\/5"}],"replies":[{"embeddable":true,"href":"https:\/\/www.sindmoveis.com.br\/es\/wp-json\/wp\/v2\/comments?post=1120"}],"version-history":[{"count":2,"href":"https:\/\/www.sindmoveis.com.br\/es\/wp-json\/wp\/v2\/posts\/1120\/revisions"}],"predecessor-version":[{"id":3444,"href":"https:\/\/www.sindmoveis.com.br\/es\/wp-json\/wp\/v2\/posts\/1120\/revisions\/3444"}],"wp:featuredmedia":[{"embeddable":true,"href":"https:\/\/www.sindmoveis.com.br\/es\/wp-json\/wp\/v2\/media\/3445"}],"wp:attachment":[{"href":"https:\/\/www.sindmoveis.com.br\/es\/wp-json\/wp\/v2\/media?parent=1120"}],"wp:term":[{"taxonomy":"category","embeddable":true,"href":"https:\/\/www.sindmoveis.com.br\/es\/wp-json\/wp\/v2\/categories?post=1120"},{"taxonomy":"post_tag","embeddable":true,"href":"https:\/\/www.sindmoveis.com.br\/es\/wp-json\/wp\/v2\/tags?post=1120"}],"curies":[{"name":"wp","href":"https:\/\/api.w.org\/{rel}","templated":true}]}}