{"id":1119,"date":"2014-10-06T00:00:00","date_gmt":"2014-10-06T03:00:00","guid":{"rendered":"http:\/\/sindmoveis.com.br\/imprensa\/noticias\/sindmoveis-fomenta-us-1-milhao-em-negocios-com-edicao-especial-do-projeto-comprador\/"},"modified":"2021-05-26T10:24:28","modified_gmt":"2021-05-26T13:24:28","slug":"sindmoveis-fomenta-us-1-milhao-em-negocios-com-edicao-especial-do-projeto-comprador","status":"publish","type":"post","link":"https:\/\/www.sindmoveis.com.br\/es\/sindmoveis-fomenta-us-1-milhao-em-negocios-com-edicao-especial-do-projeto-comprador\/","title":{"rendered":"Sindm\u00f3veis logra fomento de U$ 1 mill\u00f3n en negocios con edici\u00f3n especial del Proyecto Comprador"},"content":{"rendered":"<div><em>De<\/em><em>spu&eacute;s de las rondas con importadores bolivianos, Comit&eacute; Internacional ya estudia nuevos mercados para su pr&oacute;xima acci&oacute;n<\/em><br \/>\n&nbsp;<\/div>\n<div>Siguiendo el modelo de los Proyectos Compradores realizados por Movelsul Brasil desde hace 14 a&ntilde;os, el Comit&eacute; Internacional de Sindm&oacute;veis promovi&oacute;, en la &uacute;ltima semana, una misi&oacute;n entre importadores de Bolivia y empresas del polo &nbsp;mobiliario de Bento Gon&ccedil;alves. Adem&aacute;s de participar de rondas de negocios con 12 empresas inscritas, los invitados conocieron industrias locales. El Proyecto Comprador finaliz&oacute; con previsi&oacute;n de generar U$ 1 mill&oacute;n en exportaciones para las empresas participantes. &nbsp;<\/div>\n<div>El importador Pedro Antonio Marban, de La Paz, es propietario de tres tiendas de muebles donde comercializa roperos, mobiliario infantil y muebles para sala y oficina, importados principalmente de Brasil y &nbsp;China. A pesar de las relaciones que ya mantiene con fabricantes brasile&ntilde;os, esta es le primera vez que negocia con empresas de Bento Gon&ccedil;alves. En su opini&oacute;n, la iniciativa agrada no apenas por la diversidad de productos presentados, sino por la oportunidad de conocer las f&aacute;bricas de la regi&oacute;n. &ldquo;Me gust&oacute; mucho la l&iacute;nea infantil que me fue presentada. Infelizmente no puedo negociar grandes vol&uacute;menes, pues mi espacio de stock es restricto. Sin embargo, de cualquier forma, encontr&eacute; buenas soluciones a precio competitivo &ndash; lo que es importante, pues hay muchos importadores en Bolivia que compiten b&aacute;sicamente por el precio&rdquo;, relata.<\/div>\n<div>Bolivia es uno de los pa&iacute;ses con mayor desarrollo econ&oacute;mico en los &uacute;ltimos a&ntilde;os en la regi&oacute;n y tendr&aacute; el segundo mayor incremento del PIB en Am&eacute;rica Latina y Caribe en 2014, conforme datos de Cepal. Adem&aacute;s de ello, en los &uacute;ltimos a&ntilde;os, ha sido uno de los mercados m&aacute;s din&aacute;micos para los muebles brasile&ntilde;os, con crecimiento consecutivo. En el primer semestre de 2014, fue sexto mayor destino para los exportadores de muebles de Brasil.<\/div>\n<div>A pesar de ello, las empresas de Bento Gon&ccedil;alves a&uacute;n no tienen tradici&oacute;n exportadora para el mercado boliviano. El director internacional de Sindm&oacute;veis, Luiz C&eacute;sar Girardi, destaca que la intenci&oacute;n de ese proyecto comprador es justamente fortalecer las relaciones del polo mobiliario con los principales importadores de Bolivia y encaminar negociaciones. &ldquo;Existe una proximidad para el comercio entre Brasil y Bolivia. Las industrias de aqu&iacute; producen con mucha calidad los muebles demandados en aquel pa&iacute;s. De esa forma, es necesario estrechar nuestras relaciones&rdquo;, destaca.<\/div>\n<div>Esa fue la segunda acci&oacute;n del tipo promovida por el Comit&eacute; Internacional de Sindm&oacute;veis. El a&ntilde;o pasado, la entidad trajo a Bento Gon&ccedil;alves importadores de pa&iacute;ses del norte de &Aacute;frica. Nuevos mercados ya est&aacute;n siendo evaluados para la realizaci&oacute;n de la pr&oacute;xima edici&oacute;n especial del Proyecto Comprador.<\/div>\n<div>&nbsp;<\/div>\n","protected":false},"excerpt":{"rendered":"<p>Siguiendo el modelo de los Proyectos Compradores realizados por Movelsul Brasil desde hace 14 a\u00f1os, el Comit\u00e9 Internacional de Sindm\u00f3veis promovi\u00f3, en la \u00faltima semana, una misi\u00f3n entre importadores de Bolivia y empresas del polo  mobiliario de Bento Gon\u00e7alves. Adem\u00e1s de participar de rondas de negocios con 12 empresas inscritas, los invitados conocieron industrias locales.<\/p>\n","protected":false},"author":5,"featured_media":3443,"comment_status":"closed","ping_status":"open","sticky":false,"template":"","format":"standard","meta":{"footnotes":"","_links_to":"","_links_to_target":""},"categories":[2],"tags":[],"class_list":["post-1119","post","type-post","status-publish","format-standard","has-post-thumbnail","hentry","category-sindmoveis"],"yoast_head":"<!-- This site is optimized with the Yoast SEO plugin v27.0 - https:\/\/yoast.com\/product\/yoast-seo-wordpress\/ -->\n<title>Sindm\u00f3veis logra fomento de U$ 1 mill\u00f3n en negocios con edici\u00f3n especial del Proyecto Comprador - Sindm\u00f3veis-RS<\/title>\n<meta name=\"robots\" content=\"index, follow, max-snippet:-1, max-image-preview:large, max-video-preview:-1\" \/>\n<link rel=\"canonical\" href=\"https:\/\/www.sindmoveis.com.br\/es\/sindmoveis-fomenta-us-1-milhao-em-negocios-com-edicao-especial-do-projeto-comprador\/\" \/>\n<meta property=\"og:locale\" content=\"es_ES\" \/>\n<meta property=\"og:type\" content=\"article\" \/>\n<meta property=\"og:title\" content=\"Sindm\u00f3veis logra fomento de U$ 1 mill\u00f3n en negocios con edici\u00f3n especial del Proyecto Comprador - Sindm\u00f3veis-RS\" \/>\n<meta property=\"og:description\" content=\"Siguiendo el modelo de los Proyectos Compradores realizados por Movelsul Brasil desde hace 14 a\u00f1os, el Comit\u00e9 Internacional de Sindm\u00f3veis promovi\u00f3, en la \u00faltima semana, una misi\u00f3n entre importadores de Bolivia y empresas del polo mobiliario de Bento Gon\u00e7alves. Adem\u00e1s de participar de rondas de negocios con 12 empresas inscritas, los invitados conocieron industrias locales.\" \/>\n<meta property=\"og:url\" content=\"https:\/\/www.sindmoveis.com.br\/es\/sindmoveis-fomenta-us-1-milhao-em-negocios-com-edicao-especial-do-projeto-comprador\/\" \/>\n<meta property=\"og:site_name\" content=\"Sindm\u00f3veis-RS\" \/>\n<meta property=\"article:published_time\" content=\"2014-10-06T03:00:00+00:00\" \/>\n<meta property=\"article:modified_time\" content=\"2021-05-26T13:24:28+00:00\" \/>\n<meta property=\"og:image\" content=\"https:\/\/www.sindmoveis.com.br\/es\/wp-content\/uploads\/2021\/05\/p1412618419.jpg\" \/>\n\t<meta property=\"og:image:width\" content=\"1181\" \/>\n\t<meta property=\"og:image:height\" content=\"814\" \/>\n\t<meta property=\"og:image:type\" content=\"image\/jpeg\" \/>\n<meta name=\"author\" content=\"Imprensa Sindm\u00f3veis\" \/>\n<meta name=\"twitter:card\" content=\"summary_large_image\" \/>\n<meta name=\"twitter:label1\" content=\"Escrito por\" \/>\n\t<meta name=\"twitter:data1\" content=\"Imprensa Sindm\u00f3veis\" \/>\n\t<meta name=\"twitter:label2\" content=\"Tiempo de lectura\" \/>\n\t<meta name=\"twitter:data2\" content=\"3 minutos\" \/>\n<script type=\"application\/ld+json\" class=\"yoast-schema-graph\">{\"@context\":\"https:\/\/schema.org\",\"@graph\":[{\"@type\":\"Article\",\"@id\":\"https:\/\/www.sindmoveis.com.br\/es\/sindmoveis-fomenta-us-1-milhao-em-negocios-com-edicao-especial-do-projeto-comprador\/#article\",\"isPartOf\":{\"@id\":\"https:\/\/www.sindmoveis.com.br\/es\/sindmoveis-fomenta-us-1-milhao-em-negocios-com-edicao-especial-do-projeto-comprador\/\"},\"author\":{\"name\":\"Imprensa Sindm\u00f3veis\",\"@id\":\"https:\/\/www.sindmoveis.com.br\/es\/#\/schema\/person\/16d379542db1950a17fe188179340d57\"},\"headline\":\"Sindm\u00f3veis logra fomento de U$ 1 mill\u00f3n en negocios con edici\u00f3n especial del Proyecto Comprador\",\"datePublished\":\"2014-10-06T03:00:00+00:00\",\"dateModified\":\"2021-05-26T13:24:28+00:00\",\"mainEntityOfPage\":{\"@id\":\"https:\/\/www.sindmoveis.com.br\/es\/sindmoveis-fomenta-us-1-milhao-em-negocios-com-edicao-especial-do-projeto-comprador\/\"},\"wordCount\":550,\"image\":{\"@id\":\"https:\/\/www.sindmoveis.com.br\/es\/sindmoveis-fomenta-us-1-milhao-em-negocios-com-edicao-especial-do-projeto-comprador\/#primaryimage\"},\"thumbnailUrl\":\"https:\/\/www.sindmoveis.com.br\/es\/wp-content\/uploads\/2021\/05\/p1412618419.jpg\",\"articleSection\":[\"Sindm\u00f3veis\"],\"inLanguage\":\"es\"},{\"@type\":\"WebPage\",\"@id\":\"https:\/\/www.sindmoveis.com.br\/es\/sindmoveis-fomenta-us-1-milhao-em-negocios-com-edicao-especial-do-projeto-comprador\/\",\"url\":\"https:\/\/www.sindmoveis.com.br\/es\/sindmoveis-fomenta-us-1-milhao-em-negocios-com-edicao-especial-do-projeto-comprador\/\",\"name\":\"Sindm\u00f3veis logra fomento de U$ 1 mill\u00f3n en negocios con edici\u00f3n especial del Proyecto Comprador - Sindm\u00f3veis-RS\",\"isPartOf\":{\"@id\":\"https:\/\/www.sindmoveis.com.br\/es\/#website\"},\"primaryImageOfPage\":{\"@id\":\"https:\/\/www.sindmoveis.com.br\/es\/sindmoveis-fomenta-us-1-milhao-em-negocios-com-edicao-especial-do-projeto-comprador\/#primaryimage\"},\"image\":{\"@id\":\"https:\/\/www.sindmoveis.com.br\/es\/sindmoveis-fomenta-us-1-milhao-em-negocios-com-edicao-especial-do-projeto-comprador\/#primaryimage\"},\"thumbnailUrl\":\"https:\/\/www.sindmoveis.com.br\/es\/wp-content\/uploads\/2021\/05\/p1412618419.jpg\",\"datePublished\":\"2014-10-06T03:00:00+00:00\",\"dateModified\":\"2021-05-26T13:24:28+00:00\",\"author\":{\"@id\":\"https:\/\/www.sindmoveis.com.br\/es\/#\/schema\/person\/16d379542db1950a17fe188179340d57\"},\"inLanguage\":\"es\",\"potentialAction\":[{\"@type\":\"ReadAction\",\"target\":[\"https:\/\/www.sindmoveis.com.br\/es\/sindmoveis-fomenta-us-1-milhao-em-negocios-com-edicao-especial-do-projeto-comprador\/\"]}]},{\"@type\":\"ImageObject\",\"inLanguage\":\"es\",\"@id\":\"https:\/\/www.sindmoveis.com.br\/es\/sindmoveis-fomenta-us-1-milhao-em-negocios-com-edicao-especial-do-projeto-comprador\/#primaryimage\",\"url\":\"https:\/\/www.sindmoveis.com.br\/es\/wp-content\/uploads\/2021\/05\/p1412618419.jpg\",\"contentUrl\":\"https:\/\/www.sindmoveis.com.br\/es\/wp-content\/uploads\/2021\/05\/p1412618419.jpg\",\"width\":1181,\"height\":814,\"caption\":\"El importador Pedro Antonio Marban\"},{\"@type\":\"WebSite\",\"@id\":\"https:\/\/www.sindmoveis.com.br\/es\/#website\",\"url\":\"https:\/\/www.sindmoveis.com.br\/es\/\",\"name\":\"Sindm\u00f3veis-RS\",\"description\":\"\",\"potentialAction\":[{\"@type\":\"SearchAction\",\"target\":{\"@type\":\"EntryPoint\",\"urlTemplate\":\"https:\/\/www.sindmoveis.com.br\/es\/?s={search_term_string}\"},\"query-input\":{\"@type\":\"PropertyValueSpecification\",\"valueRequired\":true,\"valueName\":\"search_term_string\"}}],\"inLanguage\":\"es\"},{\"@type\":\"Person\",\"@id\":\"https:\/\/www.sindmoveis.com.br\/es\/#\/schema\/person\/16d379542db1950a17fe188179340d57\",\"name\":\"Imprensa Sindm\u00f3veis\",\"image\":{\"@type\":\"ImageObject\",\"inLanguage\":\"es\",\"@id\":\"https:\/\/www.sindmoveis.com.br\/es\/#\/schema\/person\/image\/\",\"url\":\"https:\/\/secure.gravatar.com\/avatar\/4973e2e2c2a0cb5db30b0c7b770041b8e33d048a16b695a1f99c042449d4bfaf?s=96&d=mm&r=g\",\"contentUrl\":\"https:\/\/secure.gravatar.com\/avatar\/4973e2e2c2a0cb5db30b0c7b770041b8e33d048a16b695a1f99c042449d4bfaf?s=96&d=mm&r=g\",\"caption\":\"Imprensa Sindm\u00f3veis\"},\"url\":\"https:\/\/www.sindmoveis.com.br\/es\/author\/ana\/\"}]}<\/script>\n<!-- \/ Yoast SEO plugin. -->","yoast_head_json":{"title":"Sindm\u00f3veis logra fomento de U$ 1 mill\u00f3n en negocios con edici\u00f3n especial del Proyecto Comprador - Sindm\u00f3veis-RS","robots":{"index":"index","follow":"follow","max-snippet":"max-snippet:-1","max-image-preview":"max-image-preview:large","max-video-preview":"max-video-preview:-1"},"canonical":"https:\/\/www.sindmoveis.com.br\/es\/sindmoveis-fomenta-us-1-milhao-em-negocios-com-edicao-especial-do-projeto-comprador\/","og_locale":"es_ES","og_type":"article","og_title":"Sindm\u00f3veis logra fomento de U$ 1 mill\u00f3n en negocios con edici\u00f3n especial del Proyecto Comprador - Sindm\u00f3veis-RS","og_description":"Siguiendo el modelo de los Proyectos Compradores realizados por Movelsul Brasil desde hace 14 a\u00f1os, el Comit\u00e9 Internacional de Sindm\u00f3veis promovi\u00f3, en la \u00faltima semana, una misi\u00f3n entre importadores de Bolivia y empresas del polo mobiliario de Bento Gon\u00e7alves. Adem\u00e1s de participar de rondas de negocios con 12 empresas inscritas, los invitados conocieron industrias locales.","og_url":"https:\/\/www.sindmoveis.com.br\/es\/sindmoveis-fomenta-us-1-milhao-em-negocios-com-edicao-especial-do-projeto-comprador\/","og_site_name":"Sindm\u00f3veis-RS","article_published_time":"2014-10-06T03:00:00+00:00","article_modified_time":"2021-05-26T13:24:28+00:00","og_image":[{"width":1181,"height":814,"url":"https:\/\/www.sindmoveis.com.br\/es\/wp-content\/uploads\/2021\/05\/p1412618419.jpg","type":"image\/jpeg"}],"author":"Imprensa Sindm\u00f3veis","twitter_card":"summary_large_image","twitter_misc":{"Escrito por":"Imprensa Sindm\u00f3veis","Tiempo de lectura":"3 minutos"},"schema":{"@context":"https:\/\/schema.org","@graph":[{"@type":"Article","@id":"https:\/\/www.sindmoveis.com.br\/es\/sindmoveis-fomenta-us-1-milhao-em-negocios-com-edicao-especial-do-projeto-comprador\/#article","isPartOf":{"@id":"https:\/\/www.sindmoveis.com.br\/es\/sindmoveis-fomenta-us-1-milhao-em-negocios-com-edicao-especial-do-projeto-comprador\/"},"author":{"name":"Imprensa Sindm\u00f3veis","@id":"https:\/\/www.sindmoveis.com.br\/es\/#\/schema\/person\/16d379542db1950a17fe188179340d57"},"headline":"Sindm\u00f3veis logra fomento de U$ 1 mill\u00f3n en negocios con edici\u00f3n especial del Proyecto Comprador","datePublished":"2014-10-06T03:00:00+00:00","dateModified":"2021-05-26T13:24:28+00:00","mainEntityOfPage":{"@id":"https:\/\/www.sindmoveis.com.br\/es\/sindmoveis-fomenta-us-1-milhao-em-negocios-com-edicao-especial-do-projeto-comprador\/"},"wordCount":550,"image":{"@id":"https:\/\/www.sindmoveis.com.br\/es\/sindmoveis-fomenta-us-1-milhao-em-negocios-com-edicao-especial-do-projeto-comprador\/#primaryimage"},"thumbnailUrl":"https:\/\/www.sindmoveis.com.br\/es\/wp-content\/uploads\/2021\/05\/p1412618419.jpg","articleSection":["Sindm\u00f3veis"],"inLanguage":"es"},{"@type":"WebPage","@id":"https:\/\/www.sindmoveis.com.br\/es\/sindmoveis-fomenta-us-1-milhao-em-negocios-com-edicao-especial-do-projeto-comprador\/","url":"https:\/\/www.sindmoveis.com.br\/es\/sindmoveis-fomenta-us-1-milhao-em-negocios-com-edicao-especial-do-projeto-comprador\/","name":"Sindm\u00f3veis logra fomento de U$ 1 mill\u00f3n en negocios con edici\u00f3n especial del Proyecto Comprador - Sindm\u00f3veis-RS","isPartOf":{"@id":"https:\/\/www.sindmoveis.com.br\/es\/#website"},"primaryImageOfPage":{"@id":"https:\/\/www.sindmoveis.com.br\/es\/sindmoveis-fomenta-us-1-milhao-em-negocios-com-edicao-especial-do-projeto-comprador\/#primaryimage"},"image":{"@id":"https:\/\/www.sindmoveis.com.br\/es\/sindmoveis-fomenta-us-1-milhao-em-negocios-com-edicao-especial-do-projeto-comprador\/#primaryimage"},"thumbnailUrl":"https:\/\/www.sindmoveis.com.br\/es\/wp-content\/uploads\/2021\/05\/p1412618419.jpg","datePublished":"2014-10-06T03:00:00+00:00","dateModified":"2021-05-26T13:24:28+00:00","author":{"@id":"https:\/\/www.sindmoveis.com.br\/es\/#\/schema\/person\/16d379542db1950a17fe188179340d57"},"inLanguage":"es","potentialAction":[{"@type":"ReadAction","target":["https:\/\/www.sindmoveis.com.br\/es\/sindmoveis-fomenta-us-1-milhao-em-negocios-com-edicao-especial-do-projeto-comprador\/"]}]},{"@type":"ImageObject","inLanguage":"es","@id":"https:\/\/www.sindmoveis.com.br\/es\/sindmoveis-fomenta-us-1-milhao-em-negocios-com-edicao-especial-do-projeto-comprador\/#primaryimage","url":"https:\/\/www.sindmoveis.com.br\/es\/wp-content\/uploads\/2021\/05\/p1412618419.jpg","contentUrl":"https:\/\/www.sindmoveis.com.br\/es\/wp-content\/uploads\/2021\/05\/p1412618419.jpg","width":1181,"height":814,"caption":"El importador Pedro Antonio Marban"},{"@type":"WebSite","@id":"https:\/\/www.sindmoveis.com.br\/es\/#website","url":"https:\/\/www.sindmoveis.com.br\/es\/","name":"Sindm\u00f3veis-RS","description":"","potentialAction":[{"@type":"SearchAction","target":{"@type":"EntryPoint","urlTemplate":"https:\/\/www.sindmoveis.com.br\/es\/?s={search_term_string}"},"query-input":{"@type":"PropertyValueSpecification","valueRequired":true,"valueName":"search_term_string"}}],"inLanguage":"es"},{"@type":"Person","@id":"https:\/\/www.sindmoveis.com.br\/es\/#\/schema\/person\/16d379542db1950a17fe188179340d57","name":"Imprensa Sindm\u00f3veis","image":{"@type":"ImageObject","inLanguage":"es","@id":"https:\/\/www.sindmoveis.com.br\/es\/#\/schema\/person\/image\/","url":"https:\/\/secure.gravatar.com\/avatar\/4973e2e2c2a0cb5db30b0c7b770041b8e33d048a16b695a1f99c042449d4bfaf?s=96&d=mm&r=g","contentUrl":"https:\/\/secure.gravatar.com\/avatar\/4973e2e2c2a0cb5db30b0c7b770041b8e33d048a16b695a1f99c042449d4bfaf?s=96&d=mm&r=g","caption":"Imprensa Sindm\u00f3veis"},"url":"https:\/\/www.sindmoveis.com.br\/es\/author\/ana\/"}]}},"_links":{"self":[{"href":"https:\/\/www.sindmoveis.com.br\/es\/wp-json\/wp\/v2\/posts\/1119","targetHints":{"allow":["GET"]}}],"collection":[{"href":"https:\/\/www.sindmoveis.com.br\/es\/wp-json\/wp\/v2\/posts"}],"about":[{"href":"https:\/\/www.sindmoveis.com.br\/es\/wp-json\/wp\/v2\/types\/post"}],"author":[{"embeddable":true,"href":"https:\/\/www.sindmoveis.com.br\/es\/wp-json\/wp\/v2\/users\/5"}],"replies":[{"embeddable":true,"href":"https:\/\/www.sindmoveis.com.br\/es\/wp-json\/wp\/v2\/comments?post=1119"}],"version-history":[{"count":2,"href":"https:\/\/www.sindmoveis.com.br\/es\/wp-json\/wp\/v2\/posts\/1119\/revisions"}],"predecessor-version":[{"id":3442,"href":"https:\/\/www.sindmoveis.com.br\/es\/wp-json\/wp\/v2\/posts\/1119\/revisions\/3442"}],"wp:featuredmedia":[{"embeddable":true,"href":"https:\/\/www.sindmoveis.com.br\/es\/wp-json\/wp\/v2\/media\/3443"}],"wp:attachment":[{"href":"https:\/\/www.sindmoveis.com.br\/es\/wp-json\/wp\/v2\/media?parent=1119"}],"wp:term":[{"taxonomy":"category","embeddable":true,"href":"https:\/\/www.sindmoveis.com.br\/es\/wp-json\/wp\/v2\/categories?post=1119"},{"taxonomy":"post_tag","embeddable":true,"href":"https:\/\/www.sindmoveis.com.br\/es\/wp-json\/wp\/v2\/tags?post=1119"}],"curies":[{"name":"wp","href":"https:\/\/api.w.org\/{rel}","templated":true}]}}