{"id":1118,"date":"2014-09-24T00:00:00","date_gmt":"2014-09-24T03:00:00","guid":{"rendered":"http:\/\/sindmoveis.com.br\/imprensa\/noticias\/sindmoveis-recebe-importadores-da-bolivia\/"},"modified":"2021-05-26T10:24:28","modified_gmt":"2021-05-26T13:24:28","slug":"sindmoveis-recebe-importadores-da-bolivia","status":"publish","type":"post","link":"https:\/\/www.sindmoveis.com.br\/es\/sindmoveis-recebe-importadores-da-bolivia\/","title":{"rendered":"Sindm\u00f3veis recibe importadores de Bolivia"},"content":{"rendered":"<div>Proyecto Comprador ocurre en la pr&oacute;xima semana con cinco invitados y 12 industrias participantes<\/div>\n<div>En una acci&oacute;n del Comit&eacute; Internacional de Sindm&oacute;veis Bento Gon&ccedil;alves volcada exclusivamente a las empresas asociadas, la entidad promueve, de 29 de septiembre a 03 de octubre, un Proyecto Comprador con importadores bolivianos, Fueron invitados cinco compradores de muebles de las ciudades de Cochabamba, La Paz y Santa Cruz de la Sierra para rondas de negocios y visitas a f&aacute;bricas de este polo mobiliario. Ellos importaron casi U$ 4,5 millones en el a&ntilde;o de 2013.<\/div>\n<div>La iniciativa es resultado de una serie de estudios que el comit&eacute; viene realizando con el intuito de identificar nuevos mercados para los muebles del polo. Las exportaciones de la industria del mobiliario de Bento Gon&ccedil;alves, atraviesa un per&iacute;odo de dificultades desde el a&ntilde;o pasado. En el primer semestre de 2014, la ca&iacute;da fue de 7,2 con relaci&oacute;n al mismo per&iacute;odo del a&ntilde;o anterior. Al todo, 12 industrias se inscribieron para participar de la acci&oacute;n.<\/div>\n<div>Bolivia es uno de los pa&iacute;ses con mayor crecimiento en los &uacute;ltimos a&ntilde;os en la regi&oacute;n y tendr&aacute; el segundo mayor aumento del PIB de Am&eacute;rica Latina y Caribe en 2014, conforme datos de Cepal. En un escenario con incremento medio de 2,2% en este a&ntilde;o para la regi&oacute;n, el pa&iacute;s deber&aacute; crecer 5,5% atr&aacute;s solamente de Panam&aacute;. Adem&aacute;s de ello, en los &uacute;ltimos a&ntilde;os, ha sido uno de los mercados m&aacute;s din&aacute;micos para los muebles brasile&ntilde;os, con &iacute;ndices positivos consecutivos. En el primer semestre de 2014, fue sexto mayor destino para los exportadores de muebles de Brasil, con valor importado de U$ 18,2 millones e impulso de 23,2% con relaci&oacute;n al mismo per&iacute;odo de 2013.<\/div>\n<div>El Comit&eacute; Internacional de Sindm&oacute;veis mantiene reuniones peri&oacute;dicas con el intuito de suministrar a las empresas asociadas subsidios para la conquista de nuevos mercados en el exterior. El a&ntilde;o pasado, la entidad trajo a Bento Gon&ccedil;alves importadores del norte de &Aacute;frica.<\/div>\n<div>&nbsp;<\/div>\n","protected":false},"excerpt":{"rendered":"<p>Proyecto Comprador ocurre en la pr\u00f3xima semana con cinco invitados y 12 industrias participantes<br \/>\nEn una acci\u00f3n del Comit\u00e9 Internacional de Sindm\u00f3veis Bento Gon\u00e7alves volcada exclusivamente a las empresas asociadas, la entidad promueve, de 29 de septiembre a 03 de octubre, un Proyecto Comprador con importadores bolivianos, Fueron invitados cinco compradores de muebles de las ciudades de Cochabamba, La Paz y Santa Cruz de la Sierra para rondas de negocios y visitas a f\u00e1bricas de este polo mobiliario. Ellos importaron casi U$ 4,5 millones en el a\u00f1o de 2013.<\/p>\n","protected":false},"author":5,"featured_media":3441,"comment_status":"closed","ping_status":"open","sticky":false,"template":"","format":"standard","meta":{"footnotes":"","_links_to":"","_links_to_target":""},"categories":[2],"tags":[],"class_list":["post-1118","post","type-post","status-publish","format-standard","has-post-thumbnail","hentry","category-sindmoveis"],"yoast_head":"<!-- This site is optimized with the Yoast SEO plugin v27.0 - https:\/\/yoast.com\/product\/yoast-seo-wordpress\/ -->\n<title>Sindm\u00f3veis recibe importadores de Bolivia - Sindm\u00f3veis-RS<\/title>\n<meta name=\"robots\" content=\"index, follow, max-snippet:-1, max-image-preview:large, max-video-preview:-1\" \/>\n<link rel=\"canonical\" href=\"https:\/\/www.sindmoveis.com.br\/es\/sindmoveis-recebe-importadores-da-bolivia\/\" \/>\n<meta property=\"og:locale\" content=\"es_ES\" \/>\n<meta property=\"og:type\" content=\"article\" \/>\n<meta property=\"og:title\" content=\"Sindm\u00f3veis recibe importadores de Bolivia - Sindm\u00f3veis-RS\" \/>\n<meta property=\"og:description\" content=\"Proyecto Comprador ocurre en la pr\u00f3xima semana con cinco invitados y 12 industrias participantes En una acci\u00f3n del Comit\u00e9 Internacional de Sindm\u00f3veis Bento Gon\u00e7alves volcada exclusivamente a las empresas asociadas, la entidad promueve, de 29 de septiembre a 03 de octubre, un Proyecto Comprador con importadores bolivianos, Fueron invitados cinco compradores de muebles de las ciudades de Cochabamba, La Paz y Santa Cruz de la Sierra para rondas de negocios y visitas a f\u00e1bricas de este polo mobiliario. Ellos importaron casi U$ 4,5 millones en el a\u00f1o de 2013.\" \/>\n<meta property=\"og:url\" content=\"https:\/\/www.sindmoveis.com.br\/es\/sindmoveis-recebe-importadores-da-bolivia\/\" \/>\n<meta property=\"og:site_name\" content=\"Sindm\u00f3veis-RS\" \/>\n<meta property=\"article:published_time\" content=\"2014-09-24T03:00:00+00:00\" \/>\n<meta property=\"article:modified_time\" content=\"2021-05-26T13:24:28+00:00\" \/>\n<meta property=\"og:image\" content=\"https:\/\/www.sindmoveis.com.br\/es\/wp-content\/uploads\/2021\/05\/p1411580565.jpg\" \/>\n\t<meta property=\"og:image:width\" content=\"1181\" \/>\n\t<meta property=\"og:image:height\" content=\"788\" \/>\n\t<meta property=\"og:image:type\" content=\"image\/jpeg\" \/>\n<meta name=\"author\" content=\"Imprensa Sindm\u00f3veis\" \/>\n<meta name=\"twitter:card\" content=\"summary_large_image\" \/>\n<meta name=\"twitter:label1\" content=\"Escrito por\" \/>\n\t<meta name=\"twitter:data1\" content=\"Imprensa Sindm\u00f3veis\" \/>\n\t<meta name=\"twitter:label2\" content=\"Tiempo de lectura\" \/>\n\t<meta name=\"twitter:data2\" content=\"2 minutos\" \/>\n<script type=\"application\/ld+json\" class=\"yoast-schema-graph\">{\"@context\":\"https:\/\/schema.org\",\"@graph\":[{\"@type\":\"Article\",\"@id\":\"https:\/\/www.sindmoveis.com.br\/es\/sindmoveis-recebe-importadores-da-bolivia\/#article\",\"isPartOf\":{\"@id\":\"https:\/\/www.sindmoveis.com.br\/es\/sindmoveis-recebe-importadores-da-bolivia\/\"},\"author\":{\"name\":\"Imprensa Sindm\u00f3veis\",\"@id\":\"https:\/\/www.sindmoveis.com.br\/es\/#\/schema\/person\/16d379542db1950a17fe188179340d57\"},\"headline\":\"Sindm\u00f3veis recibe importadores de Bolivia\",\"datePublished\":\"2014-09-24T03:00:00+00:00\",\"dateModified\":\"2021-05-26T13:24:28+00:00\",\"mainEntityOfPage\":{\"@id\":\"https:\/\/www.sindmoveis.com.br\/es\/sindmoveis-recebe-importadores-da-bolivia\/\"},\"wordCount\":389,\"image\":{\"@id\":\"https:\/\/www.sindmoveis.com.br\/es\/sindmoveis-recebe-importadores-da-bolivia\/#primaryimage\"},\"thumbnailUrl\":\"https:\/\/www.sindmoveis.com.br\/es\/wp-content\/uploads\/2021\/05\/p1411580565.jpg\",\"articleSection\":[\"Sindm\u00f3veis\"],\"inLanguage\":\"es\"},{\"@type\":\"WebPage\",\"@id\":\"https:\/\/www.sindmoveis.com.br\/es\/sindmoveis-recebe-importadores-da-bolivia\/\",\"url\":\"https:\/\/www.sindmoveis.com.br\/es\/sindmoveis-recebe-importadores-da-bolivia\/\",\"name\":\"Sindm\u00f3veis recibe importadores de Bolivia - Sindm\u00f3veis-RS\",\"isPartOf\":{\"@id\":\"https:\/\/www.sindmoveis.com.br\/es\/#website\"},\"primaryImageOfPage\":{\"@id\":\"https:\/\/www.sindmoveis.com.br\/es\/sindmoveis-recebe-importadores-da-bolivia\/#primaryimage\"},\"image\":{\"@id\":\"https:\/\/www.sindmoveis.com.br\/es\/sindmoveis-recebe-importadores-da-bolivia\/#primaryimage\"},\"thumbnailUrl\":\"https:\/\/www.sindmoveis.com.br\/es\/wp-content\/uploads\/2021\/05\/p1411580565.jpg\",\"datePublished\":\"2014-09-24T03:00:00+00:00\",\"dateModified\":\"2021-05-26T13:24:28+00:00\",\"author\":{\"@id\":\"https:\/\/www.sindmoveis.com.br\/es\/#\/schema\/person\/16d379542db1950a17fe188179340d57\"},\"inLanguage\":\"es\",\"potentialAction\":[{\"@type\":\"ReadAction\",\"target\":[\"https:\/\/www.sindmoveis.com.br\/es\/sindmoveis-recebe-importadores-da-bolivia\/\"]}]},{\"@type\":\"ImageObject\",\"inLanguage\":\"es\",\"@id\":\"https:\/\/www.sindmoveis.com.br\/es\/sindmoveis-recebe-importadores-da-bolivia\/#primaryimage\",\"url\":\"https:\/\/www.sindmoveis.com.br\/es\/wp-content\/uploads\/2021\/05\/p1411580565.jpg\",\"contentUrl\":\"https:\/\/www.sindmoveis.com.br\/es\/wp-content\/uploads\/2021\/05\/p1411580565.jpg\",\"width\":1181,\"height\":788,\"caption\":\"Proyecto Comprador incluye rondas de negocios y visitaa a f\u00e1bricas del polo mobiliario de Bento Gon\u00e7alves\"},{\"@type\":\"WebSite\",\"@id\":\"https:\/\/www.sindmoveis.com.br\/es\/#website\",\"url\":\"https:\/\/www.sindmoveis.com.br\/es\/\",\"name\":\"Sindm\u00f3veis-RS\",\"description\":\"\",\"potentialAction\":[{\"@type\":\"SearchAction\",\"target\":{\"@type\":\"EntryPoint\",\"urlTemplate\":\"https:\/\/www.sindmoveis.com.br\/es\/?s={search_term_string}\"},\"query-input\":{\"@type\":\"PropertyValueSpecification\",\"valueRequired\":true,\"valueName\":\"search_term_string\"}}],\"inLanguage\":\"es\"},{\"@type\":\"Person\",\"@id\":\"https:\/\/www.sindmoveis.com.br\/es\/#\/schema\/person\/16d379542db1950a17fe188179340d57\",\"name\":\"Imprensa Sindm\u00f3veis\",\"image\":{\"@type\":\"ImageObject\",\"inLanguage\":\"es\",\"@id\":\"https:\/\/www.sindmoveis.com.br\/es\/#\/schema\/person\/image\/\",\"url\":\"https:\/\/secure.gravatar.com\/avatar\/4973e2e2c2a0cb5db30b0c7b770041b8e33d048a16b695a1f99c042449d4bfaf?s=96&d=mm&r=g\",\"contentUrl\":\"https:\/\/secure.gravatar.com\/avatar\/4973e2e2c2a0cb5db30b0c7b770041b8e33d048a16b695a1f99c042449d4bfaf?s=96&d=mm&r=g\",\"caption\":\"Imprensa Sindm\u00f3veis\"},\"url\":\"https:\/\/www.sindmoveis.com.br\/es\/author\/ana\/\"}]}<\/script>\n<!-- \/ Yoast SEO plugin. -->","yoast_head_json":{"title":"Sindm\u00f3veis recibe importadores de Bolivia - Sindm\u00f3veis-RS","robots":{"index":"index","follow":"follow","max-snippet":"max-snippet:-1","max-image-preview":"max-image-preview:large","max-video-preview":"max-video-preview:-1"},"canonical":"https:\/\/www.sindmoveis.com.br\/es\/sindmoveis-recebe-importadores-da-bolivia\/","og_locale":"es_ES","og_type":"article","og_title":"Sindm\u00f3veis recibe importadores de Bolivia - Sindm\u00f3veis-RS","og_description":"Proyecto Comprador ocurre en la pr\u00f3xima semana con cinco invitados y 12 industrias participantes En una acci\u00f3n del Comit\u00e9 Internacional de Sindm\u00f3veis Bento Gon\u00e7alves volcada exclusivamente a las empresas asociadas, la entidad promueve, de 29 de septiembre a 03 de octubre, un Proyecto Comprador con importadores bolivianos, Fueron invitados cinco compradores de muebles de las ciudades de Cochabamba, La Paz y Santa Cruz de la Sierra para rondas de negocios y visitas a f\u00e1bricas de este polo mobiliario. Ellos importaron casi U$ 4,5 millones en el a\u00f1o de 2013.","og_url":"https:\/\/www.sindmoveis.com.br\/es\/sindmoveis-recebe-importadores-da-bolivia\/","og_site_name":"Sindm\u00f3veis-RS","article_published_time":"2014-09-24T03:00:00+00:00","article_modified_time":"2021-05-26T13:24:28+00:00","og_image":[{"width":1181,"height":788,"url":"https:\/\/www.sindmoveis.com.br\/es\/wp-content\/uploads\/2021\/05\/p1411580565.jpg","type":"image\/jpeg"}],"author":"Imprensa Sindm\u00f3veis","twitter_card":"summary_large_image","twitter_misc":{"Escrito por":"Imprensa Sindm\u00f3veis","Tiempo de lectura":"2 minutos"},"schema":{"@context":"https:\/\/schema.org","@graph":[{"@type":"Article","@id":"https:\/\/www.sindmoveis.com.br\/es\/sindmoveis-recebe-importadores-da-bolivia\/#article","isPartOf":{"@id":"https:\/\/www.sindmoveis.com.br\/es\/sindmoveis-recebe-importadores-da-bolivia\/"},"author":{"name":"Imprensa Sindm\u00f3veis","@id":"https:\/\/www.sindmoveis.com.br\/es\/#\/schema\/person\/16d379542db1950a17fe188179340d57"},"headline":"Sindm\u00f3veis recibe importadores de Bolivia","datePublished":"2014-09-24T03:00:00+00:00","dateModified":"2021-05-26T13:24:28+00:00","mainEntityOfPage":{"@id":"https:\/\/www.sindmoveis.com.br\/es\/sindmoveis-recebe-importadores-da-bolivia\/"},"wordCount":389,"image":{"@id":"https:\/\/www.sindmoveis.com.br\/es\/sindmoveis-recebe-importadores-da-bolivia\/#primaryimage"},"thumbnailUrl":"https:\/\/www.sindmoveis.com.br\/es\/wp-content\/uploads\/2021\/05\/p1411580565.jpg","articleSection":["Sindm\u00f3veis"],"inLanguage":"es"},{"@type":"WebPage","@id":"https:\/\/www.sindmoveis.com.br\/es\/sindmoveis-recebe-importadores-da-bolivia\/","url":"https:\/\/www.sindmoveis.com.br\/es\/sindmoveis-recebe-importadores-da-bolivia\/","name":"Sindm\u00f3veis recibe importadores de Bolivia - Sindm\u00f3veis-RS","isPartOf":{"@id":"https:\/\/www.sindmoveis.com.br\/es\/#website"},"primaryImageOfPage":{"@id":"https:\/\/www.sindmoveis.com.br\/es\/sindmoveis-recebe-importadores-da-bolivia\/#primaryimage"},"image":{"@id":"https:\/\/www.sindmoveis.com.br\/es\/sindmoveis-recebe-importadores-da-bolivia\/#primaryimage"},"thumbnailUrl":"https:\/\/www.sindmoveis.com.br\/es\/wp-content\/uploads\/2021\/05\/p1411580565.jpg","datePublished":"2014-09-24T03:00:00+00:00","dateModified":"2021-05-26T13:24:28+00:00","author":{"@id":"https:\/\/www.sindmoveis.com.br\/es\/#\/schema\/person\/16d379542db1950a17fe188179340d57"},"inLanguage":"es","potentialAction":[{"@type":"ReadAction","target":["https:\/\/www.sindmoveis.com.br\/es\/sindmoveis-recebe-importadores-da-bolivia\/"]}]},{"@type":"ImageObject","inLanguage":"es","@id":"https:\/\/www.sindmoveis.com.br\/es\/sindmoveis-recebe-importadores-da-bolivia\/#primaryimage","url":"https:\/\/www.sindmoveis.com.br\/es\/wp-content\/uploads\/2021\/05\/p1411580565.jpg","contentUrl":"https:\/\/www.sindmoveis.com.br\/es\/wp-content\/uploads\/2021\/05\/p1411580565.jpg","width":1181,"height":788,"caption":"Proyecto Comprador incluye rondas de negocios y visitaa a f\u00e1bricas del polo mobiliario de Bento Gon\u00e7alves"},{"@type":"WebSite","@id":"https:\/\/www.sindmoveis.com.br\/es\/#website","url":"https:\/\/www.sindmoveis.com.br\/es\/","name":"Sindm\u00f3veis-RS","description":"","potentialAction":[{"@type":"SearchAction","target":{"@type":"EntryPoint","urlTemplate":"https:\/\/www.sindmoveis.com.br\/es\/?s={search_term_string}"},"query-input":{"@type":"PropertyValueSpecification","valueRequired":true,"valueName":"search_term_string"}}],"inLanguage":"es"},{"@type":"Person","@id":"https:\/\/www.sindmoveis.com.br\/es\/#\/schema\/person\/16d379542db1950a17fe188179340d57","name":"Imprensa Sindm\u00f3veis","image":{"@type":"ImageObject","inLanguage":"es","@id":"https:\/\/www.sindmoveis.com.br\/es\/#\/schema\/person\/image\/","url":"https:\/\/secure.gravatar.com\/avatar\/4973e2e2c2a0cb5db30b0c7b770041b8e33d048a16b695a1f99c042449d4bfaf?s=96&d=mm&r=g","contentUrl":"https:\/\/secure.gravatar.com\/avatar\/4973e2e2c2a0cb5db30b0c7b770041b8e33d048a16b695a1f99c042449d4bfaf?s=96&d=mm&r=g","caption":"Imprensa Sindm\u00f3veis"},"url":"https:\/\/www.sindmoveis.com.br\/es\/author\/ana\/"}]}},"_links":{"self":[{"href":"https:\/\/www.sindmoveis.com.br\/es\/wp-json\/wp\/v2\/posts\/1118","targetHints":{"allow":["GET"]}}],"collection":[{"href":"https:\/\/www.sindmoveis.com.br\/es\/wp-json\/wp\/v2\/posts"}],"about":[{"href":"https:\/\/www.sindmoveis.com.br\/es\/wp-json\/wp\/v2\/types\/post"}],"author":[{"embeddable":true,"href":"https:\/\/www.sindmoveis.com.br\/es\/wp-json\/wp\/v2\/users\/5"}],"replies":[{"embeddable":true,"href":"https:\/\/www.sindmoveis.com.br\/es\/wp-json\/wp\/v2\/comments?post=1118"}],"version-history":[{"count":2,"href":"https:\/\/www.sindmoveis.com.br\/es\/wp-json\/wp\/v2\/posts\/1118\/revisions"}],"predecessor-version":[{"id":3440,"href":"https:\/\/www.sindmoveis.com.br\/es\/wp-json\/wp\/v2\/posts\/1118\/revisions\/3440"}],"wp:featuredmedia":[{"embeddable":true,"href":"https:\/\/www.sindmoveis.com.br\/es\/wp-json\/wp\/v2\/media\/3441"}],"wp:attachment":[{"href":"https:\/\/www.sindmoveis.com.br\/es\/wp-json\/wp\/v2\/media?parent=1118"}],"wp:term":[{"taxonomy":"category","embeddable":true,"href":"https:\/\/www.sindmoveis.com.br\/es\/wp-json\/wp\/v2\/categories?post=1118"},{"taxonomy":"post_tag","embeddable":true,"href":"https:\/\/www.sindmoveis.com.br\/es\/wp-json\/wp\/v2\/tags?post=1118"}],"curies":[{"name":"wp","href":"https:\/\/api.w.org\/{rel}","templated":true}]}}