{"id":1115,"date":"2014-09-09T00:00:00","date_gmt":"2014-09-09T03:00:00","guid":{"rendered":"http:\/\/sindmoveis.com.br\/imprensa\/noticias\/projeto-orchestra-brasil-participa-de-feira-na-china\/"},"modified":"2021-05-26T10:28:37","modified_gmt":"2021-05-26T13:28:37","slug":"projeto-orchestra-brasil-participa-de-feira-na-china","status":"publish","type":"post","link":"https:\/\/www.sindmoveis.com.br\/es\/projeto-orchestra-brasil-participa-de-feira-na-china\/","title":{"rendered":"Proyecto Orchestra Brasil participa de feria en China"},"content":{"rendered":"<div><em>&nbsp;Acci&oacute;n tiene como objetivo entender el mercado y presentar los insumos producidos en &nbsp;Brasil<\/em><br \/>\n&nbsp;<\/div>\n<div>De 10 a 13 de septiembre, el Proyecto Orchestra Brasil de incentivo a las exportaciones de insumos para la industria del mobiliario, promovido por el Sindicato de las Industrias del Mobiliario de Bento Gon&ccedil;alves (Sindm&oacute;veis) y Agencia Brasile&ntilde;a de Promoci&oacute;n de Exportaciones e Inversiones (&aacute;pex-Brasil), participar&aacute; de Furniture Manufacturing &amp; Supply (FMC China 2014). La feria, realizada en Shangai desde 1993, recibi&oacute; casi 34 mil visitantes en 2013 y, &nbsp;este a&ntilde;o, ser&aacute; realizada simult&aacute;neamente a Furniture China 2014.<\/div>\n<div>La participaci&oacute;n tiene como objetivo entender y prospectar el mercado, presentando soluciones y tecnolog&iacute;a de los fabricantes brasile&ntilde;os. Una cocina desarrollada por BRV M&oacute;veis mostrar&aacute; a los visitantes un panorama de la industria brasile&ntilde;a de insumos para muebles, con exposici&oacute;n de componentes, accesorios y acabados producidos por las empresas integrantes del Proyecto Orchestra Brasil.<\/div>\n<div>China cuenta con la mayor y m&aacute;s din&aacute;mica industria mundial de mobiliario, siendo, por consiguiente, uno de los principales fabricantes e importadores de insumos y componentes para fabricaci&oacute;n de muebles. Seg&uacute;n el presidente de Sindm&oacute;veis, Henrique Tecchio, el pa&iacute;s es considerado estrat&eacute;gico para asociaciones y entendimiento del mercado mundial del sector. &ldquo;Sindm&oacute;veis trabaja para fortalecer la cadena del mobiliario como un todo y entiende que, auxiliando en las exportaciones de sus proveedores, contribuye tambi&eacute;n para la excelencia del mueble brasile&ntilde;o&rdquo;, puntualiza.<\/div>\n<div>El Proyecto Orchestra Brasil existe desde 2006 y promueve la inserci&oacute;n competitiva de proveedoras del sector del mobiliario en el mercado internacional de forma sostenible. Actualmente, cuenta con la participaci&oacute;n de 72 empresas y 38 estudios de dise&ntilde;o. El proyecto ha mantenido buenos resultados en los &uacute;ltimos a&ntilde;os. En 2013, las empresas participantes registraron incremento importante en sus exportaciones. En comparaci&oacute;n a 2012, las exportaciones crecieron 14,6%, completando cuatro a&ntilde;os consecutivos de crecimiento. Los mercados prioritarios fueron esenciales para ese desempe&ntilde;o. El crecimiento en esos pa&iacute;ses fue de 19,4% en 2013, superior al general, as&iacute; como ocurri&oacute; en otros a&ntilde;os.<\/div>\n<div>&nbsp;<\/div>\n","protected":false},"excerpt":{"rendered":"<p>De 10 a 13 de septiembre, el Proyecto Orchestra Brasil de incentivo a las exportaciones de insumos para la industria del mobiliario, promovido por el Sindicato de las Industrias del Mobiliario de Bento Gon\u00e7alves (Sindm\u00f3veis) y Agencia Brasile\u00f1a de Promoci\u00f3n de Exportaciones e Inversiones (\u00e1pex-Brasil), participar\u00e1 de Furniture Manufacturing &#038; Supply (FMC China 2014). La feria, realizada en Shangai desde 1993, recibi\u00f3 casi 34 mil visitantes en 2013 y,  este a\u00f1o, ser\u00e1 realizada simult\u00e1neamente a Furniture China 2014.<\/p>\n","protected":false},"author":5,"featured_media":3437,"comment_status":"closed","ping_status":"open","sticky":false,"template":"","format":"standard","meta":{"footnotes":"","_links_to":"","_links_to_target":""},"categories":[22,2],"tags":[],"class_list":["post-1115","post","type-post","status-publish","format-standard","has-post-thumbnail","hentry","category-proyecto-orchestra-brasil","category-sindmoveis"],"yoast_head":"<!-- This site is optimized with the Yoast SEO plugin v27.0 - https:\/\/yoast.com\/product\/yoast-seo-wordpress\/ -->\n<title>Proyecto Orchestra Brasil participa de feria en China - Sindm\u00f3veis-RS<\/title>\n<meta name=\"robots\" content=\"index, follow, max-snippet:-1, max-image-preview:large, max-video-preview:-1\" \/>\n<link rel=\"canonical\" href=\"https:\/\/www.sindmoveis.com.br\/es\/projeto-orchestra-brasil-participa-de-feira-na-china\/\" \/>\n<meta property=\"og:locale\" content=\"es_ES\" \/>\n<meta property=\"og:type\" content=\"article\" \/>\n<meta property=\"og:title\" content=\"Proyecto Orchestra Brasil participa de feria en China - Sindm\u00f3veis-RS\" \/>\n<meta property=\"og:description\" content=\"De 10 a 13 de septiembre, el Proyecto Orchestra Brasil de incentivo a las exportaciones de insumos para la industria del mobiliario, promovido por el Sindicato de las Industrias del Mobiliario de Bento Gon\u00e7alves (Sindm\u00f3veis) y Agencia Brasile\u00f1a de Promoci\u00f3n de Exportaciones e Inversiones (\u00e1pex-Brasil), participar\u00e1 de Furniture Manufacturing &amp; Supply (FMC China 2014). La feria, realizada en Shangai desde 1993, recibi\u00f3 casi 34 mil visitantes en 2013 y, este a\u00f1o, ser\u00e1 realizada simult\u00e1neamente a Furniture China 2014.\" \/>\n<meta property=\"og:url\" content=\"https:\/\/www.sindmoveis.com.br\/es\/projeto-orchestra-brasil-participa-de-feira-na-china\/\" \/>\n<meta property=\"og:site_name\" content=\"Sindm\u00f3veis-RS\" \/>\n<meta property=\"article:published_time\" content=\"2014-09-09T03:00:00+00:00\" \/>\n<meta property=\"article:modified_time\" content=\"2021-05-26T13:28:37+00:00\" \/>\n<meta property=\"og:image\" content=\"https:\/\/www.sindmoveis.com.br\/es\/wp-content\/uploads\/2021\/05\/p1410354203.jpg\" \/>\n\t<meta property=\"og:image:width\" content=\"1275\" \/>\n\t<meta property=\"og:image:height\" content=\"953\" \/>\n\t<meta property=\"og:image:type\" content=\"image\/jpeg\" \/>\n<meta name=\"author\" content=\"Imprensa Sindm\u00f3veis\" \/>\n<meta name=\"twitter:card\" content=\"summary_large_image\" \/>\n<meta name=\"twitter:label1\" content=\"Escrito por\" \/>\n\t<meta name=\"twitter:data1\" content=\"Imprensa Sindm\u00f3veis\" \/>\n\t<meta name=\"twitter:label2\" content=\"Tiempo de lectura\" \/>\n\t<meta name=\"twitter:data2\" content=\"2 minutos\" \/>\n<script type=\"application\/ld+json\" class=\"yoast-schema-graph\">{\"@context\":\"https:\/\/schema.org\",\"@graph\":[{\"@type\":\"Article\",\"@id\":\"https:\/\/www.sindmoveis.com.br\/es\/projeto-orchestra-brasil-participa-de-feira-na-china\/#article\",\"isPartOf\":{\"@id\":\"https:\/\/www.sindmoveis.com.br\/es\/projeto-orchestra-brasil-participa-de-feira-na-china\/\"},\"author\":{\"name\":\"Imprensa Sindm\u00f3veis\",\"@id\":\"https:\/\/www.sindmoveis.com.br\/es\/#\/schema\/person\/16d379542db1950a17fe188179340d57\"},\"headline\":\"Proyecto Orchestra Brasil participa de feria en China\",\"datePublished\":\"2014-09-09T03:00:00+00:00\",\"dateModified\":\"2021-05-26T13:28:37+00:00\",\"mainEntityOfPage\":{\"@id\":\"https:\/\/www.sindmoveis.com.br\/es\/projeto-orchestra-brasil-participa-de-feira-na-china\/\"},\"wordCount\":399,\"image\":{\"@id\":\"https:\/\/www.sindmoveis.com.br\/es\/projeto-orchestra-brasil-participa-de-feira-na-china\/#primaryimage\"},\"thumbnailUrl\":\"https:\/\/www.sindmoveis.com.br\/es\/wp-content\/uploads\/2021\/05\/p1410354203.jpg\",\"articleSection\":[\"Proyecto Orchestra Brasil\",\"Sindm\u00f3veis\"],\"inLanguage\":\"es\"},{\"@type\":\"WebPage\",\"@id\":\"https:\/\/www.sindmoveis.com.br\/es\/projeto-orchestra-brasil-participa-de-feira-na-china\/\",\"url\":\"https:\/\/www.sindmoveis.com.br\/es\/projeto-orchestra-brasil-participa-de-feira-na-china\/\",\"name\":\"Proyecto Orchestra Brasil participa de feria en China - Sindm\u00f3veis-RS\",\"isPartOf\":{\"@id\":\"https:\/\/www.sindmoveis.com.br\/es\/#website\"},\"primaryImageOfPage\":{\"@id\":\"https:\/\/www.sindmoveis.com.br\/es\/projeto-orchestra-brasil-participa-de-feira-na-china\/#primaryimage\"},\"image\":{\"@id\":\"https:\/\/www.sindmoveis.com.br\/es\/projeto-orchestra-brasil-participa-de-feira-na-china\/#primaryimage\"},\"thumbnailUrl\":\"https:\/\/www.sindmoveis.com.br\/es\/wp-content\/uploads\/2021\/05\/p1410354203.jpg\",\"datePublished\":\"2014-09-09T03:00:00+00:00\",\"dateModified\":\"2021-05-26T13:28:37+00:00\",\"author\":{\"@id\":\"https:\/\/www.sindmoveis.com.br\/es\/#\/schema\/person\/16d379542db1950a17fe188179340d57\"},\"inLanguage\":\"es\",\"potentialAction\":[{\"@type\":\"ReadAction\",\"target\":[\"https:\/\/www.sindmoveis.com.br\/es\/projeto-orchestra-brasil-participa-de-feira-na-china\/\"]}]},{\"@type\":\"ImageObject\",\"inLanguage\":\"es\",\"@id\":\"https:\/\/www.sindmoveis.com.br\/es\/projeto-orchestra-brasil-participa-de-feira-na-china\/#primaryimage\",\"url\":\"https:\/\/www.sindmoveis.com.br\/es\/wp-content\/uploads\/2021\/05\/p1410354203.jpg\",\"contentUrl\":\"https:\/\/www.sindmoveis.com.br\/es\/wp-content\/uploads\/2021\/05\/p1410354203.jpg\",\"width\":1275,\"height\":953},{\"@type\":\"WebSite\",\"@id\":\"https:\/\/www.sindmoveis.com.br\/es\/#website\",\"url\":\"https:\/\/www.sindmoveis.com.br\/es\/\",\"name\":\"Sindm\u00f3veis-RS\",\"description\":\"\",\"potentialAction\":[{\"@type\":\"SearchAction\",\"target\":{\"@type\":\"EntryPoint\",\"urlTemplate\":\"https:\/\/www.sindmoveis.com.br\/es\/?s={search_term_string}\"},\"query-input\":{\"@type\":\"PropertyValueSpecification\",\"valueRequired\":true,\"valueName\":\"search_term_string\"}}],\"inLanguage\":\"es\"},{\"@type\":\"Person\",\"@id\":\"https:\/\/www.sindmoveis.com.br\/es\/#\/schema\/person\/16d379542db1950a17fe188179340d57\",\"name\":\"Imprensa Sindm\u00f3veis\",\"image\":{\"@type\":\"ImageObject\",\"inLanguage\":\"es\",\"@id\":\"https:\/\/www.sindmoveis.com.br\/es\/#\/schema\/person\/image\/\",\"url\":\"https:\/\/secure.gravatar.com\/avatar\/4973e2e2c2a0cb5db30b0c7b770041b8e33d048a16b695a1f99c042449d4bfaf?s=96&d=mm&r=g\",\"contentUrl\":\"https:\/\/secure.gravatar.com\/avatar\/4973e2e2c2a0cb5db30b0c7b770041b8e33d048a16b695a1f99c042449d4bfaf?s=96&d=mm&r=g\",\"caption\":\"Imprensa Sindm\u00f3veis\"},\"url\":\"https:\/\/www.sindmoveis.com.br\/es\/author\/ana\/\"}]}<\/script>\n<!-- \/ Yoast SEO plugin. -->","yoast_head_json":{"title":"Proyecto Orchestra Brasil participa de feria en China - Sindm\u00f3veis-RS","robots":{"index":"index","follow":"follow","max-snippet":"max-snippet:-1","max-image-preview":"max-image-preview:large","max-video-preview":"max-video-preview:-1"},"canonical":"https:\/\/www.sindmoveis.com.br\/es\/projeto-orchestra-brasil-participa-de-feira-na-china\/","og_locale":"es_ES","og_type":"article","og_title":"Proyecto Orchestra Brasil participa de feria en China - Sindm\u00f3veis-RS","og_description":"De 10 a 13 de septiembre, el Proyecto Orchestra Brasil de incentivo a las exportaciones de insumos para la industria del mobiliario, promovido por el Sindicato de las Industrias del Mobiliario de Bento Gon\u00e7alves (Sindm\u00f3veis) y Agencia Brasile\u00f1a de Promoci\u00f3n de Exportaciones e Inversiones (\u00e1pex-Brasil), participar\u00e1 de Furniture Manufacturing & Supply (FMC China 2014). La feria, realizada en Shangai desde 1993, recibi\u00f3 casi 34 mil visitantes en 2013 y, este a\u00f1o, ser\u00e1 realizada simult\u00e1neamente a Furniture China 2014.","og_url":"https:\/\/www.sindmoveis.com.br\/es\/projeto-orchestra-brasil-participa-de-feira-na-china\/","og_site_name":"Sindm\u00f3veis-RS","article_published_time":"2014-09-09T03:00:00+00:00","article_modified_time":"2021-05-26T13:28:37+00:00","og_image":[{"width":1275,"height":953,"url":"https:\/\/www.sindmoveis.com.br\/es\/wp-content\/uploads\/2021\/05\/p1410354203.jpg","type":"image\/jpeg"}],"author":"Imprensa Sindm\u00f3veis","twitter_card":"summary_large_image","twitter_misc":{"Escrito por":"Imprensa Sindm\u00f3veis","Tiempo de lectura":"2 minutos"},"schema":{"@context":"https:\/\/schema.org","@graph":[{"@type":"Article","@id":"https:\/\/www.sindmoveis.com.br\/es\/projeto-orchestra-brasil-participa-de-feira-na-china\/#article","isPartOf":{"@id":"https:\/\/www.sindmoveis.com.br\/es\/projeto-orchestra-brasil-participa-de-feira-na-china\/"},"author":{"name":"Imprensa Sindm\u00f3veis","@id":"https:\/\/www.sindmoveis.com.br\/es\/#\/schema\/person\/16d379542db1950a17fe188179340d57"},"headline":"Proyecto Orchestra Brasil participa de feria en China","datePublished":"2014-09-09T03:00:00+00:00","dateModified":"2021-05-26T13:28:37+00:00","mainEntityOfPage":{"@id":"https:\/\/www.sindmoveis.com.br\/es\/projeto-orchestra-brasil-participa-de-feira-na-china\/"},"wordCount":399,"image":{"@id":"https:\/\/www.sindmoveis.com.br\/es\/projeto-orchestra-brasil-participa-de-feira-na-china\/#primaryimage"},"thumbnailUrl":"https:\/\/www.sindmoveis.com.br\/es\/wp-content\/uploads\/2021\/05\/p1410354203.jpg","articleSection":["Proyecto Orchestra Brasil","Sindm\u00f3veis"],"inLanguage":"es"},{"@type":"WebPage","@id":"https:\/\/www.sindmoveis.com.br\/es\/projeto-orchestra-brasil-participa-de-feira-na-china\/","url":"https:\/\/www.sindmoveis.com.br\/es\/projeto-orchestra-brasil-participa-de-feira-na-china\/","name":"Proyecto Orchestra Brasil participa de feria en China - Sindm\u00f3veis-RS","isPartOf":{"@id":"https:\/\/www.sindmoveis.com.br\/es\/#website"},"primaryImageOfPage":{"@id":"https:\/\/www.sindmoveis.com.br\/es\/projeto-orchestra-brasil-participa-de-feira-na-china\/#primaryimage"},"image":{"@id":"https:\/\/www.sindmoveis.com.br\/es\/projeto-orchestra-brasil-participa-de-feira-na-china\/#primaryimage"},"thumbnailUrl":"https:\/\/www.sindmoveis.com.br\/es\/wp-content\/uploads\/2021\/05\/p1410354203.jpg","datePublished":"2014-09-09T03:00:00+00:00","dateModified":"2021-05-26T13:28:37+00:00","author":{"@id":"https:\/\/www.sindmoveis.com.br\/es\/#\/schema\/person\/16d379542db1950a17fe188179340d57"},"inLanguage":"es","potentialAction":[{"@type":"ReadAction","target":["https:\/\/www.sindmoveis.com.br\/es\/projeto-orchestra-brasil-participa-de-feira-na-china\/"]}]},{"@type":"ImageObject","inLanguage":"es","@id":"https:\/\/www.sindmoveis.com.br\/es\/projeto-orchestra-brasil-participa-de-feira-na-china\/#primaryimage","url":"https:\/\/www.sindmoveis.com.br\/es\/wp-content\/uploads\/2021\/05\/p1410354203.jpg","contentUrl":"https:\/\/www.sindmoveis.com.br\/es\/wp-content\/uploads\/2021\/05\/p1410354203.jpg","width":1275,"height":953},{"@type":"WebSite","@id":"https:\/\/www.sindmoveis.com.br\/es\/#website","url":"https:\/\/www.sindmoveis.com.br\/es\/","name":"Sindm\u00f3veis-RS","description":"","potentialAction":[{"@type":"SearchAction","target":{"@type":"EntryPoint","urlTemplate":"https:\/\/www.sindmoveis.com.br\/es\/?s={search_term_string}"},"query-input":{"@type":"PropertyValueSpecification","valueRequired":true,"valueName":"search_term_string"}}],"inLanguage":"es"},{"@type":"Person","@id":"https:\/\/www.sindmoveis.com.br\/es\/#\/schema\/person\/16d379542db1950a17fe188179340d57","name":"Imprensa Sindm\u00f3veis","image":{"@type":"ImageObject","inLanguage":"es","@id":"https:\/\/www.sindmoveis.com.br\/es\/#\/schema\/person\/image\/","url":"https:\/\/secure.gravatar.com\/avatar\/4973e2e2c2a0cb5db30b0c7b770041b8e33d048a16b695a1f99c042449d4bfaf?s=96&d=mm&r=g","contentUrl":"https:\/\/secure.gravatar.com\/avatar\/4973e2e2c2a0cb5db30b0c7b770041b8e33d048a16b695a1f99c042449d4bfaf?s=96&d=mm&r=g","caption":"Imprensa Sindm\u00f3veis"},"url":"https:\/\/www.sindmoveis.com.br\/es\/author\/ana\/"}]}},"_links":{"self":[{"href":"https:\/\/www.sindmoveis.com.br\/es\/wp-json\/wp\/v2\/posts\/1115","targetHints":{"allow":["GET"]}}],"collection":[{"href":"https:\/\/www.sindmoveis.com.br\/es\/wp-json\/wp\/v2\/posts"}],"about":[{"href":"https:\/\/www.sindmoveis.com.br\/es\/wp-json\/wp\/v2\/types\/post"}],"author":[{"embeddable":true,"href":"https:\/\/www.sindmoveis.com.br\/es\/wp-json\/wp\/v2\/users\/5"}],"replies":[{"embeddable":true,"href":"https:\/\/www.sindmoveis.com.br\/es\/wp-json\/wp\/v2\/comments?post=1115"}],"version-history":[{"count":2,"href":"https:\/\/www.sindmoveis.com.br\/es\/wp-json\/wp\/v2\/posts\/1115\/revisions"}],"predecessor-version":[{"id":3436,"href":"https:\/\/www.sindmoveis.com.br\/es\/wp-json\/wp\/v2\/posts\/1115\/revisions\/3436"}],"wp:featuredmedia":[{"embeddable":true,"href":"https:\/\/www.sindmoveis.com.br\/es\/wp-json\/wp\/v2\/media\/3437"}],"wp:attachment":[{"href":"https:\/\/www.sindmoveis.com.br\/es\/wp-json\/wp\/v2\/media?parent=1115"}],"wp:term":[{"taxonomy":"category","embeddable":true,"href":"https:\/\/www.sindmoveis.com.br\/es\/wp-json\/wp\/v2\/categories?post=1115"},{"taxonomy":"post_tag","embeddable":true,"href":"https:\/\/www.sindmoveis.com.br\/es\/wp-json\/wp\/v2\/tags?post=1115"}],"curies":[{"name":"wp","href":"https:\/\/api.w.org\/{rel}","templated":true}]}}