{"id":1111,"date":"2014-08-25T00:00:00","date_gmt":"2014-08-25T03:00:00","guid":{"rendered":"http:\/\/sindmoveis.com.br\/imprensa\/noticias\/projeto-orchestra-brasil-presente-na-expo-nacional-ferretera-guadalajara\/"},"modified":"2021-05-26T10:28:37","modified_gmt":"2021-05-26T13:28:37","slug":"projeto-orchestra-brasil-presente-na-expo-nacional-ferretera-guadalajara","status":"publish","type":"post","link":"https:\/\/www.sindmoveis.com.br\/es\/projeto-orchestra-brasil-presente-na-expo-nacional-ferretera-guadalajara\/","title":{"rendered":"Proyecto Orchestra Brasil presente en Expo Nacional Ferretera Guadalajara"},"content":{"rendered":"<div><em>Stand colectivo en la principal feria mexicana de proveedores para la industria del mobiliario tendr&aacute; participaci&oacute;n de cinco empresas brasile&ntilde;as<\/em><br \/>\n&nbsp;<\/div>\n<div>De 28 a 30 de agosto, el Proyecto Orchestra Brasil de incentivo a las exportaciones, promovido por el Sindicato de las Industrias del Mobiliario de Bento Gon&ccedil;alves (Sindm&oacute;veis) y la Agencia Brasile&ntilde;a de Promoci&oacute;n de Exportaciones e Inversiones (Apex-Brasil), participar&aacute; de la Expo Nacional Ferretera de Guadalajara. El stand colectivo del proyecto reunir&aacute; productos de cinco empresas participantes: Artecola, Jimo Qu&iacute;mica, Promob Softwares, Reval Aramados y SAS Plastic.<\/div>\n<div>Esa es la tercera participaci&oacute;n del proyecto en la feria, considerada la m&aacute;s importante do M&eacute;xico para proveedores de la industria del mobiliario, herrajes, el&eacute;ctrica y de la construcci&oacute;n. En la &uacute;ltima edici&oacute;n, cont&oacute; con m&aacute;s de 1.300 expositores y cerca de 80.000 visitantes de 30 pa&iacute;ses. Para 2014, el &aacute;rea de exposici&oacute;n fue aumentada, totalizando 60.000 metros cuadrados. El stand del Proyecto Orchestra Brasil tendr&aacute; 51 metros cuadrados y estar&aacute; localizado entre los pasillos 13 y 14.<\/div>\n<div>Segunda mayor econom&iacute;a de Am&eacute;rica Latina, &nbsp;M&eacute;xico tiene una de las principales industrias fabricantes de muebles, siendo tambi&eacute;n uno de los mayores importadores del mundo de insumos utilizados por esta industria. Emplea casi 50 mil personas con una producci&oacute;n estimada en US$ 6.800 millones en 2013, valor 6,1% superior a 2012. En reciente informe divulgado por el FMI, la previsi&oacute;n de crecimiento de M&eacute;xico en 2014 es de 2,4% y, en 2015, de 3,5%. &nbsp;Brasil, por su vez, obtuvo previsi&oacute;n de 1,3% en 2014 y 2% en 2015. Tambi&eacute;n mercado prioritario para el Proyecto Orchestra Brasil, &nbsp;M&eacute;xico registr&oacute; un crecimiento de 24,2% en las importaciones de productos de empresas participantes a lo largo del primer semestre de ese a&ntilde;o, en comparaci&oacute;n con igual per&iacute;odo del a&ntilde;o anterior.<br \/>\n&nbsp;<\/div>\n<div><strong>Sobre el Proyecto Orchestra Brasil:<\/strong><br \/>\n&nbsp;<\/div>\n<div>El Proyecto Orchestra Brasil existe desde 2006 y promueve la inserci&oacute;n competitiva de proveedoras del sector del mobiliario &nbsp;en el mercado internacional de forma sostenible. Actualmente, cuenta con la participaci&oacute;n de 72 empresas y 38 estudios de dise&ntilde;o. El proyecto viene manteniendo buenos resultados en los &uacute;ltimos anos. En 2013, las empresas participantes registraron incremento importante en sus exportaciones. En comparaci&oacute;n a 2012, las exportaciones crecieron 14,6%, completando cuatro a&ntilde;os consecutivos de crecimiento. Los mercados prioritarios fueron esenciales para ese desempe&ntilde;o. El crecimiento en esos pa&iacute;ses fue de 19,4% en 2013, superior al general, as&iacute; como ocurri&oacute; en los otros a&ntilde;os.<\/div>\n<div>A&uacute;n en 2014, el proyecto tendr&aacute; participaci&oacute;n en las ferias FMC China (China), Intermob Estambul (Turqu&iacute;a), Sicam Pordenone (Italia) y Fenafor Per&uacute; (Lima).&nbsp;<\/div>\n","protected":false},"excerpt":{"rendered":"<p>De 28 a 30 de agosto, el Proyecto Orchestra Brasil de incentivo a las exportaciones, promovido por el Sindicato de las Industrias del Mobiliario de Bento Gon\u00e7alves (Sindm\u00f3veis) y la Agencia Brasile\u00f1a de Promoci\u00f3n de Exportaciones e Inversiones (Apex-Brasil), participar\u00e1 de la Expo Nacional Ferretera de Guadalajara.<\/p>\n","protected":false},"author":5,"featured_media":3430,"comment_status":"closed","ping_status":"open","sticky":false,"template":"","format":"standard","meta":{"footnotes":"","_links_to":"","_links_to_target":""},"categories":[22,2],"tags":[],"class_list":["post-1111","post","type-post","status-publish","format-standard","has-post-thumbnail","hentry","category-proyecto-orchestra-brasil","category-sindmoveis"],"yoast_head":"<!-- This site is optimized with the Yoast SEO plugin v27.0 - https:\/\/yoast.com\/product\/yoast-seo-wordpress\/ -->\n<title>Proyecto Orchestra Brasil presente en Expo Nacional Ferretera Guadalajara - Sindm\u00f3veis-RS<\/title>\n<meta name=\"robots\" content=\"index, follow, max-snippet:-1, max-image-preview:large, max-video-preview:-1\" \/>\n<link rel=\"canonical\" href=\"https:\/\/www.sindmoveis.com.br\/es\/projeto-orchestra-brasil-presente-na-expo-nacional-ferretera-guadalajara\/\" \/>\n<meta property=\"og:locale\" content=\"es_ES\" \/>\n<meta property=\"og:type\" content=\"article\" \/>\n<meta property=\"og:title\" content=\"Proyecto Orchestra Brasil presente en Expo Nacional Ferretera Guadalajara - Sindm\u00f3veis-RS\" \/>\n<meta property=\"og:description\" content=\"De 28 a 30 de agosto, el Proyecto Orchestra Brasil de incentivo a las exportaciones, promovido por el Sindicato de las Industrias del Mobiliario de Bento Gon\u00e7alves (Sindm\u00f3veis) y la Agencia Brasile\u00f1a de Promoci\u00f3n de Exportaciones e Inversiones (Apex-Brasil), participar\u00e1 de la Expo Nacional Ferretera de Guadalajara.\" \/>\n<meta property=\"og:url\" content=\"https:\/\/www.sindmoveis.com.br\/es\/projeto-orchestra-brasil-presente-na-expo-nacional-ferretera-guadalajara\/\" \/>\n<meta property=\"og:site_name\" content=\"Sindm\u00f3veis-RS\" \/>\n<meta property=\"article:published_time\" content=\"2014-08-25T03:00:00+00:00\" \/>\n<meta property=\"article:modified_time\" content=\"2021-05-26T13:28:37+00:00\" \/>\n<meta property=\"og:image\" content=\"https:\/\/www.sindmoveis.com.br\/es\/wp-content\/uploads\/2021\/05\/p1408987871.jpg\" \/>\n\t<meta property=\"og:image:width\" content=\"945\" \/>\n\t<meta property=\"og:image:height\" content=\"894\" \/>\n\t<meta property=\"og:image:type\" content=\"image\/jpeg\" \/>\n<meta name=\"author\" content=\"Imprensa Sindm\u00f3veis\" \/>\n<meta name=\"twitter:card\" content=\"summary_large_image\" \/>\n<meta name=\"twitter:label1\" content=\"Escrito por\" \/>\n\t<meta name=\"twitter:data1\" content=\"Imprensa Sindm\u00f3veis\" \/>\n\t<meta name=\"twitter:label2\" content=\"Tiempo de lectura\" \/>\n\t<meta name=\"twitter:data2\" content=\"2 minutos\" \/>\n<script type=\"application\/ld+json\" class=\"yoast-schema-graph\">{\"@context\":\"https:\/\/schema.org\",\"@graph\":[{\"@type\":\"Article\",\"@id\":\"https:\/\/www.sindmoveis.com.br\/es\/projeto-orchestra-brasil-presente-na-expo-nacional-ferretera-guadalajara\/#article\",\"isPartOf\":{\"@id\":\"https:\/\/www.sindmoveis.com.br\/es\/projeto-orchestra-brasil-presente-na-expo-nacional-ferretera-guadalajara\/\"},\"author\":{\"name\":\"Imprensa Sindm\u00f3veis\",\"@id\":\"https:\/\/www.sindmoveis.com.br\/es\/#\/schema\/person\/16d379542db1950a17fe188179340d57\"},\"headline\":\"Proyecto Orchestra Brasil presente en Expo Nacional Ferretera Guadalajara\",\"datePublished\":\"2014-08-25T03:00:00+00:00\",\"dateModified\":\"2021-05-26T13:28:37+00:00\",\"mainEntityOfPage\":{\"@id\":\"https:\/\/www.sindmoveis.com.br\/es\/projeto-orchestra-brasil-presente-na-expo-nacional-ferretera-guadalajara\/\"},\"wordCount\":502,\"image\":{\"@id\":\"https:\/\/www.sindmoveis.com.br\/es\/projeto-orchestra-brasil-presente-na-expo-nacional-ferretera-guadalajara\/#primaryimage\"},\"thumbnailUrl\":\"https:\/\/www.sindmoveis.com.br\/es\/wp-content\/uploads\/2021\/05\/p1408987871.jpg\",\"articleSection\":[\"Proyecto Orchestra Brasil\",\"Sindm\u00f3veis\"],\"inLanguage\":\"es\"},{\"@type\":\"WebPage\",\"@id\":\"https:\/\/www.sindmoveis.com.br\/es\/projeto-orchestra-brasil-presente-na-expo-nacional-ferretera-guadalajara\/\",\"url\":\"https:\/\/www.sindmoveis.com.br\/es\/projeto-orchestra-brasil-presente-na-expo-nacional-ferretera-guadalajara\/\",\"name\":\"Proyecto Orchestra Brasil presente en Expo Nacional Ferretera Guadalajara - Sindm\u00f3veis-RS\",\"isPartOf\":{\"@id\":\"https:\/\/www.sindmoveis.com.br\/es\/#website\"},\"primaryImageOfPage\":{\"@id\":\"https:\/\/www.sindmoveis.com.br\/es\/projeto-orchestra-brasil-presente-na-expo-nacional-ferretera-guadalajara\/#primaryimage\"},\"image\":{\"@id\":\"https:\/\/www.sindmoveis.com.br\/es\/projeto-orchestra-brasil-presente-na-expo-nacional-ferretera-guadalajara\/#primaryimage\"},\"thumbnailUrl\":\"https:\/\/www.sindmoveis.com.br\/es\/wp-content\/uploads\/2021\/05\/p1408987871.jpg\",\"datePublished\":\"2014-08-25T03:00:00+00:00\",\"dateModified\":\"2021-05-26T13:28:37+00:00\",\"author\":{\"@id\":\"https:\/\/www.sindmoveis.com.br\/es\/#\/schema\/person\/16d379542db1950a17fe188179340d57\"},\"inLanguage\":\"es\",\"potentialAction\":[{\"@type\":\"ReadAction\",\"target\":[\"https:\/\/www.sindmoveis.com.br\/es\/projeto-orchestra-brasil-presente-na-expo-nacional-ferretera-guadalajara\/\"]}]},{\"@type\":\"ImageObject\",\"inLanguage\":\"es\",\"@id\":\"https:\/\/www.sindmoveis.com.br\/es\/projeto-orchestra-brasil-presente-na-expo-nacional-ferretera-guadalajara\/#primaryimage\",\"url\":\"https:\/\/www.sindmoveis.com.br\/es\/wp-content\/uploads\/2021\/05\/p1408987871.jpg\",\"contentUrl\":\"https:\/\/www.sindmoveis.com.br\/es\/wp-content\/uploads\/2021\/05\/p1408987871.jpg\",\"width\":945,\"height\":894},{\"@type\":\"WebSite\",\"@id\":\"https:\/\/www.sindmoveis.com.br\/es\/#website\",\"url\":\"https:\/\/www.sindmoveis.com.br\/es\/\",\"name\":\"Sindm\u00f3veis-RS\",\"description\":\"\",\"potentialAction\":[{\"@type\":\"SearchAction\",\"target\":{\"@type\":\"EntryPoint\",\"urlTemplate\":\"https:\/\/www.sindmoveis.com.br\/es\/?s={search_term_string}\"},\"query-input\":{\"@type\":\"PropertyValueSpecification\",\"valueRequired\":true,\"valueName\":\"search_term_string\"}}],\"inLanguage\":\"es\"},{\"@type\":\"Person\",\"@id\":\"https:\/\/www.sindmoveis.com.br\/es\/#\/schema\/person\/16d379542db1950a17fe188179340d57\",\"name\":\"Imprensa Sindm\u00f3veis\",\"image\":{\"@type\":\"ImageObject\",\"inLanguage\":\"es\",\"@id\":\"https:\/\/www.sindmoveis.com.br\/es\/#\/schema\/person\/image\/\",\"url\":\"https:\/\/secure.gravatar.com\/avatar\/4973e2e2c2a0cb5db30b0c7b770041b8e33d048a16b695a1f99c042449d4bfaf?s=96&d=mm&r=g\",\"contentUrl\":\"https:\/\/secure.gravatar.com\/avatar\/4973e2e2c2a0cb5db30b0c7b770041b8e33d048a16b695a1f99c042449d4bfaf?s=96&d=mm&r=g\",\"caption\":\"Imprensa Sindm\u00f3veis\"},\"url\":\"https:\/\/www.sindmoveis.com.br\/es\/author\/ana\/\"}]}<\/script>\n<!-- \/ Yoast SEO plugin. -->","yoast_head_json":{"title":"Proyecto Orchestra Brasil presente en Expo Nacional Ferretera Guadalajara - Sindm\u00f3veis-RS","robots":{"index":"index","follow":"follow","max-snippet":"max-snippet:-1","max-image-preview":"max-image-preview:large","max-video-preview":"max-video-preview:-1"},"canonical":"https:\/\/www.sindmoveis.com.br\/es\/projeto-orchestra-brasil-presente-na-expo-nacional-ferretera-guadalajara\/","og_locale":"es_ES","og_type":"article","og_title":"Proyecto Orchestra Brasil presente en Expo Nacional Ferretera Guadalajara - Sindm\u00f3veis-RS","og_description":"De 28 a 30 de agosto, el Proyecto Orchestra Brasil de incentivo a las exportaciones, promovido por el Sindicato de las Industrias del Mobiliario de Bento Gon\u00e7alves (Sindm\u00f3veis) y la Agencia Brasile\u00f1a de Promoci\u00f3n de Exportaciones e Inversiones (Apex-Brasil), participar\u00e1 de la Expo Nacional Ferretera de Guadalajara.","og_url":"https:\/\/www.sindmoveis.com.br\/es\/projeto-orchestra-brasil-presente-na-expo-nacional-ferretera-guadalajara\/","og_site_name":"Sindm\u00f3veis-RS","article_published_time":"2014-08-25T03:00:00+00:00","article_modified_time":"2021-05-26T13:28:37+00:00","og_image":[{"width":945,"height":894,"url":"https:\/\/www.sindmoveis.com.br\/es\/wp-content\/uploads\/2021\/05\/p1408987871.jpg","type":"image\/jpeg"}],"author":"Imprensa Sindm\u00f3veis","twitter_card":"summary_large_image","twitter_misc":{"Escrito por":"Imprensa Sindm\u00f3veis","Tiempo de lectura":"2 minutos"},"schema":{"@context":"https:\/\/schema.org","@graph":[{"@type":"Article","@id":"https:\/\/www.sindmoveis.com.br\/es\/projeto-orchestra-brasil-presente-na-expo-nacional-ferretera-guadalajara\/#article","isPartOf":{"@id":"https:\/\/www.sindmoveis.com.br\/es\/projeto-orchestra-brasil-presente-na-expo-nacional-ferretera-guadalajara\/"},"author":{"name":"Imprensa Sindm\u00f3veis","@id":"https:\/\/www.sindmoveis.com.br\/es\/#\/schema\/person\/16d379542db1950a17fe188179340d57"},"headline":"Proyecto Orchestra Brasil presente en Expo Nacional Ferretera Guadalajara","datePublished":"2014-08-25T03:00:00+00:00","dateModified":"2021-05-26T13:28:37+00:00","mainEntityOfPage":{"@id":"https:\/\/www.sindmoveis.com.br\/es\/projeto-orchestra-brasil-presente-na-expo-nacional-ferretera-guadalajara\/"},"wordCount":502,"image":{"@id":"https:\/\/www.sindmoveis.com.br\/es\/projeto-orchestra-brasil-presente-na-expo-nacional-ferretera-guadalajara\/#primaryimage"},"thumbnailUrl":"https:\/\/www.sindmoveis.com.br\/es\/wp-content\/uploads\/2021\/05\/p1408987871.jpg","articleSection":["Proyecto Orchestra Brasil","Sindm\u00f3veis"],"inLanguage":"es"},{"@type":"WebPage","@id":"https:\/\/www.sindmoveis.com.br\/es\/projeto-orchestra-brasil-presente-na-expo-nacional-ferretera-guadalajara\/","url":"https:\/\/www.sindmoveis.com.br\/es\/projeto-orchestra-brasil-presente-na-expo-nacional-ferretera-guadalajara\/","name":"Proyecto Orchestra Brasil presente en Expo Nacional Ferretera Guadalajara - Sindm\u00f3veis-RS","isPartOf":{"@id":"https:\/\/www.sindmoveis.com.br\/es\/#website"},"primaryImageOfPage":{"@id":"https:\/\/www.sindmoveis.com.br\/es\/projeto-orchestra-brasil-presente-na-expo-nacional-ferretera-guadalajara\/#primaryimage"},"image":{"@id":"https:\/\/www.sindmoveis.com.br\/es\/projeto-orchestra-brasil-presente-na-expo-nacional-ferretera-guadalajara\/#primaryimage"},"thumbnailUrl":"https:\/\/www.sindmoveis.com.br\/es\/wp-content\/uploads\/2021\/05\/p1408987871.jpg","datePublished":"2014-08-25T03:00:00+00:00","dateModified":"2021-05-26T13:28:37+00:00","author":{"@id":"https:\/\/www.sindmoveis.com.br\/es\/#\/schema\/person\/16d379542db1950a17fe188179340d57"},"inLanguage":"es","potentialAction":[{"@type":"ReadAction","target":["https:\/\/www.sindmoveis.com.br\/es\/projeto-orchestra-brasil-presente-na-expo-nacional-ferretera-guadalajara\/"]}]},{"@type":"ImageObject","inLanguage":"es","@id":"https:\/\/www.sindmoveis.com.br\/es\/projeto-orchestra-brasil-presente-na-expo-nacional-ferretera-guadalajara\/#primaryimage","url":"https:\/\/www.sindmoveis.com.br\/es\/wp-content\/uploads\/2021\/05\/p1408987871.jpg","contentUrl":"https:\/\/www.sindmoveis.com.br\/es\/wp-content\/uploads\/2021\/05\/p1408987871.jpg","width":945,"height":894},{"@type":"WebSite","@id":"https:\/\/www.sindmoveis.com.br\/es\/#website","url":"https:\/\/www.sindmoveis.com.br\/es\/","name":"Sindm\u00f3veis-RS","description":"","potentialAction":[{"@type":"SearchAction","target":{"@type":"EntryPoint","urlTemplate":"https:\/\/www.sindmoveis.com.br\/es\/?s={search_term_string}"},"query-input":{"@type":"PropertyValueSpecification","valueRequired":true,"valueName":"search_term_string"}}],"inLanguage":"es"},{"@type":"Person","@id":"https:\/\/www.sindmoveis.com.br\/es\/#\/schema\/person\/16d379542db1950a17fe188179340d57","name":"Imprensa Sindm\u00f3veis","image":{"@type":"ImageObject","inLanguage":"es","@id":"https:\/\/www.sindmoveis.com.br\/es\/#\/schema\/person\/image\/","url":"https:\/\/secure.gravatar.com\/avatar\/4973e2e2c2a0cb5db30b0c7b770041b8e33d048a16b695a1f99c042449d4bfaf?s=96&d=mm&r=g","contentUrl":"https:\/\/secure.gravatar.com\/avatar\/4973e2e2c2a0cb5db30b0c7b770041b8e33d048a16b695a1f99c042449d4bfaf?s=96&d=mm&r=g","caption":"Imprensa Sindm\u00f3veis"},"url":"https:\/\/www.sindmoveis.com.br\/es\/author\/ana\/"}]}},"_links":{"self":[{"href":"https:\/\/www.sindmoveis.com.br\/es\/wp-json\/wp\/v2\/posts\/1111","targetHints":{"allow":["GET"]}}],"collection":[{"href":"https:\/\/www.sindmoveis.com.br\/es\/wp-json\/wp\/v2\/posts"}],"about":[{"href":"https:\/\/www.sindmoveis.com.br\/es\/wp-json\/wp\/v2\/types\/post"}],"author":[{"embeddable":true,"href":"https:\/\/www.sindmoveis.com.br\/es\/wp-json\/wp\/v2\/users\/5"}],"replies":[{"embeddable":true,"href":"https:\/\/www.sindmoveis.com.br\/es\/wp-json\/wp\/v2\/comments?post=1111"}],"version-history":[{"count":2,"href":"https:\/\/www.sindmoveis.com.br\/es\/wp-json\/wp\/v2\/posts\/1111\/revisions"}],"predecessor-version":[{"id":3429,"href":"https:\/\/www.sindmoveis.com.br\/es\/wp-json\/wp\/v2\/posts\/1111\/revisions\/3429"}],"wp:featuredmedia":[{"embeddable":true,"href":"https:\/\/www.sindmoveis.com.br\/es\/wp-json\/wp\/v2\/media\/3430"}],"wp:attachment":[{"href":"https:\/\/www.sindmoveis.com.br\/es\/wp-json\/wp\/v2\/media?parent=1111"}],"wp:term":[{"taxonomy":"category","embeddable":true,"href":"https:\/\/www.sindmoveis.com.br\/es\/wp-json\/wp\/v2\/categories?post=1111"},{"taxonomy":"post_tag","embeddable":true,"href":"https:\/\/www.sindmoveis.com.br\/es\/wp-json\/wp\/v2\/tags?post=1111"}],"curies":[{"name":"wp","href":"https:\/\/api.w.org\/{rel}","templated":true}]}}