{"id":1104,"date":"2014-07-28T00:00:00","date_gmt":"2014-07-28T03:00:00","guid":{"rendered":"http:\/\/sindmoveis.com.br\/imprensa\/noticias\/projeto-orchestra-brasil-prepara-entrada-do-design-brasileiro-no-mercado-de-nova-york\/"},"modified":"2021-05-26T10:28:37","modified_gmt":"2021-05-26T13:28:37","slug":"projeto-orchestra-brasil-prepara-entrada-do-design-brasileiro-no-mercado-de-nova-york","status":"publish","type":"post","link":"https:\/\/www.sindmoveis.com.br\/es\/projeto-orchestra-brasil-prepara-entrada-do-design-brasileiro-no-mercado-de-nova-york\/","title":{"rendered":"Proyecto Orchestra Brasil prepara entrada del dise\u00f1o brasile\u00f1o en el mercado de Nueva York"},"content":{"rendered":"<div><em>Reuniones con consultores de los Estados Unidos integran plan de internacionalizaci&oacute;n de los muebles brasile&ntilde;os con valor agregado<\/em><br \/>\n&nbsp;<\/div>\n<div>A lo largo de la &uacute;ltima semana, tuvieron inicio los workshops que integran el plan de negocios para internacionalizaci&oacute;n de los dise&ntilde;adores de muebles &ndash; una de las acciones del proyecto Orchestra Brasil volcadas a la inserci&oacute;n competitiva del dise&ntilde;o brasile&ntilde;o en el mercado norteamericano. Para conocer el trabajo de los estudios participantes del proyecto, dos consultores de los Estados Unidos se reunieron con dise&ntilde;adores en la Sierra Gaucha, S&atilde;o Paulo y R&iacute;o de Janeiro. El objetivo es estudiar las mejores estrategias para la buena aceptaci&oacute;n de los productos en aquel pa&iacute;s.<\/div>\n<div>A partir de los workshops, los consultores evaluar&aacute;n aspectos t&eacute;cnicos, log&iacute;sticos, mercadol&oacute;gicos, de producci&oacute;n, dise&ntilde;o y licenciamiento. La acci&oacute;n con los estudios del Proyecto Orchestra Brasil tambi&eacute;n incluye la creaci&oacute;n de una l&iacute;nea especial de productos destinada a los Estados Unidos. Para el profesional de esta &aacute;rea Jos&eacute; Marton, el proyecto es de gran relevancia para los dise&ntilde;adores brasile&ntilde;os, que no han logrado acceder de forma aut&oacute;noma al mercado norteamericano. En su opini&oacute;n, con un grupo de profesionales y el amparo del Proyecto Orchestra Brasil, la idea adquiere mayor fuerza. &iquest;&ldquo;Por qu&eacute; exportar apenas materias primas si podemos llevar al mercado externo la econom&iacute;a creativa de Brasil y, por consiguiente, productos de valor agregado?, puntualiza.<\/div>\n<div>Esa orientaci&oacute;n es resultado de una misi&oacute;n prospectiva realizada por el Proyecto Orchestra Brasil en la Semana de Dise&ntilde;o de Nueva York en mayo de este a&ntilde;o. En esa ocasi&oacute;n, fueron verificadas buenas oportunidades para productos brasile&ntilde;os, lo que est&aacute; directamente relacionado a la planificaci&oacute;n del proyecto para los pr&oacute;ximos dos a&ntilde;os: aumentar la competitividad de la industria brasile&ntilde;a con inversiones de buscan agregar valor al producto nacional por medio del dise&ntilde;o, de la innovaci&oacute;n continua y de la sostenibilidad.<\/div>\n<div>El Proyecto Orchestra Brasil es realizado desde 2006 por el Sindicato de las Industrias del Mobiliario de Bento Gon&ccedil;alves (Sindm&oacute;veis) con apoyo de la Agencia Brasile&ntilde;a de Promoci&oacute;n de Exportaciones e Inversiones (Apex-Brasil). La iniciativa promueve la inserci&oacute;n competitiva de proveedores del sector del mobiliario en el mercado internacional de forma sostenible. Actualmente, cuenta con la participaci&oacute;n de 72 empresas y 38 estudios de dise&ntilde;o.<\/div>\n<div>&nbsp;<\/div>\n","protected":false},"excerpt":{"rendered":"<p>A lo largo de la \u00faltima semana, tuvieron inicio los workshops que integran el plan de negocios para internacionalizaci\u00f3n de los dise\u00f1adores de muebles \u2013 una de las acciones del proyecto Orchestra Brasil volcadas a la inserci\u00f3n competitiva del dise\u00f1o brasile\u00f1o en el mercado norteamericano.<\/p>\n","protected":false},"author":5,"featured_media":3423,"comment_status":"closed","ping_status":"open","sticky":false,"template":"","format":"standard","meta":{"footnotes":"","_links_to":"","_links_to_target":""},"categories":[22,2],"tags":[],"class_list":["post-1104","post","type-post","status-publish","format-standard","has-post-thumbnail","hentry","category-proyecto-orchestra-brasil","category-sindmoveis"],"yoast_head":"<!-- This site is optimized with the Yoast SEO plugin v27.0 - https:\/\/yoast.com\/product\/yoast-seo-wordpress\/ -->\n<title>Proyecto Orchestra Brasil prepara entrada del dise\u00f1o brasile\u00f1o en el mercado de Nueva York - Sindm\u00f3veis-RS<\/title>\n<meta name=\"robots\" content=\"index, follow, max-snippet:-1, max-image-preview:large, max-video-preview:-1\" \/>\n<link rel=\"canonical\" href=\"https:\/\/www.sindmoveis.com.br\/es\/projeto-orchestra-brasil-prepara-entrada-do-design-brasileiro-no-mercado-de-nova-york\/\" \/>\n<meta property=\"og:locale\" content=\"es_ES\" \/>\n<meta property=\"og:type\" content=\"article\" \/>\n<meta property=\"og:title\" content=\"Proyecto Orchestra Brasil prepara entrada del dise\u00f1o brasile\u00f1o en el mercado de Nueva York - Sindm\u00f3veis-RS\" \/>\n<meta property=\"og:description\" content=\"A lo largo de la \u00faltima semana, tuvieron inicio los workshops que integran el plan de negocios para internacionalizaci\u00f3n de los dise\u00f1adores de muebles \u2013 una de las acciones del proyecto Orchestra Brasil volcadas a la inserci\u00f3n competitiva del dise\u00f1o brasile\u00f1o en el mercado norteamericano.\" \/>\n<meta property=\"og:url\" content=\"https:\/\/www.sindmoveis.com.br\/es\/projeto-orchestra-brasil-prepara-entrada-do-design-brasileiro-no-mercado-de-nova-york\/\" \/>\n<meta property=\"og:site_name\" content=\"Sindm\u00f3veis-RS\" \/>\n<meta property=\"article:published_time\" content=\"2014-07-28T03:00:00+00:00\" \/>\n<meta property=\"article:modified_time\" content=\"2021-05-26T13:28:37+00:00\" \/>\n<meta property=\"og:image\" content=\"https:\/\/www.sindmoveis.com.br\/es\/wp-content\/uploads\/2021\/05\/p1406552692.jpg\" \/>\n\t<meta property=\"og:image:width\" content=\"1575\" \/>\n\t<meta property=\"og:image:height\" content=\"1181\" \/>\n\t<meta property=\"og:image:type\" content=\"image\/jpeg\" \/>\n<meta name=\"author\" content=\"Imprensa Sindm\u00f3veis\" \/>\n<meta name=\"twitter:card\" content=\"summary_large_image\" \/>\n<meta name=\"twitter:label1\" content=\"Escrito por\" \/>\n\t<meta name=\"twitter:data1\" content=\"Imprensa Sindm\u00f3veis\" \/>\n\t<meta name=\"twitter:label2\" content=\"Tiempo de lectura\" \/>\n\t<meta name=\"twitter:data2\" content=\"2 minutos\" \/>\n<script type=\"application\/ld+json\" class=\"yoast-schema-graph\">{\"@context\":\"https:\/\/schema.org\",\"@graph\":[{\"@type\":\"Article\",\"@id\":\"https:\/\/www.sindmoveis.com.br\/es\/projeto-orchestra-brasil-prepara-entrada-do-design-brasileiro-no-mercado-de-nova-york\/#article\",\"isPartOf\":{\"@id\":\"https:\/\/www.sindmoveis.com.br\/es\/projeto-orchestra-brasil-prepara-entrada-do-design-brasileiro-no-mercado-de-nova-york\/\"},\"author\":{\"name\":\"Imprensa Sindm\u00f3veis\",\"@id\":\"https:\/\/www.sindmoveis.com.br\/es\/#\/schema\/person\/16d379542db1950a17fe188179340d57\"},\"headline\":\"Proyecto Orchestra Brasil prepara entrada del dise\u00f1o brasile\u00f1o en el mercado de Nueva York\",\"datePublished\":\"2014-07-28T03:00:00+00:00\",\"dateModified\":\"2021-05-26T13:28:37+00:00\",\"mainEntityOfPage\":{\"@id\":\"https:\/\/www.sindmoveis.com.br\/es\/projeto-orchestra-brasil-prepara-entrada-do-design-brasileiro-no-mercado-de-nova-york\/\"},\"wordCount\":484,\"image\":{\"@id\":\"https:\/\/www.sindmoveis.com.br\/es\/projeto-orchestra-brasil-prepara-entrada-do-design-brasileiro-no-mercado-de-nova-york\/#primaryimage\"},\"thumbnailUrl\":\"https:\/\/www.sindmoveis.com.br\/es\/wp-content\/uploads\/2021\/05\/p1406552692.jpg\",\"articleSection\":[\"Proyecto Orchestra Brasil\",\"Sindm\u00f3veis\"],\"inLanguage\":\"es\"},{\"@type\":\"WebPage\",\"@id\":\"https:\/\/www.sindmoveis.com.br\/es\/projeto-orchestra-brasil-prepara-entrada-do-design-brasileiro-no-mercado-de-nova-york\/\",\"url\":\"https:\/\/www.sindmoveis.com.br\/es\/projeto-orchestra-brasil-prepara-entrada-do-design-brasileiro-no-mercado-de-nova-york\/\",\"name\":\"Proyecto Orchestra Brasil prepara entrada del dise\u00f1o brasile\u00f1o en el mercado de Nueva York - Sindm\u00f3veis-RS\",\"isPartOf\":{\"@id\":\"https:\/\/www.sindmoveis.com.br\/es\/#website\"},\"primaryImageOfPage\":{\"@id\":\"https:\/\/www.sindmoveis.com.br\/es\/projeto-orchestra-brasil-prepara-entrada-do-design-brasileiro-no-mercado-de-nova-york\/#primaryimage\"},\"image\":{\"@id\":\"https:\/\/www.sindmoveis.com.br\/es\/projeto-orchestra-brasil-prepara-entrada-do-design-brasileiro-no-mercado-de-nova-york\/#primaryimage\"},\"thumbnailUrl\":\"https:\/\/www.sindmoveis.com.br\/es\/wp-content\/uploads\/2021\/05\/p1406552692.jpg\",\"datePublished\":\"2014-07-28T03:00:00+00:00\",\"dateModified\":\"2021-05-26T13:28:37+00:00\",\"author\":{\"@id\":\"https:\/\/www.sindmoveis.com.br\/es\/#\/schema\/person\/16d379542db1950a17fe188179340d57\"},\"inLanguage\":\"es\",\"potentialAction\":[{\"@type\":\"ReadAction\",\"target\":[\"https:\/\/www.sindmoveis.com.br\/es\/projeto-orchestra-brasil-prepara-entrada-do-design-brasileiro-no-mercado-de-nova-york\/\"]}]},{\"@type\":\"ImageObject\",\"inLanguage\":\"es\",\"@id\":\"https:\/\/www.sindmoveis.com.br\/es\/projeto-orchestra-brasil-prepara-entrada-do-design-brasileiro-no-mercado-de-nova-york\/#primaryimage\",\"url\":\"https:\/\/www.sindmoveis.com.br\/es\/wp-content\/uploads\/2021\/05\/p1406552692.jpg\",\"contentUrl\":\"https:\/\/www.sindmoveis.com.br\/es\/wp-content\/uploads\/2021\/05\/p1406552692.jpg\",\"width\":1575,\"height\":1181,\"caption\":\"Encuentro con consultores de los Estados Unidos reunieron dise\u00f1adores en Bento Gon\u00e7alves\"},{\"@type\":\"WebSite\",\"@id\":\"https:\/\/www.sindmoveis.com.br\/es\/#website\",\"url\":\"https:\/\/www.sindmoveis.com.br\/es\/\",\"name\":\"Sindm\u00f3veis-RS\",\"description\":\"\",\"potentialAction\":[{\"@type\":\"SearchAction\",\"target\":{\"@type\":\"EntryPoint\",\"urlTemplate\":\"https:\/\/www.sindmoveis.com.br\/es\/?s={search_term_string}\"},\"query-input\":{\"@type\":\"PropertyValueSpecification\",\"valueRequired\":true,\"valueName\":\"search_term_string\"}}],\"inLanguage\":\"es\"},{\"@type\":\"Person\",\"@id\":\"https:\/\/www.sindmoveis.com.br\/es\/#\/schema\/person\/16d379542db1950a17fe188179340d57\",\"name\":\"Imprensa Sindm\u00f3veis\",\"image\":{\"@type\":\"ImageObject\",\"inLanguage\":\"es\",\"@id\":\"https:\/\/www.sindmoveis.com.br\/es\/#\/schema\/person\/image\/\",\"url\":\"https:\/\/secure.gravatar.com\/avatar\/4973e2e2c2a0cb5db30b0c7b770041b8e33d048a16b695a1f99c042449d4bfaf?s=96&d=mm&r=g\",\"contentUrl\":\"https:\/\/secure.gravatar.com\/avatar\/4973e2e2c2a0cb5db30b0c7b770041b8e33d048a16b695a1f99c042449d4bfaf?s=96&d=mm&r=g\",\"caption\":\"Imprensa Sindm\u00f3veis\"},\"url\":\"https:\/\/www.sindmoveis.com.br\/es\/author\/ana\/\"}]}<\/script>\n<!-- \/ Yoast SEO plugin. -->","yoast_head_json":{"title":"Proyecto Orchestra Brasil prepara entrada del dise\u00f1o brasile\u00f1o en el mercado de Nueva York - Sindm\u00f3veis-RS","robots":{"index":"index","follow":"follow","max-snippet":"max-snippet:-1","max-image-preview":"max-image-preview:large","max-video-preview":"max-video-preview:-1"},"canonical":"https:\/\/www.sindmoveis.com.br\/es\/projeto-orchestra-brasil-prepara-entrada-do-design-brasileiro-no-mercado-de-nova-york\/","og_locale":"es_ES","og_type":"article","og_title":"Proyecto Orchestra Brasil prepara entrada del dise\u00f1o brasile\u00f1o en el mercado de Nueva York - Sindm\u00f3veis-RS","og_description":"A lo largo de la \u00faltima semana, tuvieron inicio los workshops que integran el plan de negocios para internacionalizaci\u00f3n de los dise\u00f1adores de muebles \u2013 una de las acciones del proyecto Orchestra Brasil volcadas a la inserci\u00f3n competitiva del dise\u00f1o brasile\u00f1o en el mercado norteamericano.","og_url":"https:\/\/www.sindmoveis.com.br\/es\/projeto-orchestra-brasil-prepara-entrada-do-design-brasileiro-no-mercado-de-nova-york\/","og_site_name":"Sindm\u00f3veis-RS","article_published_time":"2014-07-28T03:00:00+00:00","article_modified_time":"2021-05-26T13:28:37+00:00","og_image":[{"width":1575,"height":1181,"url":"https:\/\/www.sindmoveis.com.br\/es\/wp-content\/uploads\/2021\/05\/p1406552692.jpg","type":"image\/jpeg"}],"author":"Imprensa Sindm\u00f3veis","twitter_card":"summary_large_image","twitter_misc":{"Escrito por":"Imprensa Sindm\u00f3veis","Tiempo de lectura":"2 minutos"},"schema":{"@context":"https:\/\/schema.org","@graph":[{"@type":"Article","@id":"https:\/\/www.sindmoveis.com.br\/es\/projeto-orchestra-brasil-prepara-entrada-do-design-brasileiro-no-mercado-de-nova-york\/#article","isPartOf":{"@id":"https:\/\/www.sindmoveis.com.br\/es\/projeto-orchestra-brasil-prepara-entrada-do-design-brasileiro-no-mercado-de-nova-york\/"},"author":{"name":"Imprensa Sindm\u00f3veis","@id":"https:\/\/www.sindmoveis.com.br\/es\/#\/schema\/person\/16d379542db1950a17fe188179340d57"},"headline":"Proyecto Orchestra Brasil prepara entrada del dise\u00f1o brasile\u00f1o en el mercado de Nueva York","datePublished":"2014-07-28T03:00:00+00:00","dateModified":"2021-05-26T13:28:37+00:00","mainEntityOfPage":{"@id":"https:\/\/www.sindmoveis.com.br\/es\/projeto-orchestra-brasil-prepara-entrada-do-design-brasileiro-no-mercado-de-nova-york\/"},"wordCount":484,"image":{"@id":"https:\/\/www.sindmoveis.com.br\/es\/projeto-orchestra-brasil-prepara-entrada-do-design-brasileiro-no-mercado-de-nova-york\/#primaryimage"},"thumbnailUrl":"https:\/\/www.sindmoveis.com.br\/es\/wp-content\/uploads\/2021\/05\/p1406552692.jpg","articleSection":["Proyecto Orchestra Brasil","Sindm\u00f3veis"],"inLanguage":"es"},{"@type":"WebPage","@id":"https:\/\/www.sindmoveis.com.br\/es\/projeto-orchestra-brasil-prepara-entrada-do-design-brasileiro-no-mercado-de-nova-york\/","url":"https:\/\/www.sindmoveis.com.br\/es\/projeto-orchestra-brasil-prepara-entrada-do-design-brasileiro-no-mercado-de-nova-york\/","name":"Proyecto Orchestra Brasil prepara entrada del dise\u00f1o brasile\u00f1o en el mercado de Nueva York - Sindm\u00f3veis-RS","isPartOf":{"@id":"https:\/\/www.sindmoveis.com.br\/es\/#website"},"primaryImageOfPage":{"@id":"https:\/\/www.sindmoveis.com.br\/es\/projeto-orchestra-brasil-prepara-entrada-do-design-brasileiro-no-mercado-de-nova-york\/#primaryimage"},"image":{"@id":"https:\/\/www.sindmoveis.com.br\/es\/projeto-orchestra-brasil-prepara-entrada-do-design-brasileiro-no-mercado-de-nova-york\/#primaryimage"},"thumbnailUrl":"https:\/\/www.sindmoveis.com.br\/es\/wp-content\/uploads\/2021\/05\/p1406552692.jpg","datePublished":"2014-07-28T03:00:00+00:00","dateModified":"2021-05-26T13:28:37+00:00","author":{"@id":"https:\/\/www.sindmoveis.com.br\/es\/#\/schema\/person\/16d379542db1950a17fe188179340d57"},"inLanguage":"es","potentialAction":[{"@type":"ReadAction","target":["https:\/\/www.sindmoveis.com.br\/es\/projeto-orchestra-brasil-prepara-entrada-do-design-brasileiro-no-mercado-de-nova-york\/"]}]},{"@type":"ImageObject","inLanguage":"es","@id":"https:\/\/www.sindmoveis.com.br\/es\/projeto-orchestra-brasil-prepara-entrada-do-design-brasileiro-no-mercado-de-nova-york\/#primaryimage","url":"https:\/\/www.sindmoveis.com.br\/es\/wp-content\/uploads\/2021\/05\/p1406552692.jpg","contentUrl":"https:\/\/www.sindmoveis.com.br\/es\/wp-content\/uploads\/2021\/05\/p1406552692.jpg","width":1575,"height":1181,"caption":"Encuentro con consultores de los Estados Unidos reunieron dise\u00f1adores en Bento Gon\u00e7alves"},{"@type":"WebSite","@id":"https:\/\/www.sindmoveis.com.br\/es\/#website","url":"https:\/\/www.sindmoveis.com.br\/es\/","name":"Sindm\u00f3veis-RS","description":"","potentialAction":[{"@type":"SearchAction","target":{"@type":"EntryPoint","urlTemplate":"https:\/\/www.sindmoveis.com.br\/es\/?s={search_term_string}"},"query-input":{"@type":"PropertyValueSpecification","valueRequired":true,"valueName":"search_term_string"}}],"inLanguage":"es"},{"@type":"Person","@id":"https:\/\/www.sindmoveis.com.br\/es\/#\/schema\/person\/16d379542db1950a17fe188179340d57","name":"Imprensa Sindm\u00f3veis","image":{"@type":"ImageObject","inLanguage":"es","@id":"https:\/\/www.sindmoveis.com.br\/es\/#\/schema\/person\/image\/","url":"https:\/\/secure.gravatar.com\/avatar\/4973e2e2c2a0cb5db30b0c7b770041b8e33d048a16b695a1f99c042449d4bfaf?s=96&d=mm&r=g","contentUrl":"https:\/\/secure.gravatar.com\/avatar\/4973e2e2c2a0cb5db30b0c7b770041b8e33d048a16b695a1f99c042449d4bfaf?s=96&d=mm&r=g","caption":"Imprensa Sindm\u00f3veis"},"url":"https:\/\/www.sindmoveis.com.br\/es\/author\/ana\/"}]}},"_links":{"self":[{"href":"https:\/\/www.sindmoveis.com.br\/es\/wp-json\/wp\/v2\/posts\/1104","targetHints":{"allow":["GET"]}}],"collection":[{"href":"https:\/\/www.sindmoveis.com.br\/es\/wp-json\/wp\/v2\/posts"}],"about":[{"href":"https:\/\/www.sindmoveis.com.br\/es\/wp-json\/wp\/v2\/types\/post"}],"author":[{"embeddable":true,"href":"https:\/\/www.sindmoveis.com.br\/es\/wp-json\/wp\/v2\/users\/5"}],"replies":[{"embeddable":true,"href":"https:\/\/www.sindmoveis.com.br\/es\/wp-json\/wp\/v2\/comments?post=1104"}],"version-history":[{"count":2,"href":"https:\/\/www.sindmoveis.com.br\/es\/wp-json\/wp\/v2\/posts\/1104\/revisions"}],"predecessor-version":[{"id":3422,"href":"https:\/\/www.sindmoveis.com.br\/es\/wp-json\/wp\/v2\/posts\/1104\/revisions\/3422"}],"wp:featuredmedia":[{"embeddable":true,"href":"https:\/\/www.sindmoveis.com.br\/es\/wp-json\/wp\/v2\/media\/3423"}],"wp:attachment":[{"href":"https:\/\/www.sindmoveis.com.br\/es\/wp-json\/wp\/v2\/media?parent=1104"}],"wp:term":[{"taxonomy":"category","embeddable":true,"href":"https:\/\/www.sindmoveis.com.br\/es\/wp-json\/wp\/v2\/categories?post=1104"},{"taxonomy":"post_tag","embeddable":true,"href":"https:\/\/www.sindmoveis.com.br\/es\/wp-json\/wp\/v2\/tags?post=1104"}],"curies":[{"name":"wp","href":"https:\/\/api.w.org\/{rel}","templated":true}]}}