{"id":1103,"date":"2014-07-22T00:00:00","date_gmt":"2014-07-22T03:00:00","guid":{"rendered":"http:\/\/sindmoveis.com.br\/imprensa\/noticias\/projeto-orchestra-brasil-presente-na-formobile-com-estande-e-rodadas-de-negocios\/"},"modified":"2021-05-26T10:28:37","modified_gmt":"2021-05-26T13:28:37","slug":"projeto-orchestra-brasil-presente-na-formobile-com-estande-e-rodadas-de-negocios","status":"publish","type":"post","link":"https:\/\/www.sindmoveis.com.br\/es\/projeto-orchestra-brasil-presente-na-formobile-com-estande-e-rodadas-de-negocios\/","title":{"rendered":"Proyecto Orchestra Brasil presente en ForM\u00f3bile con stand y rondas de negocios"},"content":{"rendered":"<div><em>De 29 de julio a 1&ordm; de agosto, feria re&uacute;ne proveedores de la industria del mobiliario de 30 pa&iacute;ses<\/em><\/div>\n<div>&nbsp;<\/div>\n<div>El Proyecto Orchestra Brasil de incentivo a las exportaciones- promovido por el Sindicato de las Industrias del Mobiliario de Bento Gon&ccedil;alves (Sindm&oacute;veis) con apoyo de la Agencia Brasile&ntilde;a de Promoci&oacute;n de Exportaciones e Inversiones (Apex-Brasil) &ndash; tendr&aacute; dos acciones en la Feria Internacional de Proveedores de la Industria de Madera y Muebles (ForM&oacute;bile 2014). Adem&aacute;s del stand colectivo con exposici&oacute;n de las empresas Franzoi, Kolafit, Pallet do Brasil e Torralba, ser&aacute; promovido un Proyecto Comprador con importadores invitados.<\/div>\n<div>Las rondas de negocios del Proyecto Comprador ForM&oacute;bile ser&aacute;n realizadas d&iacute;as 30 y 31 de julio, en el espacio de 100 metros cuadrados del Proyecto Orchestra Brasil localizado en la Calle O, n&uacute;mero 2. La acci&oacute;n tiene como objetivo aproximar y promover negocios entre 12 importadores y 23 empresas inscritas. Los invitados vienen de &Aacute;frica del Sur, Argentina, Canad&aacute;, Colombia, Costa Rica, M&eacute;xico, Per&uacute;, Puerto Rico y Uruguay. Adem&aacute;s de ellos tambi&eacute;n estar&aacute;n presentes en ForM&oacute;bile, por invitaci&oacute;n del proyecto, dos periodistas de Colombia y de M&eacute;xico para la cobertura internacional de las acciones.<\/div>\n<div>&nbsp;ForM&oacute;bile ocurre de 29 de julio a 1&ordm; de agosto, en el Parque de Eventos Anhembi, en S&atilde;o Paulo, reuniendo proveedores de m&aacute;quinas, materias primas, herrajes, accesorios y servicios de 30 pa&iacute;ses.&nbsp;<\/div>\n<div>&nbsp;<\/div>\n<div><strong>Sobre Orchestra Brasil<\/strong><\/div>\n<div>El Proyecto Orchestra Brasil existe desde 2006 y promueve la inserci&oacute;n competitiva de proveedoras del sector del mobiliario en el mercado internacional de forma sostenible. Actualmente, cuenta con la participaci&oacute;n de 72 empresas y 38 estudios de dise&ntilde;o. Adem&aacute;s de ForM&oacute;bile, a&uacute;n en este a&ntilde;o, el proyecto tendr&aacute; participaci&oacute;n en las ferias Tecnomueble (Guadalajara), IWF (Atlanta), Expo Ferretera (Guadalajara, Intermob Estambul (Turqu&iacute;a), Sicam Pordenone (Italia) y Fenafor Per&uacute; (Lima). Orchestra Brasil tambi&eacute;n promover&aacute; en agosto, una misi&oacute;n prospectiva a &Aacute;frica del Sur.<\/div>\n","protected":false},"excerpt":{"rendered":"<p>El Proyecto Orchestra Brasil de incentivo a las exportaciones- promovido por el Sindicato de las Industrias del Mobiliario de Bento Gon\u00e7alves (Sindm\u00f3veis) con apoyo de la Agencia Brasile\u00f1a de Promoci\u00f3n de Exportaciones e Inversiones (Apex-Brasil) \u2013 tendr\u00e1 dos acciones en la Feria Internacional de Proveedores de la Industria de Madera y Muebles (ForM\u00f3bile 2014). Adem\u00e1s del stand colectivo con exposici\u00f3n de las empresas Franzoi, Kolafit, Pallet do Brasil e Torralba, ser\u00e1 promovido un Proyecto Comprador con importadores invitados.<\/p>\n","protected":false},"author":5,"featured_media":3421,"comment_status":"closed","ping_status":"open","sticky":false,"template":"","format":"standard","meta":{"footnotes":"","_links_to":"","_links_to_target":""},"categories":[22,2],"tags":[],"class_list":["post-1103","post","type-post","status-publish","format-standard","has-post-thumbnail","hentry","category-proyecto-orchestra-brasil","category-sindmoveis"],"yoast_head":"<!-- This site is optimized with the Yoast SEO plugin v27.0 - https:\/\/yoast.com\/product\/yoast-seo-wordpress\/ -->\n<title>Proyecto Orchestra Brasil presente en ForM\u00f3bile con stand y rondas de negocios - Sindm\u00f3veis-RS<\/title>\n<meta name=\"robots\" content=\"index, follow, max-snippet:-1, max-image-preview:large, max-video-preview:-1\" \/>\n<link rel=\"canonical\" href=\"https:\/\/www.sindmoveis.com.br\/es\/projeto-orchestra-brasil-presente-na-formobile-com-estande-e-rodadas-de-negocios\/\" \/>\n<meta property=\"og:locale\" content=\"es_ES\" \/>\n<meta property=\"og:type\" content=\"article\" \/>\n<meta property=\"og:title\" content=\"Proyecto Orchestra Brasil presente en ForM\u00f3bile con stand y rondas de negocios - Sindm\u00f3veis-RS\" \/>\n<meta property=\"og:description\" content=\"El Proyecto Orchestra Brasil de incentivo a las exportaciones- promovido por el Sindicato de las Industrias del Mobiliario de Bento Gon\u00e7alves (Sindm\u00f3veis) con apoyo de la Agencia Brasile\u00f1a de Promoci\u00f3n de Exportaciones e Inversiones (Apex-Brasil) \u2013 tendr\u00e1 dos acciones en la Feria Internacional de Proveedores de la Industria de Madera y Muebles (ForM\u00f3bile 2014). Adem\u00e1s del stand colectivo con exposici\u00f3n de las empresas Franzoi, Kolafit, Pallet do Brasil e Torralba, ser\u00e1 promovido un Proyecto Comprador con importadores invitados.\" \/>\n<meta property=\"og:url\" content=\"https:\/\/www.sindmoveis.com.br\/es\/projeto-orchestra-brasil-presente-na-formobile-com-estande-e-rodadas-de-negocios\/\" \/>\n<meta property=\"og:site_name\" content=\"Sindm\u00f3veis-RS\" \/>\n<meta property=\"article:published_time\" content=\"2014-07-22T03:00:00+00:00\" \/>\n<meta property=\"article:modified_time\" content=\"2021-05-26T13:28:37+00:00\" \/>\n<meta property=\"og:image\" content=\"https:\/\/www.sindmoveis.com.br\/es\/wp-content\/uploads\/2021\/05\/p1406048198.jpg\" \/>\n\t<meta property=\"og:image:width\" content=\"1181\" \/>\n\t<meta property=\"og:image:height\" content=\"886\" \/>\n\t<meta property=\"og:image:type\" content=\"image\/jpeg\" \/>\n<meta name=\"author\" content=\"Imprensa Sindm\u00f3veis\" \/>\n<meta name=\"twitter:card\" content=\"summary_large_image\" \/>\n<meta name=\"twitter:label1\" content=\"Escrito por\" \/>\n\t<meta name=\"twitter:data1\" content=\"Imprensa Sindm\u00f3veis\" \/>\n\t<meta name=\"twitter:label2\" content=\"Tiempo de lectura\" \/>\n\t<meta name=\"twitter:data2\" content=\"2 minutos\" \/>\n<script type=\"application\/ld+json\" class=\"yoast-schema-graph\">{\"@context\":\"https:\/\/schema.org\",\"@graph\":[{\"@type\":\"Article\",\"@id\":\"https:\/\/www.sindmoveis.com.br\/es\/projeto-orchestra-brasil-presente-na-formobile-com-estande-e-rodadas-de-negocios\/#article\",\"isPartOf\":{\"@id\":\"https:\/\/www.sindmoveis.com.br\/es\/projeto-orchestra-brasil-presente-na-formobile-com-estande-e-rodadas-de-negocios\/\"},\"author\":{\"name\":\"Imprensa Sindm\u00f3veis\",\"@id\":\"https:\/\/www.sindmoveis.com.br\/es\/#\/schema\/person\/16d379542db1950a17fe188179340d57\"},\"headline\":\"Proyecto Orchestra Brasil presente en ForM\u00f3bile con stand y rondas de negocios\",\"datePublished\":\"2014-07-22T03:00:00+00:00\",\"dateModified\":\"2021-05-26T13:28:37+00:00\",\"mainEntityOfPage\":{\"@id\":\"https:\/\/www.sindmoveis.com.br\/es\/projeto-orchestra-brasil-presente-na-formobile-com-estande-e-rodadas-de-negocios\/\"},\"wordCount\":392,\"image\":{\"@id\":\"https:\/\/www.sindmoveis.com.br\/es\/projeto-orchestra-brasil-presente-na-formobile-com-estande-e-rodadas-de-negocios\/#primaryimage\"},\"thumbnailUrl\":\"https:\/\/www.sindmoveis.com.br\/es\/wp-content\/uploads\/2021\/05\/p1406048198.jpg\",\"articleSection\":[\"Proyecto Orchestra Brasil\",\"Sindm\u00f3veis\"],\"inLanguage\":\"es\"},{\"@type\":\"WebPage\",\"@id\":\"https:\/\/www.sindmoveis.com.br\/es\/projeto-orchestra-brasil-presente-na-formobile-com-estande-e-rodadas-de-negocios\/\",\"url\":\"https:\/\/www.sindmoveis.com.br\/es\/projeto-orchestra-brasil-presente-na-formobile-com-estande-e-rodadas-de-negocios\/\",\"name\":\"Proyecto Orchestra Brasil presente en ForM\u00f3bile con stand y rondas de negocios - Sindm\u00f3veis-RS\",\"isPartOf\":{\"@id\":\"https:\/\/www.sindmoveis.com.br\/es\/#website\"},\"primaryImageOfPage\":{\"@id\":\"https:\/\/www.sindmoveis.com.br\/es\/projeto-orchestra-brasil-presente-na-formobile-com-estande-e-rodadas-de-negocios\/#primaryimage\"},\"image\":{\"@id\":\"https:\/\/www.sindmoveis.com.br\/es\/projeto-orchestra-brasil-presente-na-formobile-com-estande-e-rodadas-de-negocios\/#primaryimage\"},\"thumbnailUrl\":\"https:\/\/www.sindmoveis.com.br\/es\/wp-content\/uploads\/2021\/05\/p1406048198.jpg\",\"datePublished\":\"2014-07-22T03:00:00+00:00\",\"dateModified\":\"2021-05-26T13:28:37+00:00\",\"author\":{\"@id\":\"https:\/\/www.sindmoveis.com.br\/es\/#\/schema\/person\/16d379542db1950a17fe188179340d57\"},\"inLanguage\":\"es\",\"potentialAction\":[{\"@type\":\"ReadAction\",\"target\":[\"https:\/\/www.sindmoveis.com.br\/es\/projeto-orchestra-brasil-presente-na-formobile-com-estande-e-rodadas-de-negocios\/\"]}]},{\"@type\":\"ImageObject\",\"inLanguage\":\"es\",\"@id\":\"https:\/\/www.sindmoveis.com.br\/es\/projeto-orchestra-brasil-presente-na-formobile-com-estande-e-rodadas-de-negocios\/#primaryimage\",\"url\":\"https:\/\/www.sindmoveis.com.br\/es\/wp-content\/uploads\/2021\/05\/p1406048198.jpg\",\"contentUrl\":\"https:\/\/www.sindmoveis.com.br\/es\/wp-content\/uploads\/2021\/05\/p1406048198.jpg\",\"width\":1181,\"height\":886,\"caption\":\"En 2012\"},{\"@type\":\"WebSite\",\"@id\":\"https:\/\/www.sindmoveis.com.br\/es\/#website\",\"url\":\"https:\/\/www.sindmoveis.com.br\/es\/\",\"name\":\"Sindm\u00f3veis-RS\",\"description\":\"\",\"potentialAction\":[{\"@type\":\"SearchAction\",\"target\":{\"@type\":\"EntryPoint\",\"urlTemplate\":\"https:\/\/www.sindmoveis.com.br\/es\/?s={search_term_string}\"},\"query-input\":{\"@type\":\"PropertyValueSpecification\",\"valueRequired\":true,\"valueName\":\"search_term_string\"}}],\"inLanguage\":\"es\"},{\"@type\":\"Person\",\"@id\":\"https:\/\/www.sindmoveis.com.br\/es\/#\/schema\/person\/16d379542db1950a17fe188179340d57\",\"name\":\"Imprensa Sindm\u00f3veis\",\"image\":{\"@type\":\"ImageObject\",\"inLanguage\":\"es\",\"@id\":\"https:\/\/www.sindmoveis.com.br\/es\/#\/schema\/person\/image\/\",\"url\":\"https:\/\/secure.gravatar.com\/avatar\/4973e2e2c2a0cb5db30b0c7b770041b8e33d048a16b695a1f99c042449d4bfaf?s=96&d=mm&r=g\",\"contentUrl\":\"https:\/\/secure.gravatar.com\/avatar\/4973e2e2c2a0cb5db30b0c7b770041b8e33d048a16b695a1f99c042449d4bfaf?s=96&d=mm&r=g\",\"caption\":\"Imprensa Sindm\u00f3veis\"},\"url\":\"https:\/\/www.sindmoveis.com.br\/es\/author\/ana\/\"}]}<\/script>\n<!-- \/ Yoast SEO plugin. -->","yoast_head_json":{"title":"Proyecto Orchestra Brasil presente en ForM\u00f3bile con stand y rondas de negocios - Sindm\u00f3veis-RS","robots":{"index":"index","follow":"follow","max-snippet":"max-snippet:-1","max-image-preview":"max-image-preview:large","max-video-preview":"max-video-preview:-1"},"canonical":"https:\/\/www.sindmoveis.com.br\/es\/projeto-orchestra-brasil-presente-na-formobile-com-estande-e-rodadas-de-negocios\/","og_locale":"es_ES","og_type":"article","og_title":"Proyecto Orchestra Brasil presente en ForM\u00f3bile con stand y rondas de negocios - Sindm\u00f3veis-RS","og_description":"El Proyecto Orchestra Brasil de incentivo a las exportaciones- promovido por el Sindicato de las Industrias del Mobiliario de Bento Gon\u00e7alves (Sindm\u00f3veis) con apoyo de la Agencia Brasile\u00f1a de Promoci\u00f3n de Exportaciones e Inversiones (Apex-Brasil) \u2013 tendr\u00e1 dos acciones en la Feria Internacional de Proveedores de la Industria de Madera y Muebles (ForM\u00f3bile 2014). Adem\u00e1s del stand colectivo con exposici\u00f3n de las empresas Franzoi, Kolafit, Pallet do Brasil e Torralba, ser\u00e1 promovido un Proyecto Comprador con importadores invitados.","og_url":"https:\/\/www.sindmoveis.com.br\/es\/projeto-orchestra-brasil-presente-na-formobile-com-estande-e-rodadas-de-negocios\/","og_site_name":"Sindm\u00f3veis-RS","article_published_time":"2014-07-22T03:00:00+00:00","article_modified_time":"2021-05-26T13:28:37+00:00","og_image":[{"width":1181,"height":886,"url":"https:\/\/www.sindmoveis.com.br\/es\/wp-content\/uploads\/2021\/05\/p1406048198.jpg","type":"image\/jpeg"}],"author":"Imprensa Sindm\u00f3veis","twitter_card":"summary_large_image","twitter_misc":{"Escrito por":"Imprensa Sindm\u00f3veis","Tiempo de lectura":"2 minutos"},"schema":{"@context":"https:\/\/schema.org","@graph":[{"@type":"Article","@id":"https:\/\/www.sindmoveis.com.br\/es\/projeto-orchestra-brasil-presente-na-formobile-com-estande-e-rodadas-de-negocios\/#article","isPartOf":{"@id":"https:\/\/www.sindmoveis.com.br\/es\/projeto-orchestra-brasil-presente-na-formobile-com-estande-e-rodadas-de-negocios\/"},"author":{"name":"Imprensa Sindm\u00f3veis","@id":"https:\/\/www.sindmoveis.com.br\/es\/#\/schema\/person\/16d379542db1950a17fe188179340d57"},"headline":"Proyecto Orchestra Brasil presente en ForM\u00f3bile con stand y rondas de negocios","datePublished":"2014-07-22T03:00:00+00:00","dateModified":"2021-05-26T13:28:37+00:00","mainEntityOfPage":{"@id":"https:\/\/www.sindmoveis.com.br\/es\/projeto-orchestra-brasil-presente-na-formobile-com-estande-e-rodadas-de-negocios\/"},"wordCount":392,"image":{"@id":"https:\/\/www.sindmoveis.com.br\/es\/projeto-orchestra-brasil-presente-na-formobile-com-estande-e-rodadas-de-negocios\/#primaryimage"},"thumbnailUrl":"https:\/\/www.sindmoveis.com.br\/es\/wp-content\/uploads\/2021\/05\/p1406048198.jpg","articleSection":["Proyecto Orchestra Brasil","Sindm\u00f3veis"],"inLanguage":"es"},{"@type":"WebPage","@id":"https:\/\/www.sindmoveis.com.br\/es\/projeto-orchestra-brasil-presente-na-formobile-com-estande-e-rodadas-de-negocios\/","url":"https:\/\/www.sindmoveis.com.br\/es\/projeto-orchestra-brasil-presente-na-formobile-com-estande-e-rodadas-de-negocios\/","name":"Proyecto Orchestra Brasil presente en ForM\u00f3bile con stand y rondas de negocios - Sindm\u00f3veis-RS","isPartOf":{"@id":"https:\/\/www.sindmoveis.com.br\/es\/#website"},"primaryImageOfPage":{"@id":"https:\/\/www.sindmoveis.com.br\/es\/projeto-orchestra-brasil-presente-na-formobile-com-estande-e-rodadas-de-negocios\/#primaryimage"},"image":{"@id":"https:\/\/www.sindmoveis.com.br\/es\/projeto-orchestra-brasil-presente-na-formobile-com-estande-e-rodadas-de-negocios\/#primaryimage"},"thumbnailUrl":"https:\/\/www.sindmoveis.com.br\/es\/wp-content\/uploads\/2021\/05\/p1406048198.jpg","datePublished":"2014-07-22T03:00:00+00:00","dateModified":"2021-05-26T13:28:37+00:00","author":{"@id":"https:\/\/www.sindmoveis.com.br\/es\/#\/schema\/person\/16d379542db1950a17fe188179340d57"},"inLanguage":"es","potentialAction":[{"@type":"ReadAction","target":["https:\/\/www.sindmoveis.com.br\/es\/projeto-orchestra-brasil-presente-na-formobile-com-estande-e-rodadas-de-negocios\/"]}]},{"@type":"ImageObject","inLanguage":"es","@id":"https:\/\/www.sindmoveis.com.br\/es\/projeto-orchestra-brasil-presente-na-formobile-com-estande-e-rodadas-de-negocios\/#primaryimage","url":"https:\/\/www.sindmoveis.com.br\/es\/wp-content\/uploads\/2021\/05\/p1406048198.jpg","contentUrl":"https:\/\/www.sindmoveis.com.br\/es\/wp-content\/uploads\/2021\/05\/p1406048198.jpg","width":1181,"height":886,"caption":"En 2012"},{"@type":"WebSite","@id":"https:\/\/www.sindmoveis.com.br\/es\/#website","url":"https:\/\/www.sindmoveis.com.br\/es\/","name":"Sindm\u00f3veis-RS","description":"","potentialAction":[{"@type":"SearchAction","target":{"@type":"EntryPoint","urlTemplate":"https:\/\/www.sindmoveis.com.br\/es\/?s={search_term_string}"},"query-input":{"@type":"PropertyValueSpecification","valueRequired":true,"valueName":"search_term_string"}}],"inLanguage":"es"},{"@type":"Person","@id":"https:\/\/www.sindmoveis.com.br\/es\/#\/schema\/person\/16d379542db1950a17fe188179340d57","name":"Imprensa Sindm\u00f3veis","image":{"@type":"ImageObject","inLanguage":"es","@id":"https:\/\/www.sindmoveis.com.br\/es\/#\/schema\/person\/image\/","url":"https:\/\/secure.gravatar.com\/avatar\/4973e2e2c2a0cb5db30b0c7b770041b8e33d048a16b695a1f99c042449d4bfaf?s=96&d=mm&r=g","contentUrl":"https:\/\/secure.gravatar.com\/avatar\/4973e2e2c2a0cb5db30b0c7b770041b8e33d048a16b695a1f99c042449d4bfaf?s=96&d=mm&r=g","caption":"Imprensa Sindm\u00f3veis"},"url":"https:\/\/www.sindmoveis.com.br\/es\/author\/ana\/"}]}},"_links":{"self":[{"href":"https:\/\/www.sindmoveis.com.br\/es\/wp-json\/wp\/v2\/posts\/1103","targetHints":{"allow":["GET"]}}],"collection":[{"href":"https:\/\/www.sindmoveis.com.br\/es\/wp-json\/wp\/v2\/posts"}],"about":[{"href":"https:\/\/www.sindmoveis.com.br\/es\/wp-json\/wp\/v2\/types\/post"}],"author":[{"embeddable":true,"href":"https:\/\/www.sindmoveis.com.br\/es\/wp-json\/wp\/v2\/users\/5"}],"replies":[{"embeddable":true,"href":"https:\/\/www.sindmoveis.com.br\/es\/wp-json\/wp\/v2\/comments?post=1103"}],"version-history":[{"count":2,"href":"https:\/\/www.sindmoveis.com.br\/es\/wp-json\/wp\/v2\/posts\/1103\/revisions"}],"predecessor-version":[{"id":3420,"href":"https:\/\/www.sindmoveis.com.br\/es\/wp-json\/wp\/v2\/posts\/1103\/revisions\/3420"}],"wp:featuredmedia":[{"embeddable":true,"href":"https:\/\/www.sindmoveis.com.br\/es\/wp-json\/wp\/v2\/media\/3421"}],"wp:attachment":[{"href":"https:\/\/www.sindmoveis.com.br\/es\/wp-json\/wp\/v2\/media?parent=1103"}],"wp:term":[{"taxonomy":"category","embeddable":true,"href":"https:\/\/www.sindmoveis.com.br\/es\/wp-json\/wp\/v2\/categories?post=1103"},{"taxonomy":"post_tag","embeddable":true,"href":"https:\/\/www.sindmoveis.com.br\/es\/wp-json\/wp\/v2\/tags?post=1103"}],"curies":[{"name":"wp","href":"https:\/\/api.w.org\/{rel}","templated":true}]}}