{"id":1102,"date":"2014-07-15T00:00:00","date_gmt":"2014-07-15T03:00:00","guid":{"rendered":"http:\/\/sindmoveis.com.br\/imprensa\/noticias\/segundo-semestre-impoe-desafios-ao-polo-moveleiro-de-bento-goncalves\/"},"modified":"2021-05-26T10:24:28","modified_gmt":"2021-05-26T13:24:28","slug":"segundo-semestre-impoe-desafios-ao-polo-moveleiro-de-bento-goncalves","status":"publish","type":"post","link":"https:\/\/www.sindmoveis.com.br\/es\/segundo-semestre-impoe-desafios-ao-polo-moveleiro-de-bento-goncalves\/","title":{"rendered":"Segundo semestre impone desaf\u00edos al polo mobiliario de Bento Gon\u00e7alves"},"content":{"rendered":"<div><i>Desempe\u00f1o inferior de lo esperado y alta de las importaciones causa preocupaci\u00f3n a la industria local<\/i><\/div>\n<div>&nbsp;<\/div>\n<div>El polo mobiliario de Bento Gon\u00e7alves finaliz\u00f3 el primer semestre con desempe\u00f1o abajo de lo previsto en el mercado interno y externo. El principal desaf\u00edo para lo que resta del a\u00f1o es buscar alternativas para la desaceleraci\u00f3n del consumo en Brasil y la p\u00e9rdida de espacio en mercados importantes de \u00c1frica y Am\u00e9rica del Sur. Las exportaciones del polo sufrieron una ca\u00edda de 2,7% en el primer semestre.&nbsp;<\/div>\n<div>Ese descenso viene siendo verificado desde 2013 y la menor competitividad de la industria es considerada como uno de los principales motivos del resultado. El presidente de Sindicato de las Industrias del Mobiliario de Bento Gon\u00e7alves \u2013 Sindm\u00f3veis, eval\u00faa que la industria ha sentido los efectos del aumento de los costos, problemas de log\u00edstica y alta carga tributaria, lo que ocasiona dificultades para la competencia internacional del polo. \u201cPara revertir ese escenario, estamos reforzando la actuaci\u00f3n del Comit\u00e9 Internacional, con la b\u00fasqueda de mercados alternativos para los muebles de Bento Gon\u00e7alves, basados en criterios cuantitativos e informaciones de mercado de Apex-Brasil, aliando la experiencia y visi\u00f3n de mercado de las principales empresas exportadoras\u201d, estima Tecchio.&nbsp;<\/div>\n<div>En lo que respecta al mercado interno, que absorbe pr\u00e1cticamente 95% del total producido en el polo, la situaci\u00f3n tambi\u00e9n es de cautela. De enero a mayo, la facturaci\u00f3n nominal cay\u00f3 de 3,9% con relaci\u00f3n al mismo per\u00edodo de 2013. Conforme datos del Instituto Brasile\u00f1o de Geograf\u00eda y Estad\u00edstica \u2013 IBGE, el volumen de ventas de las ventas al por menor en Brasil tambi\u00e9n est\u00e1 en desaceleraci\u00f3n y, a pesar de estar todav\u00eda positivo, la producci\u00f3n nacional no viene acompa\u00f1ando esa evoluci\u00f3n. La actividad de fabricaci\u00f3n de muebles tuvo uno de los peores desempe\u00f1os entre todas las industrias investigadas por el IBGE (ca\u00edda de 7,6% en lo que va de enero a mayo), lo que puede ser explicado por la acumulaci\u00f3n indeseada de stocks y el crecimiento de las importaciones de muebles.<\/div>\n<div>El endeudamiento de las familias, el comprometimiento de la renta, el atraso en los pagos en un nivel alto, adem\u00e1s de la menor evoluci\u00f3n de los salarios reales, alta de los intereses, restricci\u00f3n de cr\u00e9dito e inflaci\u00f3n en aumento son algunos de los factores que est\u00e1n provocando ca\u00edda en la expectativa de demanda y en la confianza de los consumidores e industria. Sumados a esos factores, el crecimiento econ\u00f3mico brasile\u00f1o muestra se\u00f1ales de debilidad este a\u00f1o. Conforme datos del IBGE, el PIB brasile\u00f1o creci\u00f3 0,2% en el primer trimestre de 2014. Sin embargo, la industria cay\u00f3 0,8%, las inversiones 2,1% y el consumo de las familias 0,1%.&nbsp;<\/div>\n<div>No obstante el momento delicado, el presidente de Sindm\u00f3veis, Henrique Tecchio, destaca que la renta real, a pesar de estar disminuyendo, a\u00fan est\u00e1 en niveles positivos. Adem\u00e1s de ello, el desempleo es bajo y la poblaci\u00f3n brasile\u00f1a es predominantemente joven, lo que estimula el consumo. Recientemente, el anuncio de tres millones de nuevas viviendas por el Programa \u201cMinha Casa, Minha Vida\u201d surgi\u00f3 como una oportunidad para el sector del mobiliario. \u201cEl segmento de muebles para las clases C y D, si supieren aprovechar, ser\u00e1 especialmente favorecido por la mayor cantidad de viviendas populares\u201d, afirma Tecchio. Por lo dem\u00e1s, conforme datos divulgados por el Instituto Data Popular, solamente en la clase C m\u00e1s de 19 millones de personas pretenden comprar muebles en los pr\u00f3ximos doce meses.<\/div>\n<div><\/div>\n","protected":false},"excerpt":{"rendered":"<p>El polo mobiliario de Bento Gon\u00e7alves finaliz\u00f3 el primer semestre con desempe\u00f1o abajo de lo previsto en el mercado interno y externo. El principal desaf\u00edo para lo que resta del a\u00f1o es buscar alternativas para la desaceleraci\u00f3n del consumo en Brasil y la p\u00e9rdida de espacio en mercados importantes de \u00c1frica y Am\u00e9rica del Sur. Las exportaciones del polo sufrieron una ca\u00edda de 2,7% en el primer semestre.<\/p>\n","protected":false},"author":5,"featured_media":3419,"comment_status":"closed","ping_status":"open","sticky":false,"template":"","format":"standard","meta":{"footnotes":"","_links_to":"","_links_to_target":""},"categories":[2],"tags":[],"class_list":["post-1102","post","type-post","status-publish","format-standard","has-post-thumbnail","hentry","category-sindmoveis"],"yoast_head":"<!-- This site is optimized with the Yoast SEO plugin v27.0 - https:\/\/yoast.com\/product\/yoast-seo-wordpress\/ -->\n<title>Segundo semestre impone desaf\u00edos al polo mobiliario de Bento Gon\u00e7alves - Sindm\u00f3veis-RS<\/title>\n<meta name=\"robots\" content=\"index, follow, max-snippet:-1, max-image-preview:large, max-video-preview:-1\" \/>\n<link rel=\"canonical\" href=\"https:\/\/www.sindmoveis.com.br\/es\/segundo-semestre-impoe-desafios-ao-polo-moveleiro-de-bento-goncalves\/\" \/>\n<meta property=\"og:locale\" content=\"es_ES\" \/>\n<meta property=\"og:type\" content=\"article\" \/>\n<meta property=\"og:title\" content=\"Segundo semestre impone desaf\u00edos al polo mobiliario de Bento Gon\u00e7alves - Sindm\u00f3veis-RS\" \/>\n<meta property=\"og:description\" content=\"El polo mobiliario de Bento Gon\u00e7alves finaliz\u00f3 el primer semestre con desempe\u00f1o abajo de lo previsto en el mercado interno y externo. El principal desaf\u00edo para lo que resta del a\u00f1o es buscar alternativas para la desaceleraci\u00f3n del consumo en Brasil y la p\u00e9rdida de espacio en mercados importantes de \u00c1frica y Am\u00e9rica del Sur. Las exportaciones del polo sufrieron una ca\u00edda de 2,7% en el primer semestre.\" \/>\n<meta property=\"og:url\" content=\"https:\/\/www.sindmoveis.com.br\/es\/segundo-semestre-impoe-desafios-ao-polo-moveleiro-de-bento-goncalves\/\" \/>\n<meta property=\"og:site_name\" content=\"Sindm\u00f3veis-RS\" \/>\n<meta property=\"article:published_time\" content=\"2014-07-15T03:00:00+00:00\" \/>\n<meta property=\"article:modified_time\" content=\"2021-05-26T13:24:28+00:00\" \/>\n<meta property=\"og:image\" content=\"https:\/\/www.sindmoveis.com.br\/es\/wp-content\/uploads\/2021\/05\/p1405432723.jpg\" \/>\n\t<meta property=\"og:image:width\" content=\"1200\" \/>\n\t<meta property=\"og:image:height\" content=\"800\" \/>\n\t<meta property=\"og:image:type\" content=\"image\/jpeg\" \/>\n<meta name=\"author\" content=\"Imprensa Sindm\u00f3veis\" \/>\n<meta name=\"twitter:card\" content=\"summary_large_image\" \/>\n<meta name=\"twitter:label1\" content=\"Escrito por\" \/>\n\t<meta name=\"twitter:data1\" content=\"Imprensa Sindm\u00f3veis\" \/>\n\t<meta name=\"twitter:label2\" content=\"Tiempo de lectura\" \/>\n\t<meta name=\"twitter:data2\" content=\"3 minutos\" \/>\n<script type=\"application\/ld+json\" class=\"yoast-schema-graph\">{\"@context\":\"https:\/\/schema.org\",\"@graph\":[{\"@type\":\"Article\",\"@id\":\"https:\/\/www.sindmoveis.com.br\/es\/segundo-semestre-impoe-desafios-ao-polo-moveleiro-de-bento-goncalves\/#article\",\"isPartOf\":{\"@id\":\"https:\/\/www.sindmoveis.com.br\/es\/segundo-semestre-impoe-desafios-ao-polo-moveleiro-de-bento-goncalves\/\"},\"author\":{\"name\":\"Imprensa Sindm\u00f3veis\",\"@id\":\"https:\/\/www.sindmoveis.com.br\/es\/#\/schema\/person\/16d379542db1950a17fe188179340d57\"},\"headline\":\"Segundo semestre impone desaf\u00edos al polo mobiliario de Bento Gon\u00e7alves\",\"datePublished\":\"2014-07-15T03:00:00+00:00\",\"dateModified\":\"2021-05-26T13:24:28+00:00\",\"mainEntityOfPage\":{\"@id\":\"https:\/\/www.sindmoveis.com.br\/es\/segundo-semestre-impoe-desafios-ao-polo-moveleiro-de-bento-goncalves\/\"},\"wordCount\":622,\"image\":{\"@id\":\"https:\/\/www.sindmoveis.com.br\/es\/segundo-semestre-impoe-desafios-ao-polo-moveleiro-de-bento-goncalves\/#primaryimage\"},\"thumbnailUrl\":\"https:\/\/www.sindmoveis.com.br\/es\/wp-content\/uploads\/2021\/05\/p1405432723.jpg\",\"articleSection\":[\"Sindm\u00f3veis\"],\"inLanguage\":\"es\"},{\"@type\":\"WebPage\",\"@id\":\"https:\/\/www.sindmoveis.com.br\/es\/segundo-semestre-impoe-desafios-ao-polo-moveleiro-de-bento-goncalves\/\",\"url\":\"https:\/\/www.sindmoveis.com.br\/es\/segundo-semestre-impoe-desafios-ao-polo-moveleiro-de-bento-goncalves\/\",\"name\":\"Segundo semestre impone desaf\u00edos al polo mobiliario de Bento Gon\u00e7alves - Sindm\u00f3veis-RS\",\"isPartOf\":{\"@id\":\"https:\/\/www.sindmoveis.com.br\/es\/#website\"},\"primaryImageOfPage\":{\"@id\":\"https:\/\/www.sindmoveis.com.br\/es\/segundo-semestre-impoe-desafios-ao-polo-moveleiro-de-bento-goncalves\/#primaryimage\"},\"image\":{\"@id\":\"https:\/\/www.sindmoveis.com.br\/es\/segundo-semestre-impoe-desafios-ao-polo-moveleiro-de-bento-goncalves\/#primaryimage\"},\"thumbnailUrl\":\"https:\/\/www.sindmoveis.com.br\/es\/wp-content\/uploads\/2021\/05\/p1405432723.jpg\",\"datePublished\":\"2014-07-15T03:00:00+00:00\",\"dateModified\":\"2021-05-26T13:24:28+00:00\",\"author\":{\"@id\":\"https:\/\/www.sindmoveis.com.br\/es\/#\/schema\/person\/16d379542db1950a17fe188179340d57\"},\"inLanguage\":\"es\",\"potentialAction\":[{\"@type\":\"ReadAction\",\"target\":[\"https:\/\/www.sindmoveis.com.br\/es\/segundo-semestre-impoe-desafios-ao-polo-moveleiro-de-bento-goncalves\/\"]}]},{\"@type\":\"ImageObject\",\"inLanguage\":\"es\",\"@id\":\"https:\/\/www.sindmoveis.com.br\/es\/segundo-semestre-impoe-desafios-ao-polo-moveleiro-de-bento-goncalves\/#primaryimage\",\"url\":\"https:\/\/www.sindmoveis.com.br\/es\/wp-content\/uploads\/2021\/05\/p1405432723.jpg\",\"contentUrl\":\"https:\/\/www.sindmoveis.com.br\/es\/wp-content\/uploads\/2021\/05\/p1405432723.jpg\",\"width\":1200,\"height\":800,\"caption\":\"Industrias del polo mobiliario vienen sintiendo efectos del aumento de los costos\"},{\"@type\":\"WebSite\",\"@id\":\"https:\/\/www.sindmoveis.com.br\/es\/#website\",\"url\":\"https:\/\/www.sindmoveis.com.br\/es\/\",\"name\":\"Sindm\u00f3veis-RS\",\"description\":\"\",\"potentialAction\":[{\"@type\":\"SearchAction\",\"target\":{\"@type\":\"EntryPoint\",\"urlTemplate\":\"https:\/\/www.sindmoveis.com.br\/es\/?s={search_term_string}\"},\"query-input\":{\"@type\":\"PropertyValueSpecification\",\"valueRequired\":true,\"valueName\":\"search_term_string\"}}],\"inLanguage\":\"es\"},{\"@type\":\"Person\",\"@id\":\"https:\/\/www.sindmoveis.com.br\/es\/#\/schema\/person\/16d379542db1950a17fe188179340d57\",\"name\":\"Imprensa Sindm\u00f3veis\",\"image\":{\"@type\":\"ImageObject\",\"inLanguage\":\"es\",\"@id\":\"https:\/\/www.sindmoveis.com.br\/es\/#\/schema\/person\/image\/\",\"url\":\"https:\/\/secure.gravatar.com\/avatar\/4973e2e2c2a0cb5db30b0c7b770041b8e33d048a16b695a1f99c042449d4bfaf?s=96&d=mm&r=g\",\"contentUrl\":\"https:\/\/secure.gravatar.com\/avatar\/4973e2e2c2a0cb5db30b0c7b770041b8e33d048a16b695a1f99c042449d4bfaf?s=96&d=mm&r=g\",\"caption\":\"Imprensa Sindm\u00f3veis\"},\"url\":\"https:\/\/www.sindmoveis.com.br\/es\/author\/ana\/\"}]}<\/script>\n<!-- \/ Yoast SEO plugin. -->","yoast_head_json":{"title":"Segundo semestre impone desaf\u00edos al polo mobiliario de Bento Gon\u00e7alves - Sindm\u00f3veis-RS","robots":{"index":"index","follow":"follow","max-snippet":"max-snippet:-1","max-image-preview":"max-image-preview:large","max-video-preview":"max-video-preview:-1"},"canonical":"https:\/\/www.sindmoveis.com.br\/es\/segundo-semestre-impoe-desafios-ao-polo-moveleiro-de-bento-goncalves\/","og_locale":"es_ES","og_type":"article","og_title":"Segundo semestre impone desaf\u00edos al polo mobiliario de Bento Gon\u00e7alves - Sindm\u00f3veis-RS","og_description":"El polo mobiliario de Bento Gon\u00e7alves finaliz\u00f3 el primer semestre con desempe\u00f1o abajo de lo previsto en el mercado interno y externo. El principal desaf\u00edo para lo que resta del a\u00f1o es buscar alternativas para la desaceleraci\u00f3n del consumo en Brasil y la p\u00e9rdida de espacio en mercados importantes de \u00c1frica y Am\u00e9rica del Sur. Las exportaciones del polo sufrieron una ca\u00edda de 2,7% en el primer semestre.","og_url":"https:\/\/www.sindmoveis.com.br\/es\/segundo-semestre-impoe-desafios-ao-polo-moveleiro-de-bento-goncalves\/","og_site_name":"Sindm\u00f3veis-RS","article_published_time":"2014-07-15T03:00:00+00:00","article_modified_time":"2021-05-26T13:24:28+00:00","og_image":[{"width":1200,"height":800,"url":"https:\/\/www.sindmoveis.com.br\/es\/wp-content\/uploads\/2021\/05\/p1405432723.jpg","type":"image\/jpeg"}],"author":"Imprensa Sindm\u00f3veis","twitter_card":"summary_large_image","twitter_misc":{"Escrito por":"Imprensa Sindm\u00f3veis","Tiempo de lectura":"3 minutos"},"schema":{"@context":"https:\/\/schema.org","@graph":[{"@type":"Article","@id":"https:\/\/www.sindmoveis.com.br\/es\/segundo-semestre-impoe-desafios-ao-polo-moveleiro-de-bento-goncalves\/#article","isPartOf":{"@id":"https:\/\/www.sindmoveis.com.br\/es\/segundo-semestre-impoe-desafios-ao-polo-moveleiro-de-bento-goncalves\/"},"author":{"name":"Imprensa Sindm\u00f3veis","@id":"https:\/\/www.sindmoveis.com.br\/es\/#\/schema\/person\/16d379542db1950a17fe188179340d57"},"headline":"Segundo semestre impone desaf\u00edos al polo mobiliario de Bento Gon\u00e7alves","datePublished":"2014-07-15T03:00:00+00:00","dateModified":"2021-05-26T13:24:28+00:00","mainEntityOfPage":{"@id":"https:\/\/www.sindmoveis.com.br\/es\/segundo-semestre-impoe-desafios-ao-polo-moveleiro-de-bento-goncalves\/"},"wordCount":622,"image":{"@id":"https:\/\/www.sindmoveis.com.br\/es\/segundo-semestre-impoe-desafios-ao-polo-moveleiro-de-bento-goncalves\/#primaryimage"},"thumbnailUrl":"https:\/\/www.sindmoveis.com.br\/es\/wp-content\/uploads\/2021\/05\/p1405432723.jpg","articleSection":["Sindm\u00f3veis"],"inLanguage":"es"},{"@type":"WebPage","@id":"https:\/\/www.sindmoveis.com.br\/es\/segundo-semestre-impoe-desafios-ao-polo-moveleiro-de-bento-goncalves\/","url":"https:\/\/www.sindmoveis.com.br\/es\/segundo-semestre-impoe-desafios-ao-polo-moveleiro-de-bento-goncalves\/","name":"Segundo semestre impone desaf\u00edos al polo mobiliario de Bento Gon\u00e7alves - Sindm\u00f3veis-RS","isPartOf":{"@id":"https:\/\/www.sindmoveis.com.br\/es\/#website"},"primaryImageOfPage":{"@id":"https:\/\/www.sindmoveis.com.br\/es\/segundo-semestre-impoe-desafios-ao-polo-moveleiro-de-bento-goncalves\/#primaryimage"},"image":{"@id":"https:\/\/www.sindmoveis.com.br\/es\/segundo-semestre-impoe-desafios-ao-polo-moveleiro-de-bento-goncalves\/#primaryimage"},"thumbnailUrl":"https:\/\/www.sindmoveis.com.br\/es\/wp-content\/uploads\/2021\/05\/p1405432723.jpg","datePublished":"2014-07-15T03:00:00+00:00","dateModified":"2021-05-26T13:24:28+00:00","author":{"@id":"https:\/\/www.sindmoveis.com.br\/es\/#\/schema\/person\/16d379542db1950a17fe188179340d57"},"inLanguage":"es","potentialAction":[{"@type":"ReadAction","target":["https:\/\/www.sindmoveis.com.br\/es\/segundo-semestre-impoe-desafios-ao-polo-moveleiro-de-bento-goncalves\/"]}]},{"@type":"ImageObject","inLanguage":"es","@id":"https:\/\/www.sindmoveis.com.br\/es\/segundo-semestre-impoe-desafios-ao-polo-moveleiro-de-bento-goncalves\/#primaryimage","url":"https:\/\/www.sindmoveis.com.br\/es\/wp-content\/uploads\/2021\/05\/p1405432723.jpg","contentUrl":"https:\/\/www.sindmoveis.com.br\/es\/wp-content\/uploads\/2021\/05\/p1405432723.jpg","width":1200,"height":800,"caption":"Industrias del polo mobiliario vienen sintiendo efectos del aumento de los costos"},{"@type":"WebSite","@id":"https:\/\/www.sindmoveis.com.br\/es\/#website","url":"https:\/\/www.sindmoveis.com.br\/es\/","name":"Sindm\u00f3veis-RS","description":"","potentialAction":[{"@type":"SearchAction","target":{"@type":"EntryPoint","urlTemplate":"https:\/\/www.sindmoveis.com.br\/es\/?s={search_term_string}"},"query-input":{"@type":"PropertyValueSpecification","valueRequired":true,"valueName":"search_term_string"}}],"inLanguage":"es"},{"@type":"Person","@id":"https:\/\/www.sindmoveis.com.br\/es\/#\/schema\/person\/16d379542db1950a17fe188179340d57","name":"Imprensa Sindm\u00f3veis","image":{"@type":"ImageObject","inLanguage":"es","@id":"https:\/\/www.sindmoveis.com.br\/es\/#\/schema\/person\/image\/","url":"https:\/\/secure.gravatar.com\/avatar\/4973e2e2c2a0cb5db30b0c7b770041b8e33d048a16b695a1f99c042449d4bfaf?s=96&d=mm&r=g","contentUrl":"https:\/\/secure.gravatar.com\/avatar\/4973e2e2c2a0cb5db30b0c7b770041b8e33d048a16b695a1f99c042449d4bfaf?s=96&d=mm&r=g","caption":"Imprensa Sindm\u00f3veis"},"url":"https:\/\/www.sindmoveis.com.br\/es\/author\/ana\/"}]}},"_links":{"self":[{"href":"https:\/\/www.sindmoveis.com.br\/es\/wp-json\/wp\/v2\/posts\/1102","targetHints":{"allow":["GET"]}}],"collection":[{"href":"https:\/\/www.sindmoveis.com.br\/es\/wp-json\/wp\/v2\/posts"}],"about":[{"href":"https:\/\/www.sindmoveis.com.br\/es\/wp-json\/wp\/v2\/types\/post"}],"author":[{"embeddable":true,"href":"https:\/\/www.sindmoveis.com.br\/es\/wp-json\/wp\/v2\/users\/5"}],"replies":[{"embeddable":true,"href":"https:\/\/www.sindmoveis.com.br\/es\/wp-json\/wp\/v2\/comments?post=1102"}],"version-history":[{"count":2,"href":"https:\/\/www.sindmoveis.com.br\/es\/wp-json\/wp\/v2\/posts\/1102\/revisions"}],"predecessor-version":[{"id":3418,"href":"https:\/\/www.sindmoveis.com.br\/es\/wp-json\/wp\/v2\/posts\/1102\/revisions\/3418"}],"wp:featuredmedia":[{"embeddable":true,"href":"https:\/\/www.sindmoveis.com.br\/es\/wp-json\/wp\/v2\/media\/3419"}],"wp:attachment":[{"href":"https:\/\/www.sindmoveis.com.br\/es\/wp-json\/wp\/v2\/media?parent=1102"}],"wp:term":[{"taxonomy":"category","embeddable":true,"href":"https:\/\/www.sindmoveis.com.br\/es\/wp-json\/wp\/v2\/categories?post=1102"},{"taxonomy":"post_tag","embeddable":true,"href":"https:\/\/www.sindmoveis.com.br\/es\/wp-json\/wp\/v2\/tags?post=1102"}],"curies":[{"name":"wp","href":"https:\/\/api.w.org\/{rel}","templated":true}]}}