{"id":1101,"date":"2014-07-10T00:00:00","date_gmt":"2014-07-10T03:00:00","guid":{"rendered":"http:\/\/sindmoveis.com.br\/imprensa\/noticias\/projeto-comprador-da-copa-tem-participacao-de-15-empresas-do-orchestra-brasil\/"},"modified":"2021-05-26T10:28:38","modified_gmt":"2021-05-26T13:28:38","slug":"projeto-comprador-da-copa-tem-participacao-de-15-empresas-do-orchestra-brasil","status":"publish","type":"post","link":"https:\/\/www.sindmoveis.com.br\/es\/projeto-comprador-da-copa-tem-participacao-de-15-empresas-do-orchestra-brasil\/","title":{"rendered":"Proyecto Comprador de la Copa tiene participaci\u00f3n de 15 empresas de Orchestra Brasil"},"content":{"rendered":"<div>La derrota hist\u00f3rica de Brasil en la Copa del Mundo de FIFA 2014 abati\u00f3 el \u00e1nimo de los fan\u00e1ticos, pero no la oportunidad de buenos negocios que el evento proporciona. Entre los 2.300 importadores y formadores de opini\u00f3n invitados para la acci\u00f3n promovida por Apex-Brasil, tres de ellos que fueron dirigidos para empresas del Proyecto Orchestra Brasil, ya est\u00e1n en el pa\u00eds y se preparan para visitar industrias en Bento Gon\u00e7alves y en S\u00e3o Paulo, los d\u00edas 10 y 11, participando de rondas de negocios con 15 empresas. La agenda termina en el hospitality de Apex-Brasil en el Maracan\u00e3 d\u00eda 13 de julio, cuando Alemania y Argentina disputan el t\u00edtulo. Fueron invitados grandes distribuidores de accesorios, componentes y materias primas para la industria del mobiliario de Canad\u00e1, Colombia y Per\u00fa.<\/div>\n<div><\/div>\n","protected":false},"excerpt":{"rendered":"<p>La derrota hist\u00f3rica de Brasil en la Copa del Mundo de FIFA 2014 abati\u00f3 el \u00e1nimo de los fan\u00e1ticos, pero no la oportunidad de buenos negocios que el evento proporciona.<\/p>\n","protected":false},"author":5,"featured_media":3417,"comment_status":"closed","ping_status":"open","sticky":false,"template":"","format":"standard","meta":{"footnotes":"","_links_to":"","_links_to_target":""},"categories":[22,2],"tags":[],"class_list":["post-1101","post","type-post","status-publish","format-standard","has-post-thumbnail","hentry","category-proyecto-orchestra-brasil","category-sindmoveis"],"yoast_head":"<!-- This site is optimized with the Yoast SEO plugin v27.0 - https:\/\/yoast.com\/product\/yoast-seo-wordpress\/ -->\n<title>Proyecto Comprador de la Copa tiene participaci\u00f3n de 15 empresas de Orchestra Brasil - Sindm\u00f3veis-RS<\/title>\n<meta name=\"robots\" content=\"index, follow, max-snippet:-1, max-image-preview:large, max-video-preview:-1\" \/>\n<link rel=\"canonical\" href=\"https:\/\/www.sindmoveis.com.br\/es\/projeto-comprador-da-copa-tem-participacao-de-15-empresas-do-orchestra-brasil\/\" \/>\n<meta property=\"og:locale\" content=\"es_ES\" \/>\n<meta property=\"og:type\" content=\"article\" \/>\n<meta property=\"og:title\" content=\"Proyecto Comprador de la Copa tiene participaci\u00f3n de 15 empresas de Orchestra Brasil - Sindm\u00f3veis-RS\" \/>\n<meta property=\"og:description\" content=\"La derrota hist\u00f3rica de Brasil en la Copa del Mundo de FIFA 2014 abati\u00f3 el \u00e1nimo de los fan\u00e1ticos, pero no la oportunidad de buenos negocios que el evento proporciona.\" \/>\n<meta property=\"og:url\" content=\"https:\/\/www.sindmoveis.com.br\/es\/projeto-comprador-da-copa-tem-participacao-de-15-empresas-do-orchestra-brasil\/\" \/>\n<meta property=\"og:site_name\" content=\"Sindm\u00f3veis-RS\" \/>\n<meta property=\"article:published_time\" content=\"2014-07-10T03:00:00+00:00\" \/>\n<meta property=\"article:modified_time\" content=\"2021-05-26T13:28:38+00:00\" \/>\n<meta property=\"og:image\" content=\"https:\/\/www.sindmoveis.com.br\/es\/wp-content\/uploads\/2021\/05\/p1405015163.jpg\" \/>\n\t<meta property=\"og:image:width\" content=\"1575\" \/>\n\t<meta property=\"og:image:height\" content=\"1050\" \/>\n\t<meta property=\"og:image:type\" content=\"image\/jpeg\" \/>\n<meta name=\"author\" content=\"Imprensa Sindm\u00f3veis\" \/>\n<meta name=\"twitter:card\" content=\"summary_large_image\" \/>\n<meta name=\"twitter:label1\" content=\"Escrito por\" \/>\n\t<meta name=\"twitter:data1\" content=\"Imprensa Sindm\u00f3veis\" \/>\n\t<meta name=\"twitter:label2\" content=\"Tiempo de lectura\" \/>\n\t<meta name=\"twitter:data2\" content=\"1 minuto\" \/>\n<script type=\"application\/ld+json\" class=\"yoast-schema-graph\">{\"@context\":\"https:\/\/schema.org\",\"@graph\":[{\"@type\":\"Article\",\"@id\":\"https:\/\/www.sindmoveis.com.br\/es\/projeto-comprador-da-copa-tem-participacao-de-15-empresas-do-orchestra-brasil\/#article\",\"isPartOf\":{\"@id\":\"https:\/\/www.sindmoveis.com.br\/es\/projeto-comprador-da-copa-tem-participacao-de-15-empresas-do-orchestra-brasil\/\"},\"author\":{\"name\":\"Imprensa Sindm\u00f3veis\",\"@id\":\"https:\/\/www.sindmoveis.com.br\/es\/#\/schema\/person\/16d379542db1950a17fe188179340d57\"},\"headline\":\"Proyecto Comprador de la Copa tiene participaci\u00f3n de 15 empresas de Orchestra Brasil\",\"datePublished\":\"2014-07-10T03:00:00+00:00\",\"dateModified\":\"2021-05-26T13:28:38+00:00\",\"mainEntityOfPage\":{\"@id\":\"https:\/\/www.sindmoveis.com.br\/es\/projeto-comprador-da-copa-tem-participacao-de-15-empresas-do-orchestra-brasil\/\"},\"wordCount\":148,\"image\":{\"@id\":\"https:\/\/www.sindmoveis.com.br\/es\/projeto-comprador-da-copa-tem-participacao-de-15-empresas-do-orchestra-brasil\/#primaryimage\"},\"thumbnailUrl\":\"https:\/\/www.sindmoveis.com.br\/es\/wp-content\/uploads\/2021\/05\/p1405015163.jpg\",\"articleSection\":[\"Proyecto Orchestra Brasil\",\"Sindm\u00f3veis\"],\"inLanguage\":\"es\"},{\"@type\":\"WebPage\",\"@id\":\"https:\/\/www.sindmoveis.com.br\/es\/projeto-comprador-da-copa-tem-participacao-de-15-empresas-do-orchestra-brasil\/\",\"url\":\"https:\/\/www.sindmoveis.com.br\/es\/projeto-comprador-da-copa-tem-participacao-de-15-empresas-do-orchestra-brasil\/\",\"name\":\"Proyecto Comprador de la Copa tiene participaci\u00f3n de 15 empresas de Orchestra Brasil - Sindm\u00f3veis-RS\",\"isPartOf\":{\"@id\":\"https:\/\/www.sindmoveis.com.br\/es\/#website\"},\"primaryImageOfPage\":{\"@id\":\"https:\/\/www.sindmoveis.com.br\/es\/projeto-comprador-da-copa-tem-participacao-de-15-empresas-do-orchestra-brasil\/#primaryimage\"},\"image\":{\"@id\":\"https:\/\/www.sindmoveis.com.br\/es\/projeto-comprador-da-copa-tem-participacao-de-15-empresas-do-orchestra-brasil\/#primaryimage\"},\"thumbnailUrl\":\"https:\/\/www.sindmoveis.com.br\/es\/wp-content\/uploads\/2021\/05\/p1405015163.jpg\",\"datePublished\":\"2014-07-10T03:00:00+00:00\",\"dateModified\":\"2021-05-26T13:28:38+00:00\",\"author\":{\"@id\":\"https:\/\/www.sindmoveis.com.br\/es\/#\/schema\/person\/16d379542db1950a17fe188179340d57\"},\"inLanguage\":\"es\",\"potentialAction\":[{\"@type\":\"ReadAction\",\"target\":[\"https:\/\/www.sindmoveis.com.br\/es\/projeto-comprador-da-copa-tem-participacao-de-15-empresas-do-orchestra-brasil\/\"]}]},{\"@type\":\"ImageObject\",\"inLanguage\":\"es\",\"@id\":\"https:\/\/www.sindmoveis.com.br\/es\/projeto-comprador-da-copa-tem-participacao-de-15-empresas-do-orchestra-brasil\/#primaryimage\",\"url\":\"https:\/\/www.sindmoveis.com.br\/es\/wp-content\/uploads\/2021\/05\/p1405015163.jpg\",\"contentUrl\":\"https:\/\/www.sindmoveis.com.br\/es\/wp-content\/uploads\/2021\/05\/p1405015163.jpg\",\"width\":1575,\"height\":1050},{\"@type\":\"WebSite\",\"@id\":\"https:\/\/www.sindmoveis.com.br\/es\/#website\",\"url\":\"https:\/\/www.sindmoveis.com.br\/es\/\",\"name\":\"Sindm\u00f3veis-RS\",\"description\":\"\",\"potentialAction\":[{\"@type\":\"SearchAction\",\"target\":{\"@type\":\"EntryPoint\",\"urlTemplate\":\"https:\/\/www.sindmoveis.com.br\/es\/?s={search_term_string}\"},\"query-input\":{\"@type\":\"PropertyValueSpecification\",\"valueRequired\":true,\"valueName\":\"search_term_string\"}}],\"inLanguage\":\"es\"},{\"@type\":\"Person\",\"@id\":\"https:\/\/www.sindmoveis.com.br\/es\/#\/schema\/person\/16d379542db1950a17fe188179340d57\",\"name\":\"Imprensa Sindm\u00f3veis\",\"image\":{\"@type\":\"ImageObject\",\"inLanguage\":\"es\",\"@id\":\"https:\/\/www.sindmoveis.com.br\/es\/#\/schema\/person\/image\/\",\"url\":\"https:\/\/secure.gravatar.com\/avatar\/4973e2e2c2a0cb5db30b0c7b770041b8e33d048a16b695a1f99c042449d4bfaf?s=96&d=mm&r=g\",\"contentUrl\":\"https:\/\/secure.gravatar.com\/avatar\/4973e2e2c2a0cb5db30b0c7b770041b8e33d048a16b695a1f99c042449d4bfaf?s=96&d=mm&r=g\",\"caption\":\"Imprensa Sindm\u00f3veis\"},\"url\":\"https:\/\/www.sindmoveis.com.br\/es\/author\/ana\/\"}]}<\/script>\n<!-- \/ Yoast SEO plugin. -->","yoast_head_json":{"title":"Proyecto Comprador de la Copa tiene participaci\u00f3n de 15 empresas de Orchestra Brasil - Sindm\u00f3veis-RS","robots":{"index":"index","follow":"follow","max-snippet":"max-snippet:-1","max-image-preview":"max-image-preview:large","max-video-preview":"max-video-preview:-1"},"canonical":"https:\/\/www.sindmoveis.com.br\/es\/projeto-comprador-da-copa-tem-participacao-de-15-empresas-do-orchestra-brasil\/","og_locale":"es_ES","og_type":"article","og_title":"Proyecto Comprador de la Copa tiene participaci\u00f3n de 15 empresas de Orchestra Brasil - Sindm\u00f3veis-RS","og_description":"La derrota hist\u00f3rica de Brasil en la Copa del Mundo de FIFA 2014 abati\u00f3 el \u00e1nimo de los fan\u00e1ticos, pero no la oportunidad de buenos negocios que el evento proporciona.","og_url":"https:\/\/www.sindmoveis.com.br\/es\/projeto-comprador-da-copa-tem-participacao-de-15-empresas-do-orchestra-brasil\/","og_site_name":"Sindm\u00f3veis-RS","article_published_time":"2014-07-10T03:00:00+00:00","article_modified_time":"2021-05-26T13:28:38+00:00","og_image":[{"width":1575,"height":1050,"url":"https:\/\/www.sindmoveis.com.br\/es\/wp-content\/uploads\/2021\/05\/p1405015163.jpg","type":"image\/jpeg"}],"author":"Imprensa Sindm\u00f3veis","twitter_card":"summary_large_image","twitter_misc":{"Escrito por":"Imprensa Sindm\u00f3veis","Tiempo de lectura":"1 minuto"},"schema":{"@context":"https:\/\/schema.org","@graph":[{"@type":"Article","@id":"https:\/\/www.sindmoveis.com.br\/es\/projeto-comprador-da-copa-tem-participacao-de-15-empresas-do-orchestra-brasil\/#article","isPartOf":{"@id":"https:\/\/www.sindmoveis.com.br\/es\/projeto-comprador-da-copa-tem-participacao-de-15-empresas-do-orchestra-brasil\/"},"author":{"name":"Imprensa Sindm\u00f3veis","@id":"https:\/\/www.sindmoveis.com.br\/es\/#\/schema\/person\/16d379542db1950a17fe188179340d57"},"headline":"Proyecto Comprador de la Copa tiene participaci\u00f3n de 15 empresas de Orchestra Brasil","datePublished":"2014-07-10T03:00:00+00:00","dateModified":"2021-05-26T13:28:38+00:00","mainEntityOfPage":{"@id":"https:\/\/www.sindmoveis.com.br\/es\/projeto-comprador-da-copa-tem-participacao-de-15-empresas-do-orchestra-brasil\/"},"wordCount":148,"image":{"@id":"https:\/\/www.sindmoveis.com.br\/es\/projeto-comprador-da-copa-tem-participacao-de-15-empresas-do-orchestra-brasil\/#primaryimage"},"thumbnailUrl":"https:\/\/www.sindmoveis.com.br\/es\/wp-content\/uploads\/2021\/05\/p1405015163.jpg","articleSection":["Proyecto Orchestra Brasil","Sindm\u00f3veis"],"inLanguage":"es"},{"@type":"WebPage","@id":"https:\/\/www.sindmoveis.com.br\/es\/projeto-comprador-da-copa-tem-participacao-de-15-empresas-do-orchestra-brasil\/","url":"https:\/\/www.sindmoveis.com.br\/es\/projeto-comprador-da-copa-tem-participacao-de-15-empresas-do-orchestra-brasil\/","name":"Proyecto Comprador de la Copa tiene participaci\u00f3n de 15 empresas de Orchestra Brasil - Sindm\u00f3veis-RS","isPartOf":{"@id":"https:\/\/www.sindmoveis.com.br\/es\/#website"},"primaryImageOfPage":{"@id":"https:\/\/www.sindmoveis.com.br\/es\/projeto-comprador-da-copa-tem-participacao-de-15-empresas-do-orchestra-brasil\/#primaryimage"},"image":{"@id":"https:\/\/www.sindmoveis.com.br\/es\/projeto-comprador-da-copa-tem-participacao-de-15-empresas-do-orchestra-brasil\/#primaryimage"},"thumbnailUrl":"https:\/\/www.sindmoveis.com.br\/es\/wp-content\/uploads\/2021\/05\/p1405015163.jpg","datePublished":"2014-07-10T03:00:00+00:00","dateModified":"2021-05-26T13:28:38+00:00","author":{"@id":"https:\/\/www.sindmoveis.com.br\/es\/#\/schema\/person\/16d379542db1950a17fe188179340d57"},"inLanguage":"es","potentialAction":[{"@type":"ReadAction","target":["https:\/\/www.sindmoveis.com.br\/es\/projeto-comprador-da-copa-tem-participacao-de-15-empresas-do-orchestra-brasil\/"]}]},{"@type":"ImageObject","inLanguage":"es","@id":"https:\/\/www.sindmoveis.com.br\/es\/projeto-comprador-da-copa-tem-participacao-de-15-empresas-do-orchestra-brasil\/#primaryimage","url":"https:\/\/www.sindmoveis.com.br\/es\/wp-content\/uploads\/2021\/05\/p1405015163.jpg","contentUrl":"https:\/\/www.sindmoveis.com.br\/es\/wp-content\/uploads\/2021\/05\/p1405015163.jpg","width":1575,"height":1050},{"@type":"WebSite","@id":"https:\/\/www.sindmoveis.com.br\/es\/#website","url":"https:\/\/www.sindmoveis.com.br\/es\/","name":"Sindm\u00f3veis-RS","description":"","potentialAction":[{"@type":"SearchAction","target":{"@type":"EntryPoint","urlTemplate":"https:\/\/www.sindmoveis.com.br\/es\/?s={search_term_string}"},"query-input":{"@type":"PropertyValueSpecification","valueRequired":true,"valueName":"search_term_string"}}],"inLanguage":"es"},{"@type":"Person","@id":"https:\/\/www.sindmoveis.com.br\/es\/#\/schema\/person\/16d379542db1950a17fe188179340d57","name":"Imprensa Sindm\u00f3veis","image":{"@type":"ImageObject","inLanguage":"es","@id":"https:\/\/www.sindmoveis.com.br\/es\/#\/schema\/person\/image\/","url":"https:\/\/secure.gravatar.com\/avatar\/4973e2e2c2a0cb5db30b0c7b770041b8e33d048a16b695a1f99c042449d4bfaf?s=96&d=mm&r=g","contentUrl":"https:\/\/secure.gravatar.com\/avatar\/4973e2e2c2a0cb5db30b0c7b770041b8e33d048a16b695a1f99c042449d4bfaf?s=96&d=mm&r=g","caption":"Imprensa Sindm\u00f3veis"},"url":"https:\/\/www.sindmoveis.com.br\/es\/author\/ana\/"}]}},"_links":{"self":[{"href":"https:\/\/www.sindmoveis.com.br\/es\/wp-json\/wp\/v2\/posts\/1101","targetHints":{"allow":["GET"]}}],"collection":[{"href":"https:\/\/www.sindmoveis.com.br\/es\/wp-json\/wp\/v2\/posts"}],"about":[{"href":"https:\/\/www.sindmoveis.com.br\/es\/wp-json\/wp\/v2\/types\/post"}],"author":[{"embeddable":true,"href":"https:\/\/www.sindmoveis.com.br\/es\/wp-json\/wp\/v2\/users\/5"}],"replies":[{"embeddable":true,"href":"https:\/\/www.sindmoveis.com.br\/es\/wp-json\/wp\/v2\/comments?post=1101"}],"version-history":[{"count":2,"href":"https:\/\/www.sindmoveis.com.br\/es\/wp-json\/wp\/v2\/posts\/1101\/revisions"}],"predecessor-version":[{"id":3416,"href":"https:\/\/www.sindmoveis.com.br\/es\/wp-json\/wp\/v2\/posts\/1101\/revisions\/3416"}],"wp:featuredmedia":[{"embeddable":true,"href":"https:\/\/www.sindmoveis.com.br\/es\/wp-json\/wp\/v2\/media\/3417"}],"wp:attachment":[{"href":"https:\/\/www.sindmoveis.com.br\/es\/wp-json\/wp\/v2\/media?parent=1101"}],"wp:term":[{"taxonomy":"category","embeddable":true,"href":"https:\/\/www.sindmoveis.com.br\/es\/wp-json\/wp\/v2\/categories?post=1101"},{"taxonomy":"post_tag","embeddable":true,"href":"https:\/\/www.sindmoveis.com.br\/es\/wp-json\/wp\/v2\/tags?post=1101"}],"curies":[{"name":"wp","href":"https:\/\/api.w.org\/{rel}","templated":true}]}}