{"id":1100,"date":"2014-07-07T00:00:00","date_gmt":"2014-07-07T03:00:00","guid":{"rendered":"http:\/\/sindmoveis.com.br\/imprensa\/noticias\/ampliacao-do-minha-casa-minha-vida-beneficia-o-setor-moveleiro\/"},"modified":"2021-05-26T10:24:28","modified_gmt":"2021-05-26T13:24:28","slug":"ampliacao-do-minha-casa-minha-vida-beneficia-o-setor-moveleiro","status":"publish","type":"post","link":"https:\/\/www.sindmoveis.com.br\/es\/ampliacao-do-minha-casa-minha-vida-beneficia-o-setor-moveleiro\/","title":{"rendered":"Ampliaci\u00f3n del Proyecto Minha Casa Minha Vida\u201d beneficia el sector del mobiliario"},"content":{"rendered":"<div>La construcci&oacute;n de tres millones de nuevas viviendas por el Proyecto &ldquo;Minha Casa Minha Vida&rdquo; es una oportunidad para recuperar parte de las ventas en el sector del mobiliario. La evaluaci&oacute;n es del presidente de Sindm&oacute;veis de Bento Gon&ccedil;alves, Henrique Tecchio, quien cree en la posibilidad de que la industria sea beneficiada por el n&uacute;mero cada vez mayor de personas con acceso a la tarjeta &ldquo;Minha Casa Melhor&rdquo;<\/div>\n<div>Todas las familias que han adquirido una vivienda por el programa del Gobierno Federal y est&aacute;n al d&iacute;a con el pago de sus cuotas, pueden solicitar cr&eacute;dito de R$ 5 mil para comprar muebles y electrodom&eacute;sticos. Entre los productos ofrecidos est&aacute;n cama, ropero, armarios para cocina, mesa con sillas, estanter&iacute;a, rack y sof&aacute;. &ldquo;El segmento de muebles para las clases C y D, si aprovechado adecuadamente, ser&aacute; especialmente favorecido por esa mayor cantidad de viviendas populares&rdquo;, afirma Tecchio. &nbsp;<\/div>\n<div>&nbsp;El polo mobiliario de Bento Gon&ccedil;alves es el mayor de Brasil, con 300 empresas y nueve mil empleos directos. A cada dos a&ntilde;os, la entidad realiza Movelsul Brasil, la mayor feria de muebles de Am&eacute;rica Latina destinada a la nueva clase media.<\/div>\n<div>&nbsp;<\/div>\n","protected":false},"excerpt":{"rendered":"<p>La construcci\u00f3n de tres millones de nuevas viviendas por el Proyecto \u201cMinha Casa Minha Vida\u201d es una oportunidad para recuperar parte de las ventas en el sector del mobiliario. La evaluaci\u00f3n es del presidente de Sindm\u00f3veis de Bento Gon\u00e7alves, Henrique Tecchio, quien cree en la posibilidad de que la industria sea beneficiada por el n\u00famero cada vez mayor de personas con acceso a la tarjeta \u201cMinha Casa Melhor\u201d<\/p>\n","protected":false},"author":5,"featured_media":3415,"comment_status":"closed","ping_status":"open","sticky":false,"template":"","format":"standard","meta":{"footnotes":"","_links_to":"","_links_to_target":""},"categories":[2],"tags":[],"class_list":["post-1100","post","type-post","status-publish","format-standard","has-post-thumbnail","hentry","category-sindmoveis"],"yoast_head":"<!-- This site is optimized with the Yoast SEO plugin v27.0 - https:\/\/yoast.com\/product\/yoast-seo-wordpress\/ -->\n<title>Ampliaci\u00f3n del Proyecto Minha Casa Minha Vida\u201d beneficia el sector del mobiliario - Sindm\u00f3veis-RS<\/title>\n<meta name=\"robots\" content=\"index, follow, max-snippet:-1, max-image-preview:large, max-video-preview:-1\" \/>\n<link rel=\"canonical\" href=\"https:\/\/www.sindmoveis.com.br\/es\/ampliacao-do-minha-casa-minha-vida-beneficia-o-setor-moveleiro\/\" \/>\n<meta property=\"og:locale\" content=\"es_ES\" \/>\n<meta property=\"og:type\" content=\"article\" \/>\n<meta property=\"og:title\" content=\"Ampliaci\u00f3n del Proyecto Minha Casa Minha Vida\u201d beneficia el sector del mobiliario - Sindm\u00f3veis-RS\" \/>\n<meta property=\"og:description\" content=\"La construcci\u00f3n de tres millones de nuevas viviendas por el Proyecto \u201cMinha Casa Minha Vida\u201d es una oportunidad para recuperar parte de las ventas en el sector del mobiliario. La evaluaci\u00f3n es del presidente de Sindm\u00f3veis de Bento Gon\u00e7alves, Henrique Tecchio, quien cree en la posibilidad de que la industria sea beneficiada por el n\u00famero cada vez mayor de personas con acceso a la tarjeta \u201cMinha Casa Melhor\u201d\" \/>\n<meta property=\"og:url\" content=\"https:\/\/www.sindmoveis.com.br\/es\/ampliacao-do-minha-casa-minha-vida-beneficia-o-setor-moveleiro\/\" \/>\n<meta property=\"og:site_name\" content=\"Sindm\u00f3veis-RS\" \/>\n<meta property=\"article:published_time\" content=\"2014-07-07T03:00:00+00:00\" \/>\n<meta property=\"article:modified_time\" content=\"2021-05-26T13:24:28+00:00\" \/>\n<meta property=\"og:image\" content=\"https:\/\/www.sindmoveis.com.br\/es\/wp-content\/uploads\/2021\/05\/p1404762966.jpg\" \/>\n\t<meta property=\"og:image:width\" content=\"1250\" \/>\n\t<meta property=\"og:image:height\" content=\"834\" \/>\n\t<meta property=\"og:image:type\" content=\"image\/jpeg\" \/>\n<meta name=\"author\" content=\"Imprensa Sindm\u00f3veis\" \/>\n<meta name=\"twitter:card\" content=\"summary_large_image\" \/>\n<meta name=\"twitter:label1\" content=\"Escrito por\" \/>\n\t<meta name=\"twitter:data1\" content=\"Imprensa Sindm\u00f3veis\" \/>\n\t<meta name=\"twitter:label2\" content=\"Tiempo de lectura\" \/>\n\t<meta name=\"twitter:data2\" content=\"1 minuto\" \/>\n<script type=\"application\/ld+json\" class=\"yoast-schema-graph\">{\"@context\":\"https:\/\/schema.org\",\"@graph\":[{\"@type\":\"Article\",\"@id\":\"https:\/\/www.sindmoveis.com.br\/es\/ampliacao-do-minha-casa-minha-vida-beneficia-o-setor-moveleiro\/#article\",\"isPartOf\":{\"@id\":\"https:\/\/www.sindmoveis.com.br\/es\/ampliacao-do-minha-casa-minha-vida-beneficia-o-setor-moveleiro\/\"},\"author\":{\"name\":\"Imprensa Sindm\u00f3veis\",\"@id\":\"https:\/\/www.sindmoveis.com.br\/es\/#\/schema\/person\/16d379542db1950a17fe188179340d57\"},\"headline\":\"Ampliaci\u00f3n del Proyecto Minha Casa Minha Vida\u201d beneficia el sector del mobiliario\",\"datePublished\":\"2014-07-07T03:00:00+00:00\",\"dateModified\":\"2021-05-26T13:24:28+00:00\",\"mainEntityOfPage\":{\"@id\":\"https:\/\/www.sindmoveis.com.br\/es\/ampliacao-do-minha-casa-minha-vida-beneficia-o-setor-moveleiro\/\"},\"wordCount\":238,\"image\":{\"@id\":\"https:\/\/www.sindmoveis.com.br\/es\/ampliacao-do-minha-casa-minha-vida-beneficia-o-setor-moveleiro\/#primaryimage\"},\"thumbnailUrl\":\"https:\/\/www.sindmoveis.com.br\/es\/wp-content\/uploads\/2021\/05\/p1404762966.jpg\",\"articleSection\":[\"Sindm\u00f3veis\"],\"inLanguage\":\"es\"},{\"@type\":\"WebPage\",\"@id\":\"https:\/\/www.sindmoveis.com.br\/es\/ampliacao-do-minha-casa-minha-vida-beneficia-o-setor-moveleiro\/\",\"url\":\"https:\/\/www.sindmoveis.com.br\/es\/ampliacao-do-minha-casa-minha-vida-beneficia-o-setor-moveleiro\/\",\"name\":\"Ampliaci\u00f3n del Proyecto Minha Casa Minha Vida\u201d beneficia el sector del mobiliario - Sindm\u00f3veis-RS\",\"isPartOf\":{\"@id\":\"https:\/\/www.sindmoveis.com.br\/es\/#website\"},\"primaryImageOfPage\":{\"@id\":\"https:\/\/www.sindmoveis.com.br\/es\/ampliacao-do-minha-casa-minha-vida-beneficia-o-setor-moveleiro\/#primaryimage\"},\"image\":{\"@id\":\"https:\/\/www.sindmoveis.com.br\/es\/ampliacao-do-minha-casa-minha-vida-beneficia-o-setor-moveleiro\/#primaryimage\"},\"thumbnailUrl\":\"https:\/\/www.sindmoveis.com.br\/es\/wp-content\/uploads\/2021\/05\/p1404762966.jpg\",\"datePublished\":\"2014-07-07T03:00:00+00:00\",\"dateModified\":\"2021-05-26T13:24:28+00:00\",\"author\":{\"@id\":\"https:\/\/www.sindmoveis.com.br\/es\/#\/schema\/person\/16d379542db1950a17fe188179340d57\"},\"inLanguage\":\"es\",\"potentialAction\":[{\"@type\":\"ReadAction\",\"target\":[\"https:\/\/www.sindmoveis.com.br\/es\/ampliacao-do-minha-casa-minha-vida-beneficia-o-setor-moveleiro\/\"]}]},{\"@type\":\"ImageObject\",\"inLanguage\":\"es\",\"@id\":\"https:\/\/www.sindmoveis.com.br\/es\/ampliacao-do-minha-casa-minha-vida-beneficia-o-setor-moveleiro\/#primaryimage\",\"url\":\"https:\/\/www.sindmoveis.com.br\/es\/wp-content\/uploads\/2021\/05\/p1404762966.jpg\",\"contentUrl\":\"https:\/\/www.sindmoveis.com.br\/es\/wp-content\/uploads\/2021\/05\/p1404762966.jpg\",\"width\":1250,\"height\":834},{\"@type\":\"WebSite\",\"@id\":\"https:\/\/www.sindmoveis.com.br\/es\/#website\",\"url\":\"https:\/\/www.sindmoveis.com.br\/es\/\",\"name\":\"Sindm\u00f3veis-RS\",\"description\":\"\",\"potentialAction\":[{\"@type\":\"SearchAction\",\"target\":{\"@type\":\"EntryPoint\",\"urlTemplate\":\"https:\/\/www.sindmoveis.com.br\/es\/?s={search_term_string}\"},\"query-input\":{\"@type\":\"PropertyValueSpecification\",\"valueRequired\":true,\"valueName\":\"search_term_string\"}}],\"inLanguage\":\"es\"},{\"@type\":\"Person\",\"@id\":\"https:\/\/www.sindmoveis.com.br\/es\/#\/schema\/person\/16d379542db1950a17fe188179340d57\",\"name\":\"Imprensa Sindm\u00f3veis\",\"image\":{\"@type\":\"ImageObject\",\"inLanguage\":\"es\",\"@id\":\"https:\/\/www.sindmoveis.com.br\/es\/#\/schema\/person\/image\/\",\"url\":\"https:\/\/secure.gravatar.com\/avatar\/4973e2e2c2a0cb5db30b0c7b770041b8e33d048a16b695a1f99c042449d4bfaf?s=96&d=mm&r=g\",\"contentUrl\":\"https:\/\/secure.gravatar.com\/avatar\/4973e2e2c2a0cb5db30b0c7b770041b8e33d048a16b695a1f99c042449d4bfaf?s=96&d=mm&r=g\",\"caption\":\"Imprensa Sindm\u00f3veis\"},\"url\":\"https:\/\/www.sindmoveis.com.br\/es\/author\/ana\/\"}]}<\/script>\n<!-- \/ Yoast SEO plugin. -->","yoast_head_json":{"title":"Ampliaci\u00f3n del Proyecto Minha Casa Minha Vida\u201d beneficia el sector del mobiliario - Sindm\u00f3veis-RS","robots":{"index":"index","follow":"follow","max-snippet":"max-snippet:-1","max-image-preview":"max-image-preview:large","max-video-preview":"max-video-preview:-1"},"canonical":"https:\/\/www.sindmoveis.com.br\/es\/ampliacao-do-minha-casa-minha-vida-beneficia-o-setor-moveleiro\/","og_locale":"es_ES","og_type":"article","og_title":"Ampliaci\u00f3n del Proyecto Minha Casa Minha Vida\u201d beneficia el sector del mobiliario - Sindm\u00f3veis-RS","og_description":"La construcci\u00f3n de tres millones de nuevas viviendas por el Proyecto \u201cMinha Casa Minha Vida\u201d es una oportunidad para recuperar parte de las ventas en el sector del mobiliario. La evaluaci\u00f3n es del presidente de Sindm\u00f3veis de Bento Gon\u00e7alves, Henrique Tecchio, quien cree en la posibilidad de que la industria sea beneficiada por el n\u00famero cada vez mayor de personas con acceso a la tarjeta \u201cMinha Casa Melhor\u201d","og_url":"https:\/\/www.sindmoveis.com.br\/es\/ampliacao-do-minha-casa-minha-vida-beneficia-o-setor-moveleiro\/","og_site_name":"Sindm\u00f3veis-RS","article_published_time":"2014-07-07T03:00:00+00:00","article_modified_time":"2021-05-26T13:24:28+00:00","og_image":[{"width":1250,"height":834,"url":"https:\/\/www.sindmoveis.com.br\/es\/wp-content\/uploads\/2021\/05\/p1404762966.jpg","type":"image\/jpeg"}],"author":"Imprensa Sindm\u00f3veis","twitter_card":"summary_large_image","twitter_misc":{"Escrito por":"Imprensa Sindm\u00f3veis","Tiempo de lectura":"1 minuto"},"schema":{"@context":"https:\/\/schema.org","@graph":[{"@type":"Article","@id":"https:\/\/www.sindmoveis.com.br\/es\/ampliacao-do-minha-casa-minha-vida-beneficia-o-setor-moveleiro\/#article","isPartOf":{"@id":"https:\/\/www.sindmoveis.com.br\/es\/ampliacao-do-minha-casa-minha-vida-beneficia-o-setor-moveleiro\/"},"author":{"name":"Imprensa Sindm\u00f3veis","@id":"https:\/\/www.sindmoveis.com.br\/es\/#\/schema\/person\/16d379542db1950a17fe188179340d57"},"headline":"Ampliaci\u00f3n del Proyecto Minha Casa Minha Vida\u201d beneficia el sector del mobiliario","datePublished":"2014-07-07T03:00:00+00:00","dateModified":"2021-05-26T13:24:28+00:00","mainEntityOfPage":{"@id":"https:\/\/www.sindmoveis.com.br\/es\/ampliacao-do-minha-casa-minha-vida-beneficia-o-setor-moveleiro\/"},"wordCount":238,"image":{"@id":"https:\/\/www.sindmoveis.com.br\/es\/ampliacao-do-minha-casa-minha-vida-beneficia-o-setor-moveleiro\/#primaryimage"},"thumbnailUrl":"https:\/\/www.sindmoveis.com.br\/es\/wp-content\/uploads\/2021\/05\/p1404762966.jpg","articleSection":["Sindm\u00f3veis"],"inLanguage":"es"},{"@type":"WebPage","@id":"https:\/\/www.sindmoveis.com.br\/es\/ampliacao-do-minha-casa-minha-vida-beneficia-o-setor-moveleiro\/","url":"https:\/\/www.sindmoveis.com.br\/es\/ampliacao-do-minha-casa-minha-vida-beneficia-o-setor-moveleiro\/","name":"Ampliaci\u00f3n del Proyecto Minha Casa Minha Vida\u201d beneficia el sector del mobiliario - Sindm\u00f3veis-RS","isPartOf":{"@id":"https:\/\/www.sindmoveis.com.br\/es\/#website"},"primaryImageOfPage":{"@id":"https:\/\/www.sindmoveis.com.br\/es\/ampliacao-do-minha-casa-minha-vida-beneficia-o-setor-moveleiro\/#primaryimage"},"image":{"@id":"https:\/\/www.sindmoveis.com.br\/es\/ampliacao-do-minha-casa-minha-vida-beneficia-o-setor-moveleiro\/#primaryimage"},"thumbnailUrl":"https:\/\/www.sindmoveis.com.br\/es\/wp-content\/uploads\/2021\/05\/p1404762966.jpg","datePublished":"2014-07-07T03:00:00+00:00","dateModified":"2021-05-26T13:24:28+00:00","author":{"@id":"https:\/\/www.sindmoveis.com.br\/es\/#\/schema\/person\/16d379542db1950a17fe188179340d57"},"inLanguage":"es","potentialAction":[{"@type":"ReadAction","target":["https:\/\/www.sindmoveis.com.br\/es\/ampliacao-do-minha-casa-minha-vida-beneficia-o-setor-moveleiro\/"]}]},{"@type":"ImageObject","inLanguage":"es","@id":"https:\/\/www.sindmoveis.com.br\/es\/ampliacao-do-minha-casa-minha-vida-beneficia-o-setor-moveleiro\/#primaryimage","url":"https:\/\/www.sindmoveis.com.br\/es\/wp-content\/uploads\/2021\/05\/p1404762966.jpg","contentUrl":"https:\/\/www.sindmoveis.com.br\/es\/wp-content\/uploads\/2021\/05\/p1404762966.jpg","width":1250,"height":834},{"@type":"WebSite","@id":"https:\/\/www.sindmoveis.com.br\/es\/#website","url":"https:\/\/www.sindmoveis.com.br\/es\/","name":"Sindm\u00f3veis-RS","description":"","potentialAction":[{"@type":"SearchAction","target":{"@type":"EntryPoint","urlTemplate":"https:\/\/www.sindmoveis.com.br\/es\/?s={search_term_string}"},"query-input":{"@type":"PropertyValueSpecification","valueRequired":true,"valueName":"search_term_string"}}],"inLanguage":"es"},{"@type":"Person","@id":"https:\/\/www.sindmoveis.com.br\/es\/#\/schema\/person\/16d379542db1950a17fe188179340d57","name":"Imprensa Sindm\u00f3veis","image":{"@type":"ImageObject","inLanguage":"es","@id":"https:\/\/www.sindmoveis.com.br\/es\/#\/schema\/person\/image\/","url":"https:\/\/secure.gravatar.com\/avatar\/4973e2e2c2a0cb5db30b0c7b770041b8e33d048a16b695a1f99c042449d4bfaf?s=96&d=mm&r=g","contentUrl":"https:\/\/secure.gravatar.com\/avatar\/4973e2e2c2a0cb5db30b0c7b770041b8e33d048a16b695a1f99c042449d4bfaf?s=96&d=mm&r=g","caption":"Imprensa Sindm\u00f3veis"},"url":"https:\/\/www.sindmoveis.com.br\/es\/author\/ana\/"}]}},"_links":{"self":[{"href":"https:\/\/www.sindmoveis.com.br\/es\/wp-json\/wp\/v2\/posts\/1100","targetHints":{"allow":["GET"]}}],"collection":[{"href":"https:\/\/www.sindmoveis.com.br\/es\/wp-json\/wp\/v2\/posts"}],"about":[{"href":"https:\/\/www.sindmoveis.com.br\/es\/wp-json\/wp\/v2\/types\/post"}],"author":[{"embeddable":true,"href":"https:\/\/www.sindmoveis.com.br\/es\/wp-json\/wp\/v2\/users\/5"}],"replies":[{"embeddable":true,"href":"https:\/\/www.sindmoveis.com.br\/es\/wp-json\/wp\/v2\/comments?post=1100"}],"version-history":[{"count":2,"href":"https:\/\/www.sindmoveis.com.br\/es\/wp-json\/wp\/v2\/posts\/1100\/revisions"}],"predecessor-version":[{"id":3414,"href":"https:\/\/www.sindmoveis.com.br\/es\/wp-json\/wp\/v2\/posts\/1100\/revisions\/3414"}],"wp:featuredmedia":[{"embeddable":true,"href":"https:\/\/www.sindmoveis.com.br\/es\/wp-json\/wp\/v2\/media\/3415"}],"wp:attachment":[{"href":"https:\/\/www.sindmoveis.com.br\/es\/wp-json\/wp\/v2\/media?parent=1100"}],"wp:term":[{"taxonomy":"category","embeddable":true,"href":"https:\/\/www.sindmoveis.com.br\/es\/wp-json\/wp\/v2\/categories?post=1100"},{"taxonomy":"post_tag","embeddable":true,"href":"https:\/\/www.sindmoveis.com.br\/es\/wp-json\/wp\/v2\/tags?post=1100"}],"curies":[{"name":"wp","href":"https:\/\/api.w.org\/{rel}","templated":true}]}}