{"id":1095,"date":"2014-06-05T00:00:00","date_gmt":"2014-06-05T03:00:00","guid":{"rendered":"http:\/\/sindmoveis.com.br\/imprensa\/noticias\/o-consumidor-mudou-sua-empresa-vai-permanecer-igual\/"},"modified":"2021-05-26T10:24:28","modified_gmt":"2021-05-26T13:24:28","slug":"o-consumidor-mudou-sua-empresa-vai-permanecer-igual","status":"publish","type":"post","link":"https:\/\/www.sindmoveis.com.br\/es\/o-consumidor-mudou-sua-empresa-vai-permanecer-igual\/","title":{"rendered":"El consumidor cambi\u00f3. \u00bfSu empresa va a permanecer igual?"},"content":{"rendered":"<div><em>En entrenamiento realizado en Bento Gon&ccedil;alves, socios del portal Reclame Aqu&iacute; revelan al sector del mobiliario el perfil de quien reclama de productos o servicios por internet<\/em><\/div>\n<div>&nbsp;<\/div>\n<div>Por invitaci&oacute;n del Comit&eacute; del Mobiliario de Movergs y Sindm&oacute;veis, los socios del portal Reclame AQUI&reg; estuvieron en Bento Gon&ccedil;alves poco tiempo atr&aacute;s, dictando un perfeccionamiento para equipos del Servicio de Atendimiento al Cliente (SAC). M&aacute;s de 100 personas acompa&ntilde;aron la presentaci&oacute;n de los empresarios Mauricio Vargas y Gisele Paula sobre las expectativas del nuevo consumidor brasile&ntilde;o y la postura deseada en los casos de reclamaci&oacute;n. La iniciativa tiene como objetivo estrechar las relaciones entre la industria de muebles proyectados y el consumidor final.<\/div>\n<div>Conforme el fundador de Reclame AQUI&reg;, Mauricio Vargas, el brasile&ntilde;o suele investigar en, por lo menos, seis fuentes antes de comprar un bien de valor superior a R$ 1.000,00. En ese sentido, seg&uacute;n el empresario, el sector del mobiliario est&aacute; en la modalidad m&aacute;s susceptible a las b&uacute;squedas del consumidor y lo que m&aacute;s pesa en la decisi&oacute;n de compra es la indicaci&oacute;n. &ldquo;Es importante decir que no somos meramente un sitio web de reclamaci&oacute;n. Hoy, 90% de los accesos son para investigar la reputaci&oacute;n de las empresas&rdquo;, relata.<\/div>\n<div>Los principales motivos de la reclamaci&oacute;n sobre tiendas de muebles son atraso en la entrega, defectos en la instalaci&oacute;n y asistencia t&eacute;cnica. La consecuencia de ello es que 78,4% de los clientes que reclamaron cambiaron de proveedor. Conforme Vargas, el consumidor no logra diferenciar las responsabilidades que le tocan a la tienda o a la f&aacute;brica. &ldquo;Existen, por lo menos, cinco puntos cr&iacute;ticos en el mercado del mobiliario que pueden ser blanco de reclamaciones: venta, medici&oacute;n, proyecto, entrega e instalaci&oacute;n. A&uacute;n en el caso de que la tienda haya realizado la venta, la reclamaci&oacute;n ir&aacute; para la f&aacute;brica. La causa de ello es que el consumidor compra confiando en la marca y no el Registro Mercantil de la firma&rdquo;, explica.<\/div>\n<div>Actualmente, 65% de los 11,5 millones de consumidores registrados recurren al sitio web antes de buscar el SAC (Servicio de Atendimiento al Cliente) de la empresa cuando tienen alg&uacute;n problema con producto o servicio adquirido. &ldquo;Estamos en la era de la convergencia digital y el cliente no quiere m&aacute;s usar el tel&eacute;fono para expresar su descontento&rdquo;. Ah&iacute;, &eacute;l investiga todo sobre la empresa, pero nosotros no sabemos nada a su respecto. Por ello, la monitorizaci&oacute;n de marca es esencial para evitar da&ntilde;os a la imagen. El cambio de cultura es dif&iacute;cil, pero necesario. Cuando empieza a doler en el bolsillo, tenemos que saber que alguna cosa est&aacute; equivocada&rdquo;, concluye.<\/div>\n<div>&nbsp;<\/div>\n<div>C&oacute;mo atender al nuevo consumidor<\/div>\n<div>Gisele Paulo, socia de Reclame AQUI&reg;, garantiza que el consumidor no quiere perjudicar la empresa, sino encontrar el camino m&aacute;s r&aacute;pido y f&aacute;cil de registrar su problema. Recurre al sitio web porque ya tuvo experiencias positivas anteriormente, para evitar el esfuerzo excesivo en el contacto con la empresa y, tambi&eacute;n, por recomendaci&oacute;n de otros usuarios. En su opini&oacute;n, los canales oficiales continuar&aacute;n existiendo, pues existen perfiles diferentes de consumidor, pero la empresa debe aceptar que la persona habituada al ambiente virtual va a saltar las etapas e ir directamente al canal digital, pues el &iacute;ndice de esfuerzo es menor. &ldquo;La convergencia digital es lo que lleva a las personas para Reclame &nbsp;AQUI&reg;. Sin embargo, la empresa no puede pecar en ser m&aacute;s eficiente en los canales externos de que en sus propios canales. No es v&aacute;lido ser excelente en Facebook y no estar disponible para atender su propio tel&eacute;fono&rdquo;, pondera.<\/div>\n<div>Conforme Gisele, cuanto mayor el &iacute;ndice de esfuerzo para resolver el problema del cliente, menor el chance de &eacute;ste comprar nuevamente de aquella empresa e indicarla a otras personas. En ese sentido, retener es mucho m&aacute;s barato que conquistar nuevos clientes. &ldquo;Es tan dif&iacute;cil que las empresas tengan una cultura de soluci&oacute;n que, cuando ellas resuelven el problema, el consumidor se encanta. Superar expectativas con reembolso, o productos gratis u obsequios, s&oacute;lo vuelve el cliente marginalmente m&aacute;s fiel y no indica retenci&oacute;n y fidelidad. Quien reclama quiere una soluci&oacute;n, que el problema sea resuelto en el menor tiempo posible. Si esto ocurre, &eacute;l no pedir&aacute; m&aacute;s nada&rdquo;, afirma.<\/div>\n<div>Gisele tambi&eacute;n explic&oacute; a los participantes la metodolog&iacute;a para atendimiento y reclamaci&oacute;n en el sitio &nbsp;y cu&aacute;les los factores que contribuyen para que una reclamaci&oacute;n sea atendida con &eacute;xito. Reclame AQUI&reg; fue fundado en 2001 y, actualmente, cuenta con 70 mil empresas registradas. Solamente en enero de este a&ntilde;o, fueron m&aacute;s de 11,7 millones de accesos. &ldquo;Una empresa es tan buena cuando el &uacute;ltimo atendimiento prestado. Esa es la calidad de su reputaci&oacute;n&rdquo;, finaliza.<\/div>\n<div>&nbsp;<\/div>\n<div><strong>BOX<\/strong><\/div>\n<div>Lo que m&aacute;s irrita el consumidor cuando necesita reclamar de una empresa<\/div>\n<div>&#8211; Aguardar mucho tiempo para ser atendido<\/div>\n<div>&#8211; Tener que explicar todo nuevamente<\/div>\n<div>&#8211; Informar datos personales repetidamente<\/div>\n<div>&#8211; Tener que desistir de un canal e ir para otro por no funcionar el primero<\/div>\n<div>&#8211; Gastar mucho tempo de su tiempo para resolver el problema<\/div>\n<div>&#8211; Transferencia de llamadas para atendimientos<\/div>\n<div>&#8211; Tener que hablar varias veces con la empresa<\/div>\n<div>&#8211; Ser chamado de senhor e n&atilde;o pelo nome<\/div>\n<div>&nbsp;<\/div>\n<div>Fuente: Gisele Paula, socia de Reclame AQUI&reg;<\/div>\n<div>&nbsp;<\/div>\n<div>&nbsp;<\/div>\n","protected":false},"excerpt":{"rendered":"<p>Por invitaci\u00f3n del Comit\u00e9 del Mobiliario de Movergs y Sindm\u00f3veis, los socios del portal Reclame AQUI\u00ae estuvieron en Bento Gon\u00e7alves poco tiempo atr\u00e1s, dictando un perfeccionamiento para equipos del Servicio de Atendimiento al Cliente (SAC). M\u00e1s de 100 personas acompa\u00f1aron la presentaci\u00f3n de los empresarios Mauricio Vargas y Gisele Paula sobre las expectativas del nuevo consumidor brasile\u00f1o y la postura deseada en los casos de reclamaci\u00f3n. La iniciativa tiene como objetivo estrechar las relaciones entre la industria de muebles proyectados y el consumidor final.<\/p>\n","protected":false},"author":5,"featured_media":3404,"comment_status":"closed","ping_status":"open","sticky":false,"template":"","format":"standard","meta":{"footnotes":"","_links_to":"","_links_to_target":""},"categories":[2],"tags":[],"class_list":["post-1095","post","type-post","status-publish","format-standard","has-post-thumbnail","hentry","category-sindmoveis"],"yoast_head":"<!-- This site is optimized with the Yoast SEO plugin v27.0 - https:\/\/yoast.com\/product\/yoast-seo-wordpress\/ -->\n<title>El consumidor cambi\u00f3. \u00bfSu empresa va a permanecer igual? - Sindm\u00f3veis-RS<\/title>\n<meta name=\"robots\" content=\"index, follow, max-snippet:-1, max-image-preview:large, max-video-preview:-1\" \/>\n<link rel=\"canonical\" href=\"https:\/\/www.sindmoveis.com.br\/es\/o-consumidor-mudou-sua-empresa-vai-permanecer-igual\/\" \/>\n<meta property=\"og:locale\" content=\"es_ES\" \/>\n<meta property=\"og:type\" content=\"article\" \/>\n<meta property=\"og:title\" content=\"El consumidor cambi\u00f3. \u00bfSu empresa va a permanecer igual? - Sindm\u00f3veis-RS\" \/>\n<meta property=\"og:description\" content=\"Por invitaci\u00f3n del Comit\u00e9 del Mobiliario de Movergs y Sindm\u00f3veis, los socios del portal Reclame AQUI\u00ae estuvieron en Bento Gon\u00e7alves poco tiempo atr\u00e1s, dictando un perfeccionamiento para equipos del Servicio de Atendimiento al Cliente (SAC). M\u00e1s de 100 personas acompa\u00f1aron la presentaci\u00f3n de los empresarios Mauricio Vargas y Gisele Paula sobre las expectativas del nuevo consumidor brasile\u00f1o y la postura deseada en los casos de reclamaci\u00f3n. La iniciativa tiene como objetivo estrechar las relaciones entre la industria de muebles proyectados y el consumidor final.\" \/>\n<meta property=\"og:url\" content=\"https:\/\/www.sindmoveis.com.br\/es\/o-consumidor-mudou-sua-empresa-vai-permanecer-igual\/\" \/>\n<meta property=\"og:site_name\" content=\"Sindm\u00f3veis-RS\" \/>\n<meta property=\"article:published_time\" content=\"2014-06-05T03:00:00+00:00\" \/>\n<meta property=\"article:modified_time\" content=\"2021-05-26T13:24:28+00:00\" \/>\n<meta property=\"og:image\" content=\"https:\/\/www.sindmoveis.com.br\/es\/wp-content\/uploads\/2021\/05\/p1401994041.jpg\" \/>\n\t<meta property=\"og:image:width\" content=\"1400\" \/>\n\t<meta property=\"og:image:height\" content=\"933\" \/>\n\t<meta property=\"og:image:type\" content=\"image\/jpeg\" \/>\n<meta name=\"author\" content=\"Imprensa Sindm\u00f3veis\" \/>\n<meta name=\"twitter:card\" content=\"summary_large_image\" \/>\n<meta name=\"twitter:label1\" content=\"Escrito por\" \/>\n\t<meta name=\"twitter:data1\" content=\"Imprensa Sindm\u00f3veis\" \/>\n\t<meta name=\"twitter:label2\" content=\"Tiempo de lectura\" \/>\n\t<meta name=\"twitter:data2\" content=\"5 minutos\" \/>\n<script type=\"application\/ld+json\" class=\"yoast-schema-graph\">{\"@context\":\"https:\/\/schema.org\",\"@graph\":[{\"@type\":\"Article\",\"@id\":\"https:\/\/www.sindmoveis.com.br\/es\/o-consumidor-mudou-sua-empresa-vai-permanecer-igual\/#article\",\"isPartOf\":{\"@id\":\"https:\/\/www.sindmoveis.com.br\/es\/o-consumidor-mudou-sua-empresa-vai-permanecer-igual\/\"},\"author\":{\"name\":\"Imprensa Sindm\u00f3veis\",\"@id\":\"https:\/\/www.sindmoveis.com.br\/es\/#\/schema\/person\/16d379542db1950a17fe188179340d57\"},\"headline\":\"El consumidor cambi\u00f3. \u00bfSu empresa va a permanecer igual?\",\"datePublished\":\"2014-06-05T03:00:00+00:00\",\"dateModified\":\"2021-05-26T13:24:28+00:00\",\"mainEntityOfPage\":{\"@id\":\"https:\/\/www.sindmoveis.com.br\/es\/o-consumidor-mudou-sua-empresa-vai-permanecer-igual\/\"},\"wordCount\":1025,\"image\":{\"@id\":\"https:\/\/www.sindmoveis.com.br\/es\/o-consumidor-mudou-sua-empresa-vai-permanecer-igual\/#primaryimage\"},\"thumbnailUrl\":\"https:\/\/www.sindmoveis.com.br\/es\/wp-content\/uploads\/2021\/05\/p1401994041.jpg\",\"articleSection\":[\"Sindm\u00f3veis\"],\"inLanguage\":\"es\"},{\"@type\":\"WebPage\",\"@id\":\"https:\/\/www.sindmoveis.com.br\/es\/o-consumidor-mudou-sua-empresa-vai-permanecer-igual\/\",\"url\":\"https:\/\/www.sindmoveis.com.br\/es\/o-consumidor-mudou-sua-empresa-vai-permanecer-igual\/\",\"name\":\"El consumidor cambi\u00f3. \u00bfSu empresa va a permanecer igual? - Sindm\u00f3veis-RS\",\"isPartOf\":{\"@id\":\"https:\/\/www.sindmoveis.com.br\/es\/#website\"},\"primaryImageOfPage\":{\"@id\":\"https:\/\/www.sindmoveis.com.br\/es\/o-consumidor-mudou-sua-empresa-vai-permanecer-igual\/#primaryimage\"},\"image\":{\"@id\":\"https:\/\/www.sindmoveis.com.br\/es\/o-consumidor-mudou-sua-empresa-vai-permanecer-igual\/#primaryimage\"},\"thumbnailUrl\":\"https:\/\/www.sindmoveis.com.br\/es\/wp-content\/uploads\/2021\/05\/p1401994041.jpg\",\"datePublished\":\"2014-06-05T03:00:00+00:00\",\"dateModified\":\"2021-05-26T13:24:28+00:00\",\"author\":{\"@id\":\"https:\/\/www.sindmoveis.com.br\/es\/#\/schema\/person\/16d379542db1950a17fe188179340d57\"},\"inLanguage\":\"es\",\"potentialAction\":[{\"@type\":\"ReadAction\",\"target\":[\"https:\/\/www.sindmoveis.com.br\/es\/o-consumidor-mudou-sua-empresa-vai-permanecer-igual\/\"]}]},{\"@type\":\"ImageObject\",\"inLanguage\":\"es\",\"@id\":\"https:\/\/www.sindmoveis.com.br\/es\/o-consumidor-mudou-sua-empresa-vai-permanecer-igual\/#primaryimage\",\"url\":\"https:\/\/www.sindmoveis.com.br\/es\/wp-content\/uploads\/2021\/05\/p1401994041.jpg\",\"contentUrl\":\"https:\/\/www.sindmoveis.com.br\/es\/wp-content\/uploads\/2021\/05\/p1401994041.jpg\",\"width\":1400,\"height\":933},{\"@type\":\"WebSite\",\"@id\":\"https:\/\/www.sindmoveis.com.br\/es\/#website\",\"url\":\"https:\/\/www.sindmoveis.com.br\/es\/\",\"name\":\"Sindm\u00f3veis-RS\",\"description\":\"\",\"potentialAction\":[{\"@type\":\"SearchAction\",\"target\":{\"@type\":\"EntryPoint\",\"urlTemplate\":\"https:\/\/www.sindmoveis.com.br\/es\/?s={search_term_string}\"},\"query-input\":{\"@type\":\"PropertyValueSpecification\",\"valueRequired\":true,\"valueName\":\"search_term_string\"}}],\"inLanguage\":\"es\"},{\"@type\":\"Person\",\"@id\":\"https:\/\/www.sindmoveis.com.br\/es\/#\/schema\/person\/16d379542db1950a17fe188179340d57\",\"name\":\"Imprensa Sindm\u00f3veis\",\"image\":{\"@type\":\"ImageObject\",\"inLanguage\":\"es\",\"@id\":\"https:\/\/www.sindmoveis.com.br\/es\/#\/schema\/person\/image\/\",\"url\":\"https:\/\/secure.gravatar.com\/avatar\/4973e2e2c2a0cb5db30b0c7b770041b8e33d048a16b695a1f99c042449d4bfaf?s=96&d=mm&r=g\",\"contentUrl\":\"https:\/\/secure.gravatar.com\/avatar\/4973e2e2c2a0cb5db30b0c7b770041b8e33d048a16b695a1f99c042449d4bfaf?s=96&d=mm&r=g\",\"caption\":\"Imprensa Sindm\u00f3veis\"},\"url\":\"https:\/\/www.sindmoveis.com.br\/es\/author\/ana\/\"}]}<\/script>\n<!-- \/ Yoast SEO plugin. -->","yoast_head_json":{"title":"El consumidor cambi\u00f3. \u00bfSu empresa va a permanecer igual? - Sindm\u00f3veis-RS","robots":{"index":"index","follow":"follow","max-snippet":"max-snippet:-1","max-image-preview":"max-image-preview:large","max-video-preview":"max-video-preview:-1"},"canonical":"https:\/\/www.sindmoveis.com.br\/es\/o-consumidor-mudou-sua-empresa-vai-permanecer-igual\/","og_locale":"es_ES","og_type":"article","og_title":"El consumidor cambi\u00f3. \u00bfSu empresa va a permanecer igual? - Sindm\u00f3veis-RS","og_description":"Por invitaci\u00f3n del Comit\u00e9 del Mobiliario de Movergs y Sindm\u00f3veis, los socios del portal Reclame AQUI\u00ae estuvieron en Bento Gon\u00e7alves poco tiempo atr\u00e1s, dictando un perfeccionamiento para equipos del Servicio de Atendimiento al Cliente (SAC). M\u00e1s de 100 personas acompa\u00f1aron la presentaci\u00f3n de los empresarios Mauricio Vargas y Gisele Paula sobre las expectativas del nuevo consumidor brasile\u00f1o y la postura deseada en los casos de reclamaci\u00f3n. La iniciativa tiene como objetivo estrechar las relaciones entre la industria de muebles proyectados y el consumidor final.","og_url":"https:\/\/www.sindmoveis.com.br\/es\/o-consumidor-mudou-sua-empresa-vai-permanecer-igual\/","og_site_name":"Sindm\u00f3veis-RS","article_published_time":"2014-06-05T03:00:00+00:00","article_modified_time":"2021-05-26T13:24:28+00:00","og_image":[{"width":1400,"height":933,"url":"https:\/\/www.sindmoveis.com.br\/es\/wp-content\/uploads\/2021\/05\/p1401994041.jpg","type":"image\/jpeg"}],"author":"Imprensa Sindm\u00f3veis","twitter_card":"summary_large_image","twitter_misc":{"Escrito por":"Imprensa Sindm\u00f3veis","Tiempo de lectura":"5 minutos"},"schema":{"@context":"https:\/\/schema.org","@graph":[{"@type":"Article","@id":"https:\/\/www.sindmoveis.com.br\/es\/o-consumidor-mudou-sua-empresa-vai-permanecer-igual\/#article","isPartOf":{"@id":"https:\/\/www.sindmoveis.com.br\/es\/o-consumidor-mudou-sua-empresa-vai-permanecer-igual\/"},"author":{"name":"Imprensa Sindm\u00f3veis","@id":"https:\/\/www.sindmoveis.com.br\/es\/#\/schema\/person\/16d379542db1950a17fe188179340d57"},"headline":"El consumidor cambi\u00f3. \u00bfSu empresa va a permanecer igual?","datePublished":"2014-06-05T03:00:00+00:00","dateModified":"2021-05-26T13:24:28+00:00","mainEntityOfPage":{"@id":"https:\/\/www.sindmoveis.com.br\/es\/o-consumidor-mudou-sua-empresa-vai-permanecer-igual\/"},"wordCount":1025,"image":{"@id":"https:\/\/www.sindmoveis.com.br\/es\/o-consumidor-mudou-sua-empresa-vai-permanecer-igual\/#primaryimage"},"thumbnailUrl":"https:\/\/www.sindmoveis.com.br\/es\/wp-content\/uploads\/2021\/05\/p1401994041.jpg","articleSection":["Sindm\u00f3veis"],"inLanguage":"es"},{"@type":"WebPage","@id":"https:\/\/www.sindmoveis.com.br\/es\/o-consumidor-mudou-sua-empresa-vai-permanecer-igual\/","url":"https:\/\/www.sindmoveis.com.br\/es\/o-consumidor-mudou-sua-empresa-vai-permanecer-igual\/","name":"El consumidor cambi\u00f3. \u00bfSu empresa va a permanecer igual? - Sindm\u00f3veis-RS","isPartOf":{"@id":"https:\/\/www.sindmoveis.com.br\/es\/#website"},"primaryImageOfPage":{"@id":"https:\/\/www.sindmoveis.com.br\/es\/o-consumidor-mudou-sua-empresa-vai-permanecer-igual\/#primaryimage"},"image":{"@id":"https:\/\/www.sindmoveis.com.br\/es\/o-consumidor-mudou-sua-empresa-vai-permanecer-igual\/#primaryimage"},"thumbnailUrl":"https:\/\/www.sindmoveis.com.br\/es\/wp-content\/uploads\/2021\/05\/p1401994041.jpg","datePublished":"2014-06-05T03:00:00+00:00","dateModified":"2021-05-26T13:24:28+00:00","author":{"@id":"https:\/\/www.sindmoveis.com.br\/es\/#\/schema\/person\/16d379542db1950a17fe188179340d57"},"inLanguage":"es","potentialAction":[{"@type":"ReadAction","target":["https:\/\/www.sindmoveis.com.br\/es\/o-consumidor-mudou-sua-empresa-vai-permanecer-igual\/"]}]},{"@type":"ImageObject","inLanguage":"es","@id":"https:\/\/www.sindmoveis.com.br\/es\/o-consumidor-mudou-sua-empresa-vai-permanecer-igual\/#primaryimage","url":"https:\/\/www.sindmoveis.com.br\/es\/wp-content\/uploads\/2021\/05\/p1401994041.jpg","contentUrl":"https:\/\/www.sindmoveis.com.br\/es\/wp-content\/uploads\/2021\/05\/p1401994041.jpg","width":1400,"height":933},{"@type":"WebSite","@id":"https:\/\/www.sindmoveis.com.br\/es\/#website","url":"https:\/\/www.sindmoveis.com.br\/es\/","name":"Sindm\u00f3veis-RS","description":"","potentialAction":[{"@type":"SearchAction","target":{"@type":"EntryPoint","urlTemplate":"https:\/\/www.sindmoveis.com.br\/es\/?s={search_term_string}"},"query-input":{"@type":"PropertyValueSpecification","valueRequired":true,"valueName":"search_term_string"}}],"inLanguage":"es"},{"@type":"Person","@id":"https:\/\/www.sindmoveis.com.br\/es\/#\/schema\/person\/16d379542db1950a17fe188179340d57","name":"Imprensa Sindm\u00f3veis","image":{"@type":"ImageObject","inLanguage":"es","@id":"https:\/\/www.sindmoveis.com.br\/es\/#\/schema\/person\/image\/","url":"https:\/\/secure.gravatar.com\/avatar\/4973e2e2c2a0cb5db30b0c7b770041b8e33d048a16b695a1f99c042449d4bfaf?s=96&d=mm&r=g","contentUrl":"https:\/\/secure.gravatar.com\/avatar\/4973e2e2c2a0cb5db30b0c7b770041b8e33d048a16b695a1f99c042449d4bfaf?s=96&d=mm&r=g","caption":"Imprensa Sindm\u00f3veis"},"url":"https:\/\/www.sindmoveis.com.br\/es\/author\/ana\/"}]}},"_links":{"self":[{"href":"https:\/\/www.sindmoveis.com.br\/es\/wp-json\/wp\/v2\/posts\/1095","targetHints":{"allow":["GET"]}}],"collection":[{"href":"https:\/\/www.sindmoveis.com.br\/es\/wp-json\/wp\/v2\/posts"}],"about":[{"href":"https:\/\/www.sindmoveis.com.br\/es\/wp-json\/wp\/v2\/types\/post"}],"author":[{"embeddable":true,"href":"https:\/\/www.sindmoveis.com.br\/es\/wp-json\/wp\/v2\/users\/5"}],"replies":[{"embeddable":true,"href":"https:\/\/www.sindmoveis.com.br\/es\/wp-json\/wp\/v2\/comments?post=1095"}],"version-history":[{"count":2,"href":"https:\/\/www.sindmoveis.com.br\/es\/wp-json\/wp\/v2\/posts\/1095\/revisions"}],"predecessor-version":[{"id":3403,"href":"https:\/\/www.sindmoveis.com.br\/es\/wp-json\/wp\/v2\/posts\/1095\/revisions\/3403"}],"wp:featuredmedia":[{"embeddable":true,"href":"https:\/\/www.sindmoveis.com.br\/es\/wp-json\/wp\/v2\/media\/3404"}],"wp:attachment":[{"href":"https:\/\/www.sindmoveis.com.br\/es\/wp-json\/wp\/v2\/media?parent=1095"}],"wp:term":[{"taxonomy":"category","embeddable":true,"href":"https:\/\/www.sindmoveis.com.br\/es\/wp-json\/wp\/v2\/categories?post=1095"},{"taxonomy":"post_tag","embeddable":true,"href":"https:\/\/www.sindmoveis.com.br\/es\/wp-json\/wp\/v2\/tags?post=1095"}],"curies":[{"name":"wp","href":"https:\/\/api.w.org\/{rel}","templated":true}]}}