{"id":1091,"date":"2014-05-14T00:00:00","date_gmt":"2014-05-14T03:00:00","guid":{"rendered":"http:\/\/sindmoveis.com.br\/imprensa\/noticias\/sindmoveis-concorre-a-premio-da-apex-brasil-com-tres-acoes\/"},"modified":"2021-05-26T10:24:29","modified_gmt":"2021-05-26T13:24:29","slug":"sindmoveis-concorre-a-premio-da-apex-brasil-com-tres-acoes","status":"publish","type":"post","link":"https:\/\/www.sindmoveis.com.br\/es\/sindmoveis-concorre-a-premio-da-apex-brasil-com-tres-acoes\/","title":{"rendered":"Sindm\u00f3veis concurre a premio de Apex-Brasil con tres acciones"},"content":{"rendered":"<div>El Sindicato de la Industria del Mobiliario de Bento Gon&ccedil;alves &ndash; Sindm&oacute;veis, est&aacute; concurriendo a la 5&ordf; edici&oacute;n del Premio &aacute;pex-Brasil de Excelencia en Exportaci&oacute;n. Con el tema El Brasil que inspira el mundo, la iniciativa reconoce y premia empresas y entidades de la industria, comercio y servicios que se destacaron en las exportaciones o promovieron acciones innovadoras, contribuyendo para la inserci&oacute;n activa de Brasil en el mercado internacional.<\/div>\n<div>Participando entre las entidades sectoriales asociadas con la agencia Brasile&ntilde;a de Promoci&oacute;n de Exportaciones e Inversiones (Apex-Brasil), Sindm&oacute;veis &nbsp;inscribi&oacute; tres acciones innovadoras realizadas entre los a&ntilde;os de 2012 y 2013: el conjunto de proyectos realizados durante Casa Brasil 2013 (Sal&atilde;o Design, proyectos especiales, entre ellos Comprador e Imagen y Seminarios Internacionales); las muestras de dise&ntilde;o realizadas por el Proyecto Orchestra Brasil durante la Semana de arte en Miami, en 2012 y 2013; y una acci&oacute;n permanente de posicionamiento y agregaci&oacute;n de valor del mueble brasile&ntilde;o volcado al mercado colombiano.<\/div>\n<div>La programaci&oacute;n de Casa Brasil 2013, realizada en agosto de aquel a&ntilde;o, fue considerada innovadora por proporcionar la convergencia entre dise&ntilde;adores y fabricantes de muebles, bien como la promoci&oacute;n del dise&ntilde;o brasile&ntilde;o en el mercado internacional. Como consecuencia, los dise&ntilde;adores fueron incluidos en el Proyecto Orchestra Brasil, que cuenta con el apoyo de Apex-Brasil y promueve la entrada sostenible de proveedores de la industria del mueble en el mercado internacional.<\/div>\n<div>El segundo proyecto tuvo como objetivo promover la imagen del dise&ntilde;ador brasile&ntilde;o de muebles aunada al arte, por medio de la participaci&oacute;n en las muestras paralelas Design Miami y Art Basel en 2012 y 2013. La muestra de 2012 tuvo como tema Generaci&oacute;n Casa Brasil, reuniendo por la primera vez los dise&ntilde;adores para una muestra centrada &nbsp;en un tema espec&iacute;fico &ndash; en ese caso, la moda verano 2013, gracias al trabajo en conjunto realizado con la &nbsp;Asociaci&oacute;n Brasile&ntilde;a de la Industria Textil &ndash; ABIT. El a&ntilde;o siguiente, el tema propuesto fue Bienestar, Buen Vivir, con productos que participaron de Brazil ArtFair, &nbsp;seleccionados por la curadur&iacute;a de Casa Brasil. &nbsp; &nbsp;<\/div>\n<div>Por &uacute;ltimo, concurre al premio el proyecto permanente que se realiza en Colombia desde enero de 2012, con vista a la sostenibilidad de las empresas brasile&ntilde;as en el mercado, a la innovaci&oacute;n y a la valoraci&oacute;n del dise&ntilde;o brasile&ntilde;o. La iniciativa integra diferentes acciones volcadas a la industria y al dise&ntilde;o con el objetivo de converger y comunicar al mercado colombiano la innovaci&oacute;n, tecnolog&iacute;a y creatividad de Brasil, con un conjunto de acciones que va desde la participaci&oacute;n en ferias hasta la contrataci&oacute;n de una consultor&iacute;a en marketing, el proyecto transmite valores al mercado, como la calidad, competitividad y credibilidad, con enfoque en el posicionamiento y agregaci&oacute;n de valor.<\/div>\n<div>Los vencedores del Premio Apex-Brasil de Excelencia en Exportaci&oacute;n ser&aacute;n divulgados durante la solemnidad de premiaci&oacute;n, el d&iacute;a 28 de mayo de 2014 en S&atilde;o Paulo (SP). El reconocimiento existe desde 2006, siendo concedido a cada dos a&ntilde;os a aquellos que, en el campo del comercio exterior, se hayan destacado por una relevante contribuci&oacute;n al desarrollo de Brasil. En la edici&oacute;n pasada, Sindm&oacute;veis fue finalista con el case del Showroom del Proyecto Orchestra Brasil Miami, con consultor&iacute;a de profesionales locales para las empresas participantes.<\/div>\n<div>&nbsp;<\/div>\n","protected":false},"excerpt":{"rendered":"<p>El Sindicato de la Industria del Mobiliario de Bento Gon\u00e7alves \u2013 Sindm\u00f3veis, est\u00e1 concurriendo a la 5\u00aa edici\u00f3n del Premio \u00e1pex-Brasil de Excelencia en Exportaci\u00f3n. Con el tema El Brasil que inspira el mundo, la iniciativa reconoce y premia empresas y entidades de la industria, comercio y servicios que se destacaron en las exportaciones o promovieron acciones innovadoras, contribuyendo para la inserci\u00f3n activa de Brasil en el mercado internacional.<\/p>\n","protected":false},"author":5,"featured_media":3400,"comment_status":"closed","ping_status":"open","sticky":false,"template":"","format":"standard","meta":{"footnotes":"","_links_to":"","_links_to_target":""},"categories":[2],"tags":[],"class_list":["post-1091","post","type-post","status-publish","format-standard","has-post-thumbnail","hentry","category-sindmoveis"],"yoast_head":"<!-- This site is optimized with the Yoast SEO plugin v27.0 - https:\/\/yoast.com\/product\/yoast-seo-wordpress\/ -->\n<title>Sindm\u00f3veis concurre a premio de Apex-Brasil con tres acciones - Sindm\u00f3veis-RS<\/title>\n<meta name=\"robots\" content=\"index, follow, max-snippet:-1, max-image-preview:large, max-video-preview:-1\" \/>\n<link rel=\"canonical\" href=\"https:\/\/www.sindmoveis.com.br\/es\/sindmoveis-concorre-a-premio-da-apex-brasil-com-tres-acoes\/\" \/>\n<meta property=\"og:locale\" content=\"es_ES\" \/>\n<meta property=\"og:type\" content=\"article\" \/>\n<meta property=\"og:title\" content=\"Sindm\u00f3veis concurre a premio de Apex-Brasil con tres acciones - Sindm\u00f3veis-RS\" \/>\n<meta property=\"og:description\" content=\"El Sindicato de la Industria del Mobiliario de Bento Gon\u00e7alves \u2013 Sindm\u00f3veis, est\u00e1 concurriendo a la 5\u00aa edici\u00f3n del Premio \u00e1pex-Brasil de Excelencia en Exportaci\u00f3n. Con el tema El Brasil que inspira el mundo, la iniciativa reconoce y premia empresas y entidades de la industria, comercio y servicios que se destacaron en las exportaciones o promovieron acciones innovadoras, contribuyendo para la inserci\u00f3n activa de Brasil en el mercado internacional.\" \/>\n<meta property=\"og:url\" content=\"https:\/\/www.sindmoveis.com.br\/es\/sindmoveis-concorre-a-premio-da-apex-brasil-com-tres-acoes\/\" \/>\n<meta property=\"og:site_name\" content=\"Sindm\u00f3veis-RS\" \/>\n<meta property=\"article:published_time\" content=\"2014-05-14T03:00:00+00:00\" \/>\n<meta property=\"article:modified_time\" content=\"2021-05-26T13:24:29+00:00\" \/>\n<meta property=\"og:image\" content=\"https:\/\/www.sindmoveis.com.br\/es\/wp-content\/uploads\/2021\/05\/p1400093105.jpg\" \/>\n\t<meta property=\"og:image:width\" content=\"1500\" \/>\n\t<meta property=\"og:image:height\" content=\"1000\" \/>\n\t<meta property=\"og:image:type\" content=\"image\/jpeg\" \/>\n<meta name=\"author\" content=\"Imprensa Sindm\u00f3veis\" \/>\n<meta name=\"twitter:card\" content=\"summary_large_image\" \/>\n<meta name=\"twitter:label1\" content=\"Escrito por\" \/>\n\t<meta name=\"twitter:data1\" content=\"Imprensa Sindm\u00f3veis\" \/>\n\t<meta name=\"twitter:label2\" content=\"Tiempo de lectura\" \/>\n\t<meta name=\"twitter:data2\" content=\"3 minutos\" \/>\n<script type=\"application\/ld+json\" class=\"yoast-schema-graph\">{\"@context\":\"https:\/\/schema.org\",\"@graph\":[{\"@type\":\"Article\",\"@id\":\"https:\/\/www.sindmoveis.com.br\/es\/sindmoveis-concorre-a-premio-da-apex-brasil-com-tres-acoes\/#article\",\"isPartOf\":{\"@id\":\"https:\/\/www.sindmoveis.com.br\/es\/sindmoveis-concorre-a-premio-da-apex-brasil-com-tres-acoes\/\"},\"author\":{\"name\":\"Imprensa Sindm\u00f3veis\",\"@id\":\"https:\/\/www.sindmoveis.com.br\/es\/#\/schema\/person\/16d379542db1950a17fe188179340d57\"},\"headline\":\"Sindm\u00f3veis concurre a premio de Apex-Brasil con tres acciones\",\"datePublished\":\"2014-05-14T03:00:00+00:00\",\"dateModified\":\"2021-05-26T13:24:29+00:00\",\"mainEntityOfPage\":{\"@id\":\"https:\/\/www.sindmoveis.com.br\/es\/sindmoveis-concorre-a-premio-da-apex-brasil-com-tres-acoes\/\"},\"wordCount\":642,\"image\":{\"@id\":\"https:\/\/www.sindmoveis.com.br\/es\/sindmoveis-concorre-a-premio-da-apex-brasil-com-tres-acoes\/#primaryimage\"},\"thumbnailUrl\":\"https:\/\/www.sindmoveis.com.br\/es\/wp-content\/uploads\/2021\/05\/p1400093105.jpg\",\"articleSection\":[\"Sindm\u00f3veis\"],\"inLanguage\":\"es\"},{\"@type\":\"WebPage\",\"@id\":\"https:\/\/www.sindmoveis.com.br\/es\/sindmoveis-concorre-a-premio-da-apex-brasil-com-tres-acoes\/\",\"url\":\"https:\/\/www.sindmoveis.com.br\/es\/sindmoveis-concorre-a-premio-da-apex-brasil-com-tres-acoes\/\",\"name\":\"Sindm\u00f3veis concurre a premio de Apex-Brasil con tres acciones - Sindm\u00f3veis-RS\",\"isPartOf\":{\"@id\":\"https:\/\/www.sindmoveis.com.br\/es\/#website\"},\"primaryImageOfPage\":{\"@id\":\"https:\/\/www.sindmoveis.com.br\/es\/sindmoveis-concorre-a-premio-da-apex-brasil-com-tres-acoes\/#primaryimage\"},\"image\":{\"@id\":\"https:\/\/www.sindmoveis.com.br\/es\/sindmoveis-concorre-a-premio-da-apex-brasil-com-tres-acoes\/#primaryimage\"},\"thumbnailUrl\":\"https:\/\/www.sindmoveis.com.br\/es\/wp-content\/uploads\/2021\/05\/p1400093105.jpg\",\"datePublished\":\"2014-05-14T03:00:00+00:00\",\"dateModified\":\"2021-05-26T13:24:29+00:00\",\"author\":{\"@id\":\"https:\/\/www.sindmoveis.com.br\/es\/#\/schema\/person\/16d379542db1950a17fe188179340d57\"},\"inLanguage\":\"es\",\"potentialAction\":[{\"@type\":\"ReadAction\",\"target\":[\"https:\/\/www.sindmoveis.com.br\/es\/sindmoveis-concorre-a-premio-da-apex-brasil-com-tres-acoes\/\"]}]},{\"@type\":\"ImageObject\",\"inLanguage\":\"es\",\"@id\":\"https:\/\/www.sindmoveis.com.br\/es\/sindmoveis-concorre-a-premio-da-apex-brasil-com-tres-acoes\/#primaryimage\",\"url\":\"https:\/\/www.sindmoveis.com.br\/es\/wp-content\/uploads\/2021\/05\/p1400093105.jpg\",\"contentUrl\":\"https:\/\/www.sindmoveis.com.br\/es\/wp-content\/uploads\/2021\/05\/p1400093105.jpg\",\"width\":1500,\"height\":1000,\"caption\":\"Participaci\u00f3n de los dise\u00f1adores del Proyecto Orchestra Brasil en muestras en los Estados Unidos es una de las acciones inscritas por Sindm\u00f3veis\"},{\"@type\":\"WebSite\",\"@id\":\"https:\/\/www.sindmoveis.com.br\/es\/#website\",\"url\":\"https:\/\/www.sindmoveis.com.br\/es\/\",\"name\":\"Sindm\u00f3veis-RS\",\"description\":\"\",\"potentialAction\":[{\"@type\":\"SearchAction\",\"target\":{\"@type\":\"EntryPoint\",\"urlTemplate\":\"https:\/\/www.sindmoveis.com.br\/es\/?s={search_term_string}\"},\"query-input\":{\"@type\":\"PropertyValueSpecification\",\"valueRequired\":true,\"valueName\":\"search_term_string\"}}],\"inLanguage\":\"es\"},{\"@type\":\"Person\",\"@id\":\"https:\/\/www.sindmoveis.com.br\/es\/#\/schema\/person\/16d379542db1950a17fe188179340d57\",\"name\":\"Imprensa Sindm\u00f3veis\",\"image\":{\"@type\":\"ImageObject\",\"inLanguage\":\"es\",\"@id\":\"https:\/\/www.sindmoveis.com.br\/es\/#\/schema\/person\/image\/\",\"url\":\"https:\/\/secure.gravatar.com\/avatar\/4973e2e2c2a0cb5db30b0c7b770041b8e33d048a16b695a1f99c042449d4bfaf?s=96&d=mm&r=g\",\"contentUrl\":\"https:\/\/secure.gravatar.com\/avatar\/4973e2e2c2a0cb5db30b0c7b770041b8e33d048a16b695a1f99c042449d4bfaf?s=96&d=mm&r=g\",\"caption\":\"Imprensa Sindm\u00f3veis\"},\"url\":\"https:\/\/www.sindmoveis.com.br\/es\/author\/ana\/\"}]}<\/script>\n<!-- \/ Yoast SEO plugin. -->","yoast_head_json":{"title":"Sindm\u00f3veis concurre a premio de Apex-Brasil con tres acciones - Sindm\u00f3veis-RS","robots":{"index":"index","follow":"follow","max-snippet":"max-snippet:-1","max-image-preview":"max-image-preview:large","max-video-preview":"max-video-preview:-1"},"canonical":"https:\/\/www.sindmoveis.com.br\/es\/sindmoveis-concorre-a-premio-da-apex-brasil-com-tres-acoes\/","og_locale":"es_ES","og_type":"article","og_title":"Sindm\u00f3veis concurre a premio de Apex-Brasil con tres acciones - Sindm\u00f3veis-RS","og_description":"El Sindicato de la Industria del Mobiliario de Bento Gon\u00e7alves \u2013 Sindm\u00f3veis, est\u00e1 concurriendo a la 5\u00aa edici\u00f3n del Premio \u00e1pex-Brasil de Excelencia en Exportaci\u00f3n. Con el tema El Brasil que inspira el mundo, la iniciativa reconoce y premia empresas y entidades de la industria, comercio y servicios que se destacaron en las exportaciones o promovieron acciones innovadoras, contribuyendo para la inserci\u00f3n activa de Brasil en el mercado internacional.","og_url":"https:\/\/www.sindmoveis.com.br\/es\/sindmoveis-concorre-a-premio-da-apex-brasil-com-tres-acoes\/","og_site_name":"Sindm\u00f3veis-RS","article_published_time":"2014-05-14T03:00:00+00:00","article_modified_time":"2021-05-26T13:24:29+00:00","og_image":[{"width":1500,"height":1000,"url":"https:\/\/www.sindmoveis.com.br\/es\/wp-content\/uploads\/2021\/05\/p1400093105.jpg","type":"image\/jpeg"}],"author":"Imprensa Sindm\u00f3veis","twitter_card":"summary_large_image","twitter_misc":{"Escrito por":"Imprensa Sindm\u00f3veis","Tiempo de lectura":"3 minutos"},"schema":{"@context":"https:\/\/schema.org","@graph":[{"@type":"Article","@id":"https:\/\/www.sindmoveis.com.br\/es\/sindmoveis-concorre-a-premio-da-apex-brasil-com-tres-acoes\/#article","isPartOf":{"@id":"https:\/\/www.sindmoveis.com.br\/es\/sindmoveis-concorre-a-premio-da-apex-brasil-com-tres-acoes\/"},"author":{"name":"Imprensa Sindm\u00f3veis","@id":"https:\/\/www.sindmoveis.com.br\/es\/#\/schema\/person\/16d379542db1950a17fe188179340d57"},"headline":"Sindm\u00f3veis concurre a premio de Apex-Brasil con tres acciones","datePublished":"2014-05-14T03:00:00+00:00","dateModified":"2021-05-26T13:24:29+00:00","mainEntityOfPage":{"@id":"https:\/\/www.sindmoveis.com.br\/es\/sindmoveis-concorre-a-premio-da-apex-brasil-com-tres-acoes\/"},"wordCount":642,"image":{"@id":"https:\/\/www.sindmoveis.com.br\/es\/sindmoveis-concorre-a-premio-da-apex-brasil-com-tres-acoes\/#primaryimage"},"thumbnailUrl":"https:\/\/www.sindmoveis.com.br\/es\/wp-content\/uploads\/2021\/05\/p1400093105.jpg","articleSection":["Sindm\u00f3veis"],"inLanguage":"es"},{"@type":"WebPage","@id":"https:\/\/www.sindmoveis.com.br\/es\/sindmoveis-concorre-a-premio-da-apex-brasil-com-tres-acoes\/","url":"https:\/\/www.sindmoveis.com.br\/es\/sindmoveis-concorre-a-premio-da-apex-brasil-com-tres-acoes\/","name":"Sindm\u00f3veis concurre a premio de Apex-Brasil con tres acciones - Sindm\u00f3veis-RS","isPartOf":{"@id":"https:\/\/www.sindmoveis.com.br\/es\/#website"},"primaryImageOfPage":{"@id":"https:\/\/www.sindmoveis.com.br\/es\/sindmoveis-concorre-a-premio-da-apex-brasil-com-tres-acoes\/#primaryimage"},"image":{"@id":"https:\/\/www.sindmoveis.com.br\/es\/sindmoveis-concorre-a-premio-da-apex-brasil-com-tres-acoes\/#primaryimage"},"thumbnailUrl":"https:\/\/www.sindmoveis.com.br\/es\/wp-content\/uploads\/2021\/05\/p1400093105.jpg","datePublished":"2014-05-14T03:00:00+00:00","dateModified":"2021-05-26T13:24:29+00:00","author":{"@id":"https:\/\/www.sindmoveis.com.br\/es\/#\/schema\/person\/16d379542db1950a17fe188179340d57"},"inLanguage":"es","potentialAction":[{"@type":"ReadAction","target":["https:\/\/www.sindmoveis.com.br\/es\/sindmoveis-concorre-a-premio-da-apex-brasil-com-tres-acoes\/"]}]},{"@type":"ImageObject","inLanguage":"es","@id":"https:\/\/www.sindmoveis.com.br\/es\/sindmoveis-concorre-a-premio-da-apex-brasil-com-tres-acoes\/#primaryimage","url":"https:\/\/www.sindmoveis.com.br\/es\/wp-content\/uploads\/2021\/05\/p1400093105.jpg","contentUrl":"https:\/\/www.sindmoveis.com.br\/es\/wp-content\/uploads\/2021\/05\/p1400093105.jpg","width":1500,"height":1000,"caption":"Participaci\u00f3n de los dise\u00f1adores del Proyecto Orchestra Brasil en muestras en los Estados Unidos es una de las acciones inscritas por Sindm\u00f3veis"},{"@type":"WebSite","@id":"https:\/\/www.sindmoveis.com.br\/es\/#website","url":"https:\/\/www.sindmoveis.com.br\/es\/","name":"Sindm\u00f3veis-RS","description":"","potentialAction":[{"@type":"SearchAction","target":{"@type":"EntryPoint","urlTemplate":"https:\/\/www.sindmoveis.com.br\/es\/?s={search_term_string}"},"query-input":{"@type":"PropertyValueSpecification","valueRequired":true,"valueName":"search_term_string"}}],"inLanguage":"es"},{"@type":"Person","@id":"https:\/\/www.sindmoveis.com.br\/es\/#\/schema\/person\/16d379542db1950a17fe188179340d57","name":"Imprensa Sindm\u00f3veis","image":{"@type":"ImageObject","inLanguage":"es","@id":"https:\/\/www.sindmoveis.com.br\/es\/#\/schema\/person\/image\/","url":"https:\/\/secure.gravatar.com\/avatar\/4973e2e2c2a0cb5db30b0c7b770041b8e33d048a16b695a1f99c042449d4bfaf?s=96&d=mm&r=g","contentUrl":"https:\/\/secure.gravatar.com\/avatar\/4973e2e2c2a0cb5db30b0c7b770041b8e33d048a16b695a1f99c042449d4bfaf?s=96&d=mm&r=g","caption":"Imprensa Sindm\u00f3veis"},"url":"https:\/\/www.sindmoveis.com.br\/es\/author\/ana\/"}]}},"_links":{"self":[{"href":"https:\/\/www.sindmoveis.com.br\/es\/wp-json\/wp\/v2\/posts\/1091","targetHints":{"allow":["GET"]}}],"collection":[{"href":"https:\/\/www.sindmoveis.com.br\/es\/wp-json\/wp\/v2\/posts"}],"about":[{"href":"https:\/\/www.sindmoveis.com.br\/es\/wp-json\/wp\/v2\/types\/post"}],"author":[{"embeddable":true,"href":"https:\/\/www.sindmoveis.com.br\/es\/wp-json\/wp\/v2\/users\/5"}],"replies":[{"embeddable":true,"href":"https:\/\/www.sindmoveis.com.br\/es\/wp-json\/wp\/v2\/comments?post=1091"}],"version-history":[{"count":2,"href":"https:\/\/www.sindmoveis.com.br\/es\/wp-json\/wp\/v2\/posts\/1091\/revisions"}],"predecessor-version":[{"id":3399,"href":"https:\/\/www.sindmoveis.com.br\/es\/wp-json\/wp\/v2\/posts\/1091\/revisions\/3399"}],"wp:featuredmedia":[{"embeddable":true,"href":"https:\/\/www.sindmoveis.com.br\/es\/wp-json\/wp\/v2\/media\/3400"}],"wp:attachment":[{"href":"https:\/\/www.sindmoveis.com.br\/es\/wp-json\/wp\/v2\/media?parent=1091"}],"wp:term":[{"taxonomy":"category","embeddable":true,"href":"https:\/\/www.sindmoveis.com.br\/es\/wp-json\/wp\/v2\/categories?post=1091"},{"taxonomy":"post_tag","embeddable":true,"href":"https:\/\/www.sindmoveis.com.br\/es\/wp-json\/wp\/v2\/tags?post=1091"}],"curies":[{"name":"wp","href":"https:\/\/api.w.org\/{rel}","templated":true}]}}