{"id":1090,"date":"2014-05-08T00:00:00","date_gmt":"2014-05-08T03:00:00","guid":{"rendered":"http:\/\/sindmoveis.com.br\/imprensa\/noticias\/faturamento-do-polo-moveleiro-de-bento-goncalves-cresce-22-no-primeiro-trimestre\/"},"modified":"2021-05-26T11:01:19","modified_gmt":"2021-05-26T14:01:19","slug":"faturamento-do-polo-moveleiro-de-bento-goncalves-cresce-22-no-primeiro-trimestre","status":"publish","type":"post","link":"https:\/\/www.sindmoveis.com.br\/es\/faturamento-do-polo-moveleiro-de-bento-goncalves-cresce-22-no-primeiro-trimestre\/","title":{"rendered":"Facturaci\u00f3n del polo mobiliario de Bento Gon\u00e7alves crece 2,2% en el primer trimestre"},"content":{"rendered":"<div>Con valor facturado de R$ 541,7 millones, el &nbsp;polo mobiliario de Bento Gon&ccedil;alves tuvo crecimiento nominal de 2,2% en el primer trimestre de 2014 en comparaci&oacute;n al mismo per&iacute;odo del a&ntilde;o anterior. Por otra parte, la industria de muebles de R&iacute;o Grande do Sul tuvo incremento de 10,3% en el mismo per&iacute;odo, con facturaci&oacute;n de R$ 1.760 millones.<\/div>\n<div>Conforme el presidente del Sindicato de las Industrias del Mobiliario de Bento Gon&ccedil;alves &ndash; Sindm&oacute;veis, Henrique Tecchio, a pesar del crecimiento modesto, la industria del mobiliario de Bento Gon&ccedil;alves contin&uacute;a creando empleos. El saldo trimestral de la industria de madera y muebles en el trimestre fue positivo con 124 nuevos empleos, lo que representa un aumento de 1,4% con relaci&oacute;n al final del a&ntilde;o de 2013. &ldquo;Estamos enfrentando un a&ntilde;o donde hay mucha incertidumbre y la confianza del empresario industrial est&aacute; en niveles hist&oacute;ricamente bajos, principalmente en lo que respecta al futuro de la econom&iacute;a. La producci&oacute;n f&iacute;sica de la industria de transformaci&oacute;n en Brasil del primer trimestre de 2014 fue apenas 0,1% superior al a&ntilde;o pasado, mientras la industria nacional del mobiliario sufri&oacute; ca&iacute;da en el per&iacute;odo&rdquo;, afirma. &nbsp;<\/div>\n<div>&nbsp; &nbsp; &nbsp; &nbsp; Ya las exportaciones del polo mobiliario de Bento Gon&ccedil;alves fueron positivas en 5,1% en el primer trimestre de 2014 en comparaci&oacute;n con los tres primeros meses de 2013. Sin embargo, el resultado es menor que el alcanzado por R&iacute;o Grande do Sul, donde el crecimiento verificado fue de 14,5%. Chile, Colombia, Uruguay, Per&uacute; y Angola, respectivamente, fueron los principales mercados para Bento Gon&ccedil;alves en el trimestre.<\/div>\n<div>&nbsp;<\/div>\n","protected":false},"excerpt":{"rendered":"<p>Con valor facturado de R$ 541,7 millones, el  polo mobiliario de Bento Gon\u00e7alves tuvo crecimiento nominal de 2,2% en el primer trimestre de 2014 en comparaci\u00f3n al mismo per\u00edodo del a\u00f1o anterior. Por otra parte, la industria de muebles de R\u00edo Grande do Sul tuvo incremento de 10,3% en el mismo per\u00edodo, con facturaci\u00f3n de R$ 1.760 millones.<\/p>\n","protected":false},"author":5,"featured_media":3397,"comment_status":"closed","ping_status":"open","sticky":false,"template":"","format":"standard","meta":{"footnotes":"","_links_to":"","_links_to_target":""},"categories":[12,2],"tags":[],"class_list":["post-1090","post","type-post","status-publish","format-standard","has-post-thumbnail","hentry","category-datos","category-sindmoveis"],"yoast_head":"<!-- This site is optimized with the Yoast SEO plugin v27.0 - https:\/\/yoast.com\/product\/yoast-seo-wordpress\/ -->\n<title>Facturaci\u00f3n del polo mobiliario de Bento Gon\u00e7alves crece 2,2% en el primer trimestre - Sindm\u00f3veis-RS<\/title>\n<meta name=\"robots\" content=\"index, follow, max-snippet:-1, max-image-preview:large, max-video-preview:-1\" \/>\n<link rel=\"canonical\" href=\"https:\/\/www.sindmoveis.com.br\/es\/faturamento-do-polo-moveleiro-de-bento-goncalves-cresce-22-no-primeiro-trimestre\/\" \/>\n<meta property=\"og:locale\" content=\"es_ES\" \/>\n<meta property=\"og:type\" content=\"article\" \/>\n<meta property=\"og:title\" content=\"Facturaci\u00f3n del polo mobiliario de Bento Gon\u00e7alves crece 2,2% en el primer trimestre - Sindm\u00f3veis-RS\" \/>\n<meta property=\"og:description\" content=\"Con valor facturado de R$ 541,7 millones, el polo mobiliario de Bento Gon\u00e7alves tuvo crecimiento nominal de 2,2% en el primer trimestre de 2014 en comparaci\u00f3n al mismo per\u00edodo del a\u00f1o anterior. Por otra parte, la industria de muebles de R\u00edo Grande do Sul tuvo incremento de 10,3% en el mismo per\u00edodo, con facturaci\u00f3n de R$ 1.760 millones.\" \/>\n<meta property=\"og:url\" content=\"https:\/\/www.sindmoveis.com.br\/es\/faturamento-do-polo-moveleiro-de-bento-goncalves-cresce-22-no-primeiro-trimestre\/\" \/>\n<meta property=\"og:site_name\" content=\"Sindm\u00f3veis-RS\" \/>\n<meta property=\"article:published_time\" content=\"2014-05-08T03:00:00+00:00\" \/>\n<meta property=\"article:modified_time\" content=\"2021-05-26T14:01:19+00:00\" \/>\n<meta property=\"og:image\" content=\"https:\/\/www.sindmoveis.com.br\/es\/wp-content\/uploads\/2021\/05\/p1399573398.jpg\" \/>\n\t<meta property=\"og:image:width\" content=\"1500\" \/>\n\t<meta property=\"og:image:height\" content=\"1001\" \/>\n\t<meta property=\"og:image:type\" content=\"image\/jpeg\" \/>\n<meta name=\"author\" content=\"Imprensa Sindm\u00f3veis\" \/>\n<meta name=\"twitter:card\" content=\"summary_large_image\" \/>\n<meta name=\"twitter:label1\" content=\"Escrito por\" \/>\n\t<meta name=\"twitter:data1\" content=\"Imprensa Sindm\u00f3veis\" \/>\n\t<meta name=\"twitter:label2\" content=\"Tiempo de lectura\" \/>\n\t<meta name=\"twitter:data2\" content=\"2 minutos\" \/>\n<script type=\"application\/ld+json\" class=\"yoast-schema-graph\">{\"@context\":\"https:\/\/schema.org\",\"@graph\":[{\"@type\":\"Article\",\"@id\":\"https:\/\/www.sindmoveis.com.br\/es\/faturamento-do-polo-moveleiro-de-bento-goncalves-cresce-22-no-primeiro-trimestre\/#article\",\"isPartOf\":{\"@id\":\"https:\/\/www.sindmoveis.com.br\/es\/faturamento-do-polo-moveleiro-de-bento-goncalves-cresce-22-no-primeiro-trimestre\/\"},\"author\":{\"name\":\"Imprensa Sindm\u00f3veis\",\"@id\":\"https:\/\/www.sindmoveis.com.br\/es\/#\/schema\/person\/16d379542db1950a17fe188179340d57\"},\"headline\":\"Facturaci\u00f3n del polo mobiliario de Bento Gon\u00e7alves crece 2,2% en el primer trimestre\",\"datePublished\":\"2014-05-08T03:00:00+00:00\",\"dateModified\":\"2021-05-26T14:01:19+00:00\",\"mainEntityOfPage\":{\"@id\":\"https:\/\/www.sindmoveis.com.br\/es\/faturamento-do-polo-moveleiro-de-bento-goncalves-cresce-22-no-primeiro-trimestre\/\"},\"wordCount\":317,\"image\":{\"@id\":\"https:\/\/www.sindmoveis.com.br\/es\/faturamento-do-polo-moveleiro-de-bento-goncalves-cresce-22-no-primeiro-trimestre\/#primaryimage\"},\"thumbnailUrl\":\"https:\/\/www.sindmoveis.com.br\/es\/wp-content\/uploads\/2021\/05\/p1399573398.jpg\",\"articleSection\":[\"Datos\",\"Sindm\u00f3veis\"],\"inLanguage\":\"es\"},{\"@type\":\"WebPage\",\"@id\":\"https:\/\/www.sindmoveis.com.br\/es\/faturamento-do-polo-moveleiro-de-bento-goncalves-cresce-22-no-primeiro-trimestre\/\",\"url\":\"https:\/\/www.sindmoveis.com.br\/es\/faturamento-do-polo-moveleiro-de-bento-goncalves-cresce-22-no-primeiro-trimestre\/\",\"name\":\"Facturaci\u00f3n del polo mobiliario de Bento Gon\u00e7alves crece 2,2% en el primer trimestre - Sindm\u00f3veis-RS\",\"isPartOf\":{\"@id\":\"https:\/\/www.sindmoveis.com.br\/es\/#website\"},\"primaryImageOfPage\":{\"@id\":\"https:\/\/www.sindmoveis.com.br\/es\/faturamento-do-polo-moveleiro-de-bento-goncalves-cresce-22-no-primeiro-trimestre\/#primaryimage\"},\"image\":{\"@id\":\"https:\/\/www.sindmoveis.com.br\/es\/faturamento-do-polo-moveleiro-de-bento-goncalves-cresce-22-no-primeiro-trimestre\/#primaryimage\"},\"thumbnailUrl\":\"https:\/\/www.sindmoveis.com.br\/es\/wp-content\/uploads\/2021\/05\/p1399573398.jpg\",\"datePublished\":\"2014-05-08T03:00:00+00:00\",\"dateModified\":\"2021-05-26T14:01:19+00:00\",\"author\":{\"@id\":\"https:\/\/www.sindmoveis.com.br\/es\/#\/schema\/person\/16d379542db1950a17fe188179340d57\"},\"inLanguage\":\"es\",\"potentialAction\":[{\"@type\":\"ReadAction\",\"target\":[\"https:\/\/www.sindmoveis.com.br\/es\/faturamento-do-polo-moveleiro-de-bento-goncalves-cresce-22-no-primeiro-trimestre\/\"]}]},{\"@type\":\"ImageObject\",\"inLanguage\":\"es\",\"@id\":\"https:\/\/www.sindmoveis.com.br\/es\/faturamento-do-polo-moveleiro-de-bento-goncalves-cresce-22-no-primeiro-trimestre\/#primaryimage\",\"url\":\"https:\/\/www.sindmoveis.com.br\/es\/wp-content\/uploads\/2021\/05\/p1399573398.jpg\",\"contentUrl\":\"https:\/\/www.sindmoveis.com.br\/es\/wp-content\/uploads\/2021\/05\/p1399573398.jpg\",\"width\":1500,\"height\":1001},{\"@type\":\"WebSite\",\"@id\":\"https:\/\/www.sindmoveis.com.br\/es\/#website\",\"url\":\"https:\/\/www.sindmoveis.com.br\/es\/\",\"name\":\"Sindm\u00f3veis-RS\",\"description\":\"\",\"potentialAction\":[{\"@type\":\"SearchAction\",\"target\":{\"@type\":\"EntryPoint\",\"urlTemplate\":\"https:\/\/www.sindmoveis.com.br\/es\/?s={search_term_string}\"},\"query-input\":{\"@type\":\"PropertyValueSpecification\",\"valueRequired\":true,\"valueName\":\"search_term_string\"}}],\"inLanguage\":\"es\"},{\"@type\":\"Person\",\"@id\":\"https:\/\/www.sindmoveis.com.br\/es\/#\/schema\/person\/16d379542db1950a17fe188179340d57\",\"name\":\"Imprensa Sindm\u00f3veis\",\"image\":{\"@type\":\"ImageObject\",\"inLanguage\":\"es\",\"@id\":\"https:\/\/www.sindmoveis.com.br\/es\/#\/schema\/person\/image\/\",\"url\":\"https:\/\/secure.gravatar.com\/avatar\/4973e2e2c2a0cb5db30b0c7b770041b8e33d048a16b695a1f99c042449d4bfaf?s=96&d=mm&r=g\",\"contentUrl\":\"https:\/\/secure.gravatar.com\/avatar\/4973e2e2c2a0cb5db30b0c7b770041b8e33d048a16b695a1f99c042449d4bfaf?s=96&d=mm&r=g\",\"caption\":\"Imprensa Sindm\u00f3veis\"},\"url\":\"https:\/\/www.sindmoveis.com.br\/es\/author\/ana\/\"}]}<\/script>\n<!-- \/ Yoast SEO plugin. -->","yoast_head_json":{"title":"Facturaci\u00f3n del polo mobiliario de Bento Gon\u00e7alves crece 2,2% en el primer trimestre - Sindm\u00f3veis-RS","robots":{"index":"index","follow":"follow","max-snippet":"max-snippet:-1","max-image-preview":"max-image-preview:large","max-video-preview":"max-video-preview:-1"},"canonical":"https:\/\/www.sindmoveis.com.br\/es\/faturamento-do-polo-moveleiro-de-bento-goncalves-cresce-22-no-primeiro-trimestre\/","og_locale":"es_ES","og_type":"article","og_title":"Facturaci\u00f3n del polo mobiliario de Bento Gon\u00e7alves crece 2,2% en el primer trimestre - Sindm\u00f3veis-RS","og_description":"Con valor facturado de R$ 541,7 millones, el polo mobiliario de Bento Gon\u00e7alves tuvo crecimiento nominal de 2,2% en el primer trimestre de 2014 en comparaci\u00f3n al mismo per\u00edodo del a\u00f1o anterior. Por otra parte, la industria de muebles de R\u00edo Grande do Sul tuvo incremento de 10,3% en el mismo per\u00edodo, con facturaci\u00f3n de R$ 1.760 millones.","og_url":"https:\/\/www.sindmoveis.com.br\/es\/faturamento-do-polo-moveleiro-de-bento-goncalves-cresce-22-no-primeiro-trimestre\/","og_site_name":"Sindm\u00f3veis-RS","article_published_time":"2014-05-08T03:00:00+00:00","article_modified_time":"2021-05-26T14:01:19+00:00","og_image":[{"width":1500,"height":1001,"url":"https:\/\/www.sindmoveis.com.br\/es\/wp-content\/uploads\/2021\/05\/p1399573398.jpg","type":"image\/jpeg"}],"author":"Imprensa Sindm\u00f3veis","twitter_card":"summary_large_image","twitter_misc":{"Escrito por":"Imprensa Sindm\u00f3veis","Tiempo de lectura":"2 minutos"},"schema":{"@context":"https:\/\/schema.org","@graph":[{"@type":"Article","@id":"https:\/\/www.sindmoveis.com.br\/es\/faturamento-do-polo-moveleiro-de-bento-goncalves-cresce-22-no-primeiro-trimestre\/#article","isPartOf":{"@id":"https:\/\/www.sindmoveis.com.br\/es\/faturamento-do-polo-moveleiro-de-bento-goncalves-cresce-22-no-primeiro-trimestre\/"},"author":{"name":"Imprensa Sindm\u00f3veis","@id":"https:\/\/www.sindmoveis.com.br\/es\/#\/schema\/person\/16d379542db1950a17fe188179340d57"},"headline":"Facturaci\u00f3n del polo mobiliario de Bento Gon\u00e7alves crece 2,2% en el primer trimestre","datePublished":"2014-05-08T03:00:00+00:00","dateModified":"2021-05-26T14:01:19+00:00","mainEntityOfPage":{"@id":"https:\/\/www.sindmoveis.com.br\/es\/faturamento-do-polo-moveleiro-de-bento-goncalves-cresce-22-no-primeiro-trimestre\/"},"wordCount":317,"image":{"@id":"https:\/\/www.sindmoveis.com.br\/es\/faturamento-do-polo-moveleiro-de-bento-goncalves-cresce-22-no-primeiro-trimestre\/#primaryimage"},"thumbnailUrl":"https:\/\/www.sindmoveis.com.br\/es\/wp-content\/uploads\/2021\/05\/p1399573398.jpg","articleSection":["Datos","Sindm\u00f3veis"],"inLanguage":"es"},{"@type":"WebPage","@id":"https:\/\/www.sindmoveis.com.br\/es\/faturamento-do-polo-moveleiro-de-bento-goncalves-cresce-22-no-primeiro-trimestre\/","url":"https:\/\/www.sindmoveis.com.br\/es\/faturamento-do-polo-moveleiro-de-bento-goncalves-cresce-22-no-primeiro-trimestre\/","name":"Facturaci\u00f3n del polo mobiliario de Bento Gon\u00e7alves crece 2,2% en el primer trimestre - Sindm\u00f3veis-RS","isPartOf":{"@id":"https:\/\/www.sindmoveis.com.br\/es\/#website"},"primaryImageOfPage":{"@id":"https:\/\/www.sindmoveis.com.br\/es\/faturamento-do-polo-moveleiro-de-bento-goncalves-cresce-22-no-primeiro-trimestre\/#primaryimage"},"image":{"@id":"https:\/\/www.sindmoveis.com.br\/es\/faturamento-do-polo-moveleiro-de-bento-goncalves-cresce-22-no-primeiro-trimestre\/#primaryimage"},"thumbnailUrl":"https:\/\/www.sindmoveis.com.br\/es\/wp-content\/uploads\/2021\/05\/p1399573398.jpg","datePublished":"2014-05-08T03:00:00+00:00","dateModified":"2021-05-26T14:01:19+00:00","author":{"@id":"https:\/\/www.sindmoveis.com.br\/es\/#\/schema\/person\/16d379542db1950a17fe188179340d57"},"inLanguage":"es","potentialAction":[{"@type":"ReadAction","target":["https:\/\/www.sindmoveis.com.br\/es\/faturamento-do-polo-moveleiro-de-bento-goncalves-cresce-22-no-primeiro-trimestre\/"]}]},{"@type":"ImageObject","inLanguage":"es","@id":"https:\/\/www.sindmoveis.com.br\/es\/faturamento-do-polo-moveleiro-de-bento-goncalves-cresce-22-no-primeiro-trimestre\/#primaryimage","url":"https:\/\/www.sindmoveis.com.br\/es\/wp-content\/uploads\/2021\/05\/p1399573398.jpg","contentUrl":"https:\/\/www.sindmoveis.com.br\/es\/wp-content\/uploads\/2021\/05\/p1399573398.jpg","width":1500,"height":1001},{"@type":"WebSite","@id":"https:\/\/www.sindmoveis.com.br\/es\/#website","url":"https:\/\/www.sindmoveis.com.br\/es\/","name":"Sindm\u00f3veis-RS","description":"","potentialAction":[{"@type":"SearchAction","target":{"@type":"EntryPoint","urlTemplate":"https:\/\/www.sindmoveis.com.br\/es\/?s={search_term_string}"},"query-input":{"@type":"PropertyValueSpecification","valueRequired":true,"valueName":"search_term_string"}}],"inLanguage":"es"},{"@type":"Person","@id":"https:\/\/www.sindmoveis.com.br\/es\/#\/schema\/person\/16d379542db1950a17fe188179340d57","name":"Imprensa Sindm\u00f3veis","image":{"@type":"ImageObject","inLanguage":"es","@id":"https:\/\/www.sindmoveis.com.br\/es\/#\/schema\/person\/image\/","url":"https:\/\/secure.gravatar.com\/avatar\/4973e2e2c2a0cb5db30b0c7b770041b8e33d048a16b695a1f99c042449d4bfaf?s=96&d=mm&r=g","contentUrl":"https:\/\/secure.gravatar.com\/avatar\/4973e2e2c2a0cb5db30b0c7b770041b8e33d048a16b695a1f99c042449d4bfaf?s=96&d=mm&r=g","caption":"Imprensa Sindm\u00f3veis"},"url":"https:\/\/www.sindmoveis.com.br\/es\/author\/ana\/"}]}},"_links":{"self":[{"href":"https:\/\/www.sindmoveis.com.br\/es\/wp-json\/wp\/v2\/posts\/1090","targetHints":{"allow":["GET"]}}],"collection":[{"href":"https:\/\/www.sindmoveis.com.br\/es\/wp-json\/wp\/v2\/posts"}],"about":[{"href":"https:\/\/www.sindmoveis.com.br\/es\/wp-json\/wp\/v2\/types\/post"}],"author":[{"embeddable":true,"href":"https:\/\/www.sindmoveis.com.br\/es\/wp-json\/wp\/v2\/users\/5"}],"replies":[{"embeddable":true,"href":"https:\/\/www.sindmoveis.com.br\/es\/wp-json\/wp\/v2\/comments?post=1090"}],"version-history":[{"count":2,"href":"https:\/\/www.sindmoveis.com.br\/es\/wp-json\/wp\/v2\/posts\/1090\/revisions"}],"predecessor-version":[{"id":3396,"href":"https:\/\/www.sindmoveis.com.br\/es\/wp-json\/wp\/v2\/posts\/1090\/revisions\/3396"}],"wp:featuredmedia":[{"embeddable":true,"href":"https:\/\/www.sindmoveis.com.br\/es\/wp-json\/wp\/v2\/media\/3397"}],"wp:attachment":[{"href":"https:\/\/www.sindmoveis.com.br\/es\/wp-json\/wp\/v2\/media?parent=1090"}],"wp:term":[{"taxonomy":"category","embeddable":true,"href":"https:\/\/www.sindmoveis.com.br\/es\/wp-json\/wp\/v2\/categories?post=1090"},{"taxonomy":"post_tag","embeddable":true,"href":"https:\/\/www.sindmoveis.com.br\/es\/wp-json\/wp\/v2\/tags?post=1090"}],"curies":[{"name":"wp","href":"https:\/\/api.w.org\/{rel}","templated":true}]}}