{"id":1089,"date":"2014-05-06T00:00:00","date_gmt":"2014-05-06T03:00:00","guid":{"rendered":"http:\/\/sindmoveis.com.br\/imprensa\/noticias\/projeto-design-export-vai-atender-grandes-empresas-nacionais\/"},"modified":"2021-05-26T10:24:29","modified_gmt":"2021-05-26T13:24:29","slug":"projeto-design-export-vai-atender-grandes-empresas-nacionais","status":"publish","type":"post","link":"https:\/\/www.sindmoveis.com.br\/es\/projeto-design-export-vai-atender-grandes-empresas-nacionais\/","title":{"rendered":"Proyecto Design Export atender\u00e1 grandes empresas nacionales"},"content":{"rendered":"<div>La Agencia Brasile&ntilde;a de Promoci&oacute;n de Exportaciones e Inversiones (Apex-Brasil), lanza mi&eacute;rcoles 30 de abril, el Design Export Grandes Empresas. Primeramente, ocho empresas brasile&ntilde;as del sector ser&aacute;n beneficiadas. El objetivo es desarrollar productos innovadores y con dise&ntilde;o diferenciado, volcados a la exportaci&oacute;n. La iniciativa es un trabajo en conjunto con la Asociaci&oacute;n Brasile&ntilde;a de Empresas de Dise&ntilde;o (Abedesign) y el Sindicato de la Industria de Vidrios y Cristales Planos y Huecos en el Estado de S&atilde;o Paulo (Sindividro). La ceremonia de firma del convenio entre Apex-Brasil y las entidades Sectoriales ser&aacute; realizada en la sede de la Federaci&oacute;n de las Industrias del Estado de S&atilde;o Paulo (Fiesp) a las 10:30 am.<\/div>\n<div>&nbsp;<\/div>\n<div>Marcia Nejaim, gerente ejecutiva de Competitividad e Innovaci&oacute;n de Apex-Brasil, explica que la necesidad de inversi&oacute;n en el dise&ntilde;o de productos del sector del vidrio fue identificada por la propia Agencia. &ldquo;Nuestro sector de inteligencia comercial verific&oacute; que las exportaciones de productos brasile&ntilde;os de vidrio y cristal podr&iacute;an ser impulsadas con inversiones en el dise&ntilde;o e innovaci&oacute;n de las piezas. Paralelamente, el propio sector ya lo hab&iacute;a percibido tambi&eacute;n. De esa forma, estamos alineados y vamos a iniciar inmediatamente nuestros trabajos. Tengo certeza que vamos a mejorar la percepci&oacute;n de mercados extranjeros sobre nuestros productos&rdquo;, resume. &nbsp;<\/div>\n<div>&nbsp;<\/div>\n<div>Creado en 2013, Desidn Export, hasta entonces, era volcado para empresas de micro y peque&ntilde;o porte. En este segmento, el programa ya cuenta con la participaci&oacute;n de m&aacute;s de 100 empresas, de diversos sectores de la econom&iacute;a. Esta primera etapa de Design Export Grandes Empresas tendr&aacute; un presupuesto de R$ 1.200.000, con un plazo de 12 meses para el desarrollo de los trabajos.<\/div>\n<div>Marco Aurelio Lobo, gerente de Innovaci&oacute;n y Dise&ntilde;o de &aacute;pex-Brasil, resalta la importancia de sensibilizaci&oacute;n de grandes empresas. &ldquo;Entendemos que invertir en dise&ntilde;o e innovaci&oacute;n es perfeccionar la competitividad de las empresas brasile&ntilde;as. Nuestro objetivo es promover la creaci&oacute;n de productos con mayor valor agregado y, por consiguiente, mayor aceptaci&oacute;n en mercados internacionales. A medio y largo plazo, esta iniciativa va a contribuir directamente pare el aumento de las exportaciones brasile&ntilde;as&rdquo;, destaca.<\/div>\n<div>&nbsp;<\/div>\n<div>&nbsp;<\/div>\n<div><strong>Servicio<\/strong><\/div>\n<div>Lanzamiento &quot;Design Export Grandes Empresas&quot;<\/div>\n<div>Fecha: 30 de abril<\/div>\n<div>Horario: 10h30<\/div>\n<div>Local: Sede Fiesp &#8211; Av. Paulista, 1313, 16&ordm; andar. S&atilde;o Paulo\/SP<\/div>\n<div>&nbsp;<\/div>\n<div><strong>Prensa &ndash; Apex-Brasil<\/strong><\/div>\n<div>(61) 3426-0775<\/div>\n<div>imprensa@apexbrasil.com.br<\/div>\n<div><a href=\"http:\/\/www.apexbrasil.com.br\" target=\"\" rel=\"noopener\">www.apexbrasil.com.br<\/a><\/div>\n<div>&nbsp;<\/div>\n","protected":false},"excerpt":{"rendered":"<p>La Agencia Brasile\u00f1a de Promoci\u00f3n de Exportaciones e Inversiones (Apex-Brasil), lanza mi\u00e9rcoles 30 de abril, el Design Export Grandes Empresas. Primeramente, ocho empresas brasile\u00f1as del sector ser\u00e1n beneficiadas.<\/p>\n","protected":false},"author":5,"featured_media":3395,"comment_status":"closed","ping_status":"open","sticky":false,"template":"","format":"standard","meta":{"footnotes":"","_links_to":"","_links_to_target":""},"categories":[2],"tags":[],"class_list":["post-1089","post","type-post","status-publish","format-standard","has-post-thumbnail","hentry","category-sindmoveis"],"yoast_head":"<!-- This site is optimized with the Yoast SEO plugin v27.0 - https:\/\/yoast.com\/product\/yoast-seo-wordpress\/ -->\n<title>Proyecto Design Export atender\u00e1 grandes empresas nacionales - Sindm\u00f3veis-RS<\/title>\n<meta name=\"robots\" content=\"index, follow, max-snippet:-1, max-image-preview:large, max-video-preview:-1\" \/>\n<link rel=\"canonical\" href=\"https:\/\/www.sindmoveis.com.br\/es\/projeto-design-export-vai-atender-grandes-empresas-nacionais\/\" \/>\n<meta property=\"og:locale\" content=\"es_ES\" \/>\n<meta property=\"og:type\" content=\"article\" \/>\n<meta property=\"og:title\" content=\"Proyecto Design Export atender\u00e1 grandes empresas nacionales - Sindm\u00f3veis-RS\" \/>\n<meta property=\"og:description\" content=\"La Agencia Brasile\u00f1a de Promoci\u00f3n de Exportaciones e Inversiones (Apex-Brasil), lanza mi\u00e9rcoles 30 de abril, el Design Export Grandes Empresas. Primeramente, ocho empresas brasile\u00f1as del sector ser\u00e1n beneficiadas.\" \/>\n<meta property=\"og:url\" content=\"https:\/\/www.sindmoveis.com.br\/es\/projeto-design-export-vai-atender-grandes-empresas-nacionais\/\" \/>\n<meta property=\"og:site_name\" content=\"Sindm\u00f3veis-RS\" \/>\n<meta property=\"article:published_time\" content=\"2014-05-06T03:00:00+00:00\" \/>\n<meta property=\"article:modified_time\" content=\"2021-05-26T13:24:29+00:00\" \/>\n<meta property=\"og:image\" content=\"https:\/\/www.sindmoveis.com.br\/es\/wp-content\/uploads\/2021\/05\/p1399406868.jpg\" \/>\n\t<meta property=\"og:image:width\" content=\"1200\" \/>\n\t<meta property=\"og:image:height\" content=\"849\" \/>\n\t<meta property=\"og:image:type\" content=\"image\/jpeg\" \/>\n<meta name=\"author\" content=\"Imprensa Sindm\u00f3veis\" \/>\n<meta name=\"twitter:card\" content=\"summary_large_image\" \/>\n<meta name=\"twitter:label1\" content=\"Escrito por\" \/>\n\t<meta name=\"twitter:data1\" content=\"Imprensa Sindm\u00f3veis\" \/>\n\t<meta name=\"twitter:label2\" content=\"Tiempo de lectura\" \/>\n\t<meta name=\"twitter:data2\" content=\"2 minutos\" \/>\n<script type=\"application\/ld+json\" class=\"yoast-schema-graph\">{\"@context\":\"https:\/\/schema.org\",\"@graph\":[{\"@type\":\"Article\",\"@id\":\"https:\/\/www.sindmoveis.com.br\/es\/projeto-design-export-vai-atender-grandes-empresas-nacionais\/#article\",\"isPartOf\":{\"@id\":\"https:\/\/www.sindmoveis.com.br\/es\/projeto-design-export-vai-atender-grandes-empresas-nacionais\/\"},\"author\":{\"name\":\"Imprensa Sindm\u00f3veis\",\"@id\":\"https:\/\/www.sindmoveis.com.br\/es\/#\/schema\/person\/16d379542db1950a17fe188179340d57\"},\"headline\":\"Proyecto Design Export atender\u00e1 grandes empresas nacionales\",\"datePublished\":\"2014-05-06T03:00:00+00:00\",\"dateModified\":\"2021-05-26T13:24:29+00:00\",\"mainEntityOfPage\":{\"@id\":\"https:\/\/www.sindmoveis.com.br\/es\/projeto-design-export-vai-atender-grandes-empresas-nacionais\/\"},\"wordCount\":468,\"image\":{\"@id\":\"https:\/\/www.sindmoveis.com.br\/es\/projeto-design-export-vai-atender-grandes-empresas-nacionais\/#primaryimage\"},\"thumbnailUrl\":\"https:\/\/www.sindmoveis.com.br\/es\/wp-content\/uploads\/2021\/05\/p1399406868.jpg\",\"articleSection\":[\"Sindm\u00f3veis\"],\"inLanguage\":\"es\"},{\"@type\":\"WebPage\",\"@id\":\"https:\/\/www.sindmoveis.com.br\/es\/projeto-design-export-vai-atender-grandes-empresas-nacionais\/\",\"url\":\"https:\/\/www.sindmoveis.com.br\/es\/projeto-design-export-vai-atender-grandes-empresas-nacionais\/\",\"name\":\"Proyecto Design Export atender\u00e1 grandes empresas nacionales - Sindm\u00f3veis-RS\",\"isPartOf\":{\"@id\":\"https:\/\/www.sindmoveis.com.br\/es\/#website\"},\"primaryImageOfPage\":{\"@id\":\"https:\/\/www.sindmoveis.com.br\/es\/projeto-design-export-vai-atender-grandes-empresas-nacionais\/#primaryimage\"},\"image\":{\"@id\":\"https:\/\/www.sindmoveis.com.br\/es\/projeto-design-export-vai-atender-grandes-empresas-nacionais\/#primaryimage\"},\"thumbnailUrl\":\"https:\/\/www.sindmoveis.com.br\/es\/wp-content\/uploads\/2021\/05\/p1399406868.jpg\",\"datePublished\":\"2014-05-06T03:00:00+00:00\",\"dateModified\":\"2021-05-26T13:24:29+00:00\",\"author\":{\"@id\":\"https:\/\/www.sindmoveis.com.br\/es\/#\/schema\/person\/16d379542db1950a17fe188179340d57\"},\"inLanguage\":\"es\",\"potentialAction\":[{\"@type\":\"ReadAction\",\"target\":[\"https:\/\/www.sindmoveis.com.br\/es\/projeto-design-export-vai-atender-grandes-empresas-nacionais\/\"]}]},{\"@type\":\"ImageObject\",\"inLanguage\":\"es\",\"@id\":\"https:\/\/www.sindmoveis.com.br\/es\/projeto-design-export-vai-atender-grandes-empresas-nacionais\/#primaryimage\",\"url\":\"https:\/\/www.sindmoveis.com.br\/es\/wp-content\/uploads\/2021\/05\/p1399406868.jpg\",\"contentUrl\":\"https:\/\/www.sindmoveis.com.br\/es\/wp-content\/uploads\/2021\/05\/p1399406868.jpg\",\"width\":1200,\"height\":849},{\"@type\":\"WebSite\",\"@id\":\"https:\/\/www.sindmoveis.com.br\/es\/#website\",\"url\":\"https:\/\/www.sindmoveis.com.br\/es\/\",\"name\":\"Sindm\u00f3veis-RS\",\"description\":\"\",\"potentialAction\":[{\"@type\":\"SearchAction\",\"target\":{\"@type\":\"EntryPoint\",\"urlTemplate\":\"https:\/\/www.sindmoveis.com.br\/es\/?s={search_term_string}\"},\"query-input\":{\"@type\":\"PropertyValueSpecification\",\"valueRequired\":true,\"valueName\":\"search_term_string\"}}],\"inLanguage\":\"es\"},{\"@type\":\"Person\",\"@id\":\"https:\/\/www.sindmoveis.com.br\/es\/#\/schema\/person\/16d379542db1950a17fe188179340d57\",\"name\":\"Imprensa Sindm\u00f3veis\",\"image\":{\"@type\":\"ImageObject\",\"inLanguage\":\"es\",\"@id\":\"https:\/\/www.sindmoveis.com.br\/es\/#\/schema\/person\/image\/\",\"url\":\"https:\/\/secure.gravatar.com\/avatar\/4973e2e2c2a0cb5db30b0c7b770041b8e33d048a16b695a1f99c042449d4bfaf?s=96&d=mm&r=g\",\"contentUrl\":\"https:\/\/secure.gravatar.com\/avatar\/4973e2e2c2a0cb5db30b0c7b770041b8e33d048a16b695a1f99c042449d4bfaf?s=96&d=mm&r=g\",\"caption\":\"Imprensa Sindm\u00f3veis\"},\"url\":\"https:\/\/www.sindmoveis.com.br\/es\/author\/ana\/\"}]}<\/script>\n<!-- \/ Yoast SEO plugin. -->","yoast_head_json":{"title":"Proyecto Design Export atender\u00e1 grandes empresas nacionales - Sindm\u00f3veis-RS","robots":{"index":"index","follow":"follow","max-snippet":"max-snippet:-1","max-image-preview":"max-image-preview:large","max-video-preview":"max-video-preview:-1"},"canonical":"https:\/\/www.sindmoveis.com.br\/es\/projeto-design-export-vai-atender-grandes-empresas-nacionais\/","og_locale":"es_ES","og_type":"article","og_title":"Proyecto Design Export atender\u00e1 grandes empresas nacionales - Sindm\u00f3veis-RS","og_description":"La Agencia Brasile\u00f1a de Promoci\u00f3n de Exportaciones e Inversiones (Apex-Brasil), lanza mi\u00e9rcoles 30 de abril, el Design Export Grandes Empresas. Primeramente, ocho empresas brasile\u00f1as del sector ser\u00e1n beneficiadas.","og_url":"https:\/\/www.sindmoveis.com.br\/es\/projeto-design-export-vai-atender-grandes-empresas-nacionais\/","og_site_name":"Sindm\u00f3veis-RS","article_published_time":"2014-05-06T03:00:00+00:00","article_modified_time":"2021-05-26T13:24:29+00:00","og_image":[{"width":1200,"height":849,"url":"https:\/\/www.sindmoveis.com.br\/es\/wp-content\/uploads\/2021\/05\/p1399406868.jpg","type":"image\/jpeg"}],"author":"Imprensa Sindm\u00f3veis","twitter_card":"summary_large_image","twitter_misc":{"Escrito por":"Imprensa Sindm\u00f3veis","Tiempo de lectura":"2 minutos"},"schema":{"@context":"https:\/\/schema.org","@graph":[{"@type":"Article","@id":"https:\/\/www.sindmoveis.com.br\/es\/projeto-design-export-vai-atender-grandes-empresas-nacionais\/#article","isPartOf":{"@id":"https:\/\/www.sindmoveis.com.br\/es\/projeto-design-export-vai-atender-grandes-empresas-nacionais\/"},"author":{"name":"Imprensa Sindm\u00f3veis","@id":"https:\/\/www.sindmoveis.com.br\/es\/#\/schema\/person\/16d379542db1950a17fe188179340d57"},"headline":"Proyecto Design Export atender\u00e1 grandes empresas nacionales","datePublished":"2014-05-06T03:00:00+00:00","dateModified":"2021-05-26T13:24:29+00:00","mainEntityOfPage":{"@id":"https:\/\/www.sindmoveis.com.br\/es\/projeto-design-export-vai-atender-grandes-empresas-nacionais\/"},"wordCount":468,"image":{"@id":"https:\/\/www.sindmoveis.com.br\/es\/projeto-design-export-vai-atender-grandes-empresas-nacionais\/#primaryimage"},"thumbnailUrl":"https:\/\/www.sindmoveis.com.br\/es\/wp-content\/uploads\/2021\/05\/p1399406868.jpg","articleSection":["Sindm\u00f3veis"],"inLanguage":"es"},{"@type":"WebPage","@id":"https:\/\/www.sindmoveis.com.br\/es\/projeto-design-export-vai-atender-grandes-empresas-nacionais\/","url":"https:\/\/www.sindmoveis.com.br\/es\/projeto-design-export-vai-atender-grandes-empresas-nacionais\/","name":"Proyecto Design Export atender\u00e1 grandes empresas nacionales - Sindm\u00f3veis-RS","isPartOf":{"@id":"https:\/\/www.sindmoveis.com.br\/es\/#website"},"primaryImageOfPage":{"@id":"https:\/\/www.sindmoveis.com.br\/es\/projeto-design-export-vai-atender-grandes-empresas-nacionais\/#primaryimage"},"image":{"@id":"https:\/\/www.sindmoveis.com.br\/es\/projeto-design-export-vai-atender-grandes-empresas-nacionais\/#primaryimage"},"thumbnailUrl":"https:\/\/www.sindmoveis.com.br\/es\/wp-content\/uploads\/2021\/05\/p1399406868.jpg","datePublished":"2014-05-06T03:00:00+00:00","dateModified":"2021-05-26T13:24:29+00:00","author":{"@id":"https:\/\/www.sindmoveis.com.br\/es\/#\/schema\/person\/16d379542db1950a17fe188179340d57"},"inLanguage":"es","potentialAction":[{"@type":"ReadAction","target":["https:\/\/www.sindmoveis.com.br\/es\/projeto-design-export-vai-atender-grandes-empresas-nacionais\/"]}]},{"@type":"ImageObject","inLanguage":"es","@id":"https:\/\/www.sindmoveis.com.br\/es\/projeto-design-export-vai-atender-grandes-empresas-nacionais\/#primaryimage","url":"https:\/\/www.sindmoveis.com.br\/es\/wp-content\/uploads\/2021\/05\/p1399406868.jpg","contentUrl":"https:\/\/www.sindmoveis.com.br\/es\/wp-content\/uploads\/2021\/05\/p1399406868.jpg","width":1200,"height":849},{"@type":"WebSite","@id":"https:\/\/www.sindmoveis.com.br\/es\/#website","url":"https:\/\/www.sindmoveis.com.br\/es\/","name":"Sindm\u00f3veis-RS","description":"","potentialAction":[{"@type":"SearchAction","target":{"@type":"EntryPoint","urlTemplate":"https:\/\/www.sindmoveis.com.br\/es\/?s={search_term_string}"},"query-input":{"@type":"PropertyValueSpecification","valueRequired":true,"valueName":"search_term_string"}}],"inLanguage":"es"},{"@type":"Person","@id":"https:\/\/www.sindmoveis.com.br\/es\/#\/schema\/person\/16d379542db1950a17fe188179340d57","name":"Imprensa Sindm\u00f3veis","image":{"@type":"ImageObject","inLanguage":"es","@id":"https:\/\/www.sindmoveis.com.br\/es\/#\/schema\/person\/image\/","url":"https:\/\/secure.gravatar.com\/avatar\/4973e2e2c2a0cb5db30b0c7b770041b8e33d048a16b695a1f99c042449d4bfaf?s=96&d=mm&r=g","contentUrl":"https:\/\/secure.gravatar.com\/avatar\/4973e2e2c2a0cb5db30b0c7b770041b8e33d048a16b695a1f99c042449d4bfaf?s=96&d=mm&r=g","caption":"Imprensa Sindm\u00f3veis"},"url":"https:\/\/www.sindmoveis.com.br\/es\/author\/ana\/"}]}},"_links":{"self":[{"href":"https:\/\/www.sindmoveis.com.br\/es\/wp-json\/wp\/v2\/posts\/1089","targetHints":{"allow":["GET"]}}],"collection":[{"href":"https:\/\/www.sindmoveis.com.br\/es\/wp-json\/wp\/v2\/posts"}],"about":[{"href":"https:\/\/www.sindmoveis.com.br\/es\/wp-json\/wp\/v2\/types\/post"}],"author":[{"embeddable":true,"href":"https:\/\/www.sindmoveis.com.br\/es\/wp-json\/wp\/v2\/users\/5"}],"replies":[{"embeddable":true,"href":"https:\/\/www.sindmoveis.com.br\/es\/wp-json\/wp\/v2\/comments?post=1089"}],"version-history":[{"count":2,"href":"https:\/\/www.sindmoveis.com.br\/es\/wp-json\/wp\/v2\/posts\/1089\/revisions"}],"predecessor-version":[{"id":3394,"href":"https:\/\/www.sindmoveis.com.br\/es\/wp-json\/wp\/v2\/posts\/1089\/revisions\/3394"}],"wp:featuredmedia":[{"embeddable":true,"href":"https:\/\/www.sindmoveis.com.br\/es\/wp-json\/wp\/v2\/media\/3395"}],"wp:attachment":[{"href":"https:\/\/www.sindmoveis.com.br\/es\/wp-json\/wp\/v2\/media?parent=1089"}],"wp:term":[{"taxonomy":"category","embeddable":true,"href":"https:\/\/www.sindmoveis.com.br\/es\/wp-json\/wp\/v2\/categories?post=1089"},{"taxonomy":"post_tag","embeddable":true,"href":"https:\/\/www.sindmoveis.com.br\/es\/wp-json\/wp\/v2\/tags?post=1089"}],"curies":[{"name":"wp","href":"https:\/\/api.w.org\/{rel}","templated":true}]}}